{"id":2823,"date":"2022-06-02T10:29:51","date_gmt":"2022-06-02T08:29:51","guid":{"rendered":"https:\/\/prague.org\/?p=2823"},"modified":"2023-08-03T15:18:30","modified_gmt":"2023-08-03T13:18:30","slug":"guide-on-prague-public-transport-tickets","status":"publish","type":"post","link":"https:\/\/prague.org\/hu\/utmutato-a-pragai-tomegkozlekedesi-jegyekrol\/","title":{"rendered":"\u00datmutat\u00f3 a pr\u00e1gai t\u00f6megk\u00f6zleked\u00e9si jegyekr\u0151l"},"content":{"rendered":"<h2 id=\"using-public-transport-in-prague-a-handy-guide-on-public-transport-tickets-in-prague\" class=\"wp-block-heading\">A pr\u00e1gai t\u00f6megk\u00f6zleked\u00e9s haszn\u00e1lata: A Handy Guide on Public Transport Tickets in Prague<\/h2>\n\n\n\n\n\n<p>Ha Pr\u00e1g\u00e1ban j\u00e1r, a k\u00f6vetkez\u0151 k\u00f6zleked\u00e9si eszk\u00f6z\u00f6k k\u00f6z\u00fcl b\u00e1rmelyikkel k\u00f6zlekedhet: a&nbsp;<strong>Pr\u00e1gai metr\u00f3<\/strong>, buszok, vagy&nbsp;<strong>Pr\u00e1gai villamos&nbsp;<\/strong>vonalak. Ezek mind hat\u00e9konyak \u00e9s megb\u00edzhat\u00f3ak, hogy eljuttass\u00e1k \u00d6nt a k\u00f6vetkez\u0151 \u00fati c\u00e9lj\u00e1hoz, ak\u00e1r a v\u00e1roson bel\u00fcl, ak\u00e1r a k\u00fclv\u00e1rosban van.<\/p>\n\n\n\n<p>Az integr\u00e1lt \u00e9s j\u00f3l szervezett t\u00f6megk\u00f6zleked\u00e9si rendszeren k\u00edv\u00fcl a m\u00e1sik dolog, amit Pr\u00e1g\u00e1ban szeret\u00fcnk, hogy a helyiek \u00e9s a turist\u00e1k sz\u00e1m\u00e1ra egyar\u00e1nt egyszer\u0171 a t\u00f6megk\u00f6zleked\u00e9si jegyek megv\u00e1s\u00e1rl\u00e1sa.<\/p>\n\n\n\n<h2 id=\"purchasing-public-transport-tickets\" class=\"wp-block-heading\"><strong>T\u00f6megk\u00f6zleked\u00e9si jegyek v\u00e1s\u00e1rl\u00e1sa<\/strong><\/h2>\n\n\n\n<figure class=\"wp-block-image size-large\"><img decoding=\"async\" width=\"1024\" height=\"683\" src=\"https:\/\/prague.org\/wp-content\/uploads\/2022\/06\/Tram-Prague-1-1024x683.jpg\" alt=\"Pr\u00e1gai metr\u00f3\" class=\"wp-image-2907\" srcset=\"https:\/\/prague.org\/wp-content\/uploads\/2022\/06\/Tram-Prague-1-1024x683.jpg 1024w, https:\/\/prague.org\/wp-content\/uploads\/2022\/06\/Tram-Prague-1-scaled-600x400.jpg 600w, https:\/\/prague.org\/wp-content\/uploads\/2022\/06\/Tram-Prague-1-300x200.jpg 300w, https:\/\/prague.org\/wp-content\/uploads\/2022\/06\/Tram-Prague-1-768x512.jpg 768w, https:\/\/prague.org\/wp-content\/uploads\/2022\/06\/Tram-Prague-1-1536x1024.jpg 1536w, https:\/\/prague.org\/wp-content\/uploads\/2022\/06\/Tram-Prague-1-2048x1366.jpg 2048w, https:\/\/prague.org\/wp-content\/uploads\/2022\/06\/Tram-Prague-1-380x253.jpg 380w, https:\/\/prague.org\/wp-content\/uploads\/2022\/06\/Tram-Prague-1-800x533.jpg 800w, https:\/\/prague.org\/wp-content\/uploads\/2022\/06\/Tram-Prague-1-1160x773.jpg 1160w, https:\/\/prague.org\/wp-content\/uploads\/2022\/06\/Tram-Prague-1-scaled.jpg 2560w\" sizes=\"(max-width: 1024px) 100vw, 1024px\" \/><figcaption class=\"wp-element-caption\">Metr\u00f3 Pr\u00e1g\u00e1ban<\/figcaption><\/figure>\n\n\n\n<p>A jegyeket a metr\u00f3\u00e1llom\u00e1sokon vagy meg\u00e1ll\u00f3kban tal\u00e1lhat\u00f3 s\u00e1rga jegykiad\u00f3 automat\u00e1kb\u00f3l lehet megv\u00e1s\u00e1rolni. Az \u00fajs\u00e1g\u00e1rusokn\u00e1l is megtal\u00e1lhat\u00f3k,&nbsp;<a href=\"https:\/\/pid.cz\/en\/points-of-sale\/?type=2\" rel=\"nofollow noopener\">kiv\u00e1lasztott \u00e9rt\u00e9kes\u00edt\u00e9si pontok<\/a>, \u00e9s inform\u00e1ci\u00f3s k\u00f6zpontok. A PID L\u00edta\u010dka alkalmaz\u00e1son kereszt\u00fcl is v\u00e1s\u00e1rolhat jegyet (az alkalmaz\u00e1son kereszt\u00fcl v\u00e1s\u00e1rolt jegyeket aktiv\u00e1lni kell az utaz\u00e1s el\u0151tt), valamint a villamosokon (csak \u00e9rint\u00e9smentes hitel- vagy bankk\u00e1rty\u00e1val).<\/p>\n\n\n\n<h3 id=\"ticket-types\" class=\"wp-block-heading\"><strong>Jegy t\u00edpusok<\/strong><\/h3>\n\n\n\n<ul>\n<li><strong>R\u00f6vid t\u00e1v\u00fa jegyek<\/strong><\/li>\n<\/ul>\n\n\n\n<p>A r\u00f6vid t\u00e1v\u00fa jegyek ide\u00e1lisak a r\u00f6vid t\u00e1v\u00fa pr\u00e1gai utaz\u00e1sokhoz. A pr\u00e1gai rep\u00fcl\u0151t\u00e9rre \u00e9s a rep\u00fcl\u0151t\u00e9rr\u0151l val\u00f3 utaz\u00e1sra is haszn\u00e1lhat\u00f3 (csak a 119-es \u00e9s 100-as buszokon vehet\u0151 ig\u00e9nybe, az Airport Express buszokon nem). N\u00e9gyf\u00e9le r\u00f6vid t\u00e1v\u00fa jegy k\u00f6z\u00fcl v\u00e1laszthat: 30 perc, 90 perc, 24 \u00f3ra \u00e9s 72 \u00f3ra.<\/p>\n\n\n\n<ul>\n<li><strong>Hossz\u00fa t\u00e1v\u00fa jegyek<\/strong><\/li>\n<\/ul>\n\n\n\n<p>Ha hosszabb ideig tervezi, hogy Pr\u00e1g\u00e1ban marad, \u00e9rdemes hossz\u00fa t\u00e1v\u00fa jegyet v\u00e1ltania, amely minden t\u00f6megk\u00f6zleked\u00e9si eszk\u00f6z\u00f6n haszn\u00e1lhat\u00f3. A hossz\u00fa t\u00e1v\u00fa jegyek t\u00edpusai a k\u00f6vetkez\u0151k: havi (30 nap), negyed\u00e9ves (90 nap) \u00e9s \u00e9ves (365 nap).<\/p>\n\n\n\n<ul>\n<li><strong>Kedvezm\u00e9nyes vagy k\u00fcl\u00f6nleges jegyek<\/strong><\/li>\n<\/ul>\n\n\n\n<p>Kedvezm\u00e9nyes jegyeket v\u00e1s\u00e1rolhat az automat\u00e1kb\u00f3l, ahol a poggy\u00e1sz\u00e1ra vagy a kuty\u00e1j\u00e1ra is v\u00e1s\u00e1rolhat jegyet. A jegyv\u00e1s\u00e1rl\u00e1shoz a jegyt\u00edpus kiv\u00e1laszt\u00e1sa el\u0151tt nyomja meg a \"DISCOUNTED\" gombot.<\/p>\n\n\n\n<h3 id=\"important-considerations\" class=\"wp-block-heading\"><strong>Fontos megfontol\u00e1sok<\/strong><\/h3>\n\n\n\n<ul>\n<li>A jegy\u00e1rak elt\u00e9r\u0151ek lehetnek, ez\u00e9rt a legjobb, ha t\u00e1j\u00e9koz\u00f3dnak a k\u00f6lts\u00e9gekr\u0151l.&nbsp;<strong>Pr\u00e1gai t\u00f6megk\u00f6zleked\u00e9si jegyek online<\/strong>&nbsp;a&nbsp;<a href=\"https:\/\/pid.cz\/en\/for-tourists\/what-ticket-should-i-use\/\" rel=\"nofollow noopener\">PID weboldal<\/a>.<\/li>\n\n\n\n<li>Vegye figyelembe, hogy a jegykiad\u00f3 automat\u00e1k csak \u00e9rm\u00e9ket fogadnak el. Egyes helyeken, p\u00e9ld\u00e1ul a metr\u00f3\u00e1llom\u00e1sokon vagy a rep\u00fcl\u0151t\u00e9ren vannak olyan automat\u00e1k, amelyek k\u00e1rty\u00e1t is elfogadnak.<\/li>\n\n\n\n<li>A jegy \u00e9rv\u00e9nyess\u00e9ge a jegy t\u00edpusa alapj\u00e1n korl\u00e1tozott (r\u00f6vid t\u00e1v\u00fa jegyek eset\u00e9ben). Az \u00e1tsz\u00e1ll\u00e1sok azonban a jegy t\u00edpus\u00e1t\u00f3l f\u00fcggetlen\u00fcl korl\u00e1tlanok.<\/li>\n\n\n\n<li>Ha gyerekekkel vagy id\u0151sebb feln\u0151ttekkel utazik, \u00e9rdemes megjegyezni, hogy a 6 \u00e9v alatti gyermekek \u00e9s a 70 \u00e9ves vagy ann\u00e1l id\u0151sebb feln\u0151ttek ingyen utazhatnak. El\u0151fordulhat, hogy k\u00eds\u00e9r\u0151je \u00e9letkor\u00e1nak igazol\u00e1s\u00e1ra okm\u00e1nyokat kell bemutatnia.<\/li>\n<\/ul>\n\n\n\n<h2 id=\"using-public-transportation-in-prague\" class=\"wp-block-heading\"><strong>A pr\u00e1gai t\u00f6megk\u00f6zleked\u00e9s haszn\u00e1lata<\/strong><\/h2>\n\n\n\n<figure class=\"wp-block-image\"><img decoding=\"async\" src=\"https:\/\/i0.wp.com\/prague.org\/wp-content\/uploads\/2022\/02\/Prague-Public-Transport-scaled-2.jpg?resize=1024%2C684&amp;ssl=1\" alt=\"Pr\u00e1ga-Public-Transport-sk\u00e1la\" class=\"wp-image-6433\"\/><figcaption class=\"wp-element-caption\">Pr\u00e1gai t\u00f6megk\u00f6zleked\u00e9s<\/figcaption><\/figure>\n\n\n\n<p>Pr\u00e1ga t\u00f6megk\u00f6zleked\u00e9se mag\u00e1ban foglalja a metr\u00f3t, a felvon\u00f3t a&nbsp;<a href=\"https:\/\/prague.org\/hu\/petrin-kilatotorony\/\">Petrin torony<\/a>, villamosok \u00e9s buszok.<\/p>\n\n\n\n<p>Ne feledje, hogy az utaz\u00e1s el\u0151tt \u00e9rv\u00e9nyes\u00edtenie kell a jegy\u00e9t. Ezt \u00fagy teheti meg, hogy a metr\u00f3\u00e1llom\u00e1sok bej\u00e1rat\u00e1n\u00e1l vagy a villamosokon \u00e9s buszokon tal\u00e1lhat\u00f3 jegy\u00e9rv\u00e9nyes\u00edt\u0151 automat\u00e1k egyik\u00e9be \u00fcti a jegyet.<\/p>\n\n\n\n<p>Ellen\u0151rizze a&nbsp;<strong>t\u00f6megk\u00f6zleked\u00e9s Pr\u00e1g\u00e1ban t\u00e9rk\u00e9p&nbsp;<\/strong><a href=\"https:\/\/pid.cz\/wp-content\/uploads\/mapy\/schemata-trvala\/Praha-linkove-vedeni_A1.pdf?x29026\" rel=\"nofollow noopener\">itt<\/a>.<\/p>\n\n\n\n<p>Az\u00e9rt, mert a t\u00f6megk\u00f6zleked\u00e9si jegyek megv\u00e1s\u00e1rl\u00e1sa \u00e9s a sz\u00e1z torony v\u00e1ros\u00e1ban val\u00f3 k\u00f6zleked\u00e9s nagyon k\u00e9nyelmes,&nbsp;<strong>t\u00f6megk\u00f6zleked\u00e9s Pr\u00e1g\u00e1ban&nbsp;<\/strong>biztosan az egyik olyan \u00e9lm\u00e9ny, amit meg fogsz szeretni. Haszn\u00e1lja a&nbsp;<strong>Pr\u00e1gai integr\u00e1lt k\u00f6zleked\u00e9s&nbsp;<\/strong>rendszer, hogy l\u00e1ssa&nbsp;<a href=\"https:\/\/prague.org\/hu\/what-to-do-and-see\/guides-what-to-do-and-see\/\">n\u00e9pszer\u0171 l\u00e1tnival\u00f3k<\/a>&nbsp;vagy a&nbsp;<a href=\"https:\/\/prague.org\/hu\/what-to-do-and-see\/guides-what-to-do-and-see\/\">v\u00e1s\u00e1rolni<\/a>.<\/p>\n\n\n\n<div class=\"gyg-iframe-container\" style=\"margin-bottom:1.5em\"><iframe style=\"border:0;height:100%;width:100%\" title=\"GetYourGuide v\u00e1rosi widget\" src=\"https:\/\/widget.getyourguide.com\/default\/city.frame?widget=wp_city&amp;iata=PRG&amp;locale_code=en-GB&amp;partner_id=U94OQGQ\"><\/iframe><\/div>\n\n\n\n<p><\/p>","protected":false},"excerpt":{"rendered":"A pr\u00e1gai t\u00f6megk\u00f6zleked\u00e9s haszn\u00e1lata: Pr\u00e1g\u00e1ban a t\u00f6megk\u00f6zleked\u00e9si jegyek haszn\u00e1lata: Egy praktikus \u00fatmutat\u00f3 a pr\u00e1gai t\u00f6megk\u00f6zleked\u00e9si jegyekr\u0151l Pr\u00e1g\u00e1ban,...","protected":false},"author":2,"featured_media":2905,"comment_status":"closed","ping_status":"closed","sticky":false,"template":"","format":"standard","meta":{"footnotes":""},"categories":[12,204,216],"tags":[34],"table_tags":[],"_links":{"self":[{"href":"https:\/\/prague.org\/hu\/wp-json\/wp\/v2\/posts\/2823"}],"collection":[{"href":"https:\/\/prague.org\/hu\/wp-json\/wp\/v2\/posts"}],"about":[{"href":"https:\/\/prague.org\/hu\/wp-json\/wp\/v2\/types\/post"}],"author":[{"embeddable":true,"href":"https:\/\/prague.org\/hu\/wp-json\/wp\/v2\/users\/2"}],"replies":[{"embeddable":true,"href":"https:\/\/prague.org\/hu\/wp-json\/wp\/v2\/comments?post=2823"}],"version-history":[{"count":13,"href":"https:\/\/prague.org\/hu\/wp-json\/wp\/v2\/posts\/2823\/revisions"}],"predecessor-version":[{"id":9875,"href":"https:\/\/prague.org\/hu\/wp-json\/wp\/v2\/posts\/2823\/revisions\/9875"}],"wp:featuredmedia":[{"embeddable":true,"href":"https:\/\/prague.org\/hu\/wp-json\/wp\/v2\/media\/2905"}],"wp:attachment":[{"href":"https:\/\/prague.org\/hu\/wp-json\/wp\/v2\/media?parent=2823"}],"wp:term":[{"taxonomy":"category","embeddable":true,"href":"https:\/\/prague.org\/hu\/wp-json\/wp\/v2\/categories?post=2823"},{"taxonomy":"post_tag","embeddable":true,"href":"https:\/\/prague.org\/hu\/wp-json\/wp\/v2\/tags?post=2823"},{"taxonomy":"table_tags","embeddable":true,"href":"https:\/\/prague.org\/hu\/wp-json\/wp\/v2\/table_tags?post=2823"}],"curies":[{"name":"wp","href":"https:\/\/api.w.org\/{rel}","templated":true}]}}