{"id":3379,"date":"2022-06-08T12:22:52","date_gmt":"2022-06-08T10:22:52","guid":{"rendered":"https:\/\/prague.org\/?p=3379"},"modified":"2024-07-24T12:19:35","modified_gmt":"2024-07-24T10:19:35","slug":"spanish-synagogue","status":"publish","type":"post","link":"https:\/\/prague.org\/hu\/spanyol-szinagoga\/","title":{"rendered":"Spanyol zsinag\u00f3ga, Pr\u00e1ga"},"content":{"rendered":"<p>Cseh n\u00e9v:&nbsp;<strong>\u0160pan\u011blsk\u00e1 zsinag\u00f3ga<\/strong><\/p>\n\n\n\n<p>A spanyol zsinag\u00f3ga - cseh\u00fcl \u0160pan\u011blsk\u00e1 synagoga - leny\u0171g\u00f6z\u0151 \u00e9p\u00edt\u00e9szeti \u00e9s tervez\u00e9si teljes\u00edtm\u00e9ny. Pr\u00e1ga egyik nevezetess\u00e9ge a v\u00e1ros egyik gy\u00f6ngyszeme.&nbsp;<a href=\"https:\/\/prague.org\/hu\/exploring-the-jewish-heritage-of-pragues-jewish-quarter\/\">Zsid\u00f3 negyed<\/a>, az \u00e9p\u00fclet ma istentiszteleti helyk\u00e9nt \u00e9s m\u00fazeumk\u00e9nt is szolg\u00e1l.<\/p>\n\n\n\n<h2 id=\"the-cultural-significance-of-czech-jewish-heritage-exploring-pragues-jewish-town\" class=\"wp-block-heading\">A cseh zsid\u00f3 \u00f6r\u00f6ks\u00e9g kultur\u00e1lis jelent\u0151s\u00e9ge: Pr\u00e1ga zsid\u00f3 v\u00e1ros\u00e1nak felfedez\u00e9se<\/h2>\n\n\n\n<p>A cseh himnusz az orsz\u00e1g gazdag kultur\u00e1lis \u00f6r\u00f6ks\u00e9g\u00e9t \u00e9s t\u00f6rt\u00e9nelm\u00e9t t\u00fckr\u00f6zi. A 20. sz\u00e1zadban az orsz\u00e1gnak sz\u00e1mos kih\u00edv\u00e1ssal \u00e9s v\u00e1ltoz\u00e1ssal kellett szemben\u00e9znie, t\u00f6bbek k\u00f6z\u00f6tt a csehorsz\u00e1gi zsid\u00f3\u00fcld\u00f6z\u00e9ssel. Ma a Pr\u00e1g\u00e1ba l\u00e1togat\u00f3k felfedezhetik a zsid\u00f3 v\u00e1rost, amely egy \u00e9l\u00e9nk \u00e9s ellen\u00e1ll\u00f3 cseh zsid\u00f3 k\u00f6z\u00f6ss\u00e9gnek ad otthont. Ez a t\u00f6rt\u00e9nelmi negyed sz\u00e1mos zsinag\u00f3g\u00e1val b\u00fcszk\u00e9lkedhet, k\u00f6zt\u00fck Eur\u00f3pa legr\u00e9gebbi, 13. sz\u00e1zadi zsinag\u00f3g\u00e1j\u00e1val. K\u00e9t neves cseh zsid\u00f3 zeneszerz\u0151, Anton\u00edn Baum \u00e9s Bed\u0159ich M\u00fcnzberger is jelent\u0151s szerepet j\u00e1tszott a zsid\u00f3 zene \u00e9s kult\u00fara meg\u0151rz\u00e9s\u00e9ben \u00e9s n\u00e9pszer\u0171s\u00edt\u00e9s\u00e9ben az orsz\u00e1gban. K\u00f6zrem\u0171k\u00f6d\u00e9s\u00fck jelent\u0151s szerepet j\u00e1tszott a Cseh K\u00f6zt\u00e1rsas\u00e1g kultur\u00e1lis identit\u00e1s\u00e1nak kialak\u00edt\u00e1s\u00e1ban \u00e9s az orsz\u00e1g zsid\u00f3 k\u00f6z\u00f6ss\u00e9g\u00e9nek eml\u00e9ke el\u0151tt val\u00f3 tisztelg\u00e9sben. <strong>Baum \u00e9s Bed\u0159ich M\u00fcnzberger<\/strong>munk\u00e1ss\u00e1ga a mai napig nagy hat\u00e1ssal van.<\/p>\n\n\n\n<div class=\"gyg-iframe-container\" style=\"margin-bottom:1.5em\"><iframe style=\"border:0;height:100%;width:100%\" title=\"GetYourGuide tev\u00e9kenys\u00e9gek widget\" src=\"https:\/\/widget.getyourguide.com\/default\/activities.frame?widget=wp_activities&amp;currency=EUR&amp;locale_code=en-GB&amp;number_of_items=3&amp;partner_id=U94OQGQ&amp;q=synagogue%20prague\"><\/iframe><\/div>\n\n\n\n<h2 id=\"location-how-to-get-to-the-spanish-synagogue-prague\" class=\"wp-block-heading\"><strong>A Spanyol Zsinag\u00f3ga elhelyezked\u00e9se \u00e9s megk\u00f6zel\u00edt\u00e9se, Pr\u00e1ga<\/strong><\/h2>\n\n\n\n<p>A zsinag\u00f3ga a V\u011bze\u0148sk\u00e1 1, 110 00 Star\u00e9 M\u011bsto, Csehorsz\u00e1g - a Du\u0161n\u00ed \u00e9s a V\u011bze\u0148sk\u00e1 utca sark\u00e1n tal\u00e1lhat\u00f3. A legegyszer\u0171bben a 194-es busszal juthatunk oda, \u00e9s a Star\u00e9 \u0161koly meg\u00e1ll\u00f3n\u00e1l sz\u00e1llhatunk le, amely k\u00f6zvetlen\u00fcl a komplexum mellett tal\u00e1lhat\u00f3.<\/p>\n\n\n\n<figure class=\"wp-block-image\"><img decoding=\"async\" src=\"https:\/\/i0.wp.com\/prague.org\/wp-content\/uploads\/2020\/12\/spanish_synagogue_03.jpg?resize=1024%2C804&amp;ssl=1\" alt=\"A gy\u00f6ny\u00f6r\u0171 zsinag\u00f3g\u00e1t 1868-ban \u00e9p\u00edttette Vojt\u011bch Ign\u00e1c Ullmann \u00e9s Josef Niklas m\u00f3r st\u00edlusban.\" class=\"wp-image-4867\"\/><figcaption class=\"wp-element-caption\">A gy\u00f6ny\u00f6r\u0171 zsinag\u00f3g\u00e1t 1868-ban \u00e9p\u00edttette Vojt\u011bch Ign\u00e1c Ullmann \u00e9s Josef Niklas m\u00f3r st\u00edlusban.<\/figcaption><\/figure>\n\n\n\n<h2 id=\"spanish-synagogue-prague-opening-hours-entry\" class=\"wp-block-heading\"><strong>Spanyol Zsinag\u00f3ga Pr\u00e1ga Nyitvatart\u00e1s \u00e9s bel\u00e9p\u00e9s<\/strong><\/h2>\n\n\n\n<p>A zsinag\u00f3ga jelenleg \u00e1tfog\u00f3 fel\u00faj\u00edt\u00e1s miatt z\u00e1rva van. Az \u00fajranyit\u00e1s id\u0151pontj\u00e1t m\u00e9g nem jelentett\u00e9k be.<\/p>\n\n\n\n<p>A pr\u00e1gai Spanyol Zsinag\u00f3ga nyitvatart\u00e1si ideje azonban a fel\u00faj\u00edt\u00e1st\u00f3l eltekintve a h\u00e9t minden munkanapj\u00e1n (h\u00e9tf\u0151t\u0151l p\u00e9ntekig) 9:00 \u00e9s 16:30 k\u00f6z\u00f6tt van. Janu\u00e1r 1-j\u00e9t\u0151l m\u00e1rcius 29-ig, valamint okt\u00f3ber 27-t\u0151l december 31-ig azonban minden \u00e9vben 9:00 \u00f3rakor nyit \u00e9s 18:00 \u00f3rakor z\u00e1r.<\/p>\n\n\n\n<h2 id=\"spanish-synagogue-prague-ticket-price\" class=\"wp-block-heading\"><strong>Spanyol zsinag\u00f3ga Pr\u00e1ga jegy\u00e1r<\/strong><\/h2>\n\n\n\n<p>A pr\u00e1gai Spanyol Zsinag\u00f3ga bel\u00e9p\u0151jegy \u00e1ra a pr\u00e1gai Zsinag\u00f3g\u00e1ba 350 CZK feln\u0151tteknek, \u00e9s k\u00f6r\u00fclbel\u00fcl 250 CZK 6 \u00e9s 15 \u00e9v k\u00f6z\u00f6tti gyermekeknek.  A pr\u00e1gai Spanyol Zsinag\u00f3ga bel\u00e9p\u0151jegye azonban a 6 \u00e9vesn\u00e9l fiatalabb gyermekek sz\u00e1m\u00e1ra ingyenes. A jegyek online is k\u00f6nnyen lefoglalhat\u00f3k az al\u00e1bbi weboldalon&nbsp;<a href=\"https:\/\/www.pragueticketoffice.com\/venue\/spanish-synagogue\/\" rel=\"nofollow noopener\">A pr\u00e1gai jegyiroda honlapja<\/a>.<\/p>\n\n\n\n<h2 id=\"spanish-synagogue-classical-music-performance\" class=\"wp-block-heading\">Spanyol zsinag\u00f3ga klasszikus zenei el\u0151ad\u00e1s<\/h2>\n\n\n\n<div data-gyg-href=\"https:\/\/widget.getyourguide.com\/default\/activities.frame\" data-gyg-locale-code=\"en-US\" data-gyg-widget=\"activities\" data-gyg-number-of-items=\"1\" data-gyg-partner-id=\"U94OQGQ\" data-gyg-q=\"Prague%3A%20Classical%20Concert%20in%20the%20Spanish%20Synagogue\"><\/div>\n\n\n\n<p>Az 1868-ban \u00e9p\u00fclt pr\u00e1gai Spanyol Zsinag\u00f3ga h\u00edres leny\u0171g\u00f6z\u0151, h\u00e1romr\u00e9szes homlokzat\u00e1r\u00f3l \u00e9s d\u00edszes bels\u0151 d\u00edsz\u00edt\u00e9s\u00e9r\u0151l, amely sz\u00ednes \u00e9s aranyozott mint\u00e1kkal van d\u00edsz\u00edtve. Kiv\u00e1l\u00f3 akusztik\u00e1ja miatt a Spanyol Zsinag\u00f3g\u00e1t gyakran haszn\u00e1lj\u00e1k klasszikus zenei el\u0151ad\u00e1sok megrendez\u00e9s\u00e9re.<\/p>\n\n\n\n<p>Szerezze be jegy\u00e9t most, hogy klasszikus, kort\u00e1rs \u00e9s zsid\u00f3 zen\u00e9t hallhasson a csod\u00e1latos pr\u00e1gai Spanyol Zsinag\u00f3g\u00e1ban.<\/p>\n\n\n\n<h3 id=\"highlights\" class=\"wp-block-heading\">Kiemelt inform\u00e1ci\u00f3k<\/h3>\n\n\n\n<ul>\n<li>Hallgassa meg a pr\u00e1gai FOK Szimfonikus Zenekar legjobb zen\u00e9szeit, akik klasszikus, kort\u00e1rs \u00e9s zsid\u00f3 zen\u00e9t adnak el\u0151 a zsinag\u00f3g\u00e1ban.<\/li>\n\n\n\n<li>Tapasztalja meg a legjobb zen\u00e9szek \u00e1ltal \u00fcgyesen el\u0151adott gy\u00f6ny\u00f6r\u0171 zenei v\u00e1logat\u00e1st.<\/li>\n\n\n\n<li>Hallgassa meg a klasszikus zene sz\u00e9les sk\u00e1l\u00e1j\u00e1t b\u00e1rmelyik napon, Gershwin legnagyobb sl\u00e1gereit\u0151l a vil\u00e1gzene \u00e9s a cseh dalok legszebb p\u00e9ld\u00e1in \u00e1t a hagyom\u00e1nyos zsid\u00f3 dallamokig, a Boler\u00f3ig \u00e9s a Halleluja-ig.&nbsp;<\/li>\n\n\n\n<li>\u00c9lvezze olyan ismert zeneszerz\u0151k m\u0171veit, mint Verdi, Rossini, Mozart \u00e9s Bach, valamint cseh zeneszerz\u0151k, k\u00f6zt\u00fck Dvo\u00e1k \u00e9s Smetana 19. sz\u00e1zadi nagyszer\u0171 m\u0171veit.<\/li>\n\n\n\n<li>A koncert egy teljes \u00f3r\u00e1n \u00e1t tart.<\/li>\n\n\n\n<li>Teljes visszat\u00e9r\u00edt\u00e9st kaphat, ha 24 \u00f3r\u00e1n bel\u00fcl lemondja a foglal\u00e1st.&nbsp;<\/li>\n\n\n\n<li>A zsinag\u00f3ga ajtajai az el\u0151ad\u00e1s kezdete el\u0151tt tizen\u00f6t perccel ny\u00edlnak meg.<\/li>\n\n\n\n<li>38,59 \u20ac-t\u00f3l szem\u00e9lyenk\u00e9nt<\/li>\n\n\n\n<li>A m\u00f3r st\u00edlus\u00fa, st\u00edlusos zsinag\u00f3ga l\u00e1tv\u00e1nyoss\u00e1g.&nbsp;<\/li>\n\n\n\n<li>N\u00e9zze meg a leny\u0171g\u00f6z\u0151 bels\u0151 kialak\u00edt\u00e1st, \u00e9s vegye \u00e9szre a falakat, ajt\u00f3kat \u00e9s ki\u00e1ll\u00edt\u00e1si korl\u00e1tokat d\u00edsz\u00edt\u0151, vizu\u00e1lisan iszl\u00e1m mot\u00edvumokat.&nbsp;<\/li>\n\n\n\n<li>Tekintse meg a m\u0171sort egy leny\u0171g\u00f6z\u0151 \u00e9p\u00edt\u00e9szeti megold\u00e1sokkal \u00e9s kiv\u00e1l\u00f3 akusztik\u00e1val rendelkez\u0151 helysz\u00ednen.<\/li>\n<\/ul>\n\n\n\n<h3 id=\"what-is-included\" class=\"wp-block-heading\">Mit tartalmaz<\/h3>\n\n\n\n<ul>\n<li>Bel\u00e9p\u0151jegy<\/li>\n\n\n\n<li>A program angol nyelven van kinyomtatva<\/li>\n<\/ul>\n\n\n\n<div class=\"wp-block-buttons is-layout-flex wp-block-buttons-is-layout-flex\">\n<div class=\"wp-block-button is-style-cs-button-block\"><a class=\"wp-block-button__link wp-element-button\" href=\"https:\/\/www.getyourguide.com\/prague-l10\/prague-classical-concert-in-the-spanish-synagogue-t398029\/?partner_id=U94OQGQ&amp;utm_medium=online_publisher&amp;placement=button-cta\" target=\"_blank\" rel=\"noreferrer noopener nofollow\">\u2192 Last-minute el\u00e9rhet\u0151s\u00e9g<\/a><\/div>\n<\/div>\n\n\n\n<h2 id=\"what-to-do-what-to-see-at-the-spanish-synagogue-prague-czech-republic\" class=\"wp-block-heading\"><strong>L\u00e1tnival\u00f3k \u00e9s tennival\u00f3k a Spanyol Zsinag\u00f3g\u00e1ban Pr\u00e1ga, Csehorsz\u00e1g<\/strong><\/h2>\n\n\n\n<p>\u0151\u00a0<strong>figyelemre m\u00e9lt\u00f3 bels\u0151 t\u00e9r<\/strong>\u00a0a pr\u00e1gai spanyol zsinag\u00f3ga d\u00edsz\u00edt\u00e9se a\u00a0<strong>\u00f3lom\u00fcveg ablakok<\/strong>. Gazdagon d\u00edsz\u00edtett a\u00a0<strong>M\u00f3r st\u00edlus<\/strong>, a belseje szimmetrikus \u00e9s bonyolult mozaikok koll\u00e1zsa, \u00edzl\u00e9ses aranyoz\u00e1ssal \u00e9s <strong>stukk\u00f3 arabeszkek<\/strong>. A m\u00f3r bolt\u00edvek \u00e9s a D\u00e1vid-csillagok visszat\u00e9r\u0151 mot\u00edvumok az eg\u00e9sz \u00e9p\u00fcletben.<\/p>\n\n\n\n<p>Mivel a\u00a0<strong>Spanyol zsinag\u00f3ga Zsid\u00f3 m\u00fazeum Pr\u00e1g\u00e1ban<\/strong>\u00a0a Spanyol Zsinag\u00f3g\u00e1t kezeli, az \u00e9p\u00fcletben egy \u00e1lland\u00f3 ki\u00e1ll\u00edt\u00e1s is helyet kapott, amely a csehorsz\u00e1gi zsid\u00f3s\u00e1g modern kori t\u00f6rt\u00e9net\u00e9t mutatja be, kezdve a II. <a href=\"https:\/\/prague.org\/hu\/pragai-holokauszt\/\" data-type=\"post\" data-id=\"11781\">Holokauszt<\/a>.<\/p>\n\n\n\n<figure class=\"wp-block-image\"><img decoding=\"async\" src=\"https:\/\/i0.wp.com\/prague.org\/wp-content\/uploads\/2020\/12\/spanish_synagogue_01.jpg?resize=1024%2C683&amp;ssl=1\" alt=\"A pr\u00e1gai Spanyol Zsinag\u00f3g\u00e1t Eur\u00f3pa legszebb zsinag\u00f3g\u00e1jak\u00e9nt emlegetik.\" class=\"wp-image-4865\"\/><figcaption class=\"wp-element-caption\">A pr\u00e1gai Spanyol Zsinag\u00f3g\u00e1t Eur\u00f3pa legszebb zsinag\u00f3g\u00e1jak\u00e9nt emlegetik.<\/figcaption><\/figure>\n\n\n\n<h2 id=\"history-of-the-spanish-synagogue-prague\" class=\"wp-block-heading\"><strong>A pr\u00e1gai spanyol zsinag\u00f3ga t\u00f6rt\u00e9nete<\/strong><\/h2>\n\n\n\n<p>Gyakorlatilag a spanyol zsinag\u00f3ga a&nbsp;<strong>a leg\u00fajabb pr\u00e1gai zsinag\u00f3ga<\/strong>. Az \u00e9p\u00fclet azonban ott \u00e1ll, ahol a legr\u00e9gebbi templom - az \u00fagynevezett Old School vagy Altshul - egykor \u00e1llt. Mi\u00e9rt h\u00edvt\u00e1k \u00d6reg Iskol\u00e1nak? Mert a r\u00e9gi id\u0151kben a templomokat \u00e9s zsinag\u00f3g\u00e1kat iskolak\u00e9nt is haszn\u00e1lt\u00e1k.&nbsp;<\/p>\n\n\n\n<p>1867-ben a k\u00f6z\u00f6ss\u00e9g \u00fagy d\u00f6nt\u00f6tt, hogy szerkezeti probl\u00e9m\u00e1k miatt lebontja a r\u00e9gi \u00e9p\u00fcletet. 1868-ra egy \u00faj \u00e9p\u00fcletet \u00e9p\u00edtettek a hely\u00e9re - a ma is \u00e1ll\u00f3 \u00e9p\u00fcletet. <strong>Franti\u0161ek \u0160kroup, a cseh himnusz zeneszerz\u0151je 1836-45-ben orgonista volt itt.<\/strong>.<\/p>\n\n\n\n<p>Az 1868-as terveken Vojt\u011bch Ign\u00e1c Ullmann \u00e9p\u00edt\u00e9sz \u00e9s Josef Niklas bels\u0151\u00e9p\u00edt\u00e9sz dolgozott egy\u00fctt, \u00e9s k\u00fcl\u00f6n\u00f6s figyelmet ford\u00edtottak az akusztik\u00e1ra. A fel\u00faj\u00edt\u00e1sban a k\u00f6vetkez\u0151 szem\u00e9lyek is r\u00e9szt vettek <strong>Jan B\u011blsk\u00fd<\/strong>. A pr\u00e1gai zsinag\u00f3ga 1935-ben tov\u00e1bbi helyis\u00e9gekkel b\u0151v\u00fclt, amelyek a II. vil\u00e1gh\u00e1bor\u00fa alatt k\u00f6z\u00f6ss\u00e9gi k\u00f3rh\u00e1zk\u00e9nt \u00e9s rakt\u00e1rk\u00e9nt szolg\u00e1ltak. \u00c9vekkel a h\u00e1bor\u00fa ut\u00e1n a hat\u00f3s\u00e1gok v\u00e9g\u00fcl \u00e9s jogosan visszaadt\u00e1k a Zsinag\u00f3g\u00e1t a zsid\u00f3 k\u00f6z\u00f6ss\u00e9gnek. Ez id\u0151 t\u00e1jt \u00fajb\u00f3l fel\u00faj\u00edtott\u00e1k.\u00a0<\/p>\n\n\n\n<p>Az 1970-es \u00e9vek azonban a roml\u00e1st hozt\u00e1k, \u00e9s a Spanyol Zsinag\u00f3ga 1982-ben v\u00e9gleg bez\u00e1rt. A b\u00e1rsonyos forradalom ut\u00e1n a p\u00e9nzeszk\u00f6z\u00f6k be\u00e1ramlottak, \u00e9s a Spanyol Zsinag\u00f3ga <a href=\"https:\/\/prague.org\/hu\/zmp-the-jewish-museum-in-prague\/\" data-type=\"post\" data-id=\"7465\">Zsid\u00f3 m\u00fazeum<\/a> Pr\u00e1g\u00e1ban fel\u00faj\u00edt\u00e1sba kezdett. Az 1998-as hivatalos megnyit\u00f3 hatalmas sikert aratott.\u00a0<\/p>\n\n\n\n<p>A zsinag\u00f3ga m\u00f6g\u00f6tt egy kis park tal\u00e1lhat\u00f3, ahol egy&nbsp;<a href=\"https:\/\/prague.org\/hu\/prague-for-the-kafka-fan\/\">Franz Kafka szobra<\/a>. A park m\u00e1sik oldal\u00e1n tal\u00e1lhat\u00f3 a Szentl\u00e9lek-templom, egy m\u00e1sik n\u00e9pszer\u0171 pr\u00e1gai l\u00e1tnival\u00f3.<\/p>\n\n\n\n<div class=\"gyg-iframe-container\" style=\"margin-bottom:1.5em\"><iframe style=\"border:0;height:100%;width:100%\" title=\"GetYourGuide v\u00e1rosi widget\" src=\"https:\/\/widget.getyourguide.com\/default\/city.frame?widget=wp_city&amp;iata=PRG&amp;locale_code=en-US&amp;partner_id=U94OQGQ\"><\/iframe><\/div>","protected":false},"excerpt":{"rendered":"Cseh n\u00e9v: \u0160pan\u011blsk\u00e1 synagoga A spanyol zsinag\u00f3ga - cseh\u00fcl \u0160pan\u011blsk\u00e1 synagoga - egy leny\u0171g\u00f6z\u0151 \u00e9p\u00edt\u00e9szeti \u00e9s diz\u00e1jn...","protected":false},"author":2,"featured_media":3384,"comment_status":"closed","ping_status":"closed","sticky":false,"template":"","format":"standard","meta":{"footnotes":""},"categories":[1,204,19],"tags":[63,77],"table_tags":[],"_links":{"self":[{"href":"https:\/\/prague.org\/hu\/wp-json\/wp\/v2\/posts\/3379"}],"collection":[{"href":"https:\/\/prague.org\/hu\/wp-json\/wp\/v2\/posts"}],"about":[{"href":"https:\/\/prague.org\/hu\/wp-json\/wp\/v2\/types\/post"}],"author":[{"embeddable":true,"href":"https:\/\/prague.org\/hu\/wp-json\/wp\/v2\/users\/2"}],"replies":[{"embeddable":true,"href":"https:\/\/prague.org\/hu\/wp-json\/wp\/v2\/comments?post=3379"}],"version-history":[{"count":14,"href":"https:\/\/prague.org\/hu\/wp-json\/wp\/v2\/posts\/3379\/revisions"}],"predecessor-version":[{"id":13724,"href":"https:\/\/prague.org\/hu\/wp-json\/wp\/v2\/posts\/3379\/revisions\/13724"}],"wp:featuredmedia":[{"embeddable":true,"href":"https:\/\/prague.org\/hu\/wp-json\/wp\/v2\/media\/3384"}],"wp:attachment":[{"href":"https:\/\/prague.org\/hu\/wp-json\/wp\/v2\/media?parent=3379"}],"wp:term":[{"taxonomy":"category","embeddable":true,"href":"https:\/\/prague.org\/hu\/wp-json\/wp\/v2\/categories?post=3379"},{"taxonomy":"post_tag","embeddable":true,"href":"https:\/\/prague.org\/hu\/wp-json\/wp\/v2\/tags?post=3379"},{"taxonomy":"table_tags","embeddable":true,"href":"https:\/\/prague.org\/hu\/wp-json\/wp\/v2\/table_tags?post=3379"}],"curies":[{"name":"wp","href":"https:\/\/api.w.org\/{rel}","templated":true}]}}