{"id":3387,"date":"2022-06-15T12:12:48","date_gmt":"2022-06-15T10:12:48","guid":{"rendered":"https:\/\/prague.org\/?p=3387"},"modified":"2024-01-02T17:37:42","modified_gmt":"2024-01-02T15:37:42","slug":"prague-for-the-kafka-fan","status":"publish","type":"post","link":"https:\/\/prague.org\/hu\/prague-for-the-kafka-fan\/","title":{"rendered":"Kafka Pr\u00e1ga a Kafka-rajong\u00f3knak"},"content":{"rendered":"<h2 id=\"best-places-to-visit-as-a-fan-of-franz-kafka-in-prague\" class=\"wp-block-heading\"><strong>A legjobb helyek, amelyeket Franz Kafka rajong\u00f3k\u00e9nt \u00e9rdemes felkeresni Pr\u00e1g\u00e1ban<\/strong><\/h2>\n\n\n\n<p>A pr\u00e1gai h\u00edres emberek k\u00f6z\u00fcl tal\u00e1n Franz Kafka a legnevesebb. B\u00e1r m\u0171veiben sohasem eml\u00edtette kifejezetten Pr\u00e1g\u00e1t, vannak nyomai annak, hogy a v\u00e1ros hogyan befoly\u00e1solta \u00e9let\u00e9t \u00e9s eszm\u00e9it. A korabeli politikai z\u0171rzavar \u00e9s t\u00e1rsadalmi megosztotts\u00e1g sz\u00e1mos m\u0171v\u00e9ben kifejez\u00e9sre jut, amelyek k\u00f6z\u00e9ppontj\u00e1ban az emberi szenved\u00e9s, valamint az \u00e9rtelem \u00e9s c\u00e9l keres\u00e9se \u00e1ll.<\/p>\n\n\n\n<p>Sok Kafka-rajong\u00f3 Pr\u00e1g\u00e1ba utazik, hogy bepillant\u00e1st nyerjen Franz Kafka pr\u00e1gai gy\u00f6kereibe, \u00e9s jobban meg\u00e9rtse m\u0171veit. Mivel a v\u00e1ros az \u00e9vek sor\u00e1n j\u00f3l meg\u0151rz\u0151d\u00f6tt, felkereshetik azokat a helyeket, amelyeket Kafka gyakran l\u00e1togatott, amikor ott \u00e9lt. Sz\u00e1mos szobor \u00e9s m\u00fazeum is van, amelyeket neki szenteltek.<br><\/p>\n\n\n\n\n\n<p>Ha \u00d6n is egyike a sok rajong\u00f3nak, akik tisztelegni szeretn\u00e9nek a sz\u00fcrrealista \u00edr\u00f3 el\u0151tt, \u00edme azok a helyek, amelyeket fel kell keresnie pr\u00e1gai \u00fatja sor\u00e1n.<\/p>\n\n\n\n<div class=\"gyg-iframe-container\" style=\"margin-bottom:1.5em\"><iframe style=\"border:0;height:100%;width:100%\" title=\"GetYourGuide tev\u00e9kenys\u00e9gek widget\" src=\"https:\/\/widget.getyourguide.com\/default\/activities.frame?widget=wp_activities&amp;currency=EUR&amp;locale_code=en-GB&amp;number_of_items=3&amp;partner_id=U94OQGQ&amp;q=prague\"><\/iframe><\/div>\n\n\n\n<h2 id=\"namesti-franze-kafky\" class=\"wp-block-heading\">N\u00e1m\u011bst\u00ed Franze Kafky<\/h2>\n\n\n\n<div data-gyg-href=\"https:\/\/widget.getyourguide.com\/default\/activities.frame\" data-gyg-locale-code=\"en-US\" data-gyg-widget=\"activities\" data-gyg-number-of-items=\"1\" data-gyg-excluded-tour-ids=\"\" data-gyg-partner-id=\"U94OQGQ\" data-gyg-q=\"Prague%20Through%20the%20Eyes%20of%20Franz%20Kafka%202.5-Hour%20Tour\"><\/div>\n\n\n\n<p>Kezdje a t\u00far\u00e1t Kafka sz\u00fclet\u00e9si hely\u00e9n, a Josefovban tal\u00e1lhat\u00f3 U Radnice 5-ben, amely a pr\u00e1gai Kafka-h\u00e1zk\u00e9nt is ismert. Franz Kafka 1883. j\u00falius 3-\u00e1n sz\u00fcletett Julie \u00e9s Hermann gyermekek\u00e9nt. Egy zsid\u00f3 gett\u00f3 sz\u00e9l\u00e9n l\u00e9v\u0151 negyedben \u00e9ltek. A pr\u00e1gai Kafka-h\u00e1z a t\u00e9r \u00e9szakkeleti sark\u00e1n \u00e1llt, n\u00e9h\u00e1ny l\u00e9p\u00e9snyire a&nbsp;<a href=\"https:\/\/prague.org\/hu\/szent-miklos-templom\/\">Szent Mikl\u00f3s templom<\/a>. A t\u00e9nyleges \u00e9p\u00fclet, amelyben sz\u00fcletett, le\u00e9gett, de a kapualj \u00e9rintetlen maradt, \u00e9s a h\u00e1z \u00fajj\u00e1\u00e9p\u00edt\u00e9se ut\u00e1n is megmaradt.<\/p>\n\n\n\n<p>Ma a helyet egy Kafka mellszobor \u00e9s egy kis eml\u00e9kt\u00e1bla jelzi, amely a sz\u00fclet\u00e9s\u00e9re eml\u00e9kezik. Bel\u00fcl egy kis ki\u00e1ll\u00edt\u00e1st szenteltek neki. A ter\u00fcletet ma m\u00e1r Franz Kafka t\u00e9rnek is nevezik a tisztelet\u00e9re.<\/p>\n\n\n\n<div class=\"wp-block-buttons is-layout-flex wp-block-buttons-is-layout-flex\">\n<div class=\"wp-block-button is-style-cs-button-block\"><a class=\"wp-block-button__link wp-element-button\" href=\"https:\/\/www.getyourguide.com\/prague-l10\/prague-city-center-by-franz-kafka-eyes-t56180\/?partner_id=U94OQGQ&amp;utm_medium=online_publisher&amp;placement=button-cta\" target=\"_blank\" rel=\"noreferrer noopener nofollow\">\u00e1rak \u00e9s v\u00e9lem\u00e9nyek megtekint\u00e9se<\/a><\/div>\n<\/div>\n\n\n\n<h2 id=\"old-town-square\" class=\"wp-block-heading\">\u00d3v\u00e1ros t\u00e9r<\/h2>\n\n\n\n<div data-gyg-href=\"https:\/\/widget.getyourguide.com\/default\/activities.frame\" data-gyg-locale-code=\"en-US\" data-gyg-widget=\"activities\" data-gyg-number-of-items=\"1\" data-gyg-excluded-tour-ids=\"\" data-gyg-partner-id=\"U94OQGQ\" data-gyg-q=\"Prague%3A%203-Hour%20Walking%20Tour%20of%20Old%20Town%20%26%20Prague%20Castle\"><\/div>\n\n\n\n<p>A&nbsp;<a href=\"https:\/\/prague.org\/hu\/old-town-square\/\">\u00d3v\u00e1ros t\u00e9r<\/a>&nbsp;k\u00f6zvetlen\u00fcl a pr\u00e1gai Kafka-h\u00e1z mellett tal\u00e1lhat\u00f3, \u00edgy nem meglep\u0151, hogy Kafka sok id\u0151t t\u00f6lt\u00f6tt a t\u00e9ren \u00e9s a k\u00f6rnyez\u0151 utc\u00e1kban. T\u00edz\u00e9ves kora k\u00f6r\u00fcl a Kinsky-palot\u00e1ban m\u0171k\u00f6d\u0151 n\u00e9met gimn\u00e1ziumban vett \u00f3r\u00e1kat. Egyszer egy h\u00e1zban is lakott, k\u00f6zvetlen\u00fcl a csillag\u00e1szati \u00f3ra mellett. A pr\u00e1gai Kafka-h\u00e1zat az \u00d3v\u00e1ros t\u00e9r 2-es sz\u00e1m\u00fa h\u00e1z\u00e1n\u00e1l l\u00e1togathatod meg, csak k\u00e9rdezz k\u00f6rbe a Percek h\u00e1za (D\u016fm U Minuty) ut\u00e1n.<\/p>\n\n\n\n<div class=\"wp-block-buttons is-layout-flex wp-block-buttons-is-layout-flex\">\n<div class=\"wp-block-button is-style-cs-button-block\"><a class=\"wp-block-button__link wp-element-button\" href=\"https:\/\/www.getyourguide.com\/prague-l10\/3-hour-walking-prague-winter-tour-with-warming-up-stops-t42322\/?partner_id=U94OQGQ&amp;utm_medium=online_publisher&amp;placement=button-cta\" target=\"_blank\" rel=\"noreferrer noopener nofollow\">\u00e1rak \u00e9s v\u00e9lem\u00e9nyek megtekint\u00e9se<\/a><\/div>\n<\/div>\n\n\n\n<h2 id=\"franz-kafka-sculpture-prague\" class=\"wp-block-heading\">Franz Kafka szobor, Pr\u00e1ga<\/h2>\n\n\n\n<figure class=\"wp-block-image size-large\"><img decoding=\"async\" width=\"1024\" height=\"669\" src=\"https:\/\/prague.org\/wp-content\/uploads\/2022\/12\/titulka-1-1-1024x669.jpg\" alt=\"Franz Kafka szobra Pr\u00e1g\u00e1ban\" class=\"wp-image-7280\" srcset=\"https:\/\/prague.org\/wp-content\/uploads\/2022\/12\/titulka-1-1-1024x669.jpg 1024w, https:\/\/prague.org\/wp-content\/uploads\/2022\/12\/titulka-1-1-600x392.jpg 600w, https:\/\/prague.org\/wp-content\/uploads\/2022\/12\/titulka-1-1-300x196.jpg 300w, https:\/\/prague.org\/wp-content\/uploads\/2022\/12\/titulka-1-1-768x502.jpg 768w, https:\/\/prague.org\/wp-content\/uploads\/2022\/12\/titulka-1-1-1536x1004.jpg 1536w, https:\/\/prague.org\/wp-content\/uploads\/2022\/12\/titulka-1-1-380x248.jpg 380w, https:\/\/prague.org\/wp-content\/uploads\/2022\/12\/titulka-1-1-800x523.jpg 800w, https:\/\/prague.org\/wp-content\/uploads\/2022\/12\/titulka-1-1-1160x758.jpg 1160w, https:\/\/prague.org\/wp-content\/uploads\/2022\/12\/titulka-1-1.jpg 1920w\" sizes=\"(max-width: 1024px) 100vw, 1024px\" \/><figcaption class=\"wp-element-caption\">Franz Kafka szobra Pr\u00e1g\u00e1ban<\/figcaption><\/figure>\n\n\n\n<p>Az \u00d3v\u00e1ros t\u00e9rt\u0151l mintegy 5 percre tal\u00e1lhat\u00f3 egy szobor, amelyet Kafka \"Egy k\u00fczdelem le\u00edr\u00e1sa\" c\u00edm\u0171 novell\u00e1ja ihletett. A h\u00edres szobr\u00e1sz, Jaroslav Rona \u00e1ltal k\u00e9sz\u00edtett pr\u00e1gai Franz Kafka-szobor egy \u00f6lt\u00f6ny\u00f6s kisembert \u00e1br\u00e1zol egy nagy, \u00fcres \u00f6lt\u00f6ny v\u00e1ll\u00e1n. Ez a k\u00e9p a t\u00f6rt\u00e9net elbesz\u00e9l\u0151j\u00e9t \u00e1br\u00e1zolja, aki az ismer\u0151s h\u00e1t\u00e1n lovagol. A szobor a zsid\u00f3negyedben tal\u00e1lhat\u00f3 Du\u0161n\u00edban tal\u00e1lhat\u00f3.<\/p>\n\n\n\n<h2 id=\"old-new-synagogue\" class=\"wp-block-heading\">R\u00e9gi-\u00faj zsinag\u00f3ga<\/h2>\n\n\n\n<figure class=\"wp-block-image\" id=\"attachment_5137\"><img decoding=\"async\" src=\"https:\/\/i0.wp.com\/prague.org\/wp-content\/uploads\/2021\/07\/Very-beautiful-building-diner-at-the-old-synagogue-in-the-center-of-Prague.-Czech-Republic..jpg?resize=667%2C1000&amp;ssl=1\" alt=\"Nagyon sz\u00e9p \u00e9p\u00fclet eb\u00e9dl\u0151 a r\u00e9gi zsinag\u00f3g\u00e1ban Pr\u00e1ga k\u00f6zpontj\u00e1ban. Csehorsz\u00e1g.\" class=\"wp-image-5137\"\/><figcaption class=\"wp-element-caption\">Nagyon sz\u00e9p \u00e9p\u00fclet eb\u00e9dl\u0151 a r\u00e9gi zsinag\u00f3g\u00e1ban Pr\u00e1ga k\u00f6zpontj\u00e1ban<\/figcaption><\/figure>\n\n\n\n<p>A pr\u00e1gai Franz Kafka-szobort\u00f3l n\u00e9h\u00e1ny saroknyira tal\u00e1lhat\u00f3 a R\u00e9gi-\u00daj Zsinag\u00f3ga, ahol Kafka b\u00e1r micv\u00f3j\u00e1t tartott\u00e1k. A nyugati falon a <a href=\"https:\/\/prague.org\/hu\/must-see-synagogak-pragaban\/\" data-type=\"link\" data-id=\"https:\/\/prague.org\/must-see-synagogues-in-prague\/\">zsinag\u00f3ga<\/a>f\u0151terme egy \u00fcvegvitrin, benne kis izz\u00f3kkal. Ezek az izz\u00f3k a hal\u00e1luk \u00e9vfordul\u00f3j\u00e1n vil\u00e1g\u00edtanak, amikor olyan emberek hal\u00e1l\u00e1nak \u00e9vfordul\u00f3j\u00e1t \u00fcnneplik, akiknek az egyik\u00fck Franz Kafka.<\/p>\n\n\n\n<h2 id=\"golden-lane\" class=\"wp-block-heading\">Golden Lane<\/h2>\n\n\n\n<figure class=\"wp-block-image\" id=\"attachment_4751\"><img decoding=\"async\" src=\"https:\/\/i0.wp.com\/prague.org\/wp-content\/uploads\/2020\/11\/golden_lane_01.jpg?resize=1024%2C681&amp;ssl=1\" alt=\"Golden Lane\" class=\"wp-image-4751\"\/><figcaption class=\"wp-element-caption\">Golden Lane<\/figcaption><\/figure>\n\n\n\n<p>A Moldva t\u00faloldal\u00e1n tal\u00e1lhat\u00f3 a V\u00e1rnegyed, ahol Franz Kafka a n\u0151v\u00e9r\u00e9vel lakott, amikor nyugalomra \u00e9s csendre volt sz\u00fcks\u00e9ge, hogy meg\u00edrja a t\u00f6rt\u00e9neteit. K\u00f6zel k\u00e9t \u00e9vig \u00e9lt egy kis k\u0151h\u00e1zik\u00f3ban a pr\u00e1gai v\u00e1r falain bel\u00fcl. Az \u00e9p\u00fcletet, amelyben lakott, \u00fajrafestett\u00e9k, \u00e9s ma m\u00e1r az Aranys\u00e1vban \u00e1ll m\u00e1s sz\u00ednes h\u00e1zakkal egy\u00fctt. A 22-es sz\u00e1m\u00fa h\u00e1znak nevezett helyet mindenk\u00e9ppen meg kell l\u00e1togatnia, ha Kafka-t\u00far\u00e1ra indul.<\/p>\n\n\n\n<div class=\"wp-block-buttons is-layout-flex wp-block-buttons-is-layout-flex\"><\/div>\n\n\n\n<h2 id=\"franz-kafka-museum\" class=\"wp-block-heading\">Franz Kafka M\u00fazeum<\/h2>\n\n\n\n<div data-gyg-href=\"https:\/\/widget.getyourguide.com\/default\/activities.frame\" data-gyg-locale-code=\"en-US\" data-gyg-widget=\"activities\" data-gyg-number-of-items=\"1\" data-gyg-partner-id=\"U94OQGQ\" data-gyg-q=\"Prague%3A%20Tickets%20for%20the%20Franz%20Kafka%20Museum\"><\/div>\n\n\n\n<h2 id=\"an-exciting-franz-kafka-museum-day-tour\" class=\"wp-block-heading\">Egy izgalmas Franz Kafka M\u00fazeum napi t\u00fara<\/h2>\n\n\n\n<div data-gyg-href=\"https:\/\/widget.getyourguide.com\/default\/activities.frame\" data-gyg-locale-code=\"en-US\" data-gyg-widget=\"activities\" data-gyg-number-of-items=\"1\" data-gyg-cmp=\"kafka\" data-gyg-partner-id=\"U94OQGQ\" data-gyg-placement=\"other\" data-gyg-tour-ids=\"401647\"><\/div>\n\n\n\n<p>Ha \u00d6n rajong a k\u00f6nyvek\u00e9rt \u00e9s az irodalom\u00e9rt, val\u00f3sz\u00edn\u0171leg tal\u00e1lkozott m\u00e1r Franz Kafka, a h\u00edres boh\u00e9m \u00edr\u00f3 m\u0171veivel. A pr\u00e1gai Franz Kafka M\u00fazeumba val\u00f3 bel\u00e9p\u00e9ssel teljes m\u00e9rt\u00e9kben megismerheti m\u0171veinek els\u0151 nyomtatott v\u00e1ltozatait, miel\u0151tt m\u00e9lyebben elmer\u00fclne az \u00edr\u00f3 \u00e9let\u00e9ben \u00e9s p\u00e1lyafut\u00e1s\u00e1ban.<\/p>\n\n\n\n<h3 id=\"highlights\" class=\"wp-block-heading\">Kiemelt inform\u00e1ci\u00f3k<\/h3>\n\n\n\n<ul>\n<li>A Kafka M\u00fazeumban t\u00f6bbet megtudhat Franz Kafka, a tekint\u00e9lyes \u00edr\u00f3 \u00e9s novellist\u00e1nak \u00e9let\u00e9r\u0151l.<\/li>\n\n\n\n<li>Ismerje meg a huszadik sz\u00e1zad irodalmi \u00f3ri\u00e1s\u00e1t, aki a cseh f\u0151v\u00e1rosban, Pr\u00e1g\u00e1ban sz\u00fcletett.<\/li>\n\n\n\n<li>Fedezze fel a ki\u00e1ll\u00edt\u00e1si t\u00e1rgyakat saj\u00e1t maga, miut\u00e1n meghallgatta a m\u00fazeumr\u00f3l sz\u00f3l\u00f3 idegenvezet\u0151i \u00e1ttekint\u00e9st.<\/li>\n\n\n\n<li>24 \u00f3r\u00e1n bel\u00fcli lemond\u00e1s eset\u00e9n nem sz\u00e1m\u00edtunk fel d\u00edjat<\/li>\n\n\n\n<li>17,60 eur\u00f3t\u00f3l kezd\u0151d\u0151en fejenk\u00e9nt<\/li>\n\n\n\n<li>Tapasztalja meg az \u00e9letet \u00fagy, ahogyan a szerz\u0151 tette 1883 \u00e9s 1924 k\u00f6z\u00f6tt.<\/li>\n\n\n\n<li>Miel\u0151tt bel\u00e9pne a m\u00fazeumba, 20 percig hallgassa meg angol nyelv\u0171 idegenvezet\u0151j\u00e9t\u0151l, hogy mire sz\u00e1m\u00edthat az izgalmas t\u00far\u00e1n.<\/li>\n\n\n\n<li>Fedezze fel Kafka munk\u00e1ss\u00e1g\u00e1nak eddig soha nem l\u00e1tott 3D-s vet\u00edt\u00e9seit, p\u00e9ld\u00e1ul levelez\u00e9s\u00e9t, napl\u00f3it, k\u00e9ziratait, f\u00e9nyk\u00e9peit \u00e9s rajzait.<\/li>\n\n\n\n<li>Mer\u00fclj\u00f6n el Franz Kafka huszadik sz\u00e1zadi vil\u00e1g\u00e1ban az audiovizu\u00e1lis remekm\u0171vek \u00e9s a k\u00eds\u00e9r\u0151zene seg\u00edts\u00e9g\u00e9vel.<\/li>\n<\/ul>\n\n\n\n<h3 id=\"what-is-included\" class=\"wp-block-heading\">Mit tartalmaz<\/h3>\n\n\n\n<ul>\n<li>M\u00fazeumi bel\u00e9p\u0151jegy&nbsp;<\/li>\n\n\n\n<li>20 perc t\u00e1j\u00e9koz\u00f3d\u00e1s&nbsp;<\/li>\n\n\n\n<li>Angol h\u00e1zigazda vagy \u00fcdv\u00f6zl\u0151<\/li>\n\n\n\n<li>A t\u00fara egy napra \u00e9rv\u00e9nyes.<\/li>\n<\/ul>\n\n\n\n<div class=\"wp-block-buttons is-layout-flex wp-block-buttons-is-layout-flex\">\n<div class=\"wp-block-button is-style-cs-button-block\"><a class=\"wp-block-button__link wp-element-button\" href=\"https:\/\/www.getyourguide.com\/prague-l10\/prague-tickets-for-the-franz-kafka-museum-t401647\/?partner_id=U94OQGQ&amp;utm_medium=online_publisher&amp;placement=button-cta\" target=\"_blank\" rel=\"noreferrer noopener nofollow\">\u2192 Check it Out<\/a><\/div>\n<\/div>\n\n\n\n<h2 id=\"cafe-louvre\" class=\"wp-block-heading\">Louvre k\u00e1v\u00e9z\u00f3<\/h2>\n\n\n\n<p>Szusszanjon egyet a sok gyalogl\u00e1s ut\u00e1n, \u00e9s fogyasszon el egy \u00e9telt vagy k\u00e1v\u00e9t a Caf\u00e9 Louvre-ban a N\u00e1rodni, Nov\u00e9 M\u011bsto utc\u00e1ban. Az 1902-ben megnyitott <a href=\"https:\/\/prague.org\/hu\/best-prague-cafes\/\" data-type=\"link\" data-id=\"https:\/\/prague.org\/best-prague-cafes\/\">caf\u00e9<\/a> a pr\u00e1gai kultur\u00e1lis elit kedvelt t\u00f6rzshelye volt abban az id\u0151ben. Franz Kafka sok id\u0151t t\u00f6lt\u00f6tt itt k\u00f6zeli bar\u00e1taival, k\u00f6zt\u00fck Max Broddal. Mik\u00f6zben teh\u00e1t k\u00e1v\u00e9val, fekete te\u00e1val \u00e9s \u00e9des s\u00fctem\u00e9nyekkel k\u00e9nyezteted magad, k\u00e9pzeld el, ahogy Kafka a k\u00f6r\u00fcl\u00f6tted l\u00e9v\u0151 asztalok valamelyik\u00e9n v\u00e1zlatokat \u00edr vagy filoz\u00f3fi\u00e1r\u00f3l besz\u00e9lget.<\/p>\n\n\n\n<blockquote class=\"wp-block-quote\">\n<p><strong>C\u00edm: <\/strong>N\u00e1rodn\u00ed 22, 110 00 Nov\u00e9 M\u011bsto, Csehorsz\u00e1g<\/p>\n\n\n\n<p><strong>Weboldal: <\/strong><a href=\"https:\/\/www.cafelouvre.cz\/\" rel=\"nofollow noopener\">https:\/\/www.cafelouvre.cz\/<\/a><\/p>\n<\/blockquote>\n\n\n\n<h2 id=\"franz-kafka-head-prague\" class=\"wp-block-heading\">Franz Kafka fej, Pr\u00e1ga<\/h2>\n\n\n\n<figure class=\"wp-block-image size-large\"><img decoding=\"async\" width=\"1024\" height=\"683\" src=\"https:\/\/prague.org\/wp-content\/uploads\/2022\/12\/rocio-perera-UEhsp8uKa7M-unsplash-1-1024x683.jpg\" alt=\"Franz Kafka fej, Pr\u00e1ga\" class=\"wp-image-7283\" srcset=\"https:\/\/prague.org\/wp-content\/uploads\/2022\/12\/rocio-perera-UEhsp8uKa7M-unsplash-1-1024x683.jpg 1024w, https:\/\/prague.org\/wp-content\/uploads\/2022\/12\/rocio-perera-UEhsp8uKa7M-unsplash-1-scaled-600x400.jpg 600w, https:\/\/prague.org\/wp-content\/uploads\/2022\/12\/rocio-perera-UEhsp8uKa7M-unsplash-1-300x200.jpg 300w, https:\/\/prague.org\/wp-content\/uploads\/2022\/12\/rocio-perera-UEhsp8uKa7M-unsplash-1-768x512.jpg 768w, https:\/\/prague.org\/wp-content\/uploads\/2022\/12\/rocio-perera-UEhsp8uKa7M-unsplash-1-1536x1024.jpg 1536w, https:\/\/prague.org\/wp-content\/uploads\/2022\/12\/rocio-perera-UEhsp8uKa7M-unsplash-1-2048x1365.jpg 2048w, https:\/\/prague.org\/wp-content\/uploads\/2022\/12\/rocio-perera-UEhsp8uKa7M-unsplash-1-380x253.jpg 380w, https:\/\/prague.org\/wp-content\/uploads\/2022\/12\/rocio-perera-UEhsp8uKa7M-unsplash-1-800x533.jpg 800w, https:\/\/prague.org\/wp-content\/uploads\/2022\/12\/rocio-perera-UEhsp8uKa7M-unsplash-1-1160x773.jpg 1160w, https:\/\/prague.org\/wp-content\/uploads\/2022\/12\/rocio-perera-UEhsp8uKa7M-unsplash-1-scaled.jpg 2560w\" sizes=\"(max-width: 1024px) 100vw, 1024px\" \/><figcaption class=\"wp-element-caption\">Franz Kafka fej, Pr\u00e1ga<\/figcaption><\/figure>\n\n\n\n<p>A k\u00e1v\u00e9z\u00f3t\u00f3l egy r\u00f6vid s\u00e9t\u00e1ra tal\u00e1lhat\u00f3 egy m\u00e1sik \u00e9p\u00edt\u00e9szeti nevezetess\u00e9g, amelyet Kafka eml\u00e9k\u00e9re \u00e9p\u00edtettek. A David \u010cern\u00fd \u00e1ltal tervezett <a href=\"https:\/\/prague.org\/hu\/franz-kafkas-rotating-heads\/\" data-type=\"URL\" data-id=\"https:\/\/prague.org\/franz-kafkas-rotating-heads\/\">Forg\u00f3 Franz Kafka fej Pr\u00e1gai szobor<\/a> egy kinetikus szobor t\u00f6bb mint 40 forg\u00f3 panellel. Franz Kafka mozg\u00f3 szobra, Pr\u00e1ga n\u00e9ven is ismert. Ez azt az ill\u00fazi\u00f3t kelti, hogy Kafka arca elmozdul, mik\u00f6zben k\u00f6r\u00fcln\u00e9z Pr\u00e1ga v\u00e1ros\u00e1ban.<\/p>\n\n\n\n<h2 id=\"hotel-century-old-town\" class=\"wp-block-heading\">Hotel Century Old Town<\/h2>\n\n\n\n<figure class=\"wp-block-image size-large\"><img decoding=\"async\" width=\"1024\" height=\"768\" src=\"https:\/\/prague.org\/wp-content\/uploads\/2022\/06\/Hotel-Century-Old-Town-1024x768.jpeg\" alt=\"Hotel Century Old Town, Pr\u00e1ga\" class=\"wp-image-3393\" srcset=\"https:\/\/prague.org\/wp-content\/uploads\/2022\/06\/Hotel-Century-Old-Town-1024x768.jpeg 1024w, https:\/\/prague.org\/wp-content\/uploads\/2022\/06\/Hotel-Century-Old-Town-600x450.jpeg 600w, https:\/\/prague.org\/wp-content\/uploads\/2022\/06\/Hotel-Century-Old-Town-300x225.jpeg 300w, https:\/\/prague.org\/wp-content\/uploads\/2022\/06\/Hotel-Century-Old-Town-768x576.jpeg 768w, https:\/\/prague.org\/wp-content\/uploads\/2022\/06\/Hotel-Century-Old-Town-1536x1152.jpeg 1536w, https:\/\/prague.org\/wp-content\/uploads\/2022\/06\/Hotel-Century-Old-Town-200x150.jpeg 200w, https:\/\/prague.org\/wp-content\/uploads\/2022\/06\/Hotel-Century-Old-Town-260x195.jpeg 260w, https:\/\/prague.org\/wp-content\/uploads\/2022\/06\/Hotel-Century-Old-Town-380x285.jpeg 380w, https:\/\/prague.org\/wp-content\/uploads\/2022\/06\/Hotel-Century-Old-Town-800x600.jpeg 800w, https:\/\/prague.org\/wp-content\/uploads\/2022\/06\/Hotel-Century-Old-Town-1160x870.jpeg 1160w, https:\/\/prague.org\/wp-content\/uploads\/2022\/06\/Hotel-Century-Old-Town-1200x900-cropped.jpeg 1200w, https:\/\/prague.org\/wp-content\/uploads\/2022\/06\/Hotel-Century-Old-Town.jpeg 2048w\" sizes=\"(max-width: 1024px) 100vw, 1024px\" \/><figcaption class=\"wp-element-caption\">Hotel Century Old Town, Pr\u00e1ga<\/figcaption><\/figure>\n\n\n\n<p>Sokan \u00fagy v\u00e9lik, hogy Kafka m\u0171veire nagy hat\u00e1ssal voltak a Munk\u00e1s Balesetbiztos\u00edt\u00f3 T\u00e1rsas\u00e1gn\u00e1l szerzett tapasztalatai. \u00cdrnokk\u00e9nt az ipari balesetek bejelent\u00e9s\u00e9vel volt megb\u00edzva. Ez inspir\u00e1lhatta olyan t\u00e9m\u00e1kat, amelyek az emberek t\u00fal\u00e9l\u00e9s\u00e9rt folytatott k\u00fczdelm\u00e9r\u0151l \u00e9s a munk\u00e1sok el\u0151tt \u00e1ll\u00f3 akad\u00e1lyokr\u00f3l sz\u00f3lnak. Ismer\u0151seinek besz\u00e1mol\u00f3i arr\u00f3l is besz\u00e1moltak, hogy Kafka panaszkodott a napi munk\u00e1ja \u00e9s az \u00edr\u00e1s \u00f6sszeegyeztet\u00e9s\u00e9nek neh\u00e9zs\u00e9geire.<\/p>\n\n\n\n<p>A helyet, ahol Kafka dolgozott, ma Hotel Century Old Townnak h\u00edvj\u00e1k. Ahogy bel\u00e9psz a sz\u00e1llod\u00e1ba, a lobbiban Kafka mellszobra fogad. Pihenj egy kicsit a sz\u00e1lloda b\u00e1rj\u00e1ban, mik\u00f6zben a k\u00f6nyveit olvasod. Kafka irod\u00e1ja - amely egykor a 214-es szoba volt - ma a Kafka-lakoszt\u00e1ly, ez\u00e9rt ha teheted, pr\u00f3b\u00e1ld meg lefoglalni a szob\u00e1t egy-k\u00e9t \u00e9jszak\u00e1ra.<\/p>\n\n\n\n<div class=\"wp-block-buttons is-layout-flex wp-block-buttons-is-layout-flex\">\n<div class=\"wp-block-button is-style-cs-button-block\"><a class=\"wp-block-button__link wp-element-button\" href=\"https:\/\/www.booking.com\/hotel\/cz\/mercure-prague-old-town.en.html?aid=7905235&amp;no_rooms=1&amp;group_adults=2\" target=\"_blank\" rel=\"noreferrer noopener nofollow\">\u00e1rak \u00e9s v\u00e9lem\u00e9nyek megtekint\u00e9se<\/a><\/div>\n<\/div>\n\n\n\n<h2 id=\"cafe-arco\" class=\"wp-block-heading\">Caf\u00e9 Arco<\/h2>\n\n\n\n<figure class=\"wp-block-image size-full\"><img decoding=\"async\" width=\"1024\" height=\"640\" src=\"https:\/\/prague.org\/wp-content\/uploads\/2022\/06\/Kavarna-Arco.jpg\" alt=\"Caf\u00e9 Arco Pr\u00e1g\u00e1ban\" class=\"wp-image-7681\" srcset=\"https:\/\/prague.org\/wp-content\/uploads\/2022\/06\/Kavarna-Arco.jpg 1024w, https:\/\/prague.org\/wp-content\/uploads\/2022\/06\/Kavarna-Arco-600x375.jpg 600w, https:\/\/prague.org\/wp-content\/uploads\/2022\/06\/Kavarna-Arco-300x188.jpg 300w, https:\/\/prague.org\/wp-content\/uploads\/2022\/06\/Kavarna-Arco-768x480.jpg 768w, https:\/\/prague.org\/wp-content\/uploads\/2022\/06\/Kavarna-Arco-18x12.jpg 18w, https:\/\/prague.org\/wp-content\/uploads\/2022\/06\/Kavarna-Arco-380x238.jpg 380w, https:\/\/prague.org\/wp-content\/uploads\/2022\/06\/Kavarna-Arco-800x500.jpg 800w\" sizes=\"(max-width: 1024px) 100vw, 1024px\" \/><figcaption class=\"wp-element-caption\">Caf\u00e9 Arco Pr\u00e1g\u00e1ban<\/figcaption><\/figure>\n\n\n\n<p>Franz Kafka \u00e9s Brod m\u00e1sik kedvenc t\u00f6rzshelye mind\u00f6ssze n\u00e9h\u00e1ny saroknyira tal\u00e1lhat\u00f3 a Hotel Century Old Townt\u00f3l. Az 1900-as \u00e9vekben \u00e9p\u00fclt Caf\u00e9 Arco a 20. sz\u00e1zad elej\u00e9n a n\u00e9met-zsid\u00f3 \u00edr\u00f3k egyik legn\u00e9pszer\u0171bb tal\u00e1lkoz\u00f3hely\u00e9v\u00e9 v\u00e1lt. Az \u00e9vek sor\u00e1n azonban elvesztette f\u00e9ny\u00e9t, \u00e9s a Bel\u00fcgyminiszt\u00e9rium felt\u0171n\u00e9smentes k\u00e1v\u00e9z\u00f3j\u00e1v\u00e1 v\u00e1lt.<\/p>\n\n\n\n<blockquote class=\"wp-block-quote\">\n<p><strong>C\u00edm: <\/strong>Dl\u00e1\u017ed\u011bn\u00e1 1004 \/6, 110 00 Nov\u00e9 M\u011bsto, Csehorsz\u00e1g<\/p>\n\n\n\n<p><strong>Weboldal: <\/strong><a href=\"http:\/\/www.zsmv.cz\/\" rel=\"nofollow noopener\">http:\/\/www.zsmv.cz\/<\/a><\/p>\n<\/blockquote>\n\n\n\n<h2 id=\"kafkas-grave\" class=\"wp-block-heading\">Kafka s\u00edrja<\/h2>\n\n\n\n<figure class=\"wp-block-image size-large\"><img decoding=\"async\" width=\"1024\" height=\"679\" src=\"https:\/\/prague.org\/wp-content\/uploads\/2022\/06\/Kafka_grave_Prague-1024x679.jpg\" alt=\"Kafka s\u00edrja\" class=\"wp-image-7966\" srcset=\"https:\/\/prague.org\/wp-content\/uploads\/2022\/06\/Kafka_grave_Prague-1024x679.jpg 1024w, https:\/\/prague.org\/wp-content\/uploads\/2022\/06\/Kafka_grave_Prague-600x398.jpg 600w, https:\/\/prague.org\/wp-content\/uploads\/2022\/06\/Kafka_grave_Prague-300x199.jpg 300w, https:\/\/prague.org\/wp-content\/uploads\/2022\/06\/Kafka_grave_Prague-768x509.jpg 768w, https:\/\/prague.org\/wp-content\/uploads\/2022\/06\/Kafka_grave_Prague-18x12.jpg 18w, https:\/\/prague.org\/wp-content\/uploads\/2022\/06\/Kafka_grave_Prague-380x252.jpg 380w, https:\/\/prague.org\/wp-content\/uploads\/2022\/06\/Kafka_grave_Prague-800x530.jpg 800w, https:\/\/prague.org\/wp-content\/uploads\/2022\/06\/Kafka_grave_Prague-1160x769.jpg 1160w, https:\/\/prague.org\/wp-content\/uploads\/2022\/06\/Kafka_grave_Prague.jpg 1393w\" sizes=\"(max-width: 1024px) 100vw, 1024px\" \/><figcaption class=\"wp-element-caption\">Kafka s\u00edrja<\/figcaption><\/figure>\n\n\n\n<p>A Kafka-t\u00far\u00e1t Franz Kafka pr\u00e1gai v\u00e9gs\u0151 nyughely\u00e9nek megl\u00e1togat\u00e1s\u00e1val fejezi be. B\u00e1r a B\u00e9cs melletti Kierlingben, egy szanat\u00f3riumban halt meg, f\u00f6ldi maradv\u00e1nyait a pr\u00e1gai \u00daj Zsid\u00f3 Temet\u0151ben temett\u00e9k el. Sz\u00fclei is ugyanitt vannak eltemetve. A s\u00edrt egy feh\u00e9r obeliszk jelzi, amelyre az \u0151 \u00e9s sz\u00fclei nev\u00e9t v\u00e9st\u00e9k. Egy t\u00e1bla eml\u00e9kezik a m\u00e1sodik vil\u00e1gh\u00e1bor\u00faban koncentr\u00e1ci\u00f3s t\u00e1borokban elhunyt testv\u00e9reire is.<\/p>\n\n\n\n<p>B\u00e1r a temet\u0151 hatalmas, nem fog elt\u00e9vedni, mivel t\u00e1bl\u00e1k vezetnek a 21-es szektorba, ahol Kafka s\u00edrja tal\u00e1lhat\u00f3.<\/p>\n\n\n\n<div class=\"gyg-iframe-container\" style=\"margin-bottom:1.5em\"><iframe style=\"border:0;height:100%;width:100%\" title=\"GetYourGuide v\u00e1rosi widget\" src=\"https:\/\/widget.getyourguide.com\/default\/city.frame?widget=wp_city&amp;iata=PRG&amp;locale_code=en-GB&amp;partner_id=U94OQGQ\"><\/iframe><\/div>","protected":false},"excerpt":{"rendered":"A legjobb helyek, amelyeket Franz Kafka rajong\u00f3k\u00e9nt \u00e9rdemes felkeresni Pr\u00e1g\u00e1ban A h\u00edres pr\u00e1gai...","protected":false},"author":2,"featured_media":3394,"comment_status":"closed","ping_status":"closed","sticky":false,"template":"","format":"standard","meta":{"footnotes":""},"categories":[14,204,43],"tags":[55,57],"table_tags":[],"_links":{"self":[{"href":"https:\/\/prague.org\/hu\/wp-json\/wp\/v2\/posts\/3387"}],"collection":[{"href":"https:\/\/prague.org\/hu\/wp-json\/wp\/v2\/posts"}],"about":[{"href":"https:\/\/prague.org\/hu\/wp-json\/wp\/v2\/types\/post"}],"author":[{"embeddable":true,"href":"https:\/\/prague.org\/hu\/wp-json\/wp\/v2\/users\/2"}],"replies":[{"embeddable":true,"href":"https:\/\/prague.org\/hu\/wp-json\/wp\/v2\/comments?post=3387"}],"version-history":[{"count":24,"href":"https:\/\/prague.org\/hu\/wp-json\/wp\/v2\/posts\/3387\/revisions"}],"predecessor-version":[{"id":12393,"href":"https:\/\/prague.org\/hu\/wp-json\/wp\/v2\/posts\/3387\/revisions\/12393"}],"wp:featuredmedia":[{"embeddable":true,"href":"https:\/\/prague.org\/hu\/wp-json\/wp\/v2\/media\/3394"}],"wp:attachment":[{"href":"https:\/\/prague.org\/hu\/wp-json\/wp\/v2\/media?parent=3387"}],"wp:term":[{"taxonomy":"category","embeddable":true,"href":"https:\/\/prague.org\/hu\/wp-json\/wp\/v2\/categories?post=3387"},{"taxonomy":"post_tag","embeddable":true,"href":"https:\/\/prague.org\/hu\/wp-json\/wp\/v2\/tags?post=3387"},{"taxonomy":"table_tags","embeddable":true,"href":"https:\/\/prague.org\/hu\/wp-json\/wp\/v2\/table_tags?post=3387"}],"curies":[{"name":"wp","href":"https:\/\/api.w.org\/{rel}","templated":true}]}}