{"id":3452,"date":"2022-06-08T17:06:34","date_gmt":"2022-06-08T15:06:34","guid":{"rendered":"https:\/\/prague.org\/?p=3452"},"modified":"2024-07-24T12:35:53","modified_gmt":"2024-07-24T10:35:53","slug":"restaurants-in-prague-that-offer-spectacular-views","status":"publish","type":"post","link":"https:\/\/prague.org\/hu\/pragai-ettermek-amelyek-latvanyos-kilatast-nyujtanak-2\/","title":{"rendered":"L\u00e1tv\u00e1nyos kil\u00e1t\u00e1st k\u00edn\u00e1l\u00f3 pr\u00e1gai \u00e9ttermek"},"content":{"rendered":"<p>Pr\u00e1ga leny\u0171g\u00f6z\u0151 \u00e9p\u00edt\u00e9szet\u00e9r\u0151l \u00e9s l\u00e9legzetel\u00e1ll\u00edt\u00f3 kil\u00e1t\u00e1s\u00e1r\u00f3l ismert, \u00e9s nincs is jobb m\u00f3dja a v\u00e1ros megismer\u00e9s\u00e9nek, mint a l\u00e1tv\u00e1nyos kil\u00e1t\u00e1ssal rendelkez\u0151 \u00e9ttermek egyik\u00e9ben vacsor\u00e1zni. A Nemzeti Sz\u00ednh\u00e1z tet\u0151terasz\u00e1r\u00f3l a l\u00e1togat\u00f3k a Moldva foly\u00f3ra \u00e9s a pr\u00e1gai v\u00e1rra ny\u00edl\u00f3 kil\u00e1t\u00e1sban gy\u00f6ny\u00f6rk\u00f6dhetnek. A Rudolfinumb\u00f3l a foly\u00f3ra \u00e9s a t\u00f6rt\u00e9nelmi \u00f3v\u00e1rosra ny\u00edlik kil\u00e1t\u00e1s, m\u00edg a Strahov kolostorban \u00e9tkezve leny\u0171g\u00f6z\u0151 kil\u00e1t\u00e1s ny\u00edlik a v\u00e1ros l\u00e1tk\u00e9p\u00e9re. Ha egy kit\u0171n\u0151 kulin\u00e1ris utaz\u00e1sra v\u00e1gyik, fontolja meg a k\u00f6vetkez\u0151 helysz\u00ednek felfedez\u00e9s\u00e9t<strong> Michelin-csillagos \u00e9ttermek<\/strong> amelyek nem csak a <strong>finest Czech dishes and Prague food <\/strong>hanem egy<strong> k\u00f3stol\u00f3 men\u00fc<\/strong>mindezt \u00fagy, hogy k\u00f6zben p\u00e1ratlan kil\u00e1t\u00e1s ny\u00edlik Pr\u00e1ga var\u00e1zslatos k\u00f6rnyezet\u00e9re. Sok \u00e9tterem t\u00f6bbnyelv\u0171, ak\u00e1r 16 nyelven is el\u00e9rhet\u0151 \u00e9tlapot k\u00edn\u00e1l, \u00edgy a l\u00e1togat\u00f3k k\u00f6nnyed\u00e9n meg\u00edzlelhetik a helyi konyh\u00e1t.<\/p>\n\n\n\n<p>While savoring the spectacular views in Prague, don&#8217;t miss the opportunity to indulge in authentic, traditional Czech foods and dishes, such as tender bread dumplings, at the city&#8217;s charming restaurants.<\/p>\n\n\n\n<p>For an unforgettable dining experience in Prague, be sure to visit one of its many restaurants with a view, where you can enjoy a wide range of <strong>Czech foods<\/strong>.<\/p>\n\n\n\n\n\n<h2 id=\"prague-restaurants-with-a-view-are-always-a-great-choice\" class=\"wp-block-heading\">A pr\u00e1gai \u00e9ttermek kil\u00e1t\u00e1ssal mindig nagyszer\u0171 v\u00e1laszt\u00e1snak bizonyulnak<\/h2>\n\n\n\n<p>Dining in Prague or eating out in general is an experience in and of itself, especially when you experience <strong>Pr\u00e1ga \u00e9jszaka<\/strong> with its illuminated landmarks and serene atmosphere. The city is home to historical and breath-taking landmarks, magical winding streets, and, of course, restaurants and caf\u00e9s with menu options that delight the taste buds. Dining at night also offers the added bonus of seeing Prague\u2019s <strong>monuments illuminated<\/strong>, creating a magical atmosphere. Prague offers a wide array of cuisines, ranging from traditional and international fare to innovative culinary creations.\u00a0You will find that <strong><a href=\"https:\/\/prague.org\/hu\/a-complete-guide-to-the-czech-food-culture\/\" data-type=\"post\" data-id=\"2745\">Cseh konyha<\/a><\/strong> features prominently in many menus, allowing you to indulge in local flavors while enjoying the view.<br><\/p>\n\n\n\n\n\n<p>Az, hogy a kil\u00e1t\u00e1s val\u00f3ban befoly\u00e1solhatja-e a megrendelt \u00e9tel \u00edz\u00e9t, vita t\u00e1rgya. Van, aki szerint nincs enn\u00e9l fontosabb, van, aki szerint ez egy nem l\u00e9nyeges dolog, ami egy\u00e1ltal\u00e1n nem befoly\u00e1solja az \u00e9lm\u00e9nyt. Mi valahol k\u00f6z\u00e9pen vagyunk, a \"nem l\u00e9nyeges\" fel\u00e9 hajlunk, de ma szeretn\u00e9nk megosztani veletek a kedvenc pr\u00e1gai \u00e9ttermeinket kil\u00e1t\u00e1ssal (\u00e9s nem, nem t\u00fal\u00e9rt\u00e9keltek!).<\/p>\n\n\n\n<h2 id=\"which-restaurants-are-the-best-restaurants-with-a-view-in-prague\" class=\"wp-block-heading\"><strong>Melyek a legjobb kil\u00e1t\u00e1ssal rendelkez\u0151 \u00e9ttermek Pr\u00e1g\u00e1ban?<\/strong>?<\/h2>\n\n\n\n<div data-gyg-href=\"https:\/\/widget.getyourguide.com\/default\/activities.frame\" data-gyg-locale-code=\"en-US\" data-gyg-widget=\"activities\" data-gyg-number-of-items=\"3\" data-gyg-partner-id=\"U94OQGQ\" data-gyg-q=\"prague%20view%20dinner\"><\/div>\n\n\n\n<p>A kulin\u00e1ris \u00e9lvezetek mellett Pr\u00e1ga l\u00e1tv\u00e1nyos kil\u00e1t\u00e1saival teszi k\u00fcl\u00f6nlegess\u00e9 az \u00e9tkez\u00e9si \u00e9lm\u00e9nyt, ak\u00e1r egy helyi \u00e9tterem tetej\u00e9n, ak\u00e1r egyszer\u0171en a szabadban \u00e9tkezik. A rengeteg lehet\u0151s\u00e9g k\u00f6z\u00fcl honnan tudod, hogy melyiket \u00e9rdemes felkeresni? N\u00e9zz\u00fck az \u00f6t legjobb pr\u00e1gai kil\u00e1t\u00e1ssal rendelkez\u0151 \u00e9ttermet, amelyek amellett, hogy rendk\u00edv\u00fcl \u00ednycsikland\u00f3 \u00e9teleket k\u00edn\u00e1lnak vend\u00e9geiknek, l\u00e9legzetel\u00e1ll\u00edt\u00f3 kil\u00e1t\u00e1st is ny\u00fajtanak a gy\u00f6ny\u00f6r\u0171 Pr\u00e1ga v\u00e1ros\u00e1ra.&nbsp;<\/p>\n\n\n\n<p>\u00cdme a mi list\u00e1nk a pr\u00e1gai \u00e9ttermekr\u0151l, amelyek l\u00e1tv\u00e1nyos kil\u00e1t\u00e1st k\u00edn\u00e1lnak: Terasa U Prince; Bellavista Prague; Kampa Park; Oblaca Restaurant, Ginger &amp; Fred, Coda \u00e9tterem, Aureole f\u00fazi\u00f3s \u00e9tterem \u00e9s t\u00e1rsalg\u00f3, Ristorante Marina.<\/p>\n\n\n\n<div class=\"wp-block-buttons is-layout-flex wp-block-buttons-is-layout-flex\">\n<div class=\"wp-block-button is-style-cs-button-block\"><a class=\"wp-block-button__link wp-element-button\" href=\"https:\/\/www.getyourguide.com\/s\/?q=prague%20dinner&amp;searchSource=7&amp;partner_id=U94OQGQ&amp;utm_medium=online_publisher&amp;placement=button-cta&amp;cmp=spectacularview1\" target=\"_blank\" rel=\"noreferrer noopener nofollow\">\u2192 Bestsellerek<\/a><\/div>\n<\/div>\n\n\n\n<h3 id=\"1-experience-rooftop-dining-at-terasa-u-prince\" class=\"wp-block-heading\">1) <strong>Tapasztalja meg a tet\u0151t\u00e9ri \u00e9tkez\u00e9st a Terasa U Prince-ben<\/strong><\/h3>\n\n\n\n<figure class=\"wp-block-image size-large\"><img decoding=\"async\" width=\"1024\" height=\"683\" src=\"https:\/\/prague.org\/wp-content\/uploads\/2022\/06\/Terasa-U-Prince-1-1024x683.jpg\" alt=\"Terasa U Prince\" class=\"wp-image-3577\" srcset=\"https:\/\/prague.org\/wp-content\/uploads\/2022\/06\/Terasa-U-Prince-1-1024x683.jpg 1024w, https:\/\/prague.org\/wp-content\/uploads\/2022\/06\/Terasa-U-Prince-1-600x400.jpg 600w, https:\/\/prague.org\/wp-content\/uploads\/2022\/06\/Terasa-U-Prince-1-300x200.jpg 300w, https:\/\/prague.org\/wp-content\/uploads\/2022\/06\/Terasa-U-Prince-1-768x512.jpg 768w, https:\/\/prague.org\/wp-content\/uploads\/2022\/06\/Terasa-U-Prince-1-1536x1024.jpg 1536w, https:\/\/prague.org\/wp-content\/uploads\/2022\/06\/Terasa-U-Prince-1-380x253.jpg 380w, https:\/\/prague.org\/wp-content\/uploads\/2022\/06\/Terasa-U-Prince-1-800x534.jpg 800w, https:\/\/prague.org\/wp-content\/uploads\/2022\/06\/Terasa-U-Prince-1-1160x774.jpg 1160w, https:\/\/prague.org\/wp-content\/uploads\/2022\/06\/Terasa-U-Prince-1.jpg 1600w\" sizes=\"(max-width: 1024px) 100vw, 1024px\" \/><figcaption class=\"wp-element-caption\">Terasa U Prince<\/figcaption><\/figure>\n\n\n\n<blockquote class=\"wp-block-quote\">\n<p><strong>C\u00edm:<\/strong>: Hotel U Prince - 5. emelet, Starom\u011bstsk\u00e9 n\u00e1m\u011bst\u00ed 29, 110 00 Praha 1, Csehorsz\u00e1g<br><strong>Honlap<\/strong>:&nbsp;<a href=\"https:\/\/www.terasauprince.com\/en\/\" rel=\"nofollow noopener\">https:\/\/www.terasauprince.com\/en\/<\/a><\/p>\n\n\n\n<p><\/p>\n<\/blockquote>\n\n\n\n<p>The best view from a Prague restaurant in Old Town is from Terasa U Prince which is located on the 5th floor of the family-owned Hotel U Prince in Old Town. This restaurant is arguably one of the best restaurants in Prague Old Town with view. While you\u2019re there, you can enjoy\u00a0local and international cuisine\u00a0while taking in views of some of Prague\u2019s most popular destinations, including the\u00a0<a href=\"https:\/\/prague.org\/hu\/old-town-square\/\">\u00d3v\u00e1ros t\u00e9r<\/a>,\u00a0<a href=\"https:\/\/prague.org\/hu\/prague-astronomical-clock\/\">a csillag\u00e1szati \u00f3ra<\/a>, <a href=\"https:\/\/prague.org\/hu\/charles-bridge\/\" data-type=\"post\" data-id=\"3498\">K\u00e1roly h\u00edd<\/a> \u00e9s\u00a0<a href=\"https:\/\/prague.org\/hu\/pragai-var-2\/\">Pr\u00e1gai v\u00e1r<\/a>. Maga a terasz rendelkezik egy dedik\u00e1lt kil\u00e1t\u00f3 z\u00f3n\u00e1val, a Bubble Point View nev\u0171 kil\u00e1t\u00f3val.\u00a0<\/p>\n\n\n\n<p>B\u00e1r az \u00e9tterem kiss\u00e9 dr\u00e1ga lehet, \u00e9s legink\u00e1bb k\u00fcl\u00f6nleges alkalmakra aj\u00e1nlott, m\u00e9gis \u00e9lvezheti a kokt\u00e9lokat \u00e9s desszerteket, mik\u00f6zben p\u00e1ratlan kil\u00e1t\u00e1s ny\u00edlik Pr\u00e1g\u00e1ra. Ha hamarosan l\u00e1togat\u00e1st tervez, \u00e9rdemes el\u0151re asztalt foglalni, mert a kis tet\u0151t\u00e9ri \u00e9tteremben \u00e1ltal\u00e1ban nagy a forgalom.&nbsp;&nbsp;<\/p>\n\n\n\n<h3 id=\"2-enjoy-a-floating-dinner-cruise-on-an-open-top-glass-boat\" class=\"wp-block-heading\">2) \u00c9lvezze az \u00fasz\u00f3 vacsorakir\u00e1ndul\u00e1st egy nyitott tetej\u0171 \u00fcveghaj\u00f3n&nbsp;<\/h3>\n\n\n\n<div data-gyg-href=\"https:\/\/widget.getyourguide.com\/default\/activities.frame\" data-gyg-locale-code=\"en-US\" data-gyg-widget=\"activities\" data-gyg-number-of-items=\"1\" data-gyg-partner-id=\"U94OQGQ\" data-gyg-q=\"Open-Top%20Glass%20prague\"><\/div>\n\n\n\n<p>Pr\u00e1ga egyik legjobb \u00e9tkez\u00e9si \u00e9lm\u00e9nye a \"lebeg\u0151 \u00e9ttermek\". Ezek az \u00e9ttermek a k\u00f6vetkez\u0151k kombin\u00e1ci\u00f3ja <a href=\"https:\/\/prague.org\/hu\/legnepszerubb-hajokirandulasok-pragaban\/\">haj\u00f3kir\u00e1ndul\u00e1s<\/a> \u00e9s finom \u00e9telek. Ha r\u00e9szt vesz egy pr\u00e1gai v\u00e1rosn\u00e9z\u0151 vacsoras\u00e9tahaj\u00f3z\u00e1son, a vacsor\u00e1t \u00e9s a leny\u0171g\u00f6z\u0151 l\u00e1tnival\u00f3kat is \u00e9lvezheti.&nbsp;<\/p>\n\n\n\n<p>From the deck of an open-top glass boat, you cruise past major landmarks in Prague such as Prague Castle, Kampa Island, <a href=\"https:\/\/prague.org\/hu\/tanchaz\/\" data-type=\"post\" data-id=\"3650\">Dancing House<\/a>, Petrin Hill and Charles Bridge among others. No doubt, the delicious meal and constantly changing scenery will leave you with a full stomach and a satisfied heart. Ticket price starts at \u20ac59 (1433.5 CZK) for a dinner cruise. The cruise includes buffet dinner, open deck for photos, free WiFi, live music and more.\u00a0<\/p>\n\n\n\n<h4 id=\"some-highlights-of-this-dinner-cruise-include\" class=\"wp-block-heading\"><strong>A vacsor\u00e1s k\u00f6rutaz\u00e1s n\u00e9h\u00e1ny kiemelked\u0151 esem\u00e9nye:<\/strong><\/h4>\n\n\n\n<ul>\n<li>A jegy \u00e1ra 59 \u20ac-t\u00f3l (1433.5 CZK) kezd\u0151dik.<\/li>\n\n\n\n<li>\u00c9lvezze a b\u00fcf\u00e9vacsor\u00e1val egybek\u00f6t\u00f6tt vacsor\u00e1s k\u00f6rutaz\u00e1st<\/li>\n\n\n\n<li>Ingyenes wifi hozz\u00e1f\u00e9r\u00e9s<\/li>\n\n\n\n<li>\u00c9l\u0151 zene \u00e9s m\u00e9g sok m\u00e1s<\/li>\n<\/ul>\n\n\n\n<h4 id=\"what-is-included\" class=\"wp-block-heading\"><strong>Mit tartalmaz<\/strong><\/h4>\n\n\n\n<ul>\n<li>Garant\u00e1lt \u00fcl\u0151hely az \u00d6n \u00e1ltal lefoglalt v\u00e1laszt\u00e1s alapj\u00e1n.<\/li>\n\n\n\n<li>Egy poh\u00e1r prosecco.<\/li>\n\n\n\n<li>A sv\u00e9dasztalos men\u00fc a cseh \u00e9s nemzetk\u00f6zi konyh\u00e1k sz\u00e9les v\u00e1laszt\u00e9k\u00e1t k\u00edn\u00e1lja.<\/li>\n<\/ul>\n\n\n\n<div class=\"wp-block-buttons is-layout-flex wp-block-buttons-is-layout-flex\">\n<div class=\"wp-block-button is-style-cs-button-block\"><a class=\"wp-block-button__link wp-element-button\" href=\"https:\/\/www.getyourguide.com\/prague-l10\/prague-sightseeing-dinner-cruise-on-open-top-glass-boat-t390094\/?partner_id=U94OQGQ&amp;utm_medium=online_publisher&amp;placement=button-cta\" target=\"_blank\" rel=\"noreferrer noopener nofollow\">\u2192 Check it Out<\/a><\/div>\n<\/div>\n\n\n\n<h3 id=\"3-elevate-your-dining-experience-in-prague-at-kampa-park\" class=\"wp-block-heading\">3) <strong>\u00c9lvezze a pr\u00e1gai \u00e9tkez\u00e9si \u00e9lm\u00e9nyt a Kampa Parkban<\/strong><\/h3>\n\n\n\n<figure class=\"wp-block-image size-full\"><img decoding=\"async\" width=\"1000\" height=\"668\" src=\"https:\/\/prague.org\/wp-content\/uploads\/2022\/06\/Kampa-Park.jpg\" alt=\"Kampa Park\" class=\"wp-image-3582\" srcset=\"https:\/\/prague.org\/wp-content\/uploads\/2022\/06\/Kampa-Park.jpg 1000w, https:\/\/prague.org\/wp-content\/uploads\/2022\/06\/Kampa-Park-600x401.jpg 600w, https:\/\/prague.org\/wp-content\/uploads\/2022\/06\/Kampa-Park-300x200.jpg 300w, https:\/\/prague.org\/wp-content\/uploads\/2022\/06\/Kampa-Park-768x513.jpg 768w, https:\/\/prague.org\/wp-content\/uploads\/2022\/06\/Kampa-Park-380x254.jpg 380w, https:\/\/prague.org\/wp-content\/uploads\/2022\/06\/Kampa-Park-800x534.jpg 800w\" sizes=\"(max-width: 1000px) 100vw, 1000px\" \/><figcaption class=\"wp-element-caption\"><strong>Kampa Park<\/strong><\/figcaption><\/figure>\n\n\n\n<blockquote class=\"wp-block-quote\">\n<p><strong>C\u00edm:<\/strong>: Na Kampe 8b, Mal\u00e1 Strana, 118 00 Praha 1, Csehorsz\u00e1g<br><strong>Honlap<\/strong>:&nbsp;<a href=\"http:\/\/kampapark.com\/en\/\" rel=\"nofollow noopener\">http:\/\/kampapark.com\/en\/<\/a><\/p>\n<\/blockquote>\n\n\n\n<p>A Kampa Park mind\u00f6ssze egy perces s\u00e9t\u00e1val el\u00e9rhet\u0151. Ez az \u00e9tterem vacsor\u00e1t k\u00edn\u00e1l <a href=\"http:\/\/prague.org\/hu\/vltava-folyo\/\">a pr\u00e1gai foly\u00f3n<\/a>. It\u2019s a stylish venue that features several dining areas like the outside and inside terrace. At Kampa Park restaurant, you can sample gourmet offerings while taking in views of the <a href=\"http:\/\/prague.org\/hu\/charles-bridge\/\">K\u00e1roly h\u00edd<\/a> \u00e9s a Moldva foly\u00f3t az \u00e9tterem priv\u00e1t haj\u00f3kir\u00e1ndul\u00e1s\u00e1n kereszt\u00fcl. A Kampa Park a modern bels\u0151 terek ellen\u00e9re csal\u00e1dbar\u00e1t, \u00e9s h\u00e1zi\u00e1llatokat is sz\u00edvesen fogad.\u00a0<\/p>\n\n\n\n<h3 id=\"4-greet-the-morning-with-breakfast-at-oblaca\" class=\"wp-block-heading\">4) <strong>Reggeli reggeli az Oblaca-ban<\/strong><\/h3>\n\n\n\n<figure class=\"wp-block-image size-full\"><img decoding=\"async\" width=\"800\" height=\"533\" src=\"https:\/\/prague.org\/wp-content\/uploads\/2022\/06\/Oblaca-Restaurant-1.jpeg\" alt=\"Oblaca \u00e9tterem\" class=\"wp-image-3454\" srcset=\"https:\/\/prague.org\/wp-content\/uploads\/2022\/06\/Oblaca-Restaurant-1.jpeg 800w, https:\/\/prague.org\/wp-content\/uploads\/2022\/06\/Oblaca-Restaurant-1-600x400.jpeg 600w, https:\/\/prague.org\/wp-content\/uploads\/2022\/06\/Oblaca-Restaurant-1-300x200.jpeg 300w, https:\/\/prague.org\/wp-content\/uploads\/2022\/06\/Oblaca-Restaurant-1-768x512.jpeg 768w, https:\/\/prague.org\/wp-content\/uploads\/2022\/06\/Oblaca-Restaurant-1-380x253.jpeg 380w\" sizes=\"(max-width: 800px) 100vw, 800px\" \/><figcaption class=\"wp-element-caption\">Oblaca \u00e9tterem<\/figcaption><\/figure>\n\n\n\n<blockquote class=\"wp-block-quote\">\n<p><strong>C\u00edm:<\/strong>: Mahlerovy sady 1, 130 00 Praha 3 - \u017di\u017ekov, Csehorsz\u00e1g<br><strong>Honlap<\/strong>:&nbsp;<a href=\"https:\/\/towerpark.cz\/\" data-type=\"URL\" data-id=\"https:\/\/towerpark.cz\/\" rel=\"nofollow noopener\">https:\/\/towerpark.cz\/<\/a><\/p>\n<\/blockquote>\n\n\n\n<p>Ez az \u00e9tterem tal\u00e1n a legmagasabban fekv\u0151 \u00e9tterem a legjobb pr\u00e1gai kil\u00e1t\u00e1ssal rendelkez\u0151 \u00e9ttermek list\u00e1j\u00e1n. 66 m\u00e9terrel a f\u00f6ld felett tal\u00e1lhat\u00f3 a&nbsp;<a href=\"https:\/\/prague.org\/hu\/tv-torony\/\">\u017di\u017ekov TV-torony<\/a>Az Oblaca egyed\u00fcl\u00e1ll\u00f3 \u00e9tkez\u00e9si \u00e9lm\u00e9nyt k\u00edn\u00e1l. A Cseh K\u00f6zt\u00e1rsas\u00e1g egyik legjobb \u00e9tterme 2015-ben, 2016-ban, 2017-ben \u00e9s 2018-ban \u00f6sszesen h\u00e1rom Arany Oroszl\u00e1nnal, a legmagasabb cseh gasztron\u00f3miai min\u0151s\u00edt\u00e9ssel t\u00fcntett\u00e9k ki.&nbsp;<\/p>\n\n\n\n<p>Ha az Oblaca \u00e9tteremben vacsor\u00e1zik, amely egyben Pr\u00e1ga egyik legjobb kil\u00e1t\u00e1ssal rendelkez\u0151 \u00e9tterme is. A torony kil\u00e1t\u00f3terasz\u00e1ra ingyenes bel\u00e9p\u00e9st kaphat. Reggeli, eb\u00e9d vagy vacsora k\u00f6zben leny\u0171g\u00f6z\u0151 kil\u00e1t\u00e1s ny\u00edlik a v\u00e1rosra. T\u00f6ltse el mag\u00e1t modern gasztron\u00f3miai \u00ednyencs\u00e9gekkel, p\u00e9ld\u00e1ul borsos k\u00e9regben s\u00fclt tonhallal, friss burrat\u00e1val \u00e9s marin\u00e1lt f\u00fcg\u00e9vel, valamint p\u00e1colt ib\u00e9riai sert\u00e9spof\u00e1val. K\u00e9s\u0151 d\u00e9lut\u00e1nra vagy kora est\u00e9re is foglalhat asztalt, \u00edgy egy cs\u00e9sze k\u00e1v\u00e9 vagy esti kokt\u00e9l mellett \u00e9lvezheti a naplement\u00e9t.&nbsp;&nbsp;<\/p>\n\n\n\n<h3 id=\"5-enjoy-a-spectacular-evening-river-cruise-with-prosecco\" class=\"wp-block-heading\">5) \u00c9lvezze a l\u00e1tv\u00e1nyos esti folyami haj\u00f3k\u00e1z\u00e1st proseccoval<\/h3>\n\n\n\n<div data-gyg-href=\"https:\/\/widget.getyourguide.com\/default\/activities.frame\" data-gyg-locale-code=\"en-US\" data-gyg-widget=\"activities\" data-gyg-number-of-items=\"1\" data-gyg-partner-id=\"U94OQGQ\" data-gyg-q=\"Evening%20Vltava%20River%20Eco%20Cruise\"><\/div>\n\n\n\n<p>From the decks of a modern eco boat, you can explore the amazing sights of Prague\u2019s city center. This Vltava River cruise is a time to sit back, relax and sip a glass of prosecco to the beautifully changing scenery and panoramic views. This 50-minutes evening river cruise is a great cruise for a romantic get-away. There\u2019s a glass of prosecco and light snacks to go. Plus, you can take a few photos and upload to your friends online using the boat\u2019s free WiFi. For the amazing sights and relaxing cruise, you only need a ticket of \u20ac20 (486.2 CZK).\u00a0<\/p>\n\n\n\n<h4 id=\"some-other-highlights-of-this-river-cruise-include\" class=\"wp-block-heading\"><strong>A folyami k\u00f6rutaz\u00e1s tov\u00e1bbi f\u00e9nypontjai k\u00f6z\u00e9 tartozik:<\/strong><\/h4>\n\n\n\n<ul>\n<li>Van egy poh\u00e1r prosecco \u00e9s k\u00f6nny\u0171 harapnival\u00f3 is.<\/li>\n\n\n\n<li>Ingyenes hozz\u00e1f\u00e9r\u00e9s gyors \u00e9s korl\u00e1tlan wifi kapcsolathoz<\/li>\n\n\n\n<li>A jegyek \u00e1ra mind\u00f6ssze 20 eur\u00f3 (486,2 CZK).<\/li>\n<\/ul>\n\n\n\n<h4 id=\"what-is-included-2\" class=\"wp-block-heading\"><strong>Mit tartalmaz<\/strong><\/h4>\n\n\n\n<ul>\n<li>A K\u00e1roly h\u00edd k\u00f6zeli l\u00e1tk\u00e9pe alulr\u00f3l<\/li>\n\n\n\n<li>A haj\u00f3\u00fat komment\u00e1rja \u00e9s t\u00e9rk\u00e9pe 6 nyelven.<\/li>\n\n\n\n<li>S\u00e9tahaj\u00f3z\u00e1s Pr\u00e1ga f\u0151bb nevezetess\u00e9gei mellett, mint p\u00e9ld\u00e1ul a Straka Akad\u00e9mia, a Polg\u00e1ri Uszoda, a Rudolfinum \u00e9s a Pr\u00e1gai Metron\u00f3m.&nbsp;<\/li>\n<\/ul>\n\n\n\n<div class=\"wp-block-buttons is-layout-flex wp-block-buttons-is-layout-flex\">\n<div class=\"wp-block-button is-style-cs-button-block\"><a class=\"wp-block-button__link wp-element-button\" href=\"https:\/\/www.getyourguide.com\/prague-l10\/prague-50-minute-sightseeing-cruise-with-prosecco-t217848\/?partner_id=U94OQGQ&amp;utm_medium=online_publisher&amp;placement=button-cta\" target=\"_blank\" rel=\"noreferrer noopener nofollow\">\u2192 R\u00e9szletek ellen\u0151rz\u00e9se<\/a><\/div>\n<\/div>\n\n\n\n<h3 id=\"6-stop-by-ginger-fred-for-a-panoramic-view\" class=\"wp-block-heading\">6) <strong>\u00c1lljon meg a Ginger &amp; Fredn\u00e9l egy panor\u00e1m\u00e1s kil\u00e1t\u00e1s\u00e9rt.<\/strong><\/h3>\n\n\n\n<figure class=\"wp-block-image size-large is-resized\"><img decoding=\"async\" width=\"1024\" height=\"683\" src=\"https:\/\/prague.org\/wp-content\/uploads\/2022\/08\/IMG-20190718-WA0000-1024x683.jpg\" alt=\"Ginger &amp; Fred\" class=\"wp-image-5835\" style=\"width:800px;height:533px\" srcset=\"https:\/\/prague.org\/wp-content\/uploads\/2022\/08\/IMG-20190718-WA0000-1024x683.jpg 1024w, https:\/\/prague.org\/wp-content\/uploads\/2022\/08\/IMG-20190718-WA0000-600x400.jpg 600w, https:\/\/prague.org\/wp-content\/uploads\/2022\/08\/IMG-20190718-WA0000-300x200.jpg 300w, https:\/\/prague.org\/wp-content\/uploads\/2022\/08\/IMG-20190718-WA0000-768x512.jpg 768w, https:\/\/prague.org\/wp-content\/uploads\/2022\/08\/IMG-20190718-WA0000-380x253.jpg 380w, https:\/\/prague.org\/wp-content\/uploads\/2022\/08\/IMG-20190718-WA0000-800x533.jpg 800w, https:\/\/prague.org\/wp-content\/uploads\/2022\/08\/IMG-20190718-WA0000-1160x773.jpg 1160w, https:\/\/prague.org\/wp-content\/uploads\/2022\/08\/IMG-20190718-WA0000.jpg 1386w\" sizes=\"(max-width: 1024px) 100vw, 1024px\" \/><figcaption class=\"wp-element-caption\">Ginger &amp; Fred<\/figcaption><\/figure>\n\n\n\n<blockquote class=\"wp-block-quote\">\n<p><strong>C\u00edm:<\/strong>: Jir\u00e1skovo n\u00e1m. 1981\/6, 120 00 Nov\u00e9 M\u011bsto, Csehorsz\u00e1g<\/p>\n\n\n\n<p><strong>Honlap<\/strong>: <a href=\"https:\/\/www.gfrest.cz\/\" rel=\"nofollow noopener\">https:\/\/www.gfrest.cz\/<\/a><\/p>\n<\/blockquote>\n\n\n\n<p>A Ginger &amp; Fred \u00e9tterem a legmegfelel\u0151bb hely, ha a pr\u00e1gai konyh\u00e1t szeretn\u00e9 \u00e9lvezni, mik\u00f6zben l\u00e9legzetel\u00e1ll\u00edt\u00f3 kil\u00e1t\u00e1s ny\u00edlik Pr\u00e1g\u00e1ra.<\/p>\n\n\n\n<p>Pr\u00e1ga egyik legh\u00edresebb \u00e9p\u00fclete a T\u00e1nch\u00e1z, ahol a Ginger &amp; Fredet az \u00e9p\u00fclet hetedik emelet\u00e9n tal\u00e1lod. Az \u00e9tteremb\u0151l panor\u00e1m\u00e1s kil\u00e1t\u00e1s ny\u00edlik a Petrin hegyre, a Moldva foly\u00f3ra, a Company nationale nederlandenre \u00e9s m\u00e9g sok m\u00e1sra.<\/p>\n\n\n\n<p>A T\u00e1nch\u00e1z, amely nev\u00e9t a h\u00edres t\u00e1ncosok, Fred Astaire \u00e9s Ginger Rogers ut\u00e1n kapta, a foly\u00f3 partj\u00e1n \u00e1ll Rasinban.<\/p>\n\n\n\n<p>Az \u00e9tterem j\u00f3l \u00f6ssze\u00e1ll\u00edtott nemzetk\u00f6zi men\u00fcje halat \u00e9s helyi term\u00e9keket, p\u00e9ld\u00e1ul borj\u00fa-, marha-, sert\u00e9s- \u00e9s kacsah\u00fast tartalmaz. Az \u00e9tterem k\u00fcl\u00f6nb\u00f6z\u0151 kult\u00far\u00e1kb\u00f3l sz\u00e1rmaz\u00f3 \u00edzletes \u00e9teleket k\u00edn\u00e1l, t\u00f6bbek k\u00f6z\u00f6tt francia, osztr\u00e1k, olasz, spanyol \u00e9s m\u00e9g helyi \u00e9teleket is. K\u00e1r lenne kihagyni az \u00ednyenc fog\u00e1sokat.<\/p>\n\n\n\n<h3 id=\"7-dine-at-coda-restaurant-pragues-top-rated-eatery\" class=\"wp-block-heading\">7) <strong>Vacsor\u00e1zzon a CODA \u00e9tteremben, Pr\u00e1ga legjobbnak \u00edt\u00e9lt \u00e9tterm\u00e9ben<\/strong><\/h3>\n\n\n\n<figure class=\"wp-block-image size-large\"><img decoding=\"async\" width=\"1024\" height=\"819\" src=\"https:\/\/prague.org\/wp-content\/uploads\/2022\/08\/5_CODA_Restaurant_Prague-1024x819.png\" alt=\"CODA \u00e9tterem\" class=\"wp-image-5839\" srcset=\"https:\/\/prague.org\/wp-content\/uploads\/2022\/08\/5_CODA_Restaurant_Prague-1024x819.png 1024w, https:\/\/prague.org\/wp-content\/uploads\/2022\/08\/5_CODA_Restaurant_Prague-600x480.png 600w, https:\/\/prague.org\/wp-content\/uploads\/2022\/08\/5_CODA_Restaurant_Prague-300x240.png 300w, https:\/\/prague.org\/wp-content\/uploads\/2022\/08\/5_CODA_Restaurant_Prague-768x614.png 768w, https:\/\/prague.org\/wp-content\/uploads\/2022\/08\/5_CODA_Restaurant_Prague-380x304.png 380w, https:\/\/prague.org\/wp-content\/uploads\/2022\/08\/5_CODA_Restaurant_Prague-800x640.png 800w, https:\/\/prague.org\/wp-content\/uploads\/2022\/08\/5_CODA_Restaurant_Prague-1160x928.png 1160w, https:\/\/prague.org\/wp-content\/uploads\/2022\/08\/5_CODA_Restaurant_Prague.png 1280w\" sizes=\"(max-width: 1024px) 100vw, 1024px\" \/><figcaption class=\"wp-element-caption\">CODA \u00e9tterem<\/figcaption><\/figure>\n\n\n\n<blockquote class=\"wp-block-quote\">\n<p><strong>C\u00edm:<\/strong>: Tr\u017ei\u0161t\u011b 368\/9, 118 00 Mal\u00e1 Strana, Csehorsz\u00e1g<\/p>\n\n\n\n<p><strong>Honlap<\/strong>: <a href=\"https:\/\/www.codarestaurant.cz\/\" rel=\"nofollow noopener\">https:\/\/www.codarestaurant.cz\/<\/a><\/p>\n<\/blockquote>\n\n\n\n<p>A legl\u00e1togatottabb CODA \u00e9tterem l\u00e9legzetel\u00e1ll\u00edt\u00f3 tet\u0151terasz\u00e1r\u00f3l minden ir\u00e1nyban leny\u0171g\u00f6z\u0151 kil\u00e1t\u00e1s ny\u00edlik Pr\u00e1g\u00e1ra. Ez a Mala Strana \u00e9tterem nemzetk\u00f6zi \u00e9teleket \u00e9s a hagyom\u00e1nyos cseh specialit\u00e1sok sz\u00e9les v\u00e1laszt\u00e9k\u00e1t k\u00edn\u00e1lja.<\/p>\n\n\n\n<p>A Jan Kaplan executive s\u00e9f \u00e1ltal vezetett Coda \u00c9tterem sz\u00e9les k\u00f6rben Pr\u00e1ga egyik legjobb \u00e9tkez\u00e9si lehet\u0151s\u00e9g\u00e9nek sz\u00e1m\u00edt. Az art deco \u00e9p\u00edt\u00e9szet \u00e9s a tet\u0151terasz felejthetetlen \u00e9lm\u00e9nyt ny\u00fajt.<\/p>\n\n\n\n<p>A CODA a r\u00e9gi Pr\u00e1ga sz\u00edv\u00e9ben, a Mal\u00e1 Strana negyedben, a Pr\u00e1gai v\u00e1r, a palotakertek, a Kisv\u00e1rosi t\u00e9r, a Szent Mikl\u00f3s-templom \u00e9s a K\u00e1roly-h\u00edd k\u00f6zel\u00e9ben tal\u00e1lhat\u00f3, k\u00f6nny\u0171 s\u00e9t\u00e1val el\u00e9rhet\u0151. Keddt\u0151l szombatig vacsora k\u00f6zben \u00e9l\u0151 zongoramuzsik\u00e1t \u00e9lvezhet.<\/p>\n\n\n\n<h3 id=\"8-enjoy-a-feast-in-the-exquisite-aureole-fusion-restaurant-lounge\" class=\"wp-block-heading\">8) <strong>\u00c9lvezze a lakom\u00e1t az Aureole f\u00fazi\u00f3s \u00e9tteremben \u00e9s t\u00e1rsalg\u00f3ban.<\/strong><\/h3>\n\n\n\n<figure class=\"wp-block-image size-large\"><img decoding=\"async\" width=\"1024\" height=\"466\" src=\"https:\/\/prague.org\/wp-content\/uploads\/2022\/08\/fin43-OK-JPG_uuu-1024x466.jpg\" alt=\"Aureole f\u00fazi\u00f3s \u00e9tterem \u00e9s t\u00e1rsalg\u00f3\" class=\"wp-image-5836\" srcset=\"https:\/\/prague.org\/wp-content\/uploads\/2022\/08\/fin43-OK-JPG_uuu-1024x466.jpg 1024w, https:\/\/prague.org\/wp-content\/uploads\/2022\/08\/fin43-OK-JPG_uuu-600x273.jpg 600w, https:\/\/prague.org\/wp-content\/uploads\/2022\/08\/fin43-OK-JPG_uuu-300x137.jpg 300w, https:\/\/prague.org\/wp-content\/uploads\/2022\/08\/fin43-OK-JPG_uuu-768x350.jpg 768w, https:\/\/prague.org\/wp-content\/uploads\/2022\/08\/fin43-OK-JPG_uuu-1536x699.jpg 1536w, https:\/\/prague.org\/wp-content\/uploads\/2022\/08\/fin43-OK-JPG_uuu-380x173.jpg 380w, https:\/\/prague.org\/wp-content\/uploads\/2022\/08\/fin43-OK-JPG_uuu-800x364.jpg 800w, https:\/\/prague.org\/wp-content\/uploads\/2022\/08\/fin43-OK-JPG_uuu-1160x528.jpg 1160w, https:\/\/prague.org\/wp-content\/uploads\/2022\/08\/fin43-OK-JPG_uuu.jpg 1920w\" sizes=\"(max-width: 1024px) 100vw, 1024px\" \/><figcaption class=\"wp-element-caption\">Aureole f\u00fazi\u00f3s \u00e9tterem \u00e9s t\u00e1rsalg\u00f3<\/figcaption><\/figure>\n\n\n\n<blockquote class=\"wp-block-quote\">\n<p><strong>C\u00edm: <\/strong>Hv\u011bzdova 1716\/2b, 140 00 Praha 4-Nusle, Csehorsz\u00e1g<\/p>\n\n\n\n<p><strong>Weboldal:<\/strong> <a href=\"https:\/\/aureole.cz\/en\/home-2\/\" rel=\"nofollow noopener\">https:\/\/aureole.cz\/en\/home-2\/<\/a><\/p>\n<\/blockquote>\n\n\n\n<p>Az Aureole Fusion Restaurant &amp; Lounge Pr\u00e1ga legjobb tet\u0151b\u00e1rja \u00e9s terasza, amely 109 m\u00e9terrel az utcaszint felett, a City Tower 27. emelet\u00e9n, k\u00f6zvetlen\u00fcl a b\u00e1rsonyos forradalom eml\u00e9km\u0171ve mellett tal\u00e1lhat\u00f3. A tet\u0151n egy eleg\u00e1ns, eg\u00e9sz \u00e9vben nyitva tart\u00f3 belt\u00e9ri \u00e9tkez\u0151 \u00e9s egy ny\u00e1ron nyitva tart\u00f3, elb\u0171v\u00f6l\u0151 szabadt\u00e9ri terasz tal\u00e1lhat\u00f3, mindkett\u0151b\u0151l l\u00e9legzetel\u00e1ll\u00edt\u00f3, leny\u0171g\u00f6z\u0151 kil\u00e1t\u00e1s ny\u00edlik a v\u00e1rosra.&nbsp;<\/p>\n\n\n\n<p>A tet\u0151t\u00e9ri b\u00e1r \u00e9s \u00e9tkezde naponta eb\u00e9dt\u0151l \u00e9jf\u00e9lig l\u00e1togathat\u00f3, ahol Ji Kr\u00e1l s\u00e9f friss \u00e9s \u00edzletes \u00e9teleket, valamint sz\u00e9les borv\u00e1laszt\u00e9kot \u00e9s pr\u00e9mium szeszes italokb\u00f3l k\u00e9sz\u00fclt kokt\u00e9lokat szolg\u00e1lnak fel.<\/p>\n\n\n\n<p>B\u00e1rmelyik szalont is l\u00e1togatja meg az Aureole Fusion Restaurant &amp; Lounge-ban, biztosan j\u00f3l fogja \u00e9rezni mag\u00e1t. Az esti l\u00e1tv\u00e1ny, amikor Pr\u00e1ga v\u00e1rosa f\u00f6l\u00f6tt kivil\u00e1gosodik az \u00e9g, l\u00e9legzetel\u00e1ll\u00edt\u00f3.<\/p>\n\n\n\n<p>A j\u00f3 t\u00e1rsas\u00e1g \u00e9s ez a helysz\u00edn olyan fens\u00e9ges \u00e9s leny\u0171g\u00f6z\u0151 kombin\u00e1ci\u00f3t alkot, amelyhez foghat\u00f3 nincs m\u00e9g egy v\u00e1rosban.<\/p>\n\n\n\n<h3 id=\"9-sail-off-into-the-sunset-together-at-ristorante-marina\" class=\"wp-block-heading\">9) Vitorl\u00e1zzanak egy\u00fctt a naplement\u00e9be a Ristorante Marin\u00e1ban<\/h3>\n\n\n\n<figure class=\"wp-block-image size-large\"><img decoding=\"async\" width=\"1024\" height=\"678\" src=\"https:\/\/prague.org\/wp-content\/uploads\/2022\/08\/bdd208e2-8080-43ea-9d2f-ce7112317739-1024x678.jpg\" alt=\"Ristorante Marina\" class=\"wp-image-5844\" srcset=\"https:\/\/prague.org\/wp-content\/uploads\/2022\/08\/bdd208e2-8080-43ea-9d2f-ce7112317739-1024x678.jpg 1024w, https:\/\/prague.org\/wp-content\/uploads\/2022\/08\/bdd208e2-8080-43ea-9d2f-ce7112317739-600x397.jpg 600w, https:\/\/prague.org\/wp-content\/uploads\/2022\/08\/bdd208e2-8080-43ea-9d2f-ce7112317739-300x199.jpg 300w, https:\/\/prague.org\/wp-content\/uploads\/2022\/08\/bdd208e2-8080-43ea-9d2f-ce7112317739-768x508.jpg 768w, https:\/\/prague.org\/wp-content\/uploads\/2022\/08\/bdd208e2-8080-43ea-9d2f-ce7112317739-380x251.jpg 380w, https:\/\/prague.org\/wp-content\/uploads\/2022\/08\/bdd208e2-8080-43ea-9d2f-ce7112317739-800x529.jpg 800w, https:\/\/prague.org\/wp-content\/uploads\/2022\/08\/bdd208e2-8080-43ea-9d2f-ce7112317739-1160x768.jpg 1160w, https:\/\/prague.org\/wp-content\/uploads\/2022\/08\/bdd208e2-8080-43ea-9d2f-ce7112317739.jpg 1360w\" sizes=\"(max-width: 1024px) 100vw, 1024px\" \/><figcaption class=\"wp-element-caption\">Ristorante Marina<\/figcaption><\/figure>\n\n\n\n<blockquote class=\"wp-block-quote\">\n<p><strong>C\u00edm:<\/strong> Al\u0161ovo n\u00e1b\u0159. 110 00, 110 00 Star\u00e9 M\u011bsto, Csehorsz\u00e1g<\/p>\n\n\n\n<p><strong>Weboldal:<\/strong> <a href=\"https:\/\/www.marinaristorante.cz\/menu\" rel=\"nofollow noopener\">http:\/\/marinaristorante.cz\/menu\/<\/a><\/p>\n<\/blockquote>\n\n\n\n<p>A Marina ristorante egy pr\u00e1gai haj\u00f3n tal\u00e1lhat\u00f3 \u00e9tterem. Az \u00e9tteremnek k\u00e9t szintje van, az els\u0151n h\u00e1rom k\u00fcl\u00f6n\u00e1ll\u00f3 ter\u00fclet tal\u00e1lhat\u00f3, mindegyikhez saj\u00e1t l\u00e1tv\u00e1nykonyha tartozik. Van egy ingyenes b\u00e1r \u00e9s egy tet\u0151terasz, amely t\u00f6k\u00e9letes egy romantikus vacsor\u00e1z\u00e1shoz vagy egy poh\u00e1r boroz\u00e1shoz.<\/p>\n\n\n\n<p>A Marina egy fest\u0151i hely a Holeovice m\u00f3l\u00f3k k\u00f6zel\u00e9ben, a Moldva foly\u00f3n, \u00e9s az egyik h\u00edres hely, ahol \u00e9ttermek \u00e9s b\u00e1rok tal\u00e1lhat\u00f3k. A cseh s\u00f6r\u00f6z\u0151ben klasszikus s\u00f6r\u00f6ket \u00e9s t\u00f6bb kiv\u00e1l\u00f3 fokos specialit\u00e1st szolg\u00e1lnak fel, amelyeket a helysz\u00edni s\u00f6rf\u0151zd\u00e9ben f\u0151znek, a mediterr\u00e1n \u00e9tkezde pedig trendi hely.<\/p>\n\n\n\n<p>A Grosseto l\u00e1nc kiv\u00e1l\u00f3s\u00e1g\u00e1r\u00f3l ismert, \u00e9s a \"lebeg\u0151 \u00e9tterem\" a korona\u00e9kszer. A hatalmas haj\u00f3 als\u00f3 \u00e9s fels\u0151 fed\u00e9lzet\u00e9r\u0151l egyar\u00e1nt l\u00e9legzetel\u00e1ll\u00edt\u00f3 panor\u00e1ma ny\u00edlik Pr\u00e1ga t\u00f6rt\u00e9nelmi nevezetess\u00e9geire, k\u00f6zt\u00fck a v\u00e1rra \u00e9s a h\u00eddra.<\/p>\n\n\n\n<h3 id=\"bonus-experience-medieval-prague-dinner-with-unlimited-drinks\" class=\"wp-block-heading\">B\u00d3NUSZ: K\u00f6z\u00e9pkori pr\u00e1gai vacsora korl\u00e1tlan italfogyaszt\u00e1ssal<\/h3>\n\n\n\n<div data-gyg-href=\"https:\/\/widget.getyourguide.com\/default\/activities.frame\" data-gyg-locale-code=\"en-US\" data-gyg-widget=\"activities\" data-gyg-number-of-items=\"1\" data-gyg-partner-id=\"U94OQGQ\" data-gyg-q=\"Prague%3A%20Medieval%20Dinner%20with%20Unlimited%20Drink\"><\/div>\n\n\n\n<p>Pr\u00e1ga sz\u00edv\u00e9ben, elrejtve a gy\u00f6ny\u00f6r\u0171en zavar\u00f3 l\u00e1tnival\u00f3kt\u00f3l, egy olyan \u00e9telkaland v\u00e1r r\u00e1d, amelyhez foghat\u00f3 nincs m\u00e9g egy. Pontosan itt \u00e9lheti \u00e1t Pr\u00e1g\u00e1t a maga k\u00f6z\u00e9pkori form\u00e1j\u00e1ban. Az \u00e9lett\u0151l ny\u00fczsg\u0151 z\u00e1rt t\u00e9r, a k\u00f6z\u00e9pkori konyha \u00e9s a rengeteg ital a megfelel\u0151 \u00e9lm\u00e9ny a pr\u00e1gai kaland befejez\u00e9sek\u00e9nt. Zsongl\u0151r\u00f6k, hast\u00e1ncosok \u00e9s kardforgat\u00f3k \u00e1llnak k\u00e9szen arra, hogy hangos zen\u00e9vel egy izgalmas m\u0171sort adjanak az \u00d6n sz\u00e1m\u00e1ra.&nbsp;<\/p>\n\n\n\n<h4 id=\"the-highlights-of-this-great-experience-include\" class=\"wp-block-heading\"><strong>Ennek a nagyszer\u0171 \u00e9lm\u00e9nynek a f\u00e9nypontjai a k\u00f6vetkez\u0151k:&nbsp;<\/strong><\/h4>\n\n\n\n<ul>\n<li>Egyed\u00fcl\u00e1ll\u00f3an elk\u00e9sz\u00edtett 3 vagy 5 fog\u00e1sos men\u00fc \u00e9lvezete.<\/li>\n\n\n\n<li>Rengeteg ital \u00e9s ut\u00e1nt\u00f6lt\u00e9s<\/li>\n\n\n\n<li>2:30 \u00f3ra k\u00f6z\u00e9pkori el\u0151ad\u00e1s<\/li>\n\n\n\n<li>A k\u00f6z\u00e9pkori Pr\u00e1ga minden \u00e9lm\u00e9nye \u00e9s \u00f6r\u00f6me 42,79 eur\u00f3\u00e9rt (1040 CZK).<\/li>\n<\/ul>\n\n\n\n<h4 id=\"what-is-included-3\" class=\"wp-block-heading\"><strong>Mit tartalmaz<\/strong><\/h4>\n\n\n\n<ul>\n<li>V\u00e1lasszon 6 k\u00f6z\u00e9pkori pr\u00e1gai men\u00fc k\u00f6z\u00fcl.<\/li>\n\n\n\n<li>Pr\u00e1ga sz\u00e9ps\u00e9g\u00e9nek megtapasztal\u00e1sa a maga k\u00f6z\u00e9pkori form\u00e1j\u00e1ban<\/li>\n<\/ul>\n\n\n\n<div class=\"wp-block-buttons is-layout-flex wp-block-buttons-is-layout-flex\">\n<div class=\"wp-block-button is-style-cs-button-block\"><a class=\"wp-block-button__link wp-element-button\" href=\"https:\/\/www.getyourguide.com\/prague-l10\/prague-medieval-dinner-with-unlimited-drinks-t63958\/?partner_id=U94OQGQ&amp;utm_medium=online_publisher&amp;placement=button-cta\" target=\"_blank\" rel=\"noreferrer noopener nofollow\">\u2192 Tov\u00e1bbi inform\u00e1ci\u00f3k<\/a><\/div>\n<\/div>\n\n\n\n<h2 id=\"prague-restaurants-with-a-view-make-your-reservation-in-advance\" class=\"wp-block-heading\">Pr\u00e1gai \u00e9ttermek kil\u00e1t\u00e1ssal: foglaljon asztalt el\u0151re!<\/h2>\n\n\n\n<div class=\"gyg-iframe-container\" style=\"margin-bottom:1.5em\"><iframe style=\"border:0;height:100%;width:100%\" title=\"GetYourGuide v\u00e1rosi widget\" src=\"https:\/\/widget.getyourguide.com\/default\/city.frame?widget=wp_city&amp;iata=PRG&amp;locale_code=en-GB&amp;partner_id=U94OQGQ\"><\/iframe><\/div>\n\n\n\n<p>Rem\u00e9lj\u00fck, hogy a nagyszer\u0171 kil\u00e1t\u00e1ssal rendelkez\u0151 \u00e9ttermek list\u00e1ja hasznos volt. Mint l\u00e1thatja, Pr\u00e1g\u00e1ban a finom \u00e9telek sz\u00e9les v\u00e1laszt\u00e9ka \u00e1ll rendelkez\u00e9sre, \u00fagyhogy ne f\u00e9ljen kipr\u00f3b\u00e1lni valami \u00fajat!<\/p>\n\n\n\n<p>Pr\u00e1ga \u00f3v\u00e1ros\u00e1ban neh\u00e9z \u00e9ttermeket tal\u00e1lni, de valami k\u00fcl\u00f6nlegeset k\u00edn\u00e1lnak. Amikor a nap lenyugszik Pr\u00e1ga felett, a pr\u00e1gai \u00f3v\u00e1rosban tal\u00e1lhat\u00f3 \u00e9ttermek egyik\u00e9b\u0151l gy\u00f6ny\u00f6r\u0171 kil\u00e1t\u00e1sban gy\u00f6ny\u00f6rk\u00f6dhet.<\/p>\n\n\n\n<p>\u00c9lvezze a pr\u00e1gai haj\u00f3n val\u00f3 \u00e9tkez\u00e9st. Tervezhet egy folyami haj\u00f3kir\u00e1ndul\u00e1st is, \u00e9s \u00e9lvezheti a vacsor\u00e1t, mik\u00f6zben a Vltava foly\u00f3n haj\u00f3zik Pr\u00e1ga t\u00f6rt\u00e9nelmi nevezetess\u00e9gei, p\u00e9ld\u00e1ul a \u010cech-h\u00edd \u00e9s a Pet\u0159\u00edn-torony mellett.<\/p>\n\n\n\n<h2 id=\"faq\" class=\"cnvs-block-section-heading cnvs-block-section-heading-1710856516628 is-style-cnvs-block-section-heading-2 halignleft\" >\n\t<span class=\"cnvs-section-title\">\n\t\t<span>GYIK<\/span>\n\t<\/span>\n<\/h2>\n\n\n\n<div class=\"cnvs-block-collapsibles cnvs-block-collapsibles-1710856446798 cnvs-block-collapsibles-5\" >\n\t\n<div class=\"cnvs-block-collapsible cnvs-block-collapsible-1710856446894 cnvs-block-collapsible-opened\" >\n\t<div class=\"cnvs-block-collapsible-title\">\n\t\t<h6 id=\"are-there-any-budget-friendly-options-among-these-restaurants-with-great-views\" class=\"cnvs-block-collapsible-heading\">\n\t\t\t<a href=\"#\">Are there any budget-friendly options among these restaurants with great views?<\/a>\n\t\t<\/h6>\n\t<\/div>\n\t<div class=\"cnvs-block-collapsible-content\">\n\t\t\n\n<p>While dining at <a href=\"https:\/\/www.getyourguide.fr\/prague-l10\/prague-diner-jazz-culinaire-t420247\/?partner_id=U94OQGQ&amp;utm_medium=online_publisher\" data-type=\"link\" data-id=\"https:\/\/www.getyourguide.fr\/prague-l10\/prague-diner-jazz-culinaire-t420247\/?partner_id=U94OQGQ&amp;utm_medium=online_publisher\" rel=\"nofollow noopener\">scenic restaurants<\/a> can sometimes be costly, there may be budget-friendly choices. Prices vary depending on the restaurant&#8217;s menu and any current promotions. Checking the restaurant\u2019s website or contacting them directly is recommended for up-to-date pricing.<\/p>\n\n\t<\/div>\n<\/div>\n\n\n<div class=\"cnvs-block-collapsible cnvs-block-collapsible-1710856446899 cnvs-block-collapsible-opened\" >\n\t<div class=\"cnvs-block-collapsible-title\">\n\t\t<h6 id=\"do-these-restaurants-require-advance-reservations-and-if-so-how-far-in-advance-should-one-book\" class=\"cnvs-block-collapsible-heading\">\n\t\t\t<a href=\"#\">Do these restaurants require advance reservations, and if so, how far in advance should one book?<\/a>\n\t\t<\/h6>\n\t<\/div>\n\t<div class=\"cnvs-block-collapsible-content\">\n\t\t\n\n<p>Advance reservations are generally recommended, especially during <a href=\"https:\/\/prague.org\/hu\/husveti-hetvege-pragaban\/\" data-type=\"link\" data-id=\"https:\/\/prague.org\/easter-weekend-in-prague\/\">peak seasons<\/a> or special events. It&#8217;s best to book several weeks in advance for popular spots. Direct contact with the restaurant will provide the most accurate reservation information.<\/p>\n\n\t<\/div>\n<\/div>\n\n\n<div class=\"cnvs-block-collapsible cnvs-block-collapsible-1710856454072 cnvs-block-collapsible-opened\" >\n\t<div class=\"cnvs-block-collapsible-title\">\n\t\t<h6 id=\"what-are-the-best-times-to-visit-these-restaurants-to-fully-enjoy-the-views\" class=\"cnvs-block-collapsible-heading\">\n\t\t\t<a href=\"#\">What are the best times to visit these restaurants to fully enjoy the views?<\/a>\n\t\t<\/h6>\n\t<\/div>\n\t<div class=\"cnvs-block-collapsible-content\">\n\t\t\n\n<p>Evening times are ideal for enjoying a sunset view, while late lunches are better for daytime cityscapes. Choose the time based on the type of view you prefer.<\/p>\n\n\t<\/div>\n<\/div>\n\n\n<div class=\"cnvs-block-collapsible cnvs-block-collapsible-1710856454237 cnvs-block-collapsible-opened\" >\n\t<div class=\"cnvs-block-collapsible-title\">\n\t\t<h6 id=\"are-any-of-these-restaurants-suitable-for-special-occasions-like-anniversaries-or-birthdays\" class=\"cnvs-block-collapsible-heading\">\n\t\t\t<a href=\"#\">Are any of these restaurants suitable for special occasions like anniversaries or birthdays?<\/a>\n\t\t<\/h6>\n\t<\/div>\n\t<div class=\"cnvs-block-collapsible-content\">\n\t\t\n\n<p>Many restaurants with great views are well-suited for special occasions, offering refined atmospheres and potential services like custom cakes or private areas. Discuss your specific needs when booking.<\/p>\n\n\t<\/div>\n<\/div>\n\n\n<div class=\"cnvs-block-collapsible cnvs-block-collapsible-1710856454377 cnvs-block-collapsible-opened\" >\n\t<div class=\"cnvs-block-collapsible-title\">\n\t\t<h6 id=\"do-these-restaurants-have-vegetarian-or-vegan-menu-options\" class=\"cnvs-block-collapsible-heading\">\n\t\t\t<a href=\"#\">Do these restaurants have vegetarian or vegan menu options?<\/a>\n\t\t<\/h6>\n\t<\/div>\n\t<div class=\"cnvs-block-collapsible-content\">\n\t\t\n\n<p>Upscale restaurants typically offer <a href=\"https:\/\/prague.org\/hu\/hol-lakhatok-prague-veggie-naplavka\/\" data-type=\"link\" data-id=\"https:\/\/prague.org\/where-to-stay-in-prague-veggie-naplavka\/\">veget\u00e1ri\u00e1nus<\/a> and vegan options. Checking the menu online or confirming directly with the restaurant ahead of your visit is advisable to ensure they can accommodate your dietary needs.<\/p>\n\n\t<\/div>\n<\/div>\n\n<\/div>\n\n\n\n<div data-gyg-href=\"https:\/\/widget.getyourguide.com\/default\/activities.frame\" data-gyg-locale-code=\"en-US\" data-gyg-widget=\"activities\" data-gyg-number-of-items=\"3\" data-gyg-cmp=\"VIEWSLASTONE\" data-gyg-partner-id=\"U94OQGQ\" data-gyg-placement=\"other\" data-gyg-tour-ids=\"382608,71030,53574\"><\/div>\n\n\n\n<blockquote class=\"wp-block-quote\">\n<p><br>Fedezze fel a pr\u00e1gai kulin\u00e1ris utaz\u00e1st ezekkel az \u00f6ssze\u00e1ll\u00edtott \u00fatmutat\u00f3kkal:<\/p>\n\n\n\n<ul>\n<li>Fedezze fel a v\u00e1ros <a href=\"https:\/\/prague.org\/hu\/best-breakfast-in-prague\/\" data-type=\"link\" data-id=\"https:\/\/prague.org\/best-breakfast-in-prague\/\">legjobb reggeliz\u0151helyek<\/a>.<\/li>\n\n\n\n<li>Fedezze fel a v\u00e1ltozatos <a href=\"https:\/\/prague.org\/hu\/where-to-eat-restaurants-in-prague\/\" data-type=\"link\" data-id=\"https:\/\/prague.org\/where-to-eat-restaurants-in-prague\/\">\u00e9tkez\u00e9si lehet\u0151s\u00e9gek<\/a>.<\/li>\n\n\n\n<li>K\u00e9nyeztesse mag\u00e1t<a href=\"https:\/\/prague.org\/hu\/michelin-csillagos-etterem-prag\/\" data-type=\"link\" data-id=\"https:\/\/prague.org\/michelin-star-restaurant-prague\/\"> Michelin-csillagos kiv\u00e1l\u00f3s\u00e1g<\/a>.<\/li>\n\n\n\n<li>Tapasztalja meg a romantik\u00e1t a legjobban a \"<a href=\"https:\/\/prague.org\/hu\/10-legromantikusabb-etterem-pragaban\/\" data-type=\"link\" data-id=\"https:\/\/prague.org\/10-most-romantic-restaurants-in-prague\/\">A 10 legromantikusabb \u00e9tterem Pr\u00e1g\u00e1ban<\/a>&#8220;.<\/li>\n\n\n\n<li>Fogadja el az eg\u00e9szs\u00e9ges \u00e9tkez\u00e9si \u00e9letm\u00f3dot a <a href=\"https:\/\/prague.org\/hu\/legjobb-egeszseges-ettermek-pragban\/\" data-type=\"link\" data-id=\"https:\/\/prague.org\/best-healthy-restaurants-in-prague\/\">a legjobb eg\u00e9szs\u00e9gtudatos \u00e9ttermek.<\/a><\/li>\n<\/ul>\n<\/blockquote>","protected":false},"excerpt":{"rendered":"Pr\u00e1ga h\u00edres leny\u0171g\u00f6z\u0151 \u00e9p\u00edt\u00e9szet\u00e9r\u0151l \u00e9s l\u00e9legzetel\u00e1ll\u00edt\u00f3 kil\u00e1t\u00e1s\u00e1r\u00f3l, \u00e9s nincs is jobb m\u00f3dja annak, hogy megtapasztalja a...","protected":false},"author":2,"featured_media":3584,"comment_status":"closed","ping_status":"closed","sticky":false,"template":"","format":"standard","meta":{"footnotes":""},"categories":[17,204,206],"tags":[65],"table_tags":[],"_links":{"self":[{"href":"https:\/\/prague.org\/hu\/wp-json\/wp\/v2\/posts\/3452"}],"collection":[{"href":"https:\/\/prague.org\/hu\/wp-json\/wp\/v2\/posts"}],"about":[{"href":"https:\/\/prague.org\/hu\/wp-json\/wp\/v2\/types\/post"}],"author":[{"embeddable":true,"href":"https:\/\/prague.org\/hu\/wp-json\/wp\/v2\/users\/2"}],"replies":[{"embeddable":true,"href":"https:\/\/prague.org\/hu\/wp-json\/wp\/v2\/comments?post=3452"}],"version-history":[{"count":56,"href":"https:\/\/prague.org\/hu\/wp-json\/wp\/v2\/posts\/3452\/revisions"}],"predecessor-version":[{"id":13727,"href":"https:\/\/prague.org\/hu\/wp-json\/wp\/v2\/posts\/3452\/revisions\/13727"}],"wp:featuredmedia":[{"embeddable":true,"href":"https:\/\/prague.org\/hu\/wp-json\/wp\/v2\/media\/3584"}],"wp:attachment":[{"href":"https:\/\/prague.org\/hu\/wp-json\/wp\/v2\/media?parent=3452"}],"wp:term":[{"taxonomy":"category","embeddable":true,"href":"https:\/\/prague.org\/hu\/wp-json\/wp\/v2\/categories?post=3452"},{"taxonomy":"post_tag","embeddable":true,"href":"https:\/\/prague.org\/hu\/wp-json\/wp\/v2\/tags?post=3452"},{"taxonomy":"table_tags","embeddable":true,"href":"https:\/\/prague.org\/hu\/wp-json\/wp\/v2\/table_tags?post=3452"}],"curies":[{"name":"wp","href":"https:\/\/api.w.org\/{rel}","templated":true}]}}