{"id":3498,"date":"2022-06-15T09:57:53","date_gmt":"2022-06-15T07:57:53","guid":{"rendered":"https:\/\/prague.org\/?p=3498"},"modified":"2024-01-15T11:11:58","modified_gmt":"2024-01-15T09:11:58","slug":"charles-bridge","status":"publish","type":"post","link":"https:\/\/prague.org\/hu\/charles-bridge\/","title":{"rendered":"A K\u00e1roly-h\u00edd, Pr\u00e1ga"},"content":{"rendered":"<h2 id=\"the-charles-bridge-the-most-photographed-monument-of-prague\" class=\"wp-block-heading\">A K\u00e1roly-h\u00edd, Pr\u00e1ga legt\u00f6bbet f\u00e9nyk\u00e9pezett m\u0171eml\u00e9ke<\/h2>\n\n\n\n<p>Cseh n\u00e9v:&nbsp;<strong>Karl\u016fv most<\/strong><\/p>\n\n\n\n<p>Pr\u00e1ga sz\u00edv\u00e9ben tal\u00e1lhat\u00f3 a v\u00e1ros legr\u00e9gebbi \u00e9p\u00edt\u00e9szeti eml\u00e9kei, valamint a legikonikusabb \u00e9s legfest\u0151ibb \u00e9p\u00fcletei. Ezek k\u00f6z\u00fcl az egyik, amelyet a turist\u00e1k a legjobban szeretnek megl\u00e1togatni \u00e9s lef\u00e9nyk\u00e9pezni, a Pr\u00e1gai V\u00e1rosh\u00e1za.&nbsp;<strong>K\u00e1roly h\u00edd<\/strong>. Ha azt tervezi, hogy ell\u00e1togat ebbe a t\u00f6rt\u00e9nelmi v\u00e1rosba, \u00e9s megn\u00e9zi a K\u00e1roly hidat, sok mindent kell tudnia, miel\u0151tt elindul.<\/p>\n\n\n\n<div class=\"gyg-iframe-container\" style=\"margin-bottom:1.5em\"><iframe style=\"border:0;height:100%;width:100%\" title=\"GetYourGuide tev\u00e9kenys\u00e9gek widget\" src=\"https:\/\/widget.getyourguide.com\/default\/activities.frame?widget=wp_activities&amp;currency=EUR&amp;locale_code=en-GB&amp;number_of_items=3&amp;partner_id=U94OQGQ&amp;q=The%20Charles%20Bridge%20prague\"><\/iframe><\/div>\n\n\n\n<h2 id=\"where-is-charles-bridge-located-in-prague-how-to-get-there\" class=\"wp-block-heading\"><strong>Hol tal\u00e1lhat\u00f3 a K\u00e1roly-h\u00edd Pr\u00e1g\u00e1ban \u00e9s hogyan juthat el oda<\/strong><\/h2>\n\n\n\n<p>A K\u00e1roly-h\u00edd a&nbsp;<a href=\"https:\/\/prague.org\/hu\/vltava-folyo\/\">Moldva foly\u00f3<\/a>, amely az egyik oldalon a kast\u00e9lyt, a m\u00e1sik oldalon pedig az eredeti falu nagy r\u00e9sz\u00e9t k\u00f6ti \u00f6ssze. A villamosok \u00e9s a k\u00f6nnyebb k\u00f6zleked\u00e9si m\u00f3dok (pl. ker\u00e9kp\u00e1rok) kiv\u00e9tel\u00e9vel a h\u00eddon nem k\u00f6zlekedhetnek aut\u00f3k, mivel a h\u00edd kora \u00e9s a t\u00f6rt\u00e9nelem meg\u0151rz\u00e9s\u00e9nek sz\u00fcks\u00e9gess\u00e9ge miatt a h\u00eddra nem lehet felhajtani. Emiatt b\u00e1rmelyik villamossal fel lehet sz\u00e1llni a K\u00e1roly h\u00eddra, Pr\u00e1ga a v\u00e1r fel\u0151li oldalon a h\u00eddra.&nbsp;<a href=\"https:\/\/prague.org\/hu\/lesser-town-square\/\">A Kisv\u00e1ros t\u00e9r<\/a> (Malostransk\u00e9 n\u00e1m\u011bst\u00ed) villamosmeg\u00e1ll\u00f3 a h\u00eddnak ezen az oldal\u00e1n tal\u00e1lhat\u00f3. A foly\u00f3 t\u00faloldal\u00e1n a legk\u00f6zelebbi villamosmeg\u00e1ll\u00f3 Karlovy l\u00e1zn\u011b.<\/p>\n\n\n\n<p>Elk\u00e9peszt\u0151 sz\u00e9less\u00e9ge \u00e9s hossz\u00fas\u00e1ga miatt, valamint az\u00e9rt, ahogyan&nbsp;<strong>a v\u00e1ros k\u00e9t nagy r\u00e9sz\u00e9t k\u00f6ti \u00f6ssze<\/strong>, k\u00f6nnyen el lehet s\u00e9t\u00e1lni hozz\u00e1. M\u00e9g jobb, maradjon az egyik sz\u00e1llod\u00e1ban, vagy <a href=\"https:\/\/prague.org\/hu\/charles-bridge-apartments-prague\/\">a h\u00edd k\u00e9t v\u00e9g\u00e9hez legk\u00f6zelebb es\u0151 lak\u00e1sok<\/a>. Ezut\u00e1n csak egy gyors s\u00e9t\u00e1t tehet hozz\u00e1, amikor csak tetszik \u00d6nnek tart\u00f3zkod\u00e1sa alatt.<\/p>\n\n\n\n<figure class=\"wp-block-image size-full\"><img decoding=\"async\" width=\"1024\" height=\"576\" src=\"https:\/\/prague.org\/wp-content\/uploads\/2022\/06\/image-81.png\" alt=\"A K\u00e1roly-h\u00edd turist\u00e1k milli\u00f3inak kedvenc l\u00e1tv\u00e1nyoss\u00e1ga minden \u00e9vben\" class=\"wp-image-4482\" srcset=\"https:\/\/prague.org\/wp-content\/uploads\/2022\/06\/image-81.png 1024w, https:\/\/prague.org\/wp-content\/uploads\/2022\/06\/image-81-600x338.png 600w, https:\/\/prague.org\/wp-content\/uploads\/2022\/06\/image-81-300x169.png 300w, https:\/\/prague.org\/wp-content\/uploads\/2022\/06\/image-81-768x432.png 768w, https:\/\/prague.org\/wp-content\/uploads\/2022\/06\/image-81-380x214.png 380w, https:\/\/prague.org\/wp-content\/uploads\/2022\/06\/image-81-800x450.png 800w\" sizes=\"(max-width: 1024px) 100vw, 1024px\" \/><figcaption class=\"wp-element-caption\">A K\u00e1roly-h\u00edd turist\u00e1k milli\u00f3inak kedvenc l\u00e1tv\u00e1nyoss\u00e1ga minden \u00e9vben<\/figcaption><\/figure>\n\n\n\n<p>Ha ink\u00e1bb a foly\u00f3 fel\u0151l szeretn\u00e9 megtekinteni a hidat, akkor a k\u00f6vetkez\u0151 helyeken&nbsp;<strong>v\u00edzi k\u00f6rutaz\u00e1sokat k\u00edn\u00e1l\u00f3 haj\u00f3k<\/strong>&nbsp;\u00e9s t\u00far\u00e1k, hogy a hidat egy k\u00fcl\u00f6nlegesebb n\u00e9z\u0151pontb\u00f3l mutassuk meg. Az \u00e1rk\u00e1dsor, amelyr\u0151l ez a h\u00edd annyira ismert, lehet\u0151v\u00e9 teszi, hogy naponta sok haj\u00f3 k\u00f6nnyed\u00e9n \u00e1thaladjon alatta. Az\u00e9rt tervezt\u00e9k \u00edgy, hogy a keresked\u0151k \u00e9s a kereskedelmi haj\u00f3k kev\u00e9s neh\u00e9zs\u00e9g n\u00e9lk\u00fcl j\u00f6hessenek \u00e9s t\u00e1vozhassanak a v\u00e1rosb\u00f3l.&nbsp;<\/p>\n\n\n\n<h2 id=\"opening-hours-charles-bridge-prague-entrance-fee\" class=\"wp-block-heading\"><strong>Nyitvatart\u00e1si id\u0151 \u00e9s a pr\u00e1gai K\u00e1roly-h\u00edd bel\u00e9p\u0151d\u00edja<\/strong><\/h2>\n\n\n\n<p>A cseh v\u00e1ros \u00f6sszes l\u00e1tnival\u00f3ja k\u00f6z\u00fcl ez a legolcs\u00f3bb, mert ez a legkev\u00e9sb\u00e9 dr\u00e1ga.&nbsp;<em>ingyenes<\/em>. M\u00e9g a v\u00e1ros lak\u00f3i is szabadon, gondolkod\u00e1s n\u00e9lk\u00fcl \u00e1tkelnek rajta. T\u00f6bb mint k\u00e9t \u00e9vsz\u00e1zada nem szedtek rajta \u00fatd\u00edjat, \u00edgy a v\u00e1ros egyik legjobb l\u00e1tnival\u00f3ja a p\u00e9nzt\u00e1rcabar\u00e1t utaz\u00f3k sz\u00e1m\u00e1ra.&nbsp;<\/p>\n\n\n\n<p>Ami azt illeti, hogy mikor l\u00e1thatja, mindig nyitva van. Nem olyan, mint b\u00e1rmely m\u00e1s turisztikai jelleg\u0171 hely, hiszen nincsenek k\u00f6telek, korl\u00e1tok, \u0151r\u00f6k \u00e9s korl\u00e1toz\u00e1sok arra vonatkoz\u00f3an, hogy mikor s\u00e9t\u00e1lhat \u00e1t ezen a fens\u00e9ges K\u00e1roly h\u00eddon.&nbsp;<strong>A legszebb id\u0151 kora reggel van<\/strong>&nbsp;ahogy a nap felkel, \u00e9s a k\u00f6d \u00e1t- \u00e9s \u00e1tvonul rajta, vagy k\u00e9s\u0151 este, napnyugta ut\u00e1n, amikor a h\u00edd f\u00e9nyei kigyulladnak, \u00e9s a l\u00e1tv\u00e1nyt igaz\u00e1n l\u00e1tv\u00e1nyoss\u00e1 teszik.&nbsp;<\/p>\n\n\n\n<h2 id=\"what-to-do-what-to-see-at-charles-bridge-prague\" class=\"wp-block-heading\"><strong>Mi a teend\u0151 \u00e9s mit \u00e9rdemes megn\u00e9zni a pr\u00e1gai K\u00e1roly-h\u00eddon<\/strong><\/h2>\n\n\n\n<p>Tal\u00e1n azt gondolja, hogy \"Ez csak egy h\u00edd\". Persze, de a h\u00edd enn\u00e9l sokkal t\u00f6bbr\u0151l van sz\u00f3. Val\u00f3j\u00e1ban \u00e9rdemes megn\u00e9zni, hogy \u00e9lvezhesse a h\u00eddr\u00f3l ny\u00edl\u00f3 kil\u00e1t\u00e1st a foly\u00f3n felfel\u00e9 \u00e9s lefel\u00e9 egyar\u00e1nt. Menjen el, hogy megn\u00e9zze, milyen csod\u00e1latos m\u00f3don \u00e9p\u00edtett\u00e9k a hidat hatsz\u00e1z \u00e9vvel ezel\u0151tt, v\u00e9sett homokk\u0151b\u0151l. <\/p>\n\n\n\n<p>Menj, hogy megn\u00e9zd a&nbsp;<strong>sok szobor<\/strong>&nbsp;amelyek a K\u00e1roly h\u00edd s\u00faly\u00e1t hordoz\u00f3 tizenhat pill\u00e9rt d\u00edsz\u00edtik. <a href=\"https:\/\/prague.org\/hu\/st-john-of-nepomuk-2\/\">Nepomuki Szent J\u00e1nos<\/a> a cseh t\u00f6rt\u00e9nelem \u00e9s katolicizmus kiemelked\u0151 alakja. A legenda szerint J\u00e1nos 1393-ban szenvedett m\u00e1rt\u00edrhal\u00e1lt, amikor megtagadta, hogy a kir\u00e1lyn\u0151 gy\u00f3n\u00e1s\u00e1t a kir\u00e1lynak el\u00e1rulja. Hal\u00e1l\u00e1nak eml\u00e9k\u00e9re 1729-ben szentt\u00e9 avatt\u00e1k J\u00e1nost, akit ma a Cseh K\u00f6zt\u00e1rsas\u00e1g v\u00e9d\u0151szentjek\u00e9nt tartanak sz\u00e1mon. Nepomuki Szent J\u00e1nosra ma orsz\u00e1gszerte sz\u00e1mos vall\u00e1si helysz\u00ednen \u00e9s kultur\u00e1lis szimb\u00f3lumon kereszt\u00fcl eml\u00e9keznek. Ezek k\u00f6z\u00fcl a legjelent\u0151sebb a pr\u00e1gai K\u00e1roly-h\u00eddon \u00e1ll\u00f3 J\u00e1nos-szobor, amely \u00e1ll\u00edt\u00f3lag szerencs\u00e9t hoz azoknak, akik meg\u00e9rintik. <\/p>\n\n\n\n<p>Menj, hogy megismerd a&nbsp;<strong>a h\u00edd t\u00f6rt\u00e9nete<\/strong>&nbsp;maga, \u00e9s hogyan \u00e9p\u00fclt k\u00e9t m\u00e1sik h\u00edd hely\u00e9re. V\u00e9gezet\u00fcl n\u00e9zze meg a h\u00edd v\u00e9geit szeg\u00e9lyez\u0151 tornyokat, amelyek egy kor\u00e1bbi h\u00edd maradv\u00e1nyai, amely a jelenlegi h\u00edd hely\u00e9n \u00e1llt.&nbsp;<\/p>\n\n\n\n<figure class=\"wp-block-image size-full\"><img decoding=\"async\" width=\"768\" height=\"422\" src=\"https:\/\/prague.org\/wp-content\/uploads\/2022\/06\/image-82.png\" alt=\"K\u00e1roly h\u00edd t\u00e9len\" class=\"wp-image-4483\" srcset=\"https:\/\/prague.org\/wp-content\/uploads\/2022\/06\/image-82.png 768w, https:\/\/prague.org\/wp-content\/uploads\/2022\/06\/image-82-600x330.png 600w, https:\/\/prague.org\/wp-content\/uploads\/2022\/06\/image-82-300x165.png 300w, https:\/\/prague.org\/wp-content\/uploads\/2022\/06\/image-82-380x209.png 380w\" sizes=\"(max-width: 768px) 100vw, 768px\" \/><figcaption class=\"wp-element-caption\">K\u00e1roly h\u00edd t\u00e9len<\/figcaption><\/figure>\n\n\n\n<p>Ha ez m\u00e9g nem el\u00e9g motiv\u00e1ci\u00f3, hogy megn\u00e9zze a Cseh K\u00f6zt\u00e1rsas\u00e1g legh\u00edresebb h\u00eddj\u00e1t, fontolja meg a \"k\u00eds\u00e9rteties \u00e9s legend\u00e1s t\u00far\u00e1t\". Ez a k\u00eds\u00e9rtett\u00f6rt\u00e9netek \u00e9s a term\u00e9szetfeletti dolgok kedvel\u0151inek k\u00f6telez\u0151 program. A h\u00eddon emberek keltek \u00e1t, hogy b\u0171neik\u00e9rt a hal\u00e1lukat l\u00e1ss\u00e1k, \u00e9s egy szellemkereszt, ahol meg\u00e1lltak im\u00e1dkozni, \u00e1ll\u00edt\u00f3lag megjelenik a r\u00e1szorul\u00f3knak. A m\u00faltban \u00e9lt emberek szellemei \u00e1ll\u00edt\u00f3lag a h\u00eddon l\u00e9pkednek, de nem mindenkinek van szerencs\u00e9je l\u00e1tni \u0151ket.&nbsp;<\/p>\n\n\n\n<p>A <a href=\"https:\/\/prague.org\/hu\/prague-signal-festival-of-lights\/\">Pr\u00e1gai F\u00e9nyek Fesztiv\u00e1lja<\/a> egy \u00e9vente megrendez\u00e9sre ker\u00fcl\u0151 esem\u00e9ny, amely Pr\u00e1ga t\u00f6rt\u00e9nelmi v\u00e1ros\u00e1t k\u00fcl\u00f6nb\u00f6z\u0151 f\u00e9nyinstall\u00e1ci\u00f3kkal, videok\u00e9pekkel \u00e9s interakt\u00edv kijelz\u0151kkel vil\u00e1g\u00edtja meg. A fesztiv\u00e1l egyik f\u0151 l\u00e1tv\u00e1nyoss\u00e1ga a K\u00e1roly-h\u00edd, a Moldva foly\u00f3n \u00e1t\u00edvel\u0151 k\u00f6z\u00e9pkori k\u0151h\u00edd, amely az \u00f3v\u00e1rost \u00e9s a pr\u00e1gai Kisv\u00e1rost k\u00f6ti \u00f6ssze. A fesztiv\u00e1l ideje alatt a hidat sz\u00ednes f\u00e9nyvet\u00edt\u00e9sekkel d\u00edsz\u00edtik, amelyek kiemelik leny\u0171g\u00f6z\u0151 \u00e9p\u00edt\u00e9szet\u00e9t \u00e9s t\u00f6rt\u00e9nelm\u00e9t. A l\u00e1togat\u00f3k m\u00e1s l\u00e1tv\u00e1nyoss\u00e1gokat is megismerhetnek, p\u00e9ld\u00e1ul a pr\u00e1gai v\u00e1rat \u00e9s az \u00d3v\u00e1ros teret, amelyek var\u00e1zslatos f\u00e9nyj\u00e1t\u00e9kk\u00e1 alakulnak \u00e1t. A Pr\u00e1gai F\u00e9nyjelz\u0151 Fesztiv\u00e1l \u00e9s a gy\u00f6ny\u00f6r\u0171 f\u00e9nyj\u00e1t\u00e9kok egyed\u00fcl\u00e1ll\u00f3 \u00e9s felejthetetlen lehet\u0151s\u00e9get ny\u00fajtanak a gy\u00f6ny\u00f6r\u0171 \u00e9jszakai Pr\u00e1ga felfedez\u00e9s\u00e9re.<\/p>\n\n\n\n<h2 id=\"history-charles-bridge-prague-facts\" class=\"wp-block-heading\"><strong>T\u00f6rt\u00e9nelem &amp; K\u00e1roly h\u00edd Pr\u00e1ga T\u00e9nyek&nbsp;<\/strong><\/h2>\n\n\n\n<p>Valamikor r\u00e9ges-r\u00e9gen egy r\u00f6nkh\u00edd seg\u00edtette a cseh n\u00e9p \u00e9s a vend\u00e9gek \u00e1tkel\u00e9s\u00e9t a foly\u00f3n. A foly\u00f3 azonban hajlamos gyakran \u00e1radni. Ennek k\u00f6vetkezt\u00e9ben az egykor a foly\u00f3n \u00e1t\u00edvel\u0151 r\u00f6nkhidakat gyakran elmosta a v\u00edz.&nbsp;<\/p>\n\n\n\n<p>Egy m\u00e1sik h\u00edd, amely a k\u00f6vetkez\u0151 n\u00e9ven v\u00e1lt ismertt\u00e9&nbsp;<strong>Judith h\u00edd<\/strong>&nbsp;az 1200-as \u00e9vek v\u00e9g\u00e9n\/az 1300-as \u00e9vek elej\u00e9n \u00e9p\u00fclt az utols\u00f3 r\u00f6nkh\u00edd hely\u00e9n. Teljesen f\u00e1b\u00f3l k\u00e9sz\u00fclt, k\u0151b\u0151l \u00e9p\u00edtett \u00f6sv\u00e9nnyel. Az 1342-ben bek\u00f6vetkezett \u00fajabb \u00e1rv\u00edz azonban ezt a hidat is el\u00f6nt\u00f6tte. Csak a pill\u00e9rek maradtak meg bel\u0151le, amelyek a v\u00edz alatt vannak, \u00e9s csak b\u00fav\u00e1rkod\u00e1ssal \u00e9s a pr\u00e1gai korm\u00e1ny k\u00fcl\u00f6n enged\u00e9ly\u00e9vel tekinthet\u0151k meg.<\/p>\n\n\n\n<p>A Judith h\u00edd n\u00e9h\u00e1ny m\u00e9terrel \u00e9szakabbra volt att\u00f3l a helyt\u0151l, ahol&nbsp;<strong><a href=\"https:\/\/prague.org\/hu\/charles-iv\/\">IV. K\u00e1roly <\/a>meg\u00e9p\u00edtette a jelenlegi hidat<\/strong>. R\u00e1j\u00f6tt, hogy val\u00f3sz\u00edn\u0171leg nem j\u00f3 \u00f6tlet tov\u00e1bbra is fahidakat \u00e9p\u00edteni a Moldva foly\u00f3n. Ehelyett \u00fagy d\u00f6nt\u00f6tt, hogy ezt a hidat homokk\u0151t\u00f6mb\u00f6kb\u0151l \u00e9p\u00edtteti, amelyeket habarccsal z\u00e1rnak le, hogy megakad\u00e1lyozz\u00e1k az er\u00f3zi\u00f3t. Olyan j\u00f3l meg\u00e9p\u00edtett, hogy m\u00e1r majdnem h\u00e9tsz\u00e1z \u00e9ve \u00e1llja az id\u0151 pr\u00f3b\u00e1j\u00e1t.&nbsp;<\/p>\n\n\n\n<p>A r\u00e9gebbi hidak egy r\u00e9sze megmaradt. A K\u00e1roly-h\u00edd mindk\u00e9t v\u00e9g\u00e9n ott vannak a tornyok, amelyek egykor Judithhoz tartoztak. A tornyok \u00e9s a h\u00edd is megtekinthet\u0151k. Val\u00f3j\u00e1ban a legt\u00f6bb turista k\u00f6nnyed\u00e9n elt\u00f6lthet k\u00e9t-h\u00e1rom \u00f3r\u00e1t azzal, hogy minden lehets\u00e9ges sz\u00f6gb\u0151l megn\u00e9zi a hidat \u00e9s a hozz\u00e1 tartoz\u00f3 sz\u00e1mos r\u00e9szt, miel\u0151tt hivatalosan is kijelenthetn\u00e9, hogy mindent l\u00e1tott, amit e csod\u00e1latos h\u00eddr\u00f3l l\u00e1tni lehet.&nbsp;<\/p>\n\n\n\n<h2 id=\"conclusion\" class=\"wp-block-heading\">K\u00f6vetkeztet\u00e9s<\/h2>\n\n\n\n<p>A pr\u00e1gai K\u00e1roly-h\u00edd t\u00f6rt\u00e9nelmi nevezetess\u00e9g, amely leny\u0171g\u00f6z\u0151 sz\u00e9ps\u00e9g\u00e9r\u0151l \u00e9s k\u00f6z\u00e9pkori b\u00e1j\u00e1r\u00f3l h\u00edres, \u00e9s l\u00e9legzetel\u00e1ll\u00edt\u00f3 kil\u00e1t\u00e1st ny\u00fajt a v\u00e1ros fest\u0151i t\u00e1j\u00e1ra. R\u00e9szletes idegenvezet\u0151nk seg\u00edts\u00e9g\u00e9vel felfedezheti <a href=\"https:\/\/prague.org\/hu\/must-see-synagogak-pragaban\/\" data-type=\"URL\" data-id=\"https:\/\/prague.org\/must-see-synagogues-in-prague\/\">a kihagyhatatlan pr\u00e1gai zsinag\u00f3g\u00e1k<\/a>, elmer\u00fclve kultur\u00e1lis jelent\u0151s\u00e9g\u00fckben \u00e9s \u00e9p\u00edt\u00e9szeti pomp\u00e1jukban.<\/p>\n\n\n\n<p>A <a href=\"https:\/\/prague.org\/hu\/krizik-kut\/\" data-type=\"URL\" data-id=\"https:\/\/prague.org\/krizik-fountain\/\">Krizik k\u00fat<\/a> Pr\u00e1g\u00e1ban a v\u00edz, a f\u00e9ny \u00e9s a zene leny\u0171g\u00f6z\u0151 l\u00e1tv\u00e1nya, amely mag\u00e1val ragad\u00f3 \u00e9lm\u00e9nyt ny\u00fajt a n\u00e9z\u0151knek. A pr\u00e1gai K\u00e1roly-h\u00edd viszont a v\u00e1ros ikonikus szimb\u00f3luma, amely leny\u0171g\u00f6z\u0151 kil\u00e1t\u00e1st ny\u00fajt a Moldva foly\u00f3ra, \u00e9s a helyiek \u00e9s a turist\u00e1k kedvelt t\u00f6rt\u00e9nelmi nevezetess\u00e9ge.<\/p>\n\n\n\n<p>Ha Pr\u00e1g\u00e1ban tart\u00f3zkodik, ne hagyja ki a lehet\u0151s\u00e9get, hogy felfedezze a v\u00e1ros <a href=\"https:\/\/prague.org\/hu\/6-must-see-muveszeti-muzeumok-pragban\/\" data-type=\"URL\" data-id=\"https:\/\/prague.org\/6-must-see-art-museums-in-prague\/\">hat kihagyhatatlan m\u0171v\u00e9szeti m\u00fazeum<\/a>, amelyek leny\u0171g\u00f6z\u0151 m\u0171alkot\u00e1sok v\u00e1ltozatos v\u00e1laszt\u00e9k\u00e1t mutatj\u00e1k be. Egyed\u00fcl\u00e1ll\u00f3 t\u00f6rt\u00e9nelmi perspekt\u00edv\u00e1t kaphat, ha a felfedez\u00e9st kieg\u00e9sz\u00edti a leny\u0171g\u00f6z\u0151 <a href=\"https:\/\/prague.org\/hu\/kgb-muzeum-prague-mindent-mindent-tudnia-kell-az-latogatas-elott\/\" data-type=\"link\" data-id=\"https:\/\/prague.org\/kgb-museum-prague-all-you-need-to-know-before-your-visit\/\">KGB M\u00fazeum<\/a>. Ek\u00f6zben az ikonikus K\u00e1roly h\u00edd fest\u0151i k\u00f6rnyezetben csod\u00e1lhatja meg a leny\u0171g\u00f6z\u0151 kil\u00e1t\u00e1st a Moldva foly\u00f3ra, t\u00f6k\u00e9letes h\u00e1tteret teremtve ahhoz, hogy elmer\u00fclj\u00f6n a v\u00e1ros gazdag t\u00f6rt\u00e9nelm\u00e9ben.<\/p>\n\n\n\n<div class=\"gyg-iframe-container\" style=\"margin-bottom:1.5em\"><iframe style=\"border:0;height:100%;width:100%\" title=\"GetYourGuide v\u00e1rosi widget\" src=\"https:\/\/widget.getyourguide.com\/default\/city.frame?widget=wp_city&amp;iata=PRG&amp;locale_code=en-US&amp;partner_id=U94OQGQ\"><\/iframe><\/div>","protected":false},"excerpt":{"rendered":"A K\u00e1roly-h\u00edd, Pr\u00e1ga legt\u00f6bbet f\u00e9nyk\u00e9pezett m\u0171eml\u00e9ke Cseh n\u00e9v: Karl\u016fv most A K\u00e1roly-h\u00edd a v\u00e1ros sz\u00edv\u00e9ben tal\u00e1lhat\u00f3,...","protected":false},"author":2,"featured_media":3510,"comment_status":"closed","ping_status":"closed","sticky":false,"template":"","format":"standard","meta":{"footnotes":""},"categories":[1,204,19],"tags":[30,63],"table_tags":[],"_links":{"self":[{"href":"https:\/\/prague.org\/hu\/wp-json\/wp\/v2\/posts\/3498"}],"collection":[{"href":"https:\/\/prague.org\/hu\/wp-json\/wp\/v2\/posts"}],"about":[{"href":"https:\/\/prague.org\/hu\/wp-json\/wp\/v2\/types\/post"}],"author":[{"embeddable":true,"href":"https:\/\/prague.org\/hu\/wp-json\/wp\/v2\/users\/2"}],"replies":[{"embeddable":true,"href":"https:\/\/prague.org\/hu\/wp-json\/wp\/v2\/comments?post=3498"}],"version-history":[{"count":17,"href":"https:\/\/prague.org\/hu\/wp-json\/wp\/v2\/posts\/3498\/revisions"}],"predecessor-version":[{"id":12546,"href":"https:\/\/prague.org\/hu\/wp-json\/wp\/v2\/posts\/3498\/revisions\/12546"}],"wp:featuredmedia":[{"embeddable":true,"href":"https:\/\/prague.org\/hu\/wp-json\/wp\/v2\/media\/3510"}],"wp:attachment":[{"href":"https:\/\/prague.org\/hu\/wp-json\/wp\/v2\/media?parent=3498"}],"wp:term":[{"taxonomy":"category","embeddable":true,"href":"https:\/\/prague.org\/hu\/wp-json\/wp\/v2\/categories?post=3498"},{"taxonomy":"post_tag","embeddable":true,"href":"https:\/\/prague.org\/hu\/wp-json\/wp\/v2\/tags?post=3498"},{"taxonomy":"table_tags","embeddable":true,"href":"https:\/\/prague.org\/hu\/wp-json\/wp\/v2\/table_tags?post=3498"}],"curies":[{"name":"wp","href":"https:\/\/api.w.org\/{rel}","templated":true}]}}