{"id":3520,"date":"2022-06-15T10:04:52","date_gmt":"2022-06-15T08:04:52","guid":{"rendered":"https:\/\/prague.org\/?p=3520"},"modified":"2023-08-03T15:30:51","modified_gmt":"2023-08-03T13:30:51","slug":"smiricky-palace","status":"publish","type":"post","link":"https:\/\/prague.org\/hu\/smiricky-palota\/","title":{"rendered":"A Smi\u0159ick\u00fd-palota felfedez\u00e9se, Pr\u00e1ga"},"content":{"rendered":"<h2 id=\"smiricky-palace-home-of-the-czech-chamber-of-deputies\" class=\"wp-block-heading\">Smi\u0159ick\u00fd-palota, a cseh k\u00e9pvisel\u0151h\u00e1z sz\u00e9khelye<\/h2>\n\n\n\n<p>Pr\u00e1ga Eur\u00f3pa egyik kultur\u00e1lisan leggazdagabb v\u00e1rosa, \u00e9s j\u00f3l ismert gy\u00f6ny\u00f6r\u0171 barokk \u00e9p\u00fcleteir\u0151l. A v\u00e1ros legt\u00f6bb \u00e9p\u00fclete \u00e9vsz\u00e1zadokkal ezel\u0151tt \u00e9p\u00fclt, \u00e9s az id\u0151j\u00e1r\u00e1s viszontags\u00e1gait is ki\u00e1llt\u00e1k. Az egyik ilyen \u00e9p\u00fclet a pr\u00e1gai Smi\u0159ick\u00fd-palota, amely a Malostransk\u00e9 n\u00e1m\u011bst\u00ed vagy\u00a0<a href=\"https:\/\/prague.org\/hu\/lesser-town-square\/\">Kisv\u00e1ros t\u00e9r<\/a>. A pr\u00e1gai Smi\u0159ick\u00fd-palota t\u00f6rtfeh\u00e9r homlokzata nagy \u00fcvegablakokkal rendelkezik, amelyek a V\u00e1rosi t\u00e9r macskak\u00f6ves utc\u00e1ira n\u00e9znek.\u00a0<\/p>\n\n\n\n<p>A pr\u00e1gai Smi\u0159ick\u00fd-palot\u00e1t a 18. sz\u00e1zadban \u00e9p\u00edtett\u00e9k \u00e1t barokk st\u00edlusban, \u00e9s az\u00f3ta nagyon keveset v\u00e1ltoztattak rajta. Ma a palota az egyik olyan \u00e9p\u00fclet, amelyet a Cseh K\u00f6zt\u00e1rsas\u00e1g k\u00e9pvisel\u0151h\u00e1za haszn\u00e1l, amely a Cseh K\u00f6zt\u00e1rsas\u00e1g parlamentj\u00e9nek als\u00f3h\u00e1za.<\/p>\n\n\n\n<div class=\"gyg-iframe-container\" style=\"margin-bottom:1.5em\"><iframe style=\"border:0;height:100%;width:100%\" title=\"GetYourGuide tev\u00e9kenys\u00e9gek widget\" src=\"https:\/\/widget.getyourguide.com\/default\/activities.frame?widget=wp_activities&amp;currency=EUR&amp;locale_code=en-GB&amp;number_of_items=3&amp;partner_id=U94OQGQ&amp;q=Palace%20prague\"><\/iframe><\/div>\n\n\n\n<h2 id=\"brief-history-of-the-smiricky-palace-prague\" class=\"wp-block-heading\"><strong>A Smi\u0159ick\u00fd-palota r\u00f6vid t\u00f6rt\u00e9nete, Pr\u00e1ga<\/strong><\/h2>\n\n\n\n<p>A pr\u00e1gai Smi\u0159ick\u00fd-palota szint\u00e9n gazdag t\u00f6rt\u00e9nelemmel rendelkezik, \u00e9s kulcsszerepet j\u00e1tszott a harminc\u00e9ves h\u00e1bor\u00faban. M\u00e9g 1573-ban a f\u00f6ldter\u00fclet, amelyen a palota \u00e1ll, egy k\u00f6z\u00e9pkori lak\u00f3telep r\u00e9sze volt. Egy Jind\u0159ich Smi\u0159ick\u00fd Smi\u0159ick\u00fd nev\u0171 f\u00e9rfi Smi\u0159ic\u00e9b\u0151l megv\u00e1s\u00e1rolta az els\u0151 h\u00e1zat, \u00e9s egy renesz\u00e1nsz palot\u00e1t \u00e9p\u00edttetett a hely\u00e9re. Ez lett a Smi\u0159ick\u00fd csal\u00e1d otthona.<\/p>\n\n\n\n<p>1603-ra a pr\u00e1gai Smi\u0159ick\u00fd-palot\u00e1t a csal\u00e1df\u0151, Sigismund Smi\u0159ick\u00fd uralkod\u00e1sa alatt saroktornyokkal b\u0151v\u00edtett\u00e9k. A fel\u00faj\u00edt\u00e1ssal pomp\u00e1sabb\u00e1 \u00e9s nagyobb\u00e1 v\u00e1lt, \u00edgy a v\u00e1ros egyik legnevezetesebb \u00e9s legszembet\u0171n\u0151bb \u00e9p\u00fclete lett. A pr\u00e1gai Smi\u0159ick\u00fd-palota val\u00f3j\u00e1ban annyira kiemelked\u0151 volt, hogy a cseh nemesek gy\u00fclekez\u0151hely\u00e9v\u00e9 v\u00e1lt, amikor az akkori Habsburg uralkod\u00f3k elleni l\u00e1zad\u00e1sukat tervezgett\u00e9k.<\/p>\n\n\n\n<p>1618. m\u00e1jus 23-\u00e1n, egy nappal azut\u00e1n, hogy a cseh nemesek lerakt\u00e1k terveiket, megrohamozt\u00e1k a\u00a0<a href=\"https:\/\/prague.org\/hu\/pragai-var-2\/\">Pr\u00e1gai v\u00e1r<\/a>. Amint oda\u00e9rtek, kidobt\u00e1k Habsburg k\u00e9t tan\u00e1csos\u00e1t az ablakon. Ez az esem\u00e9ny jelentette a m\u00e1sodik pr\u00e1gai defenesztr\u00e1ci\u00f3t, \u00e9s hamarosan elind\u00edtotta a harminc\u00e9ves h\u00e1bor\u00fat.\u00a0<\/p>\n\n\n\n<p>A harminc\u00e9ves h\u00e1bor\u00fat az eur\u00f3pai t\u00f6rt\u00e9nelem egyik legv\u00e9resebb, legpuszt\u00edt\u00f3bb \u00e9s legpuszt\u00edt\u00f3bb h\u00e1bor\u00fajak\u00e9nt tartj\u00e1k sz\u00e1mon. A h\u00e1bor\u00fa sor\u00e1n nagyj\u00e1b\u00f3l nyolcmilli\u00f3 ember halt meg, katon\u00e1k \u00e9s civilek egyar\u00e1nt. Ez az esem\u00e9ny v\u00e9g\u00fcl v\u00e9get vetett a Szent R\u00f3mai Birodalomnak.<\/p>\n\n\n\n<h2 id=\"the-modern-smiricky-palace-prague\" class=\"wp-block-heading\"><strong>A modern Smi\u0159ick\u00fd-palota, Pr\u00e1ga<\/strong><\/h2>\n\n\n\n<p>A harminc\u00e9ves h\u00e1bor\u00fat k\u00f6vet\u0151en a pr\u00e1gai Smi\u0159ick\u00fd-palota csal\u00e1dr\u00f3l csal\u00e1dra sz\u00e1llt - legink\u00e1bb a Wallensteinek, a Pern\u0161tejnek, a Sinzendorfok \u00e9s a karmelit\u00e1k k\u00f6z\u00f6tt. A palota 1763-ban Pavel Mont\u00e1g kez\u00e9be ker\u00fclt. Mont\u00e1g Josef J\u00e4ger tervez\u0151vel egy\u00fcttm\u0171k\u00f6dve az eg\u00e9sz palot\u00e1t fel\u00faj\u00edttatta \u00e9s kib\u0151v\u00edttette. A Smi\u0159ick\u00fd-palot\u00e1t egy \u00fajabb emelettel b\u0151v\u00edtett\u00e9k, \u00e9s \u00e1talak\u00edtott\u00e1k, hogy a mai barokk st\u00edlus\u00e1hoz illeszkedjen.<\/p>\n\n\n\n<p>Egy \u00e9vsz\u00e1zaddal a fel\u00faj\u00edt\u00e1s ut\u00e1n a Cseh Kir\u00e1lys\u00e1g Tartom\u00e1nyi Gy\u0171l\u00e9se tulajdon\u00e1ba ker\u00fclt a pr\u00e1gai Smi\u0159ick\u00fd-palota. Ezt k\u00f6vet\u0151en a k\u00e9pvisel\u0151h\u00e1z ig\u00e9nyeinek megfelel\u0151en \u00e1talak\u00edtott\u00e1k, \u00e9s az\u00f3ta is viszonylag v\u00e1ltozatlan maradt.<\/p>\n\n\n\n<h2 id=\"visiting-the-smiricky-palace-in-prague\" class=\"wp-block-heading\"><strong>L\u00e1togat\u00e1s a pr\u00e1gai Smi\u0159ick\u00fd-palot\u00e1ban<\/strong><\/h2>\n\n\n\n<figure class=\"wp-block-image size-full\"><img decoding=\"async\" width=\"732\" height=\"480\" src=\"https:\/\/prague.org\/wp-content\/uploads\/2022\/06\/image-33.png\" alt=\"L\u00e9gi kil\u00e1t\u00e1s, Pr\u00e1ga\" class=\"wp-image-4293\" srcset=\"https:\/\/prague.org\/wp-content\/uploads\/2022\/06\/image-33.png 732w, https:\/\/prague.org\/wp-content\/uploads\/2022\/06\/image-33-600x393.png 600w, https:\/\/prague.org\/wp-content\/uploads\/2022\/06\/image-33-300x197.png 300w, https:\/\/prague.org\/wp-content\/uploads\/2022\/06\/image-33-380x249.png 380w\" sizes=\"(max-width: 732px) 100vw, 732px\" \/><figcaption>L\u00e9gifelv\u00e9tel, Pr\u00e1ga<\/figcaption><\/figure>\n\n\n\n<p>Az \u00e9p\u00edt\u00e9szet szerelmesei biztosan sz\u00edvesen l\u00e1togatnak el a pr\u00e1gai Smi\u0159ick\u00fd-palot\u00e1ba. Ez k\u00f6zvetlen\u00fcl a Kisv\u00e1ros sz\u00edv\u00e9ben tal\u00e1lhat\u00f3. T\u00f6megk\u00f6zleked\u00e9ssel k\u00f6nnyen megk\u00f6zel\u00edthet\u0151, \u00e9s a l\u00e1togat\u00f3k sz\u00e1mos kocsm\u00e1t, \u00e9ttermet \u00e9s \u00fczletet fedezhetnek fel a k\u00f6rny\u00e9ken. A t\u00e9ren sz\u00e1mos nemzetk\u00f6zi nagyk\u00f6vets\u00e9g is tal\u00e1lhat\u00f3.<\/p>\n\n\n\n<div class=\"gyg-iframe-container\" style=\"margin-bottom:1.5em\"><iframe style=\"border:0;height:100%;width:100%\" title=\"GetYourGuide v\u00e1rosi widget\" src=\"https:\/\/widget.getyourguide.com\/default\/city.frame?widget=wp_city&amp;iata=PRG&amp;locale_code=en-US&amp;partner_id=U94OQGQ\"><\/iframe><\/div>","protected":false},"excerpt":{"rendered":"Smi\u0159ick\u00fd-palota, a cseh k\u00e9pvisel\u0151h\u00e1z otthona Pr\u00e1ga az egyik kultur\u00e1lisan leggazdagabb v\u00e1ros,...","protected":false},"author":2,"featured_media":3537,"comment_status":"closed","ping_status":"closed","sticky":false,"template":"","format":"standard","meta":{"footnotes":""},"categories":[1,204,19],"tags":[74,76],"table_tags":[],"_links":{"self":[{"href":"https:\/\/prague.org\/hu\/wp-json\/wp\/v2\/posts\/3520"}],"collection":[{"href":"https:\/\/prague.org\/hu\/wp-json\/wp\/v2\/posts"}],"about":[{"href":"https:\/\/prague.org\/hu\/wp-json\/wp\/v2\/types\/post"}],"author":[{"embeddable":true,"href":"https:\/\/prague.org\/hu\/wp-json\/wp\/v2\/users\/2"}],"replies":[{"embeddable":true,"href":"https:\/\/prague.org\/hu\/wp-json\/wp\/v2\/comments?post=3520"}],"version-history":[{"count":7,"href":"https:\/\/prague.org\/hu\/wp-json\/wp\/v2\/posts\/3520\/revisions"}],"predecessor-version":[{"id":5416,"href":"https:\/\/prague.org\/hu\/wp-json\/wp\/v2\/posts\/3520\/revisions\/5416"}],"wp:featuredmedia":[{"embeddable":true,"href":"https:\/\/prague.org\/hu\/wp-json\/wp\/v2\/media\/3537"}],"wp:attachment":[{"href":"https:\/\/prague.org\/hu\/wp-json\/wp\/v2\/media?parent=3520"}],"wp:term":[{"taxonomy":"category","embeddable":true,"href":"https:\/\/prague.org\/hu\/wp-json\/wp\/v2\/categories?post=3520"},{"taxonomy":"post_tag","embeddable":true,"href":"https:\/\/prague.org\/hu\/wp-json\/wp\/v2\/tags?post=3520"},{"taxonomy":"table_tags","embeddable":true,"href":"https:\/\/prague.org\/hu\/wp-json\/wp\/v2\/table_tags?post=3520"}],"curies":[{"name":"wp","href":"https:\/\/api.w.org\/{rel}","templated":true}]}}