{"id":4771,"date":"2022-09-19T08:36:25","date_gmt":"2022-09-19T06:36:25","guid":{"rendered":"https:\/\/prague.org\/?p=4771"},"modified":"2023-08-03T15:32:25","modified_gmt":"2023-08-03T13:32:25","slug":"best-area-in-prague-for-hotel","status":"publish","type":"post","link":"https:\/\/prague.org\/hu\/best-area-in-prague-for-hotel\/","title":{"rendered":"8 legjobb ter\u00fclet Pr\u00e1g\u00e1ban a sz\u00e1lloda sz\u00e1m\u00e1ra"},"content":{"rendered":"<p>Pr\u00e1ga k\u00fcl\u00f6nb\u00f6z\u0151 negyedei minden utaz\u00f3nak k\u00edn\u00e1lnak valami egyedit. Mivel annyi lehet\u0151s\u00e9g k\u00f6z\u00fcl v\u00e1laszthat, a legjobb, ha tudja, milyen l\u00e1tnival\u00f3k v\u00e1rj\u00e1k \u00d6nt az egyes ter\u00fcleteken. Felsoroltuk Pr\u00e1ga nyolc legjobb k\u00f6rny\u00e9k\u00e9t, hogy seg\u00edts\u00fcnk megtal\u00e1lni a megfelel\u0151 sz\u00e1llod\u00e1t.<\/p>\n\n\n\n<h2 id=\"best-area-in-prague-for-hotel-holesovice\" class=\"wp-block-heading\"><strong>A legjobb k\u00f6rny\u00e9k Pr\u00e1g\u00e1ban a sz\u00e1lloda sz\u00e1m\u00e1ra: Hole\u0161ovice<\/strong><\/h2>\n\n\n\n<p>Hole\u0161ovice Pr\u00e1ga k\u00f6zpontj\u00e1t\u00f3l \u00e9szakra fekszik, ahol a Moldva foly\u00f3 kanyarog. Nagyszer\u0171 v\u00e1laszt\u00e1s, ha szereted a parkokat, \u00e9s nem b\u00e1nsz n\u00e9mi utaz\u00e1st a v\u00e1rosk\u00f6zpontba. Az egykori ipari k\u00f6zpont sz\u00e1mos r\u00e9gi \u00e9p\u00fclete ma k\u00e1v\u00e9z\u00f3knak, \u00e9ttermeknek \u00e9s gal\u00e9ri\u00e1knak ad otthont.<\/p>\n\n\n\n<p><strong><em>Sz\u00e1ll\u00edt\u00e1s<\/em><\/strong>: Hole\u0161ovice a v\u00e1rosk\u00f6zpontb\u00f3l a C metr\u00f3vonallal vagy a 6-os villamossal (a Vencel t\u00e9rr\u0151l), a 12-es villamossal (a Mala Strana fel\u0151l) vagy a 17-es villamossal (a Nemzeti Sz\u00ednh\u00e1z fel\u0151l) \u00e9rhet\u0151 el.<\/p>\n\n\n\n<p><strong><em>L\u00e1tnival\u00f3k:<\/em><\/strong><\/p>\n\n\n\n<ul><li>Stromovka \u00e9s Letna parkok, mindkett\u0151 j\u00e1tsz\u00f3t\u00e9rrel rendelkezik.<\/li><li>Krizik f\u00e9nysz\u00f6k\u0151k\u00fat&nbsp;<\/li><li>Nemzeti M\u0171szaki M\u00fazeum \u00e9s Nemzeti Mez\u0151gazdas\u00e1gi M\u00fazeum<\/li><li>Dox Kort\u00e1rs M\u0171v\u00e9szeti K\u00f6zpont&nbsp;<\/li><\/ul>\n\n\n\n<figure class=\"wp-block-image size-large\"><img decoding=\"async\" width=\"1024\" height=\"683\" src=\"https:\/\/prague.org\/wp-content\/uploads\/2022\/07\/Holesovice-1024x683.jpg\" alt=\"Hole\u0161ovice\" class=\"wp-image-5237\" srcset=\"https:\/\/prague.org\/wp-content\/uploads\/2022\/07\/Holesovice-1024x683.jpg 1024w, https:\/\/prague.org\/wp-content\/uploads\/2022\/07\/Holesovice-scaled-600x400.jpg 600w, https:\/\/prague.org\/wp-content\/uploads\/2022\/07\/Holesovice-300x200.jpg 300w, https:\/\/prague.org\/wp-content\/uploads\/2022\/07\/Holesovice-768x512.jpg 768w, https:\/\/prague.org\/wp-content\/uploads\/2022\/07\/Holesovice-1536x1024.jpg 1536w, https:\/\/prague.org\/wp-content\/uploads\/2022\/07\/Holesovice-2048x1365.jpg 2048w, https:\/\/prague.org\/wp-content\/uploads\/2022\/07\/Holesovice-380x253.jpg 380w, https:\/\/prague.org\/wp-content\/uploads\/2022\/07\/Holesovice-800x533.jpg 800w, https:\/\/prague.org\/wp-content\/uploads\/2022\/07\/Holesovice-1160x773.jpg 1160w, https:\/\/prague.org\/wp-content\/uploads\/2022\/07\/Holesovice-scaled.jpg 2560w\" sizes=\"(max-width: 1024px) 100vw, 1024px\" \/><figcaption>Pr\u00e1ga<\/figcaption><\/figure>\n\n\n\n<h2 id=\"best-area-in-prague-for-hotel-castle-district-hradcany\" class=\"wp-block-heading\"><strong>A legjobb k\u00f6rny\u00e9k Pr\u00e1g\u00e1ban a sz\u00e1lloda sz\u00e1m\u00e1ra: V\u00e1rnegyed (Hradzsin)<\/strong><\/h2>\n\n\n\n<p>Ha a V\u00e1rnegyedben sz\u00e1ll meg, csak percekre lesz a kilencedik sz\u00e1zadi pr\u00e1gai v\u00e1rakt\u00f3l. A v\u00e1rosr\u00e9sz sz\u00e1mos k\u00f6z\u00e9pkori \u00e9p\u00fclet\u00e9t \u00e1talak\u00edtott\u00e1k <a href=\"https:\/\/prague.org\/hu\/best-luxury-apartments-prague\/\">luxussz\u00e1llod\u00e1k<\/a>, Az \u00e9jszakai \u00e9letre azonban kevesebb lehet\u0151s\u00e9g van, mivel ez f\u0151k\u00e9nt lak\u00f3\u00f6vezet.<\/p>\n\n\n\n<p><strong><em>Sz\u00e1ll\u00edt\u00e1s<\/em><\/strong>: A v\u00e1rkomplexum a Mala Strana (Kis negyed) felett tal\u00e1lhat\u00f3. Onnan a Malostransk\u00e9 n\u00e1mest\u00ed villamosmeg\u00e1ll\u00f3t\u00f3l gyalogosan lehet felfel\u00e9 menni. Vagy a 22\/23-as villamossal a Pra\u017esk\u00fd hrad (Pr\u00e1gai v\u00e1r) meg\u00e1ll\u00f3ig.<\/p>\n\n\n\n<p><strong><em>L\u00e1tnival\u00f3k:<\/em><\/strong><\/p>\n\n\n\n<ul><li>R\u00e9gi kir\u00e1lyi palota (Star\u00fd Kr\u00e1lovsk\u00fd Pal\u00e1c)<\/li><li>Sz\u00ednes 16. sz\u00e1zadi h\u00e1zak a Golden Lane-en&nbsp;<\/li><li>Szent Vitus sz\u00e9kesegyh\u00e1z<\/li><li>Szent Gy\u00f6rgy bazilika<\/li><\/ul>\n\n\n\n<figure class=\"wp-block-image size-full\"><img decoding=\"async\" width=\"768\" height=\"512\" src=\"https:\/\/prague.org\/wp-content\/uploads\/2022\/07\/Castle-District-Hradcany-1.jpg\" alt=\"V\u00e1rmegye (Hradzsin)\" class=\"wp-image-5239\" srcset=\"https:\/\/prague.org\/wp-content\/uploads\/2022\/07\/Castle-District-Hradcany-1.jpg 768w, https:\/\/prague.org\/wp-content\/uploads\/2022\/07\/Castle-District-Hradcany-1-600x400.jpg 600w, https:\/\/prague.org\/wp-content\/uploads\/2022\/07\/Castle-District-Hradcany-1-300x200.jpg 300w, https:\/\/prague.org\/wp-content\/uploads\/2022\/07\/Castle-District-Hradcany-1-380x253.jpg 380w\" sizes=\"(max-width: 768px) 100vw, 768px\" \/><figcaption>V\u00e1rmegye (Hradzsin)<\/figcaption><\/figure>\n\n\n\n<h2 id=\"best-area-in-prague-for-hotel-mala-strana\" class=\"wp-block-heading\"><strong>A legjobb k\u00f6rny\u00e9k Pr\u00e1g\u00e1ban a sz\u00e1lloda sz\u00e1m\u00e1ra: Mala Strana<\/strong><\/h2>\n\n\n\n<p>Mala Strana egy lombos domboldali k\u00fclv\u00e1rosban tal\u00e1lhat\u00f3, amely a zs\u00fafoltabb \u00f3v\u00e1rosra n\u00e9z, \u00e9s csal\u00e1doknak \u00e9s p\u00e1roknak kifejezetten aj\u00e1nlott.&nbsp;<\/p>\n\n\n\n<p><strong><em>Sz\u00e1ll\u00edt\u00e1s:<\/em><\/strong> S\u00e9t\u00e1ljon v\u00e9gig a K\u00e1roly h\u00eddon, amely a foly\u00f3 t\u00falpartj\u00e1n l\u00e9v\u0151 Stare Mesto (\u00d3v\u00e1ros) fel\u00e9 vezet, amely k\u00f6r\u00fclbel\u00fcl 10-15 perc alatt el\u00e9rhet\u0151.&nbsp;<\/p>\n\n\n\n<p><strong><em>L\u00e1tnival\u00f3k:<\/em><\/strong><\/p>\n\n\n\n<ul><li>A cseh szen\u00e1tus Wallenstein-kertje<\/li><li>Smiricky Palace<\/li><li>Kampa-sziget \u00e9s park<\/li><li>Lennon fal<\/li><li>Szent Mikl\u00f3s templom \u00e9s a harangtorony kil\u00e1t\u00f3terasza<\/li><li>Petrin hegy \u00e9s torony<\/li><li>Franz Kafka M\u00fazeum&nbsp;<\/li><\/ul>\n\n\n\n<figure class=\"wp-block-image size-large\"><img decoding=\"async\" width=\"1024\" height=\"683\" src=\"https:\/\/prague.org\/wp-content\/uploads\/2022\/07\/Mala-Strana-1024x683.jpg\" alt=\"Mala Strana\" class=\"wp-image-5240\" srcset=\"https:\/\/prague.org\/wp-content\/uploads\/2022\/07\/Mala-Strana-1024x683.jpg 1024w, https:\/\/prague.org\/wp-content\/uploads\/2022\/07\/Mala-Strana-600x400.jpg 600w, https:\/\/prague.org\/wp-content\/uploads\/2022\/07\/Mala-Strana-300x200.jpg 300w, https:\/\/prague.org\/wp-content\/uploads\/2022\/07\/Mala-Strana-768x512.jpg 768w, https:\/\/prague.org\/wp-content\/uploads\/2022\/07\/Mala-Strana-1536x1024.jpg 1536w, https:\/\/prague.org\/wp-content\/uploads\/2022\/07\/Mala-Strana-2048x1366.jpg 2048w, https:\/\/prague.org\/wp-content\/uploads\/2022\/07\/Mala-Strana-380x253.jpg 380w, https:\/\/prague.org\/wp-content\/uploads\/2022\/07\/Mala-Strana-800x534.jpg 800w, https:\/\/prague.org\/wp-content\/uploads\/2022\/07\/Mala-Strana-1160x774.jpg 1160w, https:\/\/prague.org\/wp-content\/uploads\/2022\/07\/Mala-Strana.jpg 2120w\" sizes=\"(max-width: 1024px) 100vw, 1024px\" \/><figcaption>Mala Strana<\/figcaption><\/figure>\n\n\n\n<h2 id=\"best-area-in-prague-for-hotel-smichov-and-andel\" class=\"wp-block-heading\"><strong>A legjobb k\u00f6rny\u00e9k Pr\u00e1g\u00e1ban a sz\u00e1lloda sz\u00e1m\u00e1ra: Smichov \u00e9s Andel<\/strong><\/h2>\n\n\n\n<p>Smichov \u00e9s Andel nagyszer\u0171 k\u00f6rny\u00e9k, ahol megsz\u00e1llhat, ha a v\u00e1ros v\u00e1rosi hangulat\u00e1ra szeretne hangol\u00f3dni. Rengeteg bev\u00e1s\u00e1rl\u00f3k\u00f6zpontot, \u00e9ttermet \u00e9s kis klubot fedezhet fel.&nbsp;<\/p>\n\n\n\n<p><strong><em>Sz\u00e1ll\u00edt\u00e1s<\/em><\/strong>: Smichov k\u00f6r\u00fclbel\u00fcl 15-20 perces s\u00e9t\u00e1ra van a Mala Stran\u00e1t\u00f3l. Az Andel egy fontos k\u00f6zleked\u00e9si csom\u00f3pont, a metr\u00f3 B vonala alatta fut. Sz\u00e1mos villamos \u00e9s busz is k\u00f6zlekedik a k\u00f6rny\u00e9ken.&nbsp;<\/p>\n\n\n\n<p><strong><em>L\u00e1tnival\u00f3k:<\/em><\/strong><\/p>\n\n\n\n<ul><li>Bev\u00e1s\u00e1rl\u00f3k\u00f6zpontok: Novy Smichov<\/li><li>Zlaty Andel (Arany Angyal) \u00e9p\u00fclet<\/li><li>Kinsk\u00fd kert<\/li><li>Bertramka Villa (Wolfgang Amadeus Mozart m\u00fazeuma)<\/li><li>Gal\u00e9ria Portheimka (\u00dcvegm\u00fazeum)<\/li><li>Staropramen s\u00f6rf\u0151zde<\/li><\/ul>\n\n\n\n<figure class=\"wp-block-image size-full\"><img decoding=\"async\" width=\"780\" height=\"470\" src=\"https:\/\/prague.org\/wp-content\/uploads\/2022\/07\/Smichov-and-Andel.jpg\" alt=\"Smichov \u00e9s Andel\" class=\"wp-image-5241\" srcset=\"https:\/\/prague.org\/wp-content\/uploads\/2022\/07\/Smichov-and-Andel.jpg 780w, https:\/\/prague.org\/wp-content\/uploads\/2022\/07\/Smichov-and-Andel-600x362.jpg 600w, https:\/\/prague.org\/wp-content\/uploads\/2022\/07\/Smichov-and-Andel-300x181.jpg 300w, https:\/\/prague.org\/wp-content\/uploads\/2022\/07\/Smichov-and-Andel-768x463.jpg 768w, https:\/\/prague.org\/wp-content\/uploads\/2022\/07\/Smichov-and-Andel-380x229.jpg 380w\" sizes=\"(max-width: 780px) 100vw, 780px\" \/><figcaption>Smichov \u00e9s Andel<\/figcaption><\/figure>\n\n\n\n<h2 id=\"best-area-in-prague-for-hotel-old-town\" class=\"wp-block-heading\"><strong>A legjobb k\u00f6rny\u00e9k Pr\u00e1g\u00e1ban a sz\u00e1lloda sz\u00e1m\u00e1ra: Pr\u00e1ga: \u00d3v\u00e1ros&nbsp;<\/strong><\/h2>\n\n\n\n<p>Az \u00d3v\u00e1ros (Stare Mesto) Pr\u00e1ga sz\u00edve, \u00edgy ez a legdr\u00e1g\u00e1bb sz\u00e1ll\u00e1s \u00e9s \u00e9tkez\u00e9si lehet\u0151s\u00e9g. De vannak olcs\u00f3 sz\u00e1llod\u00e1k \u00e9s hostelek is - csak tudnod kell, hogy <a href=\"https:\/\/prague.org\/hu\/szallaskereses-a-pragai-ovarosban\/\">hol keress\u00fck<\/a>.<\/p>\n\n\n\n<p>A v\u00e1ros sz\u00e1mos kiemelt c\u00e9lpontja tal\u00e1lhat\u00f3 itt. Az \u00d3v\u00e1ros t\u00e9ren kar\u00e1csonykor \u00e9s szilveszterkor a legjobb szabadt\u00e9ri v\u00e1s\u00e1rokat tartj\u00e1k.<\/p>\n\n\n\n<p><strong><em>Sz\u00e1ll\u00edt\u00e1s<\/em><\/strong>: Az \u00d3v\u00e1ros t\u00e9rre a metr\u00f3val az A vonalon a Staromestsk\u00e1-r\u00f3l, vagy a B vonalon a N\u00e1mest\u00ed Republiky (K\u00f6zt\u00e1rsas\u00e1g t\u00e9r) metr\u00f3r\u00f3l sz\u00e1llhat le. Mindk\u00e9t pontr\u00f3l \u00f6t perc s\u00e9ta.<\/p>\n\n\n\n<p><strong><em>L\u00e1tnival\u00f3k:<\/em><\/strong><\/p>\n\n\n\n<ul><li>R\u00e9gi v\u00e1rosh\u00e1za<\/li><li>Csillag\u00e1szati \u00f3ra<\/li><li>P\u00fader torony<\/li><li>Kinsky-palota (Nemzeti Gal\u00e9ria)<\/li><li>Nemzeti Sz\u00ednh\u00e1z<\/li><li>Tyn Church<\/li><li>R\u00e9gi-\u00faj zsinag\u00f3ga a zsid\u00f3 negyedben&nbsp;<\/li><li>Parizska bev\u00e1s\u00e1rl\u00f3 utca<\/li><\/ul>\n\n\n\n<figure class=\"wp-block-image size-large\"><img decoding=\"async\" width=\"1024\" height=\"640\" src=\"https:\/\/prague.org\/wp-content\/uploads\/2022\/07\/Old-Town--1024x640.jpg\" alt=\"\u00d3v\u00e1ros\u00a0\" class=\"wp-image-5242\" srcset=\"https:\/\/prague.org\/wp-content\/uploads\/2022\/07\/Old-Town--1024x640.jpg 1024w, https:\/\/prague.org\/wp-content\/uploads\/2022\/07\/Old-Town--scaled-600x375.jpg 600w, https:\/\/prague.org\/wp-content\/uploads\/2022\/07\/Old-Town--300x188.jpg 300w, https:\/\/prague.org\/wp-content\/uploads\/2022\/07\/Old-Town--768x480.jpg 768w, https:\/\/prague.org\/wp-content\/uploads\/2022\/07\/Old-Town--1536x960.jpg 1536w, https:\/\/prague.org\/wp-content\/uploads\/2022\/07\/Old-Town--2048x1280.jpg 2048w, https:\/\/prague.org\/wp-content\/uploads\/2022\/07\/Old-Town--380x238.jpg 380w, https:\/\/prague.org\/wp-content\/uploads\/2022\/07\/Old-Town--800x500.jpg 800w, https:\/\/prague.org\/wp-content\/uploads\/2022\/07\/Old-Town--1160x725.jpg 1160w, https:\/\/prague.org\/wp-content\/uploads\/2022\/07\/Old-Town--scaled.jpg 2560w\" sizes=\"(max-width: 1024px) 100vw, 1024px\" \/><figcaption>\u00d3v\u00e1ros&nbsp;<\/figcaption><\/figure>\n\n\n\n<h2 id=\"best-area-in-prague-for-hotel-new-town\" class=\"wp-block-heading\"><strong>A legjobb k\u00f6rny\u00e9k Pr\u00e1g\u00e1ban a sz\u00e1lloda sz\u00e1m\u00e1ra: \u00dajv\u00e1ros<\/strong><\/h2>\n\n\n\n<p>Az 1348-ban alap\u00edtott \u00dajv\u00e1ros (Nove Mesto) Pr\u00e1ga \u00f6t f\u0151 v\u00e1rosa k\u00f6z\u00fcl a legfiatalabb. A kereskedelmi-\u00fczleti negyedben t\u00f6bb nagy bev\u00e1s\u00e1rl\u00f3k\u00f6zpont tal\u00e1lhat\u00f3, k\u00f6zt\u00fck a Palladium, a Myslbek \u00e9s a Slovansk\u00fd d\u016fm (Szl\u00e1v H\u00e1z).<\/p>\n\n\n\n<p><strong><em>Sz\u00e1ll\u00edt\u00e1s<\/em><\/strong>: A Vencel t\u00e9r az \u00d3v\u00e1ros t\u00e9rr\u0151l gyalogosan k\u00f6r\u00fclbel\u00fcl \u00f6t perc alatt el\u00e9rhet\u0151. A metr\u00f3r\u00f3l a Muzeum vagy a Mustek meg\u00e1ll\u00f3n\u00e1l sz\u00e1lljon le, hogy el\u00e9rje a Vencel teret.<\/p>\n\n\n\n<p><strong><em>L\u00e1tnival\u00f3k<\/em><\/strong>:<\/p>\n\n\n\n<ul><li>Vencel t\u00e9r&nbsp;<\/li><li>Pr\u00e1gai \u00c1llami Opera<\/li><li>Nemzeti M\u00fazeum<\/li><li>Vy\u0161ehrad v\u00e1r&nbsp;<\/li><li>Dancing House<\/li><li>Jubileumi zsinag\u00f3ga<\/li><\/ul>\n\n\n\n<figure class=\"wp-block-image size-full\"><img decoding=\"async\" width=\"1024\" height=\"683\" src=\"https:\/\/prague.org\/wp-content\/uploads\/2022\/07\/New-Town.jpg\" alt=\"\u00dajv\u00e1ros\" class=\"wp-image-5243\" srcset=\"https:\/\/prague.org\/wp-content\/uploads\/2022\/07\/New-Town.jpg 1024w, https:\/\/prague.org\/wp-content\/uploads\/2022\/07\/New-Town-600x400.jpg 600w, https:\/\/prague.org\/wp-content\/uploads\/2022\/07\/New-Town-300x200.jpg 300w, https:\/\/prague.org\/wp-content\/uploads\/2022\/07\/New-Town-768x512.jpg 768w, https:\/\/prague.org\/wp-content\/uploads\/2022\/07\/New-Town-380x253.jpg 380w, https:\/\/prague.org\/wp-content\/uploads\/2022\/07\/New-Town-800x534.jpg 800w\" sizes=\"(max-width: 1024px) 100vw, 1024px\" \/><figcaption>\u00dajv\u00e1ros<\/figcaption><\/figure>\n\n\n\n<h2 id=\"best-area-in-prague-for-hotel-karlin\" class=\"wp-block-heading\"><strong>A legjobb k\u00f6rny\u00e9k Pr\u00e1g\u00e1ban a sz\u00e1lloda sz\u00e1m\u00e1ra: Karlin&nbsp;<\/strong><\/h2>\n\n\n\n<p>Karlin egykori kik\u00f6t\u0151v\u00e1ros volt a Moldva foly\u00f3 \u00e9s a Vitkov-hegy k\u00f6z\u00f6tt. Lassan vonzza a turist\u00e1kat \u00e9s a fiatalabb lakosokat a fejl\u0151d\u0151 kulin\u00e1ris sz\u00ednt\u00e9r k\u00f6zepette, <a href=\"https:\/\/prague.org\/hu\/hogyan-talalhatok-olcso-szallast-pragaban\/\">alacsonyabb lak\u00e1s\u00e1rak<\/a>, \u00e9s kiv\u00e1l\u00f3 k\u00f6zleked\u00e9si kapcsolatokkal.<\/p>\n\n\n\n<p><strong><em>Sz\u00e1ll\u00edt\u00e1s<\/em><\/strong>: A gyalogosok \u00e9s a ker\u00e9kp\u00e1rosok a Zizkov-alag\u00faton kereszt\u00fcl juthatnak el a Karlint\u00f3l \u00e9szakra fekv\u0151 Zizkovba. Emellett a K\u0159i\u017e\u00edkova utc\u00e1n\u00e1l metr\u00f3ra vagy villamosra sz\u00e1llva el\u00e9rhetik az \u00fajv\u00e1rosi Vencel vagy K\u00f6zt\u00e1rsas\u00e1g teret.&nbsp;<\/p>\n\n\n\n<p><strong><em>L\u00e1tnival\u00f3k<\/em><\/strong>:<\/p>\n\n\n\n<ul><li>Karl\u00ednsk\u00e9 t\u00e9r<\/li><li>Ly\u010dkovo t\u00e9r&nbsp;<\/li><li>Szent Cirill \u00e9s Met\u00f3d temploma&nbsp;<\/li><li>Pr\u00e1gai V\u00e1rosi M\u00fazeum<\/li><li>Negrelli viadukt A Moldva foly\u00f3n \u00e1t\u00edvel\u0151 vas\u00fati h\u00edd, amely Hole\u0161ovic\u00e9ben v\u00e9gz\u0151dik.<\/li><\/ul>\n\n\n\n<figure class=\"wp-block-image size-large\"><img decoding=\"async\" width=\"1024\" height=\"683\" src=\"https:\/\/prague.org\/wp-content\/uploads\/2022\/07\/Karlin-1024x683.jpg\" alt=\"Karlin\" class=\"wp-image-5244\" srcset=\"https:\/\/prague.org\/wp-content\/uploads\/2022\/07\/Karlin-1024x683.jpg 1024w, https:\/\/prague.org\/wp-content\/uploads\/2022\/07\/Karlin-600x400.jpg 600w, https:\/\/prague.org\/wp-content\/uploads\/2022\/07\/Karlin-300x200.jpg 300w, https:\/\/prague.org\/wp-content\/uploads\/2022\/07\/Karlin-768x512.jpg 768w, https:\/\/prague.org\/wp-content\/uploads\/2022\/07\/Karlin-1536x1024.jpg 1536w, https:\/\/prague.org\/wp-content\/uploads\/2022\/07\/Karlin-380x253.jpg 380w, https:\/\/prague.org\/wp-content\/uploads\/2022\/07\/Karlin-800x533.jpg 800w, https:\/\/prague.org\/wp-content\/uploads\/2022\/07\/Karlin-1160x773.jpg 1160w, https:\/\/prague.org\/wp-content\/uploads\/2022\/07\/Karlin.jpg 1920w\" sizes=\"(max-width: 1024px) 100vw, 1024px\" \/><figcaption>Karlin<\/figcaption><\/figure>\n\n\n\n<h2 id=\"best-areas-in-prague-for-hotel-vinohrady-and-zizkov\" class=\"wp-block-heading\"><strong>Pr\u00e1ga legjobb sz\u00e1llodai ter\u00fcletei: Vinohrady \u00e9s Zizkov<\/strong><\/h2>\n\n\n\n<p>Vinohrady pezsg\u0151 \u00e9jszakai \u00e9lettel rendelkezik, a kocsm\u00e1k \u00e9s boroz\u00f3k vonzz\u00e1k a n\u00f6vekv\u0151 k\u00fclf\u00f6ldi k\u00f6z\u00f6ss\u00e9get. A k\u00f6zeli Zizkovban is rengeteg a s\u00f6rkert, ahol Pr\u00e1ga legolcs\u00f3bb hostelei \u00e9s \u00f6nell\u00e1t\u00f3 apartmanjai tal\u00e1lhat\u00f3k.<\/p>\n\n\n\n<p><strong><em>Sz\u00e1ll\u00edt\u00e1s<\/em><\/strong>: Vinohrady megk\u00f6zel\u00edthet\u0151 villamossal. A pr\u00e1gai metr\u00f3 legf\u0151bb \u00e1llom\u00e1sai - N\u00e1m\u011bst\u00ed M\u00edru \u00e9s Ji\u0159\u00edho z Pod\u011bbrad - szint\u00e9n Vinohradyban vannak.<\/p>\n\n\n\n<p><strong><em>Vinohrady l\u00e1tnival\u00f3i:<\/em><\/strong><\/p>\n\n\n\n<ul><li>Havlickovy Sady park<\/li><li>Riegrovy Sady (Rieger kertek \u00e9s s\u00f6rkert)<\/li><li>B\u00e9ke t\u00e9r<\/li><li>Pr\u00e1gai S\u00f6rm\u00fazeum<\/li><\/ul>\n\n\n\n<p><strong><em>Zizkov l\u00e1tnival\u00f3i:<\/em><\/strong><\/p>\n\n\n\n<ul><li>Mahler Gardens<\/li><li>Zizkov TV-torony, David Cerny helyi szobr\u00e1sz \"\u00f3ri\u00e1sbab\u00e1ival\".<\/li><li>Akropolisz palota<\/li><\/ul>\n\n\n\n<figure class=\"wp-block-image size-large\"><img decoding=\"async\" width=\"1024\" height=\"684\" src=\"https:\/\/prague.org\/wp-content\/uploads\/2022\/07\/Vinohrady-and-Zizkov-1024x684.jpg\" alt=\"Vinohrady \u00e9s Zizkov\" class=\"wp-image-5245\" srcset=\"https:\/\/prague.org\/wp-content\/uploads\/2022\/07\/Vinohrady-and-Zizkov-1024x684.jpg 1024w, https:\/\/prague.org\/wp-content\/uploads\/2022\/07\/Vinohrady-and-Zizkov-scaled-600x401.jpg 600w, https:\/\/prague.org\/wp-content\/uploads\/2022\/07\/Vinohrady-and-Zizkov-300x200.jpg 300w, https:\/\/prague.org\/wp-content\/uploads\/2022\/07\/Vinohrady-and-Zizkov-768x513.jpg 768w, https:\/\/prague.org\/wp-content\/uploads\/2022\/07\/Vinohrady-and-Zizkov-1536x1025.jpg 1536w, https:\/\/prague.org\/wp-content\/uploads\/2022\/07\/Vinohrady-and-Zizkov-2048x1367.jpg 2048w, https:\/\/prague.org\/wp-content\/uploads\/2022\/07\/Vinohrady-and-Zizkov-380x254.jpg 380w, https:\/\/prague.org\/wp-content\/uploads\/2022\/07\/Vinohrady-and-Zizkov-800x534.jpg 800w, https:\/\/prague.org\/wp-content\/uploads\/2022\/07\/Vinohrady-and-Zizkov-1160x774.jpg 1160w, https:\/\/prague.org\/wp-content\/uploads\/2022\/07\/Vinohrady-and-Zizkov-scaled.jpg 2560w\" sizes=\"(max-width: 1024px) 100vw, 1024px\" \/><figcaption>Vinohrady \u00e9s Zizkov<\/figcaption><\/figure>\n\n\n\n<h2 id=\"zero-in-on-your-zone\" class=\"wp-block-heading\"><strong>Z\u00e9r\u00f3 a z\u00f3n\u00e1dban<\/strong><\/h2>\n\n\n\n<p>Most, hogy elolvasta, melyik a nyolc legjobb k\u00f6rny\u00e9k Pr\u00e1g\u00e1ban a sz\u00e1llod\u00e1ja sz\u00e1m\u00e1ra, elkezdhet keresni. <a href=\"https:\/\/prague.org\/hu\/a-complete-guide-to-the-a-commodation-in-prague\/\">sz\u00e1ll\u00e1shelyek<\/a> az \u00d6n \u00e1ltal prefer\u00e1lt helyen.<\/p>\n\n\n\n<ins class=\"bookingaff\" data-aid=\"2250729\" data-target_aid=\"2250729\" data-prod=\"map\" data-width=\"100%\" data-height=\"590\" data-lang=\"ualng\" data-dest_id=\"0\" data-dest_type=\"landmark\" data-latitude=\"50.0755381\" data-longitude=\"14.4378005\" data-mwhsb=\"0\" data-address=\"Prague, Czechia\">\n    <!-- Anything inside will go away once widget is loaded. -->\n        <a href=\"\/\/www.booking.com?aid=2250729\">Booking.com<\/a>\n<\/ins>\n<script type=\"text\/javascript\">\n    (function(d, sc, u) {\n      var s = d.createElement(sc), p = d.getElementsByTagName(sc)[0];\n      s.type = 'text\/javascript';\n      s.async = true;\n      s.src = u + '?v=' + (+new Date());\n      p.parentNode.insertBefore(s,p);\n      })(document, 'script', '\/\/cf.bstatic.com\/static\/affiliate_base\/js\/flexiproduct.js');\n<\/script>","protected":false},"excerpt":{"rendered":"Pr\u00e1ga k\u00fcl\u00f6nb\u00f6z\u0151 negyedei minden utaz\u00f3nak k\u00edn\u00e1lnak valami egyedit. Annyi lehet\u0151s\u00e9g k\u00f6z\u00fcl v\u00e1laszthatunk...","protected":false},"author":2,"featured_media":4772,"comment_status":"closed","ping_status":"closed","sticky":false,"template":"","format":"standard","meta":{"footnotes":""},"categories":[18,23,204],"tags":[31],"table_tags":[],"_links":{"self":[{"href":"https:\/\/prague.org\/hu\/wp-json\/wp\/v2\/posts\/4771"}],"collection":[{"href":"https:\/\/prague.org\/hu\/wp-json\/wp\/v2\/posts"}],"about":[{"href":"https:\/\/prague.org\/hu\/wp-json\/wp\/v2\/types\/post"}],"author":[{"embeddable":true,"href":"https:\/\/prague.org\/hu\/wp-json\/wp\/v2\/users\/2"}],"replies":[{"embeddable":true,"href":"https:\/\/prague.org\/hu\/wp-json\/wp\/v2\/comments?post=4771"}],"version-history":[{"count":4,"href":"https:\/\/prague.org\/hu\/wp-json\/wp\/v2\/posts\/4771\/revisions"}],"predecessor-version":[{"id":5969,"href":"https:\/\/prague.org\/hu\/wp-json\/wp\/v2\/posts\/4771\/revisions\/5969"}],"wp:featuredmedia":[{"embeddable":true,"href":"https:\/\/prague.org\/hu\/wp-json\/wp\/v2\/media\/4772"}],"wp:attachment":[{"href":"https:\/\/prague.org\/hu\/wp-json\/wp\/v2\/media?parent=4771"}],"wp:term":[{"taxonomy":"category","embeddable":true,"href":"https:\/\/prague.org\/hu\/wp-json\/wp\/v2\/categories?post=4771"},{"taxonomy":"post_tag","embeddable":true,"href":"https:\/\/prague.org\/hu\/wp-json\/wp\/v2\/tags?post=4771"},{"taxonomy":"table_tags","embeddable":true,"href":"https:\/\/prague.org\/hu\/wp-json\/wp\/v2\/table_tags?post=4771"}],"curies":[{"name":"wp","href":"https:\/\/api.w.org\/{rel}","templated":true}]}}