{"id":5692,"date":"2022-08-23T10:40:50","date_gmt":"2022-08-23T08:40:50","guid":{"rendered":"https:\/\/prague.org\/?p=5692"},"modified":"2023-08-03T15:32:33","modified_gmt":"2023-08-03T13:32:33","slug":"hotel-arko-in-prague-for-a-peaceful-and-restful-day-in-prague","status":"publish","type":"post","link":"https:\/\/prague.org\/hu\/hotel-arko-in-prag-a-bekes-es-pihenteto-napert-pragban\/","title":{"rendered":"Hotel Arko Pr\u00e1g\u00e1ban: Arko: Egy b\u00e9k\u00e9s \u00e9s pihentet\u0151 nap Pr\u00e1g\u00e1ban"},"content":{"rendered":"<p>Mit sz\u00f3lna egy pr\u00e1gai kir\u00e1ndul\u00e1shoz?<\/p>\n\n\n\n<p>Sok ember els\u0151 gondolata, amikor tervez egy <a href=\"https:\/\/prague.org\/hu\/kulturalis-utazas-tervezese-pragaba\/\">kultur\u00e1lis kir\u00e1ndul\u00e1s<\/a> Eur\u00f3p\u00e1ba, hogy felfedezz\u00e9k Nyugat-Eur\u00f3pa sz\u00e1mos j\u00f3l ismert v\u00e1ros\u00e1nak egyik\u00e9t.<\/p>\n\n\n\n<p>M\u00e1sr\u00e9szt K\u00f6z\u00e9p-Eur\u00f3pa az a hely, ahov\u00e1 \u00e9rdemes ell\u00e1togatni, ha el akarunk menek\u00fclni a turistacsapd\u00e1k el\u0151l. Ami pedig azt illeti, hogy hov\u00e1 \u00e9rdemes Eur\u00f3p\u00e1ban utazni, mi is lehetne alkalmasabb, mint a kontinens magja?<\/p>\n\n\n\n<p>Ha seg\u00edts\u00e9gre van sz\u00fcks\u00e9ge a pr\u00e1gai utaz\u00e1s megtervez\u00e9s\u00e9hez, haszn\u00e1lja a Pr\u00e1ga <a href=\"https:\/\/prague.org\/hu\/\">\u00fatikalauz <\/a>hogy helyik\u00e9nt \u00e9lje \u00e1t a sz\u00e1z torony v\u00e1ros\u00e1t.<\/p>\n\n\n\n<p>Meggondoltad magad, hogy lefoglalj egy szob\u00e1t a Hotel Arko-ban? Olvassa tov\u00e1bb a Hotel Arko vezet\u0151s\u00e9g\u00e9vel k\u00e9sz\u00fclt exkluz\u00edv interj\u00fankat, amelyet most el\u0151sz\u00f6r l\u00e1that a nagyk\u00f6z\u00f6ns\u00e9g.<\/p>\n\n\n\n<h2 id=\"enjoy-the-tranquil-and-quiet-atmosphere-of-hotel-arko\" class=\"wp-block-heading\">\u00c9lvezze a Hotel Arko nyugodt \u00e9s csendes l\u00e9gk\u00f6r\u00e9t<\/h2>\n\n\n\n<p>A Hotel Arko 7 kilom\u00e9terre tal\u00e1lhat\u00f3 az \u00d3v\u00e1ros sz\u00edv\u00e9t\u0151l, \u00edgy nyugodt visszavonul\u00e1st biztos\u00edt. A sz\u00e1llod\u00e1t\u00f3l 4 kilom\u00e9teres k\u00f6rzetben tal\u00e1lhat\u00f3 La Fabrika. A sz\u00e1lloda a k\u00f6vetkez\u0151 helyen tal\u00e1lhat\u00f3 <a href=\"https:\/\/prague.org\/hu\/hotels-in-prague-9\/\">Pr\u00e1ga 9<\/a>, nem messze Venus\u00e9t\u0151l.<\/p>\n\n\n\n<p>A 25 szob\u00e1val rendelkez\u0151, 3 csillagos Hotel Arko Prague sz\u00e1llod\u00e1t\u00f3l kevesebb mint 10 perces s\u00e9t\u00e1ra tal\u00e1lhat\u00f3 a Pr\u00e1gai \u00c1llatkert. A sz\u00e1llod\u00e1ban r\u00e1gcs\u00e1lnival\u00f3kat, italokat \u00e9s valutav\u00e1lt\u00f3t \u00e1rus\u00edt\u00f3 automata \u00e1ll rendelkez\u00e9sre; a vend\u00e9gek a szekr\u00e9nyekben t\u00e1rolhatj\u00e1k holmijukat. hajsz\u00e1r\u00edt\u00f3 \u00e9s f\u00fcrd\u0151leped\u0151k minden f\u00fcrd\u0151szob\u00e1ban \u00e9s k\u00fcl\u00f6n WC-ben tal\u00e1lhat\u00f3ak.<\/p>\n\n\n\n<p>Van ott egy snack b\u00e1r is, hogy mindened meglegyen, ami a sz\u00f3rakoz\u00e1shoz sz\u00fcks\u00e9ges. A k\u00f6rny\u00e9ken t\u00f6bb \u00e9tterem is tal\u00e1lhat\u00f3, k\u00f6zt\u00fck a Park Cafe Strizkov \u00e9s a Strizkovska restaurace Mobydick. A Strizkov metr\u00f3\u00e1llom\u00e1s \u00e9s a Sidliste Prosek buszmeg\u00e1ll\u00f3 5 perces s\u00e9t\u00e1val el\u00e9rhet\u0151 a Hotel Arko sz\u00e1llod\u00e1t\u00f3l. A sz\u00e1llod\u00e1ban t\u00far\u00e1z\u00e1s, ker\u00e9kp\u00e1roz\u00e1s \u00e9s aut\u00f3k\u00f6lcs\u00f6nz\u00e9s is lehets\u00e9ges.<\/p>\n\n\n\n<p>Ezeket a tov\u00e1bbi el\u0151ny\u00f6ket \u00d6n is \u00e9lvezheti:<\/p>\n\n\n\n<ul>\n<li>sz\u00e9f<\/li>\n\n\n\n<li>24 \u00f3r\u00e1s el\u00e9rhet\u0151s\u00e9g<\/li>\n\n\n\n<li>VIP bejelentkez\u00e9s \u00e9s kijelentkez\u00e9s&nbsp;<\/li>\n\n\n\n<li>T\u00e1rol\u00f3hely a csomagoknak,<\/li>\n\n\n\n<li>Valutav\u00e1lt\u00e1s,<\/li>\n\n\n\n<li>Szobaszerviz \u00e1ll rendelkez\u00e9sre.<\/li>\n\n\n\n<li>Aut\u00f3b\u00e9rl\u00e9s,<\/li>\n\n\n\n<li>Seg\u00edts\u00e9g a t\u00far\u00e1k \u00e9s a jegyv\u00e1s\u00e1rl\u00e1s sor\u00e1n,<\/li>\n\n\n\n<li>Az \u00e9breszt\u0151\u00f3ra<\/li>\n\n\n\n<li>Az \u00e9breszt\u0151\u00f3ra<\/li>\n\n\n\n<li>Felt\u00f6lt\u00f6tt sikl\u00f3&nbsp;<\/li>\n\n\n\n<li>\u00c9lelmiszerv\u00e1s\u00e1rl\u00e1si seg\u00edts\u00e9g,&nbsp;<\/li>\n\n\n\n<li>F\u0171t\u00e9s, \u00fcl\u0151alkalmatoss\u00e1g \u00e9s vasal\u00e1si lehet\u0151s\u00e9g \u00e1ll rendelkez\u00e9sre.<\/li>\n\n\n\n<li>Fizet\u0151s parkol\u00e1si lehet\u0151s\u00e9g \u00e1ll rendelkez\u00e9sre.<\/li>\n<\/ul>\n\n\n\n<figure class=\"wp-block-image size-full\"><img decoding=\"async\" width=\"1024\" height=\"768\" src=\"https:\/\/prague.org\/wp-content\/uploads\/2022\/08\/12.jpg\" alt=\"H\u00e1l\u00f3szoba a Hotel Arko \u00e1ltal\" class=\"wp-image-5695\" srcset=\"https:\/\/prague.org\/wp-content\/uploads\/2022\/08\/12.jpg 1024w, https:\/\/prague.org\/wp-content\/uploads\/2022\/08\/12-600x450.jpg 600w, https:\/\/prague.org\/wp-content\/uploads\/2022\/08\/12-300x225.jpg 300w, https:\/\/prague.org\/wp-content\/uploads\/2022\/08\/12-768x576.jpg 768w, https:\/\/prague.org\/wp-content\/uploads\/2022\/08\/12-200x150.jpg 200w, https:\/\/prague.org\/wp-content\/uploads\/2022\/08\/12-260x195.jpg 260w, https:\/\/prague.org\/wp-content\/uploads\/2022\/08\/12-380x285.jpg 380w, https:\/\/prague.org\/wp-content\/uploads\/2022\/08\/12-800x600.jpg 800w\" sizes=\"(max-width: 1024px) 100vw, 1024px\" \/><figcaption class=\"wp-element-caption\">H\u00e1l\u00f3szoba a Hotel Arko \u00e1ltal<\/figcaption><\/figure>\n\n\n\n<h2 id=\"interview-hotel-arko\" class=\"wp-block-heading\">Interj\u00fa - Hotel Arko<\/h2>\n\n\n\n<p>Besz\u00e9lt\u00fcnk a Hotel Arko szem\u00e9lyzet\u00e9vel. A k\u00f6vetkez\u0151ket tudtuk meg...<\/p>\n\n\n\n<h3 id=\"how-long-has-this-hotel-existed-in-prague\" class=\"wp-block-heading\">Mi\u00f3ta l\u00e9tezik ez a sz\u00e1lloda Pr\u00e1g\u00e1ban?<\/h3>\n\n\n\n<blockquote class=\"wp-block-quote\">\n<p>&nbsp;7 \u00e9v.<\/p>\n<\/blockquote>\n\n\n\n<h3 id=\"what-is-the-particularity-of-your-hotel-that-guests-love\" class=\"wp-block-heading\"><strong>Mi az a k\u00fcl\u00f6nlegess\u00e9ge a sz\u00e1llod\u00e1j\u00e1nak, amit a vend\u00e9gek szeretnek?<\/strong><\/h3>\n\n\n\n<div class=\"wp-block-group is-layout-flow wp-block-group-is-layout-flow\"><div class=\"wp-block-group__inner-container\">\n<blockquote class=\"wp-block-quote\">\n<p>Vend\u00e9geink otthon \u00e9rzik magukat.<\/p>\n<\/blockquote>\n<\/div><\/div>\n\n\n\n<h3 id=\"what-style-do-you-think-defines-your-hotel\" class=\"wp-block-heading\">\u00d6n szerint milyen st\u00edlus jellemzi a sz\u00e1llod\u00e1j\u00e1t?<\/h3>\n\n\n\n<blockquote class=\"wp-block-quote\">\n<p>Nem luxus, hanem otthonoss\u00e1g \u00e9s tisztas\u00e1g.<\/p>\n<\/blockquote>\n\n\n\n<h3 id=\"three-words-to-describe-it\" class=\"wp-block-heading\">H\u00e1rom sz\u00f3val lehetne jellemezni?<\/h3>\n\n\n\n<blockquote class=\"wp-block-quote\">\n<p>\u00c9rezd magad otthon.<\/p>\n<\/blockquote>\n\n\n\n<h3 id=\"how-many-clients-do-you-welcome-per-year\" class=\"wp-block-heading\">H\u00e1ny \u00fcgyfelet fogad \u00e9vente?<\/h3>\n\n\n\n<blockquote class=\"wp-block-quote\">\n<p>2,000<\/p>\n<\/blockquote>\n\n\n\n<h3 id=\"what-is-the-most-interesting-season-for-your-hotel\" class=\"wp-block-heading\">Melyik a leg\u00e9rdekesebb szezon a sz\u00e1llod\u00e1ja sz\u00e1m\u00e1ra?<\/h3>\n\n\n\n<blockquote class=\"wp-block-quote\">\n<p>\u00c1prilis-j\u00fanius, augusztus-okt\u00f3ber.<\/p>\n<\/blockquote>\n\n\n\n<h3 id=\"what-is-the-best-period-of-the-year-to-visit-your-hotel\" class=\"wp-block-heading\">Melyik a legjobb id\u0151szak az \u00e9vben, amikor a sz\u00e1llod\u00e1t meg lehet l\u00e1togatni?<\/h3>\n\n\n\n<blockquote class=\"wp-block-quote\">\n<p>B\u00e1rmikor!<\/p>\n<\/blockquote>\n\n\n\n<h3 id=\"is-your-hotel-pet-friendly\" class=\"wp-block-heading\">\u00c1llatbar\u00e1t a sz\u00e1lloda?<\/h3>\n\n\n\n<blockquote class=\"wp-block-quote\">\n<p>Nem.<\/p>\n<\/blockquote>\n\n\n\n<h3 id=\"what-kind-of-customers-do-you-usually-receive-from-which-country\" class=\"wp-block-heading\">Milyen \u00fcgyfeleket szokott fogadni? Melyik orsz\u00e1gb\u00f3l?<\/h3>\n\n\n\n<blockquote class=\"wp-block-quote\">\n<p>Az \u00e1tlagos turist\u00e1knak, akiknek nincs sz\u00fcks\u00e9g\u00fck luxusra, \u00e9s \u00e9lvezik a kellemes, otthonos k\u00f6rnyezetet, a tisztas\u00e1got \u00e9s a j\u00f3 reggelit.<\/p>\n\n\n\n<p>Cseh K\u00f6zt\u00e1rsas\u00e1g, Lengyelorsz\u00e1g, Olaszorsz\u00e1g.<\/p>\n<\/blockquote>\n\n\n\n<p>K\u00f6sz\u00f6n\u00f6m sz\u00e9pen <a href=\"https:\/\/www.hotelarko.com\/\" rel=\"nofollow noopener\">Hotel Arko<\/a> az idej\u00e9\u00e9rt.<\/p>\n\n\n\n<h2 id=\"you-dont-want-to-wait-make-a-reservation-today\" class=\"wp-block-heading\">Nem akarsz v\u00e1rni. Foglaljon m\u00e9g ma<\/h2>\n\n\n\n<p>A Hotel Arko kiv\u00e1l\u00f3 alternat\u00edva azoknak, akik b\u00e9k\u00e9s \u00e9s pihentet\u0151 sz\u00e1ll\u00e1st keresnek Pr\u00e1g\u00e1ban. A l\u00e1togat\u00f3k \u00e9rt\u00e9kelni fogj\u00e1k a t\u00f6megk\u00f6zleked\u00e9ssel val\u00f3 megfelel\u0151 kapcsolatot, a tiszta szob\u00e1t, az olcs\u00f3 \u00e1rakat \u00e9s a seg\u00edt\u0151k\u00e9sz szem\u00e9lyzetet.<\/p>\n\n\n\n<p>Biztosak vagyunk benne, hogy kellemesen fog telni a pr\u00e1gai Hotel Arko sz\u00e1llod\u00e1ban. A h\u00e1romcsillagos csal\u00e1di sz\u00e1lloda k\u00e9nyelmes k\u00f6rnyezetet \u00e9s sz\u00e1mos hasznos k\u00e9nyelmet k\u00edn\u00e1l megfizethet\u0151 \u00e1ron.<\/p>\n\n\n<div class=\"cnvs-block-absolute-reviews cnvs-block-absolute-reviews-1657699727356 cnvs-block-absolute-reviews-layout-point-5\" >\t\t<div class=\"abr-post-review abr-review-block abr-review-point-5\" =\"reviews\"  =\"http:\/\/schema.org\/Review\">\n\n\t\t\t<div class=\"abr-review-author\" =\"author\"  =\"http:\/\/schema.org\/Person\">\n\t\t\t\t<span =\"name\">\n\t\t\t\t\t\t\t\t\t<\/span>\n\t\t\t<\/div>\n\n\t\t\t<!-- Info -->\n\t\t\t\n\t\t\t<!-- Review Total -->\n\t\t\t<div class=\"abr-review-total\">\n\t\t\t\t\t\t<div class=\"abr-review-data\">\n\t\t\t\n\t\t\t\t\t\t\t<div class=\"abr-review-line\">\n\t\t\t\t\t\t\t\t\t\t\t\t<span class=\"abr-review-slice abr-review-slice-active\"><\/span>\n\t\t\t\t\t\t\t\t\t\t\t\t\t<span class=\"abr-review-slice abr-review-slice-active\"><\/span>\n\t\t\t\t\t\t\t\t\t\t\t\t\t<span class=\"abr-review-slice abr-review-slice-active\"><\/span>\n\t\t\t\t\t\t\t\t\t\t\t\t\t<span class=\"abr-review-slice abr-review-slice-active\"><\/span>\n\t\t\t\t\t\t\t\t\t\t\t\t\t<span class=\"abr-review-slice abr-review-slice-no-active\"><\/span>\n\t\t\t\t\t\t\t\t\t\t<\/div>\n\t\t\t\n\t\t\t\t\t<\/div>\n\t\t\t\t\t\t\t\t<div class=\"abr-review-score\" =\"reviewRating\"  =\"http:\/\/schema.org\/Rating\">\n\t\t\t\t\t\t\t<div class=\"abr-review-text\">\n\t\t\t\t\t\t\t\t<span class=\"total\" =\"ratingValue\">4<\/span><span class=\"sep\">\/<\/span><span class=\"max\" =\"bestRating\">5<\/span>\t\t\t\t\t\t\t<\/div>\n\n\t\t\t\t\t\t\t\t\t\t\t\t\t\t\t<div class=\"abr-review-subtext\">\n\t\t\t\t\t\t\t\t\t\t\t\t\t\t\t\t\t\t\t<span class=\"abr-data-label\">Google fel\u00fclvizsg\u00e1lat<\/span>\n\t\t\t\t\t\t\t\t\t\n\t\t\t\t\t\t\t\t\t\t\t\t\t\t\t\t\t<\/div>\n\t\t\t\t\t\t\t\t\t\t\t\t\t<\/div>\n\t\t\t\t\t\t\t\t<\/div>\n\n\t\t\t<!-- Review Indicator -->\n\t\t\t\t\t\t\t\t<div class=\"abr-review-indicator\">\n\t\t\t\t\t\t<span class=\"abr-badge abr-badge-primary abr-review-badge-7\">\n\t\t\t\t\t\t\tJ\u00f3\t\t\t\t\t\t<\/span>\n\t\t\t\t\t<\/div>\n\t\t\t\t\t\n\t\t\t<!-- Items List -->\n\t\t\t\n\t\t\t<!-- Items Pros \/ Cons -->\n\t\t\t\t\t<\/div>\n\t\t<\/div>\n\n\n<div class=\"wp-block-columns is-layout-flex wp-container-14 wp-block-columns-is-layout-flex\">\n<div class=\"wp-block-column is-layout-flow wp-block-column-is-layout-flow\" style=\"flex-basis:100%\">\n<div class=\"wp-block-buttons is-layout-flex wp-container-12 wp-block-buttons-is-layout-flex\">\n<div class=\"wp-block-button is-style-cs-button-block\"><a class=\"wp-block-button__link wp-element-button\" href=\"https:\/\/www.booking.com\/hotel\/cz\/koral.en.html?aid=7905235&amp;no_rooms=1&amp;group_adults=2\" target=\"_blank\" rel=\"noreferrer noopener nofollow\">\u00c1RAK \u00c9S V\u00c9LEM\u00c9NYEK MEGTEKINT\u00c9SE<\/a><\/div>\n<\/div>\n<\/div>\n<\/div>\n\n\n\n<div style=\"height:100px\" aria-hidden=\"true\" class=\"wp-block-spacer\"><\/div>","protected":false},"excerpt":{"rendered":"Mit sz\u00f3lna egy pr\u00e1gai kir\u00e1ndul\u00e1shoz? Sok ember els\u0151 gondolata, amikor egy eur\u00f3pai kultur\u00e1lis utaz\u00e1st tervez, az, hogy...","protected":false},"author":2,"featured_media":5694,"comment_status":"closed","ping_status":"closed","sticky":false,"template":"","format":"standard","meta":{"footnotes":""},"categories":[22,204,18],"tags":[31,101],"table_tags":[],"_links":{"self":[{"href":"https:\/\/prague.org\/hu\/wp-json\/wp\/v2\/posts\/5692"}],"collection":[{"href":"https:\/\/prague.org\/hu\/wp-json\/wp\/v2\/posts"}],"about":[{"href":"https:\/\/prague.org\/hu\/wp-json\/wp\/v2\/types\/post"}],"author":[{"embeddable":true,"href":"https:\/\/prague.org\/hu\/wp-json\/wp\/v2\/users\/2"}],"replies":[{"embeddable":true,"href":"https:\/\/prague.org\/hu\/wp-json\/wp\/v2\/comments?post=5692"}],"version-history":[{"count":4,"href":"https:\/\/prague.org\/hu\/wp-json\/wp\/v2\/posts\/5692\/revisions"}],"predecessor-version":[{"id":8979,"href":"https:\/\/prague.org\/hu\/wp-json\/wp\/v2\/posts\/5692\/revisions\/8979"}],"wp:featuredmedia":[{"embeddable":true,"href":"https:\/\/prague.org\/hu\/wp-json\/wp\/v2\/media\/5694"}],"wp:attachment":[{"href":"https:\/\/prague.org\/hu\/wp-json\/wp\/v2\/media?parent=5692"}],"wp:term":[{"taxonomy":"category","embeddable":true,"href":"https:\/\/prague.org\/hu\/wp-json\/wp\/v2\/categories?post=5692"},{"taxonomy":"post_tag","embeddable":true,"href":"https:\/\/prague.org\/hu\/wp-json\/wp\/v2\/tags?post=5692"},{"taxonomy":"table_tags","embeddable":true,"href":"https:\/\/prague.org\/hu\/wp-json\/wp\/v2\/table_tags?post=5692"}],"curies":[{"name":"wp","href":"https:\/\/api.w.org\/{rel}","templated":true}]}}