{"id":6150,"date":"2022-10-20T10:00:00","date_gmt":"2022-10-20T08:00:00","guid":{"rendered":"https:\/\/prague.org\/?p=6150"},"modified":"2024-01-02T18:51:11","modified_gmt":"2024-01-02T16:51:11","slug":"greatest-czech-fairy-tales-for-christmas","status":"publish","type":"post","link":"https:\/\/prague.org\/hu\/legnagyobb-cseh-mesek-karacsonyra\/","title":{"rendered":"A legnagyobb cseh mes\u00e9k kar\u00e1csonyra"},"content":{"rendered":"<p>Kar\u00e1csony k\u00f6zeledt\u00e9vel, <a href=\"https:\/\/prague.org\/hu\/\">Pr\u00e1ga<\/a> t\u00e9li csodaorsz\u00e1gg\u00e1 v\u00e1ltozik, sok-sok t\u00f6rt\u00e9nettel. Javasoljuk, hogy fedezze fel az elb\u0171v\u00f6l\u0151 <a href=\"https:\/\/prague.org\/hu\/vidampark-prague\/\">vid\u00e1mpark<\/a> kar\u00e1csonykor.<\/p>\n\n\n\n<p> A cseh mes\u00e9ket a kar\u00e1csonyi szezonban v\u00e9gig mes\u00e9lik a gyerekeknek, abban a rem\u00e9nyben, hogy \u00e1tadj\u00e1k az erk\u00f6lcs\u00f6t \u00e9s a cseh kult\u00fara m\u00e9ly titkait. E mes\u00e9k n\u00e9melyik\u00e9b\u0151l filmeket is k\u00e9sz\u00edtettek, amelyeket k\u00fcl\u00f6n\u00f6sen kar\u00e1csonykor vet\u00edtenek. K\u00e9ts\u00e9gtelen, hogy a mes\u00e9l\u00e9s \u00e9s a kar\u00e1csonyi filmn\u00e9z\u00e9s kult\u00far\u00e1ja az \u00fcnnepi id\u0151szakban az eg\u00e9sz vil\u00e1gon elterjedt. \u00c9s a legt\u00f6bbsz\u00f6r ezek a kar\u00e1csonyi mes\u00e9k, f\u00fcggetlen\u00fcl a szerepl\u0151k k\u00f6z\u00f6tti k\u00fcl\u00f6nbs\u00e9gt\u0151l, gyakran ugyanazt az \u00fczenetet k\u00f6zvet\u00edtik a szeretetr\u0151l, a kedvess\u00e9gr\u0151l \u00e9s m\u00e1s nemes er\u00e9nyekr\u0151l.<\/p>\n\n\n\n<h2 id=\"top-3-czech-fairy-tales-for-christmas\" class=\"wp-block-heading\">Top 3 cseh mese kar\u00e1csonyra<\/h2>\n\n\n\n<p>Rengeteg csod\u00e1latos cseh mese van kar\u00e1csonyra. B\u00e1r a legt\u00f6bb kar\u00e1csonyi mese a gyerekeknek sz\u00f3l, a cseh kar\u00e1csonyi mes\u00e9k csal\u00e1di megtekint\u00e9sre vannak szabva. \u00cdgy a gyerekek \u00e9s a feln\u0151ttek sokkal k\u00f6nnyebben tudnak azonosulni az ilyen t\u00f6rt\u00e9netekkel. \u00cdme a 3 legjobb cseh mese kar\u00e1csonyra, amit l\u00e1tnod kell:<\/p>\n\n\n\n<h3 id=\"tri-orisky-pro-popelku-three-wishes-for-cinderella\" class=\"wp-block-heading\">T\u0159i o\u0159\u00ed\u0161ky pro Popelku \/ H\u00e1rom k\u00edv\u00e1ns\u00e1g Hamupip\u0151k\u00e9nek<\/h3>\n\n\n\n<figure class=\"wp-block-image size-large\"><img decoding=\"async\" width=\"1024\" height=\"576\" src=\"https:\/\/prague.org\/wp-content\/uploads\/2022\/10\/Three-Wishes-for-Cinderella-1024x576.webp\" alt=\"H\u00e1rom k\u00edv\u00e1ns\u00e1g Hamupip\u0151k\u00e9nek\" class=\"wp-image-6275\" srcset=\"https:\/\/prague.org\/wp-content\/uploads\/2022\/10\/Three-Wishes-for-Cinderella-1024x576.webp 1024w, https:\/\/prague.org\/wp-content\/uploads\/2022\/10\/Three-Wishes-for-Cinderella-600x338.webp 600w, https:\/\/prague.org\/wp-content\/uploads\/2022\/10\/Three-Wishes-for-Cinderella-300x169.webp 300w, https:\/\/prague.org\/wp-content\/uploads\/2022\/10\/Three-Wishes-for-Cinderella-768x432.webp 768w, https:\/\/prague.org\/wp-content\/uploads\/2022\/10\/Three-Wishes-for-Cinderella-380x214.webp 380w, https:\/\/prague.org\/wp-content\/uploads\/2022\/10\/Three-Wishes-for-Cinderella-800x450.webp 800w, https:\/\/prague.org\/wp-content\/uploads\/2022\/10\/Three-Wishes-for-Cinderella-1160x653.webp 1160w, https:\/\/prague.org\/wp-content\/uploads\/2022\/10\/Three-Wishes-for-Cinderella.webp 1280w\" sizes=\"(max-width: 1024px) 100vw, 1024px\" \/><figcaption class=\"wp-element-caption\">H\u00e1rom k\u00edv\u00e1ns\u00e1g Hamupip\u0151k\u00e9nek<\/figcaption><\/figure>\n\n\n\n<p>Ez az egyik legjobb cseh mese kar\u00e1csonyra - 1973-as megjelen\u00e9se \u00f3ta sz\u00f3 szerint minden kar\u00e1csonyi mese ad\u00e1slist\u00e1j\u00e1n szerepel. Ez a csod\u00e1latos cseh \u00e9s n\u00e9met mese egy fiatal l\u00e1nyr\u00f3l sz\u00f3l, aki az esz\u00e9nek \u00e9s \u00fcgyess\u00e9g\u00e9nek k\u00f6sz\u00f6nhet\u0151en beker\u00fclt a palot\u00e1ba. Popelka\/Cinderella ebben a t\u00f6rt\u00e9netben nem \u00fagy jelenik meg, mint egy bajba jutott kisl\u00e1ny, aki folyton seg\u00edts\u00e9g\u00e9rt ki\u00e1lt. Popelka\/Cinderella ink\u00e1bb egy er\u0151s l\u00e1nyk\u00e9nt jelenik meg, aki nem f\u00e9l b\u00e1rmilyen kih\u00edv\u00e1st felv\u00e1llalni, ami az \u00fatj\u00e1ba ker\u00fcl. A fiatal l\u00e1nyok sz\u00e1m\u00e1ra az er\u0151 \u00e9s a rem\u00e9ny \u00fczenet\u00e9t k\u00f6zvet\u00edti, hogy \u00e1lmaik val\u00f3ban \u00e9rv\u00e9nyesek.<\/p>\n\n\n\n<h3 id=\"byl-jednou-jeden-kral-once-upon-a-time-there-was-a-king-1954\" class=\"wp-block-heading\">Byl jednou jeden kr\u00e1l \/ Volt egyszer egy kir\u00e1ly... (1954)<\/h3>\n\n\n\n<figure class=\"wp-block-image size-large\"><img decoding=\"async\" width=\"1024\" height=\"755\" src=\"https:\/\/prague.org\/wp-content\/uploads\/2022\/10\/Once-Upon-a-Time-There-Was-a-King-1024x755.webp\" alt=\"Egyszer volt, hol nem volt\" class=\"wp-image-6273\" srcset=\"https:\/\/prague.org\/wp-content\/uploads\/2022\/10\/Once-Upon-a-Time-There-Was-a-King-1024x755.webp 1024w, https:\/\/prague.org\/wp-content\/uploads\/2022\/10\/Once-Upon-a-Time-There-Was-a-King-600x442.webp 600w, https:\/\/prague.org\/wp-content\/uploads\/2022\/10\/Once-Upon-a-Time-There-Was-a-King-300x221.webp 300w, https:\/\/prague.org\/wp-content\/uploads\/2022\/10\/Once-Upon-a-Time-There-Was-a-King-768x566.webp 768w, https:\/\/prague.org\/wp-content\/uploads\/2022\/10\/Once-Upon-a-Time-There-Was-a-King-380x280.webp 380w, https:\/\/prague.org\/wp-content\/uploads\/2022\/10\/Once-Upon-a-Time-There-Was-a-King-800x590.webp 800w, https:\/\/prague.org\/wp-content\/uploads\/2022\/10\/Once-Upon-a-Time-There-Was-a-King.webp 1134w\" sizes=\"(max-width: 1024px) 100vw, 1024px\" \/><figcaption class=\"wp-element-caption\">Egyszer volt, hol nem volt<\/figcaption><\/figure>\n\n\n\n<p>A kar\u00e1csony az \u00f6r\u00f6m id\u0151szaka, \u00e9s mi az \u00f6r\u00f6m egy j\u00f3 filmes nevet\u00e9s n\u00e9lk\u00fcl? Ez a klasszikus mese egy kir\u00e1lyr\u00f3l sz\u00f3l, aki megk\u00e9rdezte a l\u00e1nyait, hogy mennyire szeretik \u0151t. M\u00edg a t\u00f6bbi l\u00e1nya \u00e9des dolgokhoz hasonl\u00edtotta az ir\u00e1nta \u00e9rzett szeretet\u00e9t, addig a legkisebb l\u00e1nya megd\u00f6bbentette, aki a s\u00f3 ir\u00e1nti szeretet\u00e9hez hasonl\u00edtotta az ir\u00e1nta \u00e9rzett szeretet\u00e9t. Hogy bebizony\u00edtsa, hogy l\u00e1nya \u00e9sszer\u0171tlen, \u00fagy d\u00f6nt\u00f6tt, s\u00f3 n\u00e9lk\u00fcl fog \u00e9lni. Hamarosan mind \u0151, mind udvaroncai feladt\u00e1k a sz\u00ednj\u00e1t\u00e9kot, mivel az \u00e9tel\u00fck \u00edzetlen volt s\u00f3 n\u00e9lk\u00fcl. Ez a komikus film a \"S\u00f3 az arany felett\" c\u00edm\u0171 cseh mese alapj\u00e1n k\u00e9sz\u00fclt, \u00e9s mindig mosolyt csal az arcokra.<\/p>\n\n\n\n<h3 id=\"the-twelve-months-dvanact-mesicku\" class=\"wp-block-heading\">A tizenk\u00e9t h\u00f3nap\/Dvanact Mesicku<\/h3>\n\n\n\n<figure class=\"wp-block-image size-large\"><img decoding=\"async\" width=\"683\" height=\"1024\" src=\"https:\/\/prague.org\/wp-content\/uploads\/2022\/10\/The-Twelve-Months-683x1024.webp\" alt=\"A tizenk\u00e9t h\u00f3nap\" class=\"wp-image-6274\" srcset=\"https:\/\/prague.org\/wp-content\/uploads\/2022\/10\/The-Twelve-Months-683x1024.webp 683w, https:\/\/prague.org\/wp-content\/uploads\/2022\/10\/The-Twelve-Months-600x900.webp 600w, https:\/\/prague.org\/wp-content\/uploads\/2022\/10\/The-Twelve-Months-200x300.webp 200w, https:\/\/prague.org\/wp-content\/uploads\/2022\/10\/The-Twelve-Months-768x1152.webp 768w, https:\/\/prague.org\/wp-content\/uploads\/2022\/10\/The-Twelve-Months-380x570.webp 380w, https:\/\/prague.org\/wp-content\/uploads\/2022\/10\/The-Twelve-Months.webp 780w\" sizes=\"(max-width: 683px) 100vw, 683px\" \/><figcaption class=\"wp-element-caption\">A tizenk\u00e9t h\u00f3nap<\/figcaption><\/figure>\n\n\n\n<p>Ez egy m\u00e1sik feldolgoz\u00e1s a cseh Hamupip\u0151ke mes\u00e9b\u0151l. A t\u00f6rt\u00e9net Marusk\u00e1r\u00f3l sz\u00f3l, aki apja hal\u00e1la ut\u00e1n sokat szenvedett gonosz mostohaanyj\u00e1t\u00f3l \u00e9s mostohatestv\u00e9r\u00e9t\u0151l, Kvet\u00e1t\u00f3l. De a sorsa hamarosan megv\u00e1ltozott. Egy gazdag fiatalember, Karel visszat\u00e9r haz\u00e1j\u00e1ba, \u00e9s meg\u00edg\u00e9ri, hogy csak azt a le\u00e1nyt veszi feles\u00e9g\u00fcl, aki h\u00e1rom h\u00e1tborzongat\u00f3 aj\u00e1nd\u00e9kot hoz neki: illatos iboly\u00e1t, l\u00e9d\u00fas epret \u00e9s egy piros alm\u00e1s f\u00e1t. A k\u00e9r\u00e9se lehetetlen, hiszen t\u00e9l k\u00f6zep\u00e9n van, ennek ellen\u00e9re Marusk\u00e1t mostohaanyja arra k\u00e9nyszer\u00edti, hogy megtal\u00e1lja ezeket a lehetetlen aj\u00e1nd\u00e9kokat. A tizenk\u00e9t term\u00e9szetfeletti \u00f6regemberrel val\u00f3 tal\u00e1lkoz\u00e1sa a havas erd\u0151ben teljesen megv\u00e1ltoztatta az \u00e9lete menet\u00e9t.<\/p>\n\n\n\n<h2 id=\"watch-now-a-czech-christmas-fairy-tale\" class=\"wp-block-heading\">N\u00e9zzen meg most egy cseh kar\u00e1csonyi mes\u00e9t<\/h2>\n\n\n\n<p>Rengeteg csod\u00e1latos cseh mese van, amelyek t\u00f6k\u00e9letesen illenek a kar\u00e1csonyhoz. Ezekb\u0151l a mes\u00e9kb\u0151l k\u00e9sz\u00fcltek anim\u00e1ci\u00f3s filmek gyerekeknek, valamint \u00e9l\u0151szerepl\u0151s filmek feln\u0151tteknek. Nem kell m\u00e1st tenned, mint r\u00e1hangol\u00f3dni, \u00e9s \u00e9lvezni a t\u00f6rt\u00e9netet. Ez a pr\u00e1gai kar\u00e1csonyi \u00fcnneps\u00e9g k\u00fcl\u00f6nleges r\u00e9sze.<\/p>","protected":false},"excerpt":{"rendered":"A kar\u00e1csony k\u00f6zeledt\u00e9vel Pr\u00e1ga t\u00e9li csodaorsz\u00e1gg\u00e1 v\u00e1ltozik, ahol sokf\u00e9le t\u00f6rt\u00e9net j\u00e1tsz\u00f3dik le. Javasoljuk, hogy fedezze fel...","protected":false},"author":2,"featured_media":6276,"comment_status":"closed","ping_status":"closed","sticky":false,"template":"","format":"standard","meta":{"footnotes":""},"categories":[15,204,39],"tags":[202],"table_tags":[],"_links":{"self":[{"href":"https:\/\/prague.org\/hu\/wp-json\/wp\/v2\/posts\/6150"}],"collection":[{"href":"https:\/\/prague.org\/hu\/wp-json\/wp\/v2\/posts"}],"about":[{"href":"https:\/\/prague.org\/hu\/wp-json\/wp\/v2\/types\/post"}],"author":[{"embeddable":true,"href":"https:\/\/prague.org\/hu\/wp-json\/wp\/v2\/users\/2"}],"replies":[{"embeddable":true,"href":"https:\/\/prague.org\/hu\/wp-json\/wp\/v2\/comments?post=6150"}],"version-history":[{"count":5,"href":"https:\/\/prague.org\/hu\/wp-json\/wp\/v2\/posts\/6150\/revisions"}],"predecessor-version":[{"id":12476,"href":"https:\/\/prague.org\/hu\/wp-json\/wp\/v2\/posts\/6150\/revisions\/12476"}],"wp:featuredmedia":[{"embeddable":true,"href":"https:\/\/prague.org\/hu\/wp-json\/wp\/v2\/media\/6276"}],"wp:attachment":[{"href":"https:\/\/prague.org\/hu\/wp-json\/wp\/v2\/media?parent=6150"}],"wp:term":[{"taxonomy":"category","embeddable":true,"href":"https:\/\/prague.org\/hu\/wp-json\/wp\/v2\/categories?post=6150"},{"taxonomy":"post_tag","embeddable":true,"href":"https:\/\/prague.org\/hu\/wp-json\/wp\/v2\/tags?post=6150"},{"taxonomy":"table_tags","embeddable":true,"href":"https:\/\/prague.org\/hu\/wp-json\/wp\/v2\/table_tags?post=6150"}],"curies":[{"name":"wp","href":"https:\/\/api.w.org\/{rel}","templated":true}]}}