{"id":6442,"date":"2022-11-09T05:19:00","date_gmt":"2022-11-09T03:19:00","guid":{"rendered":"https:\/\/prague.org\/?p=6442"},"modified":"2024-02-16T12:03:08","modified_gmt":"2024-02-16T10:03:08","slug":"experience-pragues-dark-past-on-a-ghost-tour","status":"publish","type":"post","link":"https:\/\/prague.org\/hu\/experience-pragues-dark-past-on-a-ghost-tour\/","title":{"rendered":"Pr\u00e1ga s\u00f6t\u00e9t m\u00faltj\u00e1nak megtapasztal\u00e1sa egy szellemt\u00far\u00e1n"},"content":{"rendered":"<p>Pr\u00e1ga, a t\u00f6bb t\u00edzezer \u00e9ves m\u00faltra visszatekint\u0151 f\u0151v\u00e1ros jelent\u0151s region\u00e1lis hatalmi k\u00f6zpont volt, \u00e9s a R\u00f3mai Birodalom szerves r\u00e9sze. <a href=\"https:\/\/prague.org\/hu\/charles-iv\/\">IV. K\u00e1roly<\/a>, egy cseh uralkod\u00f3, majd r\u00f3mai cs\u00e1sz\u00e1r alap\u00edtotta az orsz\u00e1g f\u0151v\u00e1ros\u00e1t.<\/p>\n\n\n\n<p>Nem besz\u00e9lhet\u00fcnk Pr\u00e1ga t\u00f6rt\u00e9nelm\u00e9r\u0151l an\u00e9lk\u00fcl, hogy ne eml\u00edten\u00e9nk meg tragikus m\u00faltj\u00e1t. Pr\u00e1ga t\u00f6rt\u00e9netei, legend\u00e1i \u00e9s szellemei a v\u00e1ros viharos m\u00faltj\u00e1nak k\u00f6sz\u00f6nhet\u0151en. Emellett Pr\u00e1ga felismeri \u00e9s \u00e1polja a megsz\u00e1ll\u00e1s \u00e9s a h\u00e1bor\u00fa alatti trag\u00e9di\u00e1khoz \u00e9s hal\u00e1lesetekhez kapcsol\u00f3d\u00f3 modernkori t\u00f6rt\u00e9nelmi helysz\u00edneket.<\/p>\n\n\n\n<p>\u00d6ssze\u00e1ll\u00edtottunk egy list\u00e1t Pr\u00e1ga legfontosabb legend\u00e1ir\u00f3l \u00e9s k\u00eds\u00e9rtetmes\u00e9ir\u0151l. Ha \u00d6n az a fajta utaz\u00f3, aki szereti a h\u00e1tborzongat\u00f3 t\u00f6rt\u00e9nelmet, vagy ha egy r\u00f6vid nyaral\u00e1st szeretne kit\u00f6lteni egy kis k\u00eds\u00e9rteties v\u00e1rosn\u00e9z\u00e9ssel, fontolja meg, hogy csatlakozik hozz\u00e1nk egy pr\u00e1gai szellemt\u00far\u00e1n. Egy Pr\u00e1ga s\u00f6t\u00e9t m\u00faltj\u00e1ban elt\u00f6lt\u00f6tt h\u00e9tv\u00e9g\u00e9t neh\u00e9z fel\u00fclm\u00falni!<\/p>\n\n\n\n<p>\u00c9lvezze a pr\u00e1gai szellemek \u00e9s legend\u00e1k az \u00f3v\u00e1rosban s\u00e9t\u00e1l\u00f3 t\u00far\u00e1t vel\u00fcnk, mik\u00f6zben meghallgatja az \u0151si pr\u00e1gai legend\u00e1kat, amikor a f\u00f6ldalatti helyis\u00e9gek haszn\u00e1latban voltak, \u00e9s elk\u00e9pzeli, milyen volt az \u00e9let a v\u00e1ros lak\u00f3i sz\u00e1m\u00e1ra akkoriban. A pr\u00e1gai v\u00e1rb\u00f6rt\u00f6nt, egy k\u00f6z\u00e9pkori k\u00ednz\u00e1si m\u00fazeumot \u00e9s egy kiv\u00e9gz\u0151helyet is megn\u00e9zhet.<\/p>\n\n\n\n<div class=\"gyg-iframe-container\" style=\"margin-bottom:1.5em\"><iframe style=\"border:0;height:100%;width:100%\" title=\"GetYourGuide tev\u00e9kenys\u00e9gek widget\" src=\"https:\/\/widget.getyourguide.com\/default\/activities.frame?widget=wp_activities&amp;currency=EUR&amp;locale_code=en-GB&amp;number_of_items=3&amp;partner_id=U94OQGQ&amp;q=Prague%E2%80%99s%20Dark%20Past\"><\/iframe><\/div>\n\n\n\n<h2 id=\"pragues-dark-history-5-main-legends-and-ghosts\" class=\"wp-block-heading\">Pr\u00e1ga s\u00f6t\u00e9t t\u00f6rt\u00e9nelme: 5 f\u0151 legenda \u00e9s k\u00eds\u00e9rtet<\/h2>\n\n\n\n<p>Ha azt mondan\u00e1nk, hogy Pr\u00e1g\u00e1nak s\u00f6t\u00e9t m\u00faltja van, az m\u00e9g enyhe kifejez\u00e9s lenne. A cseh f\u0151v\u00e1ros k\u00eds\u00e9rtetj\u00e1rta hotspotjai, a testetlen szellemek a <a href=\"https:\/\/prague.org\/hu\/charles-bridge\/\">K\u00e1roly-h\u00edd,<\/a> \u00e9s a Faust-h\u00e1z balj\u00f3s m\u00faltja csak n\u00e9h\u00e1ny a Pr\u00e1g\u00e1ban tal\u00e1lhat\u00f3 h\u00e1tborzongat\u00f3 dolgok k\u00f6z\u00fcl. Az al\u00e1bbiakban a legjelent\u0151sebb legend\u00e1kat \u00e9s k\u00eds\u00e9rtett\u00f6rt\u00e9neteket j\u00e1rjuk k\u00f6rbe r\u00e9szletesen.<\/p>\n\n\n\n<h3 id=\"satans-bridge\" class=\"wp-block-heading\">S\u00e1t\u00e1n h\u00eddja<\/h3>\n\n\n\n<figure class=\"wp-block-image size-large\"><img decoding=\"async\" width=\"1024\" height=\"686\" src=\"https:\/\/prague.org\/wp-content\/uploads\/2022\/11\/charles-bridge-prague-1024x686.jpg\" alt=\"K\u00e1roly h\u00edd Pr\u00e1ga\" class=\"wp-image-6444\" srcset=\"https:\/\/prague.org\/wp-content\/uploads\/2022\/11\/charles-bridge-prague-1024x686.jpg 1024w, https:\/\/prague.org\/wp-content\/uploads\/2022\/11\/charles-bridge-prague-600x402.jpg 600w, https:\/\/prague.org\/wp-content\/uploads\/2022\/11\/charles-bridge-prague-300x201.jpg 300w, https:\/\/prague.org\/wp-content\/uploads\/2022\/11\/charles-bridge-prague-768x514.jpg 768w, https:\/\/prague.org\/wp-content\/uploads\/2022\/11\/charles-bridge-prague-380x254.jpg 380w, https:\/\/prague.org\/wp-content\/uploads\/2022\/11\/charles-bridge-prague-800x536.jpg 800w, https:\/\/prague.org\/wp-content\/uploads\/2022\/11\/charles-bridge-prague-1160x777.jpg 1160w, https:\/\/prague.org\/wp-content\/uploads\/2022\/11\/charles-bridge-prague.jpg 1280w\" sizes=\"(max-width: 1024px) 100vw, 1024px\" \/><figcaption class=\"wp-element-caption\">K\u00e1roly-h\u00edd, Pr\u00e1ga<\/figcaption><\/figure>\n\n\n\n<p>A t\u00far\u00e1k indulnak <a href=\"https:\/\/prague.org\/hu\/charles-bridge\/\">K\u00e1roly h\u00edd<\/a>. K\u00e1roly h\u00edd k\u00eds\u00e9rtetek. Nepomuki Szent J\u00e1nos hal\u00e1la a legh\u00edresebb h\u00eddt\u00f6rt\u00e9net, de a S\u00e1t\u00e1n is szerepet j\u00e1tszik benne.<\/p>\n\n\n\n<p>A pr\u00e1gai legend\u00e1k szerint a K\u00e1roly-h\u00edd a k\u00f6zel\u00e9ben omlott \u00f6ssze, ahol Nepomukot meg\u00f6lt\u00e9k, mert megv\u00e9dett egy titkot IV Vencel kir\u00e1lyt\u00f3l.<\/p>\n\n\n\n<p>Egy Jan nev\u0171 fiatal k\u0151m\u0171ves sz\u00e1mos sikertelen pr\u00f3b\u00e1lkoz\u00e1s ut\u00e1n megjav\u00edtotta a K\u00e1roly hidat. Jan legnagyobb er\u0151fesz\u00edt\u00e9sei sem tudt\u00e1k meg\u0151rizni a hidat, ez\u00e9rt elkeseredett, hogy nem tudta megt\u00f6rni a var\u00e1zslatot.&nbsp;<\/p>\n\n\n\n<p>Az \u00f6rd\u00f6g meg\u00edg\u00e9rte Jannak, hogy id\u0151ben megjav\u00edtja a hidat, hogy az els\u0151 l\u00e9lek \u00e1tmehessen rajta. Jan nem akarta, hogy az elk\u00f6telezetts\u00e9ge b\u00e1rkinek az \u00e9let\u00e9be ker\u00fclj\u00f6n, bele\u00e9rtve a saj\u00e1tj\u00e1t is. Azt akarta, hogy egy csirke vagy egy macska menjen \u00e1t el\u0151sz\u00f6r a h\u00eddon.<\/p>\n\n\n\n<p>Az \u00e1rv\u00edz t\u00f6nkretette a K\u00e1roly hidat. Mindenki le\u00e1ll\u00edtotta a h\u00edd jav\u00edt\u00e1s\u00e1t, mert azt hitt\u00e9k, hogy el van \u00e1tkozva. Miut\u00e1n befejezte, az \u00f6rd\u00f6g azt mondta Jan v\u00e1rand\u00f3s feles\u00e9g\u00e9nek, hogy Jan \u00f3kori k\u0151m\u0171ves balesetet szenvedett. Jan feles\u00e9ge \u00e1tkelt a h\u00eddon, hogy a piacon tal\u00e1lja \u0151t.<\/p>\n\n\n\n<p>Jan feles\u00e9g\u00e9n\u00e9l megindult a sz\u00fcl\u00e9s, \u00e9s \u0151 \u00e9s a baba meghaltak.  Jan keservesen s\u00edrva a foly\u00f3ba vetette mag\u00e1t.<\/p>\n\n\n\n<div class=\"wp-block-buttons is-layout-flex wp-block-buttons-is-layout-flex\"><\/div>\n\n\n\n<h3 id=\"pragues-golem\" class=\"wp-block-heading\"><a href=\"https:\/\/prague.org\/hu\/golem-of-prague\/\" data-type=\"link\" data-id=\"https:\/\/prague.org\/golem-of-prague\/\">Pr\u00e1gai g\u00f3lem<\/a><\/h3>\n\n\n\n<figure class=\"wp-block-image size-full\"><img decoding=\"async\" width=\"1000\" height=\"600\" src=\"https:\/\/prague.org\/wp-content\/uploads\/2022\/11\/Pragues-Golem.jpg\" alt=\"Pr\u00e1gai g\u00f3lem\" class=\"wp-image-6501\" srcset=\"https:\/\/prague.org\/wp-content\/uploads\/2022\/11\/Pragues-Golem.jpg 1000w, https:\/\/prague.org\/wp-content\/uploads\/2022\/11\/Pragues-Golem-600x360.jpg 600w, https:\/\/prague.org\/wp-content\/uploads\/2022\/11\/Pragues-Golem-300x180.jpg 300w, https:\/\/prague.org\/wp-content\/uploads\/2022\/11\/Pragues-Golem-768x461.jpg 768w, https:\/\/prague.org\/wp-content\/uploads\/2022\/11\/Pragues-Golem-380x228.jpg 380w, https:\/\/prague.org\/wp-content\/uploads\/2022\/11\/Pragues-Golem-800x480.jpg 800w\" sizes=\"(max-width: 1000px) 100vw, 1000px\" \/><figcaption class=\"wp-element-caption\">Pr\u00e1gai g\u00f3lem<\/figcaption><\/figure>\n\n\n\n<p>B\u00e1rmelyik pr\u00e1gai szellem- \u00e9s legendat\u00fara sor\u00e1n biztosan hallani fog a G\u00f3lem t\u00f6rt\u00e9net\u00e9r\u0151l, a v\u00e1ros legh\u00edresebb legend\u00e1j\u00e1r\u00f3l. Az 1600-as \u00e9vekben II. Rudolf r\u00f3mai cs\u00e1sz\u00e1r zsid\u00f3ellenes ellens\u00e9gesked\u00e9st sz\u00edtott Pr\u00e1g\u00e1ban.<\/p>\n\n\n\n<p>II. Rudolf uralkod\u00e1s\u00e1nak c\u00e9lja Ausztria katolikus egyh\u00e1zi egyes\u00edt\u00e9se volt. Ennek \u00e9rdek\u00e9ben Hitler a zsid\u00f3 n\u00e9p k\u00f6r\u00e9ben sz\u00e9les k\u00f6r\u0171 f\u00e9lelmet keltett.<\/p>\n\n\n\n<p>A kabbala egyik f\u0151 szab\u00e1ly\u00e1t megszegve Loew rabbi \u00e9letet adott a pr\u00e1gai zsid\u00f3k v\u00e9delm\u00e9ben.<\/p>\n\n\n\n<p>Loew rabbi Isten igazi nev\u00e9t, egy \u0151si csal\u00e1di titkot haszn\u00e1lt, hogy \u00e9letet leheljen az \u00e1ltala faragott agyag g\u00f3lembe.<\/p>\n\n\n\n<p>Egy vall\u00e1si pergamen seg\u00edts\u00e9g\u00e9vel Loew rabbi a G\u00f3lemmel zaklatta a pr\u00e1gai nem zsid\u00f3kat.<\/p>\n\n\n\n<p>Az emberek azonnal k\u00f6ny\u00f6r\u00f6gni kezdtek Loew rabbinak, hogy \u00e1ll\u00edtsa meg a G\u00f3lemet. Cser\u00e9be a pr\u00e1gai zsid\u00f3kat b\u00e9k\u00e9n hagyt\u00e1k.<\/p>\n\n\n\n<p>Loew rabbi minden er\u0151fesz\u00edt\u00e9se ellen\u00e9re a G\u00f3lem m\u00e9g mindig a pr\u00e1gai \u00daj-\u00d6reg Zsinag\u00f3ga pinc\u00e9j\u00e9ben \u00e9l.<\/p>\n\n\n\n<div class=\"wp-block-buttons is-layout-flex wp-block-buttons-is-layout-flex\"><\/div>\n\n\n\n<h3 id=\"native-american\" class=\"wp-block-heading\">Amerikai \u0151slakos<\/h3>\n\n\n\n<figure class=\"wp-block-image size-full\"><img decoding=\"async\" width=\"750\" height=\"500\" src=\"https:\/\/prague.org\/wp-content\/uploads\/2022\/11\/Native-American.jpg\" alt=\"Amerikai \u0151slakos\" class=\"wp-image-6675\" srcset=\"https:\/\/prague.org\/wp-content\/uploads\/2022\/11\/Native-American.jpg 750w, https:\/\/prague.org\/wp-content\/uploads\/2022\/11\/Native-American-600x400.jpg 600w, https:\/\/prague.org\/wp-content\/uploads\/2022\/11\/Native-American-300x200.jpg 300w, https:\/\/prague.org\/wp-content\/uploads\/2022\/11\/Native-American-380x253.jpg 380w\" sizes=\"(max-width: 750px) 100vw, 750px\" \/><figcaption class=\"wp-element-caption\">Amerikai \u0151slakos<\/figcaption><\/figure>\n\n\n\n<p>Egy Pr\u00e1g\u00e1ban elhunyt amerikai \u0151slakos f\u00e9rfi, aki hazav\u00e1gyott haz\u00e1j\u00e1ba, \u00e1ll a v\u00e1ros egyik legr\u00e9miszt\u0151bb szellemt\u00f6rt\u00e9net\u00e9nek k\u00f6z\u00e9ppontj\u00e1ban.<\/p>\n\n\n\n<p>1900 k\u00f6r\u00fcl Pr\u00e1ga a vadnyugati showm\u0171sorok fellegv\u00e1ra volt. \"Norm\u00e1lisnak\" sz\u00e1m\u00edtott, hogy az indi\u00e1n \u0151slakosokat gonosztev\u0151 szerepekben szerepeltett\u00e9k.<\/p>\n\n\n\n<p>A pr\u00e1gai tart\u00f3zkod\u00e1suk alatt az egyik amerikai rosszul lett. A t\u00fcd\u0151gyullad\u00e1s v\u00e9g\u00fcl v\u00e9gzetesnek bizonyult, val\u00f3sz\u00edn\u0171leg tuberkul\u00f3zis miatt.<\/p>\n\n\n\n<p>A haldokl\u00f3 f\u00e9rfi utols\u00f3 k\u00edv\u00e1ns\u00e1ga az volt, hogy hazat\u00e9rjen \u00e9s haz\u00e1j\u00e1ban hamvasztass\u00e1k el. A pr\u00e1gai Tvanice-szigeten hunyt el.<\/p>\n\n\n\n<p>Mivel nem volt kereszt\u00e9ny, nem temethett\u00e9k el egyetlen kereszt\u00e9ny temet\u0151ben sem. Ehelyett a Vadnyugat show bar\u00e1tai temett\u00e9k el a holttest\u00e9t Na Frantikuban.<\/p>\n\n\n\n<p>Az amerikai szelleme \u00e1ll\u00edt\u00f3lag nem tudja elhagyni Pr\u00e1g\u00e1t. Ha s\u00fct a nap, a foly\u00f3 partj\u00e1n \u00fcl \u00e9s sz\u00fcl\u0151v\u00e1ros\u00e1r\u00f3l \u00e1br\u00e1ndozik.<\/p>\n\n\n\n<p>Temet\u00e9s\u00e9nek nyoma sincs. Fogja meg egy eml\u00e9kbolt csontjait vagy a pip\u00e1j\u00e1t, \u00e9s vigye el az Egyes\u00fclt \u00c1llamok d\u00e9lnyugati r\u00e9sz\u00e9re, \u00e9s nyugodtan pihenhet.<\/p>\n\n\n\n<div class=\"wp-block-buttons is-layout-flex wp-block-buttons-is-layout-flex\"><\/div>\n\n\n\n<h3 id=\"pragues-iron-knight\" class=\"wp-block-heading\">Pr\u00e1ga vaslovagja<\/h3>\n\n\n\n<figure class=\"wp-block-image size-full\"><img decoding=\"async\" width=\"911\" height=\"483\" src=\"https:\/\/prague.org\/wp-content\/uploads\/2022\/11\/iron-knight.jpg\" alt=\"A vaslovag\" class=\"wp-image-6504\" srcset=\"https:\/\/prague.org\/wp-content\/uploads\/2022\/11\/iron-knight.jpg 911w, https:\/\/prague.org\/wp-content\/uploads\/2022\/11\/iron-knight-600x318.jpg 600w, https:\/\/prague.org\/wp-content\/uploads\/2022\/11\/iron-knight-300x159.jpg 300w, https:\/\/prague.org\/wp-content\/uploads\/2022\/11\/iron-knight-768x407.jpg 768w, https:\/\/prague.org\/wp-content\/uploads\/2022\/11\/iron-knight-380x201.jpg 380w, https:\/\/prague.org\/wp-content\/uploads\/2022\/11\/iron-knight-800x424.jpg 800w\" sizes=\"(max-width: 911px) 100vw, 911px\" \/><figcaption class=\"wp-element-caption\">A vaslovag<\/figcaption><\/figure>\n\n\n\n<p>A Vaslovag, akit id\u0151nk\u00e9nt S\u00f6t\u00e9t Lovagnak is neveznek, egy h\u00edres pr\u00e1gai szellem. J\u00e1chym Berka val\u00f3ban szerelmes lovag volt.<\/p>\n\n\n\n<p>Amikor J\u00e1chym m\u00e9g a h\u00e1bor\u00faban volt, a menyasszonya h\u00e1zass\u00e1gt\u00f6r\u00e9s\u00e9r\u0151l sz\u00f3l\u00f3 pletyk\u00e1k eljutottak hozz\u00e1. Amikor J\u00e1chym hazat\u00e9rt, meg\u00f6lte a n\u0151t.<\/p>\n\n\n\n<p>A haldokl\u00f3 asszony vezekl\u00e9sre \u00edt\u00e9lte J\u00e1chymot. K\u0151v\u00e9 v\u00e1lt, amikor meg\u00e1tkozt\u00e1k.<\/p>\n\n\n\n<p>Ahogy k\u00e9rte, k\u0151szobork\u00e9nt \u00e9l, \u00e9s 100 \u00e9venk\u00e9nt k\u00eds\u00e9rti Pr\u00e1g\u00e1t, bocs\u00e1nat ut\u00e1n v\u00e1gyakozva. Egy j\u00f3 le\u00e1ny cs\u00f3kja megt\u00f6rheti az \u00e1tkot.<\/p>\n\n\n\n<div class=\"wp-block-buttons is-layout-flex wp-block-buttons-is-layout-flex\"><\/div>\n\n\n\n<h3 id=\"duchess-drahomra-of-stodor\" class=\"wp-block-heading\">Drahomra Sztodor hercegn\u0151je<\/h3>\n\n\n\n<figure class=\"wp-block-image size-full\"><img decoding=\"async\" width=\"900\" height=\"534\" src=\"https:\/\/prague.org\/wp-content\/uploads\/2022\/11\/Duchess-Drahomra-of-Stodor.jpg\" alt=\"Drahomra Sztodor hercegn\u0151je\" class=\"wp-image-6674\" srcset=\"https:\/\/prague.org\/wp-content\/uploads\/2022\/11\/Duchess-Drahomra-of-Stodor.jpg 900w, https:\/\/prague.org\/wp-content\/uploads\/2022\/11\/Duchess-Drahomra-of-Stodor-600x356.jpg 600w, https:\/\/prague.org\/wp-content\/uploads\/2022\/11\/Duchess-Drahomra-of-Stodor-300x178.jpg 300w, https:\/\/prague.org\/wp-content\/uploads\/2022\/11\/Duchess-Drahomra-of-Stodor-768x456.jpg 768w, https:\/\/prague.org\/wp-content\/uploads\/2022\/11\/Duchess-Drahomra-of-Stodor-380x225.jpg 380w, https:\/\/prague.org\/wp-content\/uploads\/2022\/11\/Duchess-Drahomra-of-Stodor-800x475.jpg 800w\" sizes=\"(max-width: 900px) 100vw, 900px\" \/><figcaption class=\"wp-element-caption\">Drahomra Sztodor hercegn\u0151je<\/figcaption><\/figure>\n\n\n\n<p>Az egykor pog\u00e1ny Csehorsz\u00e1gban, amikor oly sokan felvett\u00e9k a kereszt\u00e9nys\u00e9get, a hercegn\u0151 hirdette \u00faj vall\u00e1s\u00e1t, de titokban visszat\u00e9rt pog\u00e1ny szok\u00e1saihoz. Titkos szertart\u00e1sokat v\u00e9gzett, \u00e9s v\u00e1r\u00e1ban szl\u00e1v isteneknek \u00e1ldozott.<\/p>\n\n\n\n<p>\u00c1ll\u00edt\u00f3lag szerz\u0151d\u00e9st k\u00f6t\u00f6tt az \u00f6rd\u00f6ggel, hogy megakad\u00e1lyozza a kereszt\u00e9nys\u00e9g terjed\u00e9s\u00e9t. K\u00e9t ver\u0151leg\u00e9nyt utas\u00edtott, hogy fojtogass\u00e1k meg odaad\u00f3an j\u00e1mbor any\u00f3s\u00e1t.<\/p>\n\n\n\n<p>Csehorsz\u00e1gb\u00f3l kitasz\u00edtott\u00e1k, \u00e9s kocsin menek\u00fclt el Pr\u00e1g\u00e1b\u00f3l. Amikor meghallott\u00e1k a templomi harangok harangz\u00fag\u00e1s\u00e1t, a kocsis elment im\u00e1dkozni.<\/p>\n\n\n\n<p>Az \u00f6rd\u00f6g akkor ragadta meg a lelk\u00e9t, amikor v\u00e9dtelen \u00e9s gyenge volt. A templom udvara alatti hasad\u00e9kon kereszt\u00fcl a pokolba vonszolta.<\/p>\n\n\n\n<p>Gyakran \u00e9jf\u00e9l ut\u00e1n a t\u00fczes kocsit gyakran lehetett l\u00e1tni a k\u00e1rhozathoz k\u00f6zel.<\/p>\n\n\n\n<div class=\"wp-block-buttons is-layout-flex wp-block-buttons-is-layout-flex\"><\/div>\n\n\n\n<h2 id=\"why-take-a-prague-ghost-tour-main-ghost-tours\" class=\"wp-block-heading\">Mi\u00e9rt \u00e9rdemes r\u00e9szt venni egy pr\u00e1gai szellemt\u00far\u00e1n: F\u0151 szellemt\u00far\u00e1k<\/h2>\n\n\n\n<p>Csatlakozzon hozz\u00e1nk egy utaz\u00e1sra Pr\u00e1g\u00e1ban, t\u00e1vol a l\u00e1togat\u00f3k t\u00f6megeit\u0151l, ha valami k\u00eds\u00e9rteties \u00e9s ijeszt\u0151 dologra v\u00e1gyik.<\/p>\n\n\n\n<p>Mik\u00f6zben az \u00f3v\u00e1ros sz\u0171k sik\u00e1torain kereszt\u00fcl haladsz, meghallgathatsz h\u00e1tborzongat\u00f3 t\u00f6rt\u00e9neteket azokr\u00f3l a szerencs\u00e9tlenekr\u0151l, akik tov\u00e1bbra is k\u00eds\u00e9rtenek a k\u00f6rny\u00e9ken, \u00e9s megtudhatod tragikus sorsukat.&nbsp;<\/p>\n\n\n\n<p>Sz\u00e1mos olyan helyet fog megl\u00e1togatni, amelyek a ter\u00fclet rejt\u00e9lyeihez \u00e9s legend\u00e1ihoz kapcsol\u00f3dnak, amelyek gener\u00e1ci\u00f3kon kereszt\u00fcl \u00f6r\u00f6kl\u0151dtek.&nbsp;<\/p>\n\n\n\n<p>Emellett t\u00f6bbet megtudhat a k\u00f6z\u00e9pkori k\u00ednz\u00e1sokr\u00f3l \u00e9s megtekintheti a val\u00f3di k\u00ednz\u00f3fegyvereket egy b\u00f6rt\u00f6nbe tett t\u00fara sor\u00e1n.<\/p>\n\n\n\n<h3 id=\"old-town-evening-tour-main-ghost-tours\" class=\"wp-block-heading\">Esti \u00f3v\u00e1rosi t\u00fara: Ghost Tours: Main Ghost Tours<\/h3>\n\n\n\n<div data-gyg-href=\"https:\/\/widget.getyourguide.com\/default\/activities.frame\" data-gyg-locale-code=\"en-US\" data-gyg-widget=\"activities\" data-gyg-number-of-items=\"1\" data-gyg-partner-id=\"U94OQGQ\" data-gyg-q=\"Prague%3A%20Ghosts%20and%20Legends%20of%20the%20Old%20Town%20Evening%20Tour\"><\/div>\n\n\n\n<p>A v\u00e1ros viharos m\u00faltj\u00e1b\u00f3l kaphat \u00edzel\u00edt\u0151t egy 1,5 \u00f3r\u00e1s vezetett s\u00e9ta sor\u00e1n Pr\u00e1ga sz\u0171k utc\u00e1in \u00e9s kanyarg\u00f3s sik\u00e1toraiban.&nbsp;<\/p>\n\n\n\n<h4 id=\"highlights\" class=\"wp-block-heading\">Kiemelt inform\u00e1ci\u00f3k<\/h4>\n\n\n\n<ul>\n<li>Ismerje meg az \u00f3v\u00e1ros k\u00eds\u00e9rtetj\u00e1r\u00e1sait egy k\u00e9tnyelv\u0171 idegenvezet\u0151t\u0151l, aki n\u00e9met\u00fcl \u00e9s angolul is mindent el tud mondani.<\/li>\n\n\n\n<li>Foglaljon, majd fizessen k\u00e9s\u0151bb<\/li>\n\n\n\n<li>1,5 \u00f3r\u00e1s t\u00fara<\/li>\n\n\n\n<li>A kir\u00e1ndul\u00e1s indul\u00f3 \u00e1ra 17 eur\u00f3.<\/li>\n\n\n\n<li>Van egy kerekessz\u00e9kkel megk\u00f6zel\u00edthet\u0151.<\/li>\n\n\n\n<li>Ha legal\u00e1bb 24 \u00f3r\u00e1val a tervezett kezd\u00e9s el\u0151tt lemondja a t\u00far\u00e1t, nem sz\u00e1m\u00edtunk fel lemond\u00e1si d\u00edjat.<\/li>\n<\/ul>\n\n\n\n<h4 id=\"what-is-included\" class=\"wp-block-heading\">Mit tartalmaz<\/h4>\n\n\n\n<ul>\n<li>Native Guide<\/li>\n\n\n\n<li>Narr\u00e1ci\u00f3 n\u00e9met \u00e9s angol nyelven<\/li>\n<\/ul>\n\n\n\n<div class=\"wp-block-buttons is-layout-flex wp-block-buttons-is-layout-flex\">\n<div class=\"wp-block-button is-style-cs-button-block\"><a class=\"wp-block-button__link wp-element-button\" href=\"https:\/\/www.getyourguide.com\/prague-l10\/ghost-tour-prague-ghosts-legends-of-the-old-town-t6845\/?partner_id=U94OQGQ&amp;utm_medium=online_publisher&amp;placement=button-cta\" target=\"_blank\" rel=\"noreferrer noopener nofollow\">\u2192 FOGLALJON MOST<\/a><\/div>\n<\/div>\n\n\n\n<h3 id=\"walking-tour-main-ghost-tours\" class=\"wp-block-heading\"><a href=\"https:\/\/www.getyourguide.com\/activity\/-t63988?partner_id=U94OQGQ\" rel=\"nofollow noopener\">Gyalogt\u00fara: Ghost Tours<\/a><\/h3>\n\n\n\n<div data-gyg-href=\"https:\/\/widget.getyourguide.com\/default\/activities.frame\" data-gyg-locale-code=\"en-US\" data-gyg-widget=\"activities\" data-gyg-number-of-items=\"1\" data-gyg-partner-id=\"U94OQGQ\" data-gyg-q=\"Prague%3A%20Ghosts%20and%20Legends%20Walking%20Tour\"><\/div>\n\n\n\n<p>Vegye fontol\u00f3ra az alternat\u00edv\u00e1kat. Tegyen egy k\u00f6r\u00fclbel\u00fcl 1,5 \u00f3r\u00e1s pr\u00e1gai gyalogos v\u00e1rosn\u00e9z\u00e9st. Fedezze fel a v\u00e1ros t\u00f6rt\u00e9nelm\u00e9t \u00e9s t\u00f6rt\u00e9nelm\u00e9t egy orosz, angol, spanyol, n\u00e9met, francia, olasz \u00e9s francia nyelven besz\u00e9l\u0151 idegenvezet\u0151 seg\u00edts\u00e9g\u00e9vel. Hallgasson meg t\u00f6rt\u00e9neteket egy szokatlan v\u00e1rosr\u00f3l, \u00e9s ismerje meg n\u00e9h\u00e1ny felfedezetlen t\u00f6rt\u00e9net\u00e9t 19,13 \u20ac-t\u00f3l fejenk\u00e9nt.<\/p>\n\n\n\n<h4 id=\"highlights-2\" class=\"wp-block-heading\">Kiemelt inform\u00e1ci\u00f3k<\/h4>\n\n\n\n<ul>\n<li>Ez egy 1,5 \u00f3r\u00e1s s\u00e9ta Pr\u00e1g\u00e1ban.<\/li>\n\n\n\n<li>19,13 \u20ac-t\u00f3l fejenk\u00e9nt<\/li>\n\n\n\n<li>Ha a s\u00e9ta kezdete el\u0151tt legal\u00e1bb 24 \u00f3r\u00e1val lemondja a r\u00e9szv\u00e9telt, nem kell fizetnie.<\/li>\n\n\n\n<li>Javasoljuk, hogy a tervezett \u00e1tv\u00e9teli id\u0151pont el\u0151tt t\u00edz perccel v\u00e1rakozzon a sz\u00e1lloda hallj\u00e1ban.<\/li>\n\n\n\n<li>&nbsp;Ha k\u00edv\u00e1ncsiak lenn\u00e9nek <a href=\"https:\/\/prague.org\/hu\/5-dolog-amit-meg-kell-tenned-ha-esik-az-eso-pragaban\/\">mi a teend\u0151, ha Pr\u00e1g\u00e1ban esik az es\u0151<\/a>, ne agg\u00f3djon, mert az idegenvezet\u0151n\u00e9l lesz eserny\u0151.<\/li>\n<\/ul>\n\n\n\n<h4 id=\"what-is-included-2\" class=\"wp-block-heading\">Mit tartalmaz<\/h4>\n\n\n\n<ul>\n<li>\u00c9rv\u00e9nyes\u00edt\u00e9s a r\u00e9gi pr\u00e1gai Alkimist\u00e1k \u00e9s M\u00e1gusok M\u00fazeum\u00e1ba val\u00f3 bel\u00e9p\u00e9shez<\/li>\n\n\n\n<li>Narr\u00e1ci\u00f3 orosz, angol, spanyol, n\u00e9met, francia \u00e9s olasz nyelven<\/li>\n\n\n\n<li>Felsz\u00e1ll\u00e1si \u00e9s elsz\u00e1ll\u00e1si szolg\u00e1ltat\u00e1s a sz\u00e1llod\u00e1t\u00f3l\/sz\u00e1ll\u00f3khoz<\/li>\n\n\n\n<li>K\u00e9tnyelv\u0171 (angol \u00e9s n\u00e9met) \u00fatmutat\u00f3.<\/li>\n<\/ul>\n\n\n\n<div class=\"wp-block-buttons is-layout-flex wp-block-buttons-is-layout-flex\">\n<div class=\"wp-block-button is-style-cs-button-block\"><a class=\"wp-block-button__link wp-element-button\" href=\"https:\/\/www.getyourguide.com\/activity\/-t63988?partner_id=U94OQGQ\" target=\"_blank\" rel=\"noreferrer noopener nofollow\">\u2192 FOGLALJON MOST<\/a><\/div>\n<\/div>\n\n\n\n<h3 id=\"medieval-underground-dungeon-tour-main-ghost-tours\" class=\"wp-block-heading\"><a href=\"https:\/\/www.getyourguide.com\/activity\/-t43388?partner_id=U94OQGQ\" target=\"_blank\" rel=\"noreferrer noopener nofollow\">K\u00f6z\u00e9pkori f\u00f6ldalatti \u00e9s b\u00f6rt\u00f6n t\u00fara : Main Ghost Tours<\/a><\/h3>\n\n\n\n<div data-gyg-href=\"https:\/\/widget.getyourguide.com\/default\/activities.frame\" data-gyg-locale-code=\"en-US\" data-gyg-widget=\"activities\" data-gyg-number-of-items=\"1\" data-gyg-partner-id=\"U94OQGQ\" data-gyg-q=\"Prague%3A%20Ghosts%2C%20Legends%2C%20Medieval%20Underground%20%26%20Dungeon%20Tour\"><\/div>\n\n\n\n<p>Ez az interakt\u00edv, 70 perces s\u00e9ta Pr\u00e1ga kaotikus t\u00f6rt\u00e9nelm\u00e9nek s\u00f6t\u00e9t bugyraiba enged bepillant\u00e1st, \u00e9s nyugodtan mondhatjuk, hogy ezt kev\u00e9s eur\u00f3pai v\u00e1ros mondhatja el mag\u00e1r\u00f3l. Itt gyilkoss\u00e1gokr\u00f3l \u00e9s rejt\u00e9lyekr\u0151l, m\u00e1gi\u00e1r\u00f3l \u00e9s k\u00e1oszr\u00f3l sz\u00f3l\u00f3 t\u00f6rt\u00e9neteket hallhat, \u00e9s el lesz ragadtatva. Tartsa szemmel az \u00e1rny\u00e9k\u00e1t, mik\u00f6zben v\u00e9rfoltos sik\u00e1torokat \u00e9s macskak\u00f6vekkel kirakott utc\u00e1kat fedez fel.<\/p>\n\n\n\n<p>Ha k\u00edv\u00e1ncsi vagy <a href=\"https:\/\/prague.org\/hu\/12-dolog-amit-a-gyerekekkel-egyutt-kell-csinalni-pragaban\/\">mit lehet csin\u00e1lni a gyerekekkel Pr\u00e1g\u00e1ban<\/a>, megnyugtatja a lelketeket, ha tudj\u00e1tok, hogy m\u00e1r h\u00e9t\u00e9ves gyerekeket is sz\u00edvesen l\u00e1tnak.&nbsp;<\/p>\n\n\n\n<h4 id=\"highlights-3\" class=\"wp-block-heading\">Kiemelt inform\u00e1ci\u00f3k<\/h4>\n\n\n\n<ul>\n<li>Ez egy 70 perces gyalogt\u00fara<\/li>\n\n\n\n<li>Az idegenvezet\u0151 felveszi \u00d6nt a v\u00e1ros sz\u00edv\u00e9ben.<\/li>\n\n\n\n<li>Az idegenvezet\u0151 a h\u00e1tborzongat\u00f3 jelenet r\u00e9szek\u00e9nt \u00f6lt\u00f6zik be.<\/li>\n\n\n\n<li>Az \u00e1rak szem\u00e9lyenk\u00e9nt 18 eur\u00f3t\u00f3l kezd\u0151dnek.<\/li>\n\n\n\n<li>Nem kell fizetnie, ha a t\u00far\u00e1t legal\u00e1bb 24 \u00f3r\u00e1val a kezd\u00e9s el\u0151tt lemondja.<\/li>\n\n\n\n<li>M\u00e1r h\u00e9t\u00e9ves gyerekek is r\u00e9szt vehetnek.<\/li>\n<\/ul>\n\n\n\n<h4 id=\"what-is-included-3\" class=\"wp-block-heading\">Mit tartalmaz<\/h4>\n\n\n\n<ul>\n<li>Helyi idegenvezet\u0151<\/li>\n\n\n\n<li>Narr\u00e1ci\u00f3 angol \u00e9s n\u00e9met nyelven<\/li>\n<\/ul>\n\n\n\n<div class=\"wp-block-buttons is-layout-flex wp-block-buttons-is-layout-flex\">\n<div class=\"wp-block-button is-style-cs-button-block\"><a class=\"wp-block-button__link wp-element-button\" href=\"https:\/\/www.getyourguide.com\/activity\/-t43388?partner_id=U94OQGQ\" target=\"_blank\" rel=\"noreferrer noopener nofollow\">\u2192 FOGLALJON MOST<\/a><\/div>\n<\/div>\n\n\n\n<h2 id=\"come-along-for-a-ghost-tour-in-prague\" class=\"wp-block-heading\">J\u00f6jj\u00f6n el egy pr\u00e1gai szellemt\u00far\u00e1ra<\/h2>\n\n\n\n\n\n<p>B\u00e1r Pr\u00e1ga eszt\u00e9tikai vonzereje tagadhatatlan, a v\u00e1rosnak s\u00f6t\u00e9t m\u00faltja miatt van egy s\u00f6t\u00e9tebb oldala is. Ez a v\u00e1ros hossz\u00fa m\u00faltra tekint vissza a k\u00eds\u00e9rtetekkel, az \u00f6rd\u00f6ggel \u00e9s a t\u00falvil\u00e1ggal kapcsolatos h\u00e1tborzongat\u00f3 legend\u00e1kb\u00f3l, ez\u00e9rt tartson vel\u00fcnk, amikor vel\u00fcnk tart a pr\u00e1gai szellemek \u00e9s legend\u00e1k az \u00f3v\u00e1rosban gyalogt\u00far\u00e1n.<\/p>\n\n\n\n<div class=\"gyg-iframe-container\" style=\"margin-bottom:1.5em\"><iframe style=\"border:0;height:100%;width:100%\" title=\"GetYourGuide v\u00e1rosi widget\" src=\"https:\/\/widget.getyourguide.com\/default\/city.frame?widget=wp_city&amp;iata=prg&amp;locale_code=en-GB&amp;partner_id=U94OQGQ\"><\/iframe><\/div>","protected":false},"excerpt":{"rendered":"Pr\u00e1ga, a t\u00f6bb t\u00edzezer \u00e9ves m\u00faltra visszatekint\u0151 f\u0151v\u00e1ros, a r\u00e9gi\u00f3 nagyhatalma volt...","protected":false},"author":2,"featured_media":6445,"comment_status":"closed","ping_status":"closed","sticky":false,"template":"","format":"standard","meta":{"footnotes":""},"categories":[14,204,43],"tags":[57],"table_tags":[],"_links":{"self":[{"href":"https:\/\/prague.org\/hu\/wp-json\/wp\/v2\/posts\/6442"}],"collection":[{"href":"https:\/\/prague.org\/hu\/wp-json\/wp\/v2\/posts"}],"about":[{"href":"https:\/\/prague.org\/hu\/wp-json\/wp\/v2\/types\/post"}],"author":[{"embeddable":true,"href":"https:\/\/prague.org\/hu\/wp-json\/wp\/v2\/users\/2"}],"replies":[{"embeddable":true,"href":"https:\/\/prague.org\/hu\/wp-json\/wp\/v2\/comments?post=6442"}],"version-history":[{"count":22,"href":"https:\/\/prague.org\/hu\/wp-json\/wp\/v2\/posts\/6442\/revisions"}],"predecessor-version":[{"id":12858,"href":"https:\/\/prague.org\/hu\/wp-json\/wp\/v2\/posts\/6442\/revisions\/12858"}],"wp:featuredmedia":[{"embeddable":true,"href":"https:\/\/prague.org\/hu\/wp-json\/wp\/v2\/media\/6445"}],"wp:attachment":[{"href":"https:\/\/prague.org\/hu\/wp-json\/wp\/v2\/media?parent=6442"}],"wp:term":[{"taxonomy":"category","embeddable":true,"href":"https:\/\/prague.org\/hu\/wp-json\/wp\/v2\/categories?post=6442"},{"taxonomy":"post_tag","embeddable":true,"href":"https:\/\/prague.org\/hu\/wp-json\/wp\/v2\/tags?post=6442"},{"taxonomy":"table_tags","embeddable":true,"href":"https:\/\/prague.org\/hu\/wp-json\/wp\/v2\/table_tags?post=6442"}],"curies":[{"name":"wp","href":"https:\/\/api.w.org\/{rel}","templated":true}]}}