{"id":6588,"date":"2022-11-15T10:01:28","date_gmt":"2022-11-15T08:01:28","guid":{"rendered":"https:\/\/prague.org\/?p=6588"},"modified":"2024-01-02T18:50:00","modified_gmt":"2024-01-02T16:50:00","slug":"the-ultimate-us-to-prague-travel-guide","status":"publish","type":"post","link":"https:\/\/prague.org\/hu\/az-ultimalis-mi-az-pragai-utikalauz\/","title":{"rendered":"Az Egyes\u00fclt \u00c1llamokb\u00f3l Pr\u00e1g\u00e1ba utaz\u00e1si \u00fatmutat\u00f3 2024-re"},"content":{"rendered":"<p>A Cseh K\u00f6zt\u00e1rsas\u00e1gba \u00e9vente t\u00f6bb mint 20 milli\u00f3 turista l\u00e1togat el, \u00e9s ezzel Eur\u00f3pa egyik legn\u00e9pszer\u0171bb turisztikai c\u00e9lpontja. Pr\u00e1ga, az orsz\u00e1g f\u0151v\u00e1rosa \u00e9vente t\u00f6bb mint 8 milli\u00f3 turist\u00e1t vonz, akik k\u00f6z\u00fcl t\u00f6bb mint 7 milli\u00f3an k\u00fclf\u00f6ldr\u0151l \u00e9rkeznek, k\u00f6zt\u00fck amerikaiak. Ez az \u00fatik\u00f6nyv megmutatja, hogyan <a href=\"https:\/\/prague.org\/hu\/how-to-travel-to-prague-from-the-us\/\">Pr\u00e1g\u00e1b\u00f3l az Egyes\u00fclt \u00c1llamokba utazni<\/a>.<\/p>\n\n\n\n<p>Eur\u00f3p\u00e1n bel\u00fcli strat\u00e9giai fekv\u00e9se miatt Pr\u00e1ga k\u00f6nnyen megk\u00f6zel\u00edthet\u0151. A pr\u00e1gai utaz\u00e1s rep\u00fcl\u0151vel vagy vas\u00faton a megszokott.<\/p>\n\n\n\n<p>Az Egyes\u00fclt \u00c1llamokb\u00f3l Pr\u00e1g\u00e1ba csak n\u00e9h\u00e1ny rep\u00fcl\u0151t\u00e9r \u00e9s l\u00e9git\u00e1rsas\u00e1g k\u00edn\u00e1l k\u00f6zvetlen j\u00e1ratokat. A Delta, a KLM \u00e9s az Air France k\u00f6zvetlen\u00fcl a New York-i JFK rep\u00fcl\u0151t\u00e9ren kereszt\u00fcl rep\u00fclhet.<\/p>\n\n\n\n<p>Ez\u00e9rt val\u00f3sz\u00edn\u0171leg a JFK rep\u00fcl\u0151t\u00e9ren vagy egy m\u00e1sik eur\u00f3pai helysz\u00ednen, p\u00e9ld\u00e1ul Londonban kell lesz\u00e1llni. Ne feledje tov\u00e1bb\u00e1, hogy az \u00e1rkateg\u00f3ri\u00e1j\u00e1ba tartoz\u00f3 sz\u00e1llod\u00e1k egyik\u00e9t foglalja le. Nagyon sok <a href=\"https:\/\/prague.org\/hu\/pragai-ettermek-amelyek-latvanyos-kilatast-nyujtanak-2\/\">l\u00e1tv\u00e1nyos kil\u00e1t\u00e1ssal rendelkez\u0151 pr\u00e1gai sz\u00e1llod\u00e1k<\/a> k\u00f6z\u00fcl v\u00e1laszthat.<\/p>\n\n\n\n<h2 id=\"why-you-should-visit-prague-in-a-weekend\" class=\"wp-block-heading\">Mi\u00e9rt \u00e9rdemes Pr\u00e1g\u00e1ba l\u00e1togatni egy h\u00e9tv\u00e9g\u00e9n<\/h2>\n\n\n\n<figure class=\"wp-block-image size-large\"><img decoding=\"async\" width=\"1024\" height=\"683\" src=\"https:\/\/prague.org\/wp-content\/uploads\/2022\/11\/dmitry-goykolov-X8Vo9rGVPS8-unsplash-1-1024x683.jpg\" alt=\"Pr\u00e1gai kil\u00e1t\u00e1s\" class=\"wp-image-6590\" srcset=\"https:\/\/prague.org\/wp-content\/uploads\/2022\/11\/dmitry-goykolov-X8Vo9rGVPS8-unsplash-1-1024x683.jpg 1024w, https:\/\/prague.org\/wp-content\/uploads\/2022\/11\/dmitry-goykolov-X8Vo9rGVPS8-unsplash-1-scaled-600x400.jpg 600w, https:\/\/prague.org\/wp-content\/uploads\/2022\/11\/dmitry-goykolov-X8Vo9rGVPS8-unsplash-1-300x200.jpg 300w, https:\/\/prague.org\/wp-content\/uploads\/2022\/11\/dmitry-goykolov-X8Vo9rGVPS8-unsplash-1-768x512.jpg 768w, https:\/\/prague.org\/wp-content\/uploads\/2022\/11\/dmitry-goykolov-X8Vo9rGVPS8-unsplash-1-1536x1024.jpg 1536w, https:\/\/prague.org\/wp-content\/uploads\/2022\/11\/dmitry-goykolov-X8Vo9rGVPS8-unsplash-1-2048x1365.jpg 2048w, https:\/\/prague.org\/wp-content\/uploads\/2022\/11\/dmitry-goykolov-X8Vo9rGVPS8-unsplash-1-380x253.jpg 380w, https:\/\/prague.org\/wp-content\/uploads\/2022\/11\/dmitry-goykolov-X8Vo9rGVPS8-unsplash-1-800x533.jpg 800w, https:\/\/prague.org\/wp-content\/uploads\/2022\/11\/dmitry-goykolov-X8Vo9rGVPS8-unsplash-1-1160x773.jpg 1160w, https:\/\/prague.org\/wp-content\/uploads\/2022\/11\/dmitry-goykolov-X8Vo9rGVPS8-unsplash-1-scaled.jpg 2560w\" sizes=\"(max-width: 1024px) 100vw, 1024px\" \/><figcaption class=\"wp-element-caption\">Pr\u00e1gai kil\u00e1t\u00e1s<\/figcaption><\/figure>\n\n\n\n<ul>\n<li>Ez a v\u00e1ros felvir\u00e1gzott, \u00e9s ma n\u00e9pszer\u0171bb, mint valaha az utaz\u00f3k k\u00f6r\u00e9ben. A v\u00e1ros elb\u0171v\u00f6l\u0151 magja azonban probl\u00e9m\u00e1s t\u00f6rt\u00e9nelmet rejt, valamint a meg\u00fajul\u00e1sra val\u00f3 k\u00e9pess\u00e9g\u00e9t. Pr\u00e1ga k\u00f6r\u00fclbel\u00fcl Kr. u. 870 \u00f3ta l\u00e9tezik, \u00e9s ez id\u0151 alatt sz\u00e1mtalan felkel\u00e9st, inv\u00e1zi\u00f3t, t\u0171zv\u00e9szt \u00e9s \u00e1rvizet \u00e9lt t\u00fal. A cseh f\u0151v\u00e1ros az \u00e9letben marad\u00e1s \u00e9s a folytonoss\u00e1g h\u00edrneve miatt hihetetlen\u00fcl \u00e9rdekes.&nbsp;<\/li>\n<\/ul>\n\n\n\n<ul>\n<li>Ma egy pr\u00e1gai h\u00e9tv\u00e9ge olyan, mintha egy t\u00fcnd\u00e9rmes\u00e9b\u0151l l\u00e9pett volna el\u0151, t\u00f6rt\u00e9nelmi templomaival, kanyarg\u00f3s sik\u00e1toraival, v\u00e9szj\u00f3sl\u00f3 hegytet\u0151n \u00e1ll\u00f3 v\u00e1r\u00e1val \u00e9s mesteri h\u00eddjaival. Ez a v\u00e1ros annyi mindent k\u00edn\u00e1l, hogy m\u00e9g a legcinikusabb l\u00e1togat\u00f3nak is neh\u00e9z lesz nemet mondania.<\/li>\n<\/ul>\n\n\n\n<ul>\n<li>Miel\u0151tt nyugati szomsz\u00e9dai annyira n\u00e9pszer\u0171v\u00e9 v\u00e1ltak volna, Pr\u00e1ga egy kev\u00e9ss\u00e9 ismert \u00e9kszer volt. A v\u00e1ros nem tudta sok\u00e1ig titokban tartani csod\u00e1it, \u00e9s ma m\u00e1r az \u00e1llkapcsot megd\u00f6bbent\u0151 kalandokat keres\u0151 turist\u00e1k Mekk\u00e1ja a kis k\u00f6lts\u00e9gvet\u00e9s\u0171 v\u00e1rosn\u00e9z\u0151k sz\u00e1m\u00e1ra.&nbsp;<\/li>\n<\/ul>\n\n\n\n<ul>\n<li>A vil\u00e1g legjobb s\u00f6rei k\u00f6z\u00fcl n\u00e9h\u00e1nyat Pr\u00e1g\u00e1ban k\u00e9sz\u00edtenek, a v\u00e1ros \u00e9ttermei pedig hagyom\u00e1nyos cseh \u00e9teleket k\u00edn\u00e1lnak, amelyek maradand\u00f3 benyom\u00e1st fognak hagyni az \u00edzlel\u0151bimb\u00f3kban.<\/li>\n<\/ul>\n\n\n\n<ul>\n<li>Csehorsz\u00e1g f\u0151v\u00e1rosa olyan zeneszerz\u0151k, mint Dvo\u00e1k \u00e9s Mozart hozz\u00e1j\u00e1rul\u00e1sa miatt egy l\u00e9lekkel teli zenei csodaorsz\u00e1g.<\/li>\n<\/ul>\n\n\n\n<ul>\n<li>A v\u00e1ros legjobb sz\u00e1llod\u00e1iban m\u00e9g mindig t\u00f6red\u00e9k\u00e9t kell fizetni annak, mint m\u00e1s eur\u00f3pai f\u0151v\u00e1rosokban, \u00e9s az olyan n\u00e9pszer\u0171 l\u00e1tnival\u00f3k, mint a <a href=\"https:\/\/prague.org\/hu\/charles-bridge\/\">K\u00e1roly h\u00edd<\/a> \u00e9s <a href=\"https:\/\/prague.org\/hu\/pragai-var-2\/\">Pr\u00e1gai v\u00e1r<\/a> szabadon l\u00e1togathat\u00f3.&nbsp;<\/li>\n<\/ul>\n\n\n\n<h2 id=\"best-weekend-trips-from-prague\" class=\"wp-block-heading\">A legjobb h\u00e9tv\u00e9gi kir\u00e1ndul\u00e1sok Pr\u00e1g\u00e1b\u00f3l&nbsp;<\/h2>\n\n\n\n<div class=\"gyg-iframe-container\" style=\"margin-bottom:1.5em\"><iframe style=\"border:0;height:100%;width:100%\" title=\"GetYourGuide tev\u00e9kenys\u00e9gek widget\" src=\"https:\/\/widget.getyourguide.com\/default\/activities.frame?widget=wp_activities&amp;currency=EUR&amp;locale_code=en-GB&amp;number_of_items=3&amp;partner_id=U94OQGQ&amp;q=PRAGUE%20TRIPS\"><\/iframe><\/div>\n\n\n\n<p>Ma este s\u00fct a hold; mit sz\u00f3ln\u00e1l egy romantikus vacsor\u00e1hoz kettesben? Gyakran el\u0151fordul, hogy azok a p\u00e1rok, akik egy romantikus eur\u00f3pai utaz\u00e1s sor\u00e1n Pr\u00e1g\u00e1ba l\u00e1togatnak, a v\u00e1rosn\u00e9z\u00e9s r\u00e9szek\u00e9nt egy vacsor\u00e1s haj\u00f3kir\u00e1ndul\u00e1st v\u00e1lasztanak.  \u00cdgy egy eleg\u00e1ns, h\u00e1rom\u00f3r\u00e1s vacsor\u00e1s haj\u00f3\u00faton egy korszer\u0171 boa fed\u00e9lzet\u00e9n a<a href=\"https:\/\/prague.org\/hu\/vltava-folyo\/\"> Moldva foly\u00f3<\/a>, megcsod\u00e1lhatja a v\u00e1ros t\u00f6rt\u00e9nelmi nevezetess\u00e9geit.<\/p>\n\n\n\n<p>L\u00e1togasson el a r\u00e9gi Pr\u00e1ga k\u00eds\u00e9rteties helysz\u00edneire, \u00e9s ismerje meg a v\u00e1ros h\u00e1tborzongat\u00f3 m\u00faltj\u00e1t. Egy szellemnek vagy m\u00e1s ijeszt\u0151 figur\u00e1nak \u00f6lt\u00f6z\u00f6tt idegenvezet\u0151 k\u00eds\u00e9ri v\u00e9gig a k\u00eds\u00e9rtetj\u00e1rta utc\u00e1kon.<\/p>\n\n\n\n<p>A s\u00f6rk\u00f3stol\u00e1s ide\u00e1lis tev\u00e9kenys\u00e9g azok sz\u00e1m\u00e1ra, akik szeretik a s\u00f6riv\u00e1st, hallanak a s\u00f6r t\u00f6rt\u00e9net\u00e9r\u0151l \u00e9s sz\u00e1mos fajt\u00e1t k\u00f3stolnak. A vend\u00e9gek h\u00e9t min\u0151s\u00e9gi cseh s\u00f6rt, valamint Eur\u00f3pa e r\u00e9sz\u00e9b\u0151l sz\u00e1rmaz\u00f3 egy\u00e9b csod\u00e1latos \u00e9teleket k\u00f3stolhatnak meg!<\/p>\n\n\n\n<p>A Cseh K\u00f6zt\u00e1rsas\u00e1g f\u0151v\u00e1rosa kiv\u00e1l\u00f3 kiindul\u00f3pont a kontinens t\u00f6bbi r\u00e9sz\u00e9nek megtekint\u00e9s\u00e9hez, \u00edgy ha ez vonz\u00f3nak hangzik, mindenk\u00e9ppen \u00e9rdemes megfontolni egy utaz\u00e1st oda.  A Pr\u00e1g\u00e1b\u00f3l indul\u00f3 n\u00e9gy legjobb egynapos kir\u00e1ndul\u00e1st itt tal\u00e1lja!<\/p>\n\n\n\n<h3 id=\"cesky-krumlov\" class=\"wp-block-heading\">\u010cesk\u00fd Krumlov<\/h3>\n\n\n\n<figure class=\"wp-block-image size-large\"><img decoding=\"async\" width=\"1024\" height=\"768\" src=\"https:\/\/prague.org\/wp-content\/uploads\/2022\/11\/ivan-theodoulou-h0YlnYGa3F0-unsplash-1-1024x768.jpg\" alt=\"L\u00e1togasson el \u010cesk\u00fd Krumlovba\" class=\"wp-image-6591\" srcset=\"https:\/\/prague.org\/wp-content\/uploads\/2022\/11\/ivan-theodoulou-h0YlnYGa3F0-unsplash-1-1024x768.jpg 1024w, https:\/\/prague.org\/wp-content\/uploads\/2022\/11\/ivan-theodoulou-h0YlnYGa3F0-unsplash-1-scaled-600x450.jpg 600w, https:\/\/prague.org\/wp-content\/uploads\/2022\/11\/ivan-theodoulou-h0YlnYGa3F0-unsplash-1-300x225.jpg 300w, https:\/\/prague.org\/wp-content\/uploads\/2022\/11\/ivan-theodoulou-h0YlnYGa3F0-unsplash-1-768x576.jpg 768w, https:\/\/prague.org\/wp-content\/uploads\/2022\/11\/ivan-theodoulou-h0YlnYGa3F0-unsplash-1-1536x1152.jpg 1536w, https:\/\/prague.org\/wp-content\/uploads\/2022\/11\/ivan-theodoulou-h0YlnYGa3F0-unsplash-1-2048x1536.jpg 2048w, https:\/\/prague.org\/wp-content\/uploads\/2022\/11\/ivan-theodoulou-h0YlnYGa3F0-unsplash-1-200x150.jpg 200w, https:\/\/prague.org\/wp-content\/uploads\/2022\/11\/ivan-theodoulou-h0YlnYGa3F0-unsplash-1-260x195.jpg 260w, https:\/\/prague.org\/wp-content\/uploads\/2022\/11\/ivan-theodoulou-h0YlnYGa3F0-unsplash-1-380x285.jpg 380w, https:\/\/prague.org\/wp-content\/uploads\/2022\/11\/ivan-theodoulou-h0YlnYGa3F0-unsplash-1-800x600.jpg 800w, https:\/\/prague.org\/wp-content\/uploads\/2022\/11\/ivan-theodoulou-h0YlnYGa3F0-unsplash-1-1160x870.jpg 1160w, https:\/\/prague.org\/wp-content\/uploads\/2022\/11\/ivan-theodoulou-h0YlnYGa3F0-unsplash-1-scaled.jpg 2560w\" sizes=\"(max-width: 1024px) 100vw, 1024px\" \/><figcaption class=\"wp-element-caption\"> L\u00e1togasson el \u010cesk\u00fd Krumlovba<\/figcaption><\/figure>\n\n\n\n<p>A fest\u0151i \u010cesk\u00fd Krumlov falu a kanyarg\u00f3s \u00e9s a kanyarg\u00f3s hegyoldalon fekszik. <a href=\"https:\/\/prague.org\/hu\/vltava-folyo\/\">Moldva foly\u00f3<\/a>, kb. 3 \u00f3r\u00e1nyi busz- vagy vonat\u00fatra a cseh f\u0151v\u00e1rost\u00f3l. \u010cesk\u00fd Krumlov v\u00e1rosa, amelyet a 13. sz\u00e1zadban \u00e9p\u00fclt v\u00e1r vesz k\u00f6r\u00fcl, sz\u0171k sik\u00e1torok \u00e9s udvarok elragad\u00f3 labirintusa. A kast\u00e9ly n\u00e9pszer\u0171 turisztikai c\u00e9lpont Csehorsz\u00e1gban; eredetileg a 13. sz\u00e1zadban \u00e9p\u00fclt, majd k\u00f6z\u00e9pkori \u00e9s barokk st\u00edlusban fel\u00faj\u00edtott\u00e1k. Szint\u00e9n \u010cesk\u00fd Krumlovban tal\u00e1lhat\u00f3 az Egon Schiele Art Centrum, a v\u00e1ros legismertebb sz\u00fcl\u00f6ttj\u00e9nek \u00e9s az osztr\u00e1k modernizmus kiemelked\u0151 alakj\u00e1nak \u00e9let\u00e9t \u00e9s munk\u00e1ss\u00e1g\u00e1t m\u00e9ltat\u00f3 m\u00fazeum.<\/p>\n\n\n\n<div class=\"wp-block-buttons is-layout-flex wp-block-buttons-is-layout-flex\">\n<div class=\"wp-block-button is-style-cs-button-block\"><a class=\"wp-block-button__link wp-element-button\" href=\"https:\/\/www.getyourguide.com\/cesky-krumlov-l1189\/day-trip-to-cesky-krumlov-from-prague-t68660\/?partner_id=U94OQGQ&amp;utm_medium=online_publisher&amp;placement=button-cta\" target=\"_blank\" rel=\"noreferrer noopener nofollow\">\u2192 Menj\u00fcnk<\/a><\/div>\n<\/div>\n\n\n\n<h3 id=\"kutna-hora\" class=\"wp-block-heading\">Kutn\u00e1 Hora<\/h3>\n\n\n\n<figure class=\"wp-block-image size-large\"><img decoding=\"async\" width=\"1024\" height=\"680\" src=\"https:\/\/prague.org\/wp-content\/uploads\/2022\/11\/kutna-hora-gce60e49bf_1920-1-1024x680.jpg\" alt=\"Kutn\u00e1 Hora-i csontv\u00e1z\" class=\"wp-image-6592\" srcset=\"https:\/\/prague.org\/wp-content\/uploads\/2022\/11\/kutna-hora-gce60e49bf_1920-1-1024x680.jpg 1024w, https:\/\/prague.org\/wp-content\/uploads\/2022\/11\/kutna-hora-gce60e49bf_1920-1-600x398.jpg 600w, https:\/\/prague.org\/wp-content\/uploads\/2022\/11\/kutna-hora-gce60e49bf_1920-1-300x199.jpg 300w, https:\/\/prague.org\/wp-content\/uploads\/2022\/11\/kutna-hora-gce60e49bf_1920-1-768x510.jpg 768w, https:\/\/prague.org\/wp-content\/uploads\/2022\/11\/kutna-hora-gce60e49bf_1920-1-1536x1020.jpg 1536w, https:\/\/prague.org\/wp-content\/uploads\/2022\/11\/kutna-hora-gce60e49bf_1920-1-380x252.jpg 380w, https:\/\/prague.org\/wp-content\/uploads\/2022\/11\/kutna-hora-gce60e49bf_1920-1-800x531.jpg 800w, https:\/\/prague.org\/wp-content\/uploads\/2022\/11\/kutna-hora-gce60e49bf_1920-1-1160x770.jpg 1160w, https:\/\/prague.org\/wp-content\/uploads\/2022\/11\/kutna-hora-gce60e49bf_1920-1.jpg 1920w\" sizes=\"(max-width: 1024px) 100vw, 1024px\" \/><figcaption class=\"wp-element-caption\">Kutn\u00e1 Hora-i csontv\u00e1z<\/figcaption><\/figure>\n\n\n\n<p>A Sedleci csontk\u00e1polna, amelyet n\u00e9ha \"csontk\u00e1poln\u00e1nak\" is neveznek, Kutn\u00e1 Hor\u00e1ban tal\u00e1lhat\u00f3, egy kisv\u00e1rosban, amely Pr\u00e1g\u00e1t\u00f3l vas\u00faton k\u00f6r\u00fclbel\u00fcl k\u00e9t \u00f3r\u00e1nyira tal\u00e1lhat\u00f3. A szer\u00e9ny templom belsej\u00e9t t\u00f6bb mint negyvenezer ember csontv\u00e1zmaradv\u00e1nyai d\u00edsz\u00edtik, akiknek t\u00f6bbs\u00e9ge az 1400-as \u00e9vekben Eur\u00f3p\u00e1ban puszt\u00edt\u00f3 fekete pestisben pusztult el.<\/p>\n\n\n\n<p>&nbsp;A Szent Barbara utca remek hely a f\u0151v\u00e1ros nevezetess\u00e9geinek megtekint\u00e9s\u00e9re, \u00e9s a k\u00f6z\u00e9pkori Szent Barbara-templomot, amely az UNESCO vil\u00e1g\u00f6r\u00f6ks\u00e9gi list\u00e1j\u00e1n szerepel, mindenk\u00e9ppen \u00e9rdemes megl\u00e1togatni.<\/p>\n\n\n\n<div class=\"wp-block-buttons is-layout-flex wp-block-buttons-is-layout-flex\">\n<div class=\"wp-block-button is-style-cs-button-block\"><a class=\"wp-block-button__link wp-element-button\" href=\"https:\/\/www.getyourguide.com\/prague-l10\/great-bohemian-excursion-kutna-hora-from-prague-t35703\/?partner_id=U94OQGQ&amp;utm_medium=online_publisher&amp;placement=button-cta\" target=\"_blank\" rel=\"noreferrer noopener nofollow\">\u2192 TOV\u00c1BBI TUD\u00c1S<\/a><\/div>\n<\/div>\n\n\n\n<h3 id=\"the-city-of-dresden-germany\" class=\"wp-block-heading\">Drezda v\u00e1rosa, N\u00e9metorsz\u00e1g<\/h3>\n\n\n\n<figure class=\"wp-block-image size-large\"><img decoding=\"async\" width=\"1024\" height=\"683\" src=\"https:\/\/prague.org\/wp-content\/uploads\/2022\/11\/olgi-h2SdEqZIYUc-unsplash-1-1024x683.jpg\" alt=\"Drezda v\u00e1rosa\" class=\"wp-image-6593\" srcset=\"https:\/\/prague.org\/wp-content\/uploads\/2022\/11\/olgi-h2SdEqZIYUc-unsplash-1-1024x683.jpg 1024w, https:\/\/prague.org\/wp-content\/uploads\/2022\/11\/olgi-h2SdEqZIYUc-unsplash-1-scaled-600x400.jpg 600w, https:\/\/prague.org\/wp-content\/uploads\/2022\/11\/olgi-h2SdEqZIYUc-unsplash-1-300x200.jpg 300w, https:\/\/prague.org\/wp-content\/uploads\/2022\/11\/olgi-h2SdEqZIYUc-unsplash-1-768x512.jpg 768w, https:\/\/prague.org\/wp-content\/uploads\/2022\/11\/olgi-h2SdEqZIYUc-unsplash-1-1536x1024.jpg 1536w, https:\/\/prague.org\/wp-content\/uploads\/2022\/11\/olgi-h2SdEqZIYUc-unsplash-1-2048x1365.jpg 2048w, https:\/\/prague.org\/wp-content\/uploads\/2022\/11\/olgi-h2SdEqZIYUc-unsplash-1-380x253.jpg 380w, https:\/\/prague.org\/wp-content\/uploads\/2022\/11\/olgi-h2SdEqZIYUc-unsplash-1-800x533.jpg 800w, https:\/\/prague.org\/wp-content\/uploads\/2022\/11\/olgi-h2SdEqZIYUc-unsplash-1-1160x773.jpg 1160w, https:\/\/prague.org\/wp-content\/uploads\/2022\/11\/olgi-h2SdEqZIYUc-unsplash-1-scaled.jpg 2560w\" sizes=\"(max-width: 1024px) 100vw, 1024px\" \/><figcaption class=\"wp-element-caption\">Drezda v\u00e1rosa<\/figcaption><\/figure>\n\n\n\n<p>A csehorsz\u00e1gi Sv\u00e1jct\u00f3l kicsit \u00e9szakabbra tal\u00e1lhat\u00f3 a n\u00e9metorsz\u00e1gi Drezda t\u00f6rt\u00e9nelmi v\u00e1rosa. A m\u00e1sodik vil\u00e1gh\u00e1bor\u00faban sz\u00e1mos j\u00f3l ismert \u00e9p\u00fclet \u00e9s nevezetess\u00e9g megs\u00e9r\u00fclt vagy elpusztult, de k\u00e9s\u0151bb \u00fajj\u00e1\u00e9p\u00edtett\u00e9k.<\/p>\n\n\n\n<p>A v\u00e1ros m\u00e1r t\u00f6bb mint 800 \u00e9ve l\u00e9tezik, \u00e9s kora ellen\u00e9re sokat meg\u0151rz\u00f6tt pomp\u00e1j\u00e1b\u00f3l \u00e9s var\u00e1zs\u00e1b\u00f3l. T\u00f6lts\u00f6n el egy csod\u00e1latos id\u0151t ebben a gy\u00f6ny\u00f6r\u0171 n\u00e9met v\u00e1rosban a kast\u00e9lyok \u00e9s m\u00fazeumok megl\u00e1togat\u00e1s\u00e1val.<\/p>\n\n\n\n<div class=\"wp-block-buttons is-layout-flex wp-block-buttons-is-layout-flex\">\n<div class=\"wp-block-button is-style-cs-button-block\"><a class=\"wp-block-button__link wp-element-button\" href=\"https:\/\/www.getyourguide.com\/prague-l10\/from-prague-bastei-and-dresden-small-group-day-trip-t275117\/?partner_id=U94OQGQ&amp;utm_medium=online_publisher&amp;placement=button-cta\" target=\"_blank\" rel=\"noreferrer noopener nofollow\">\u2192 FEDEZZE FEL A V\u00c1ROST<\/a><\/div>\n<\/div>\n\n\n\n<h3 id=\"karlstejn\" class=\"wp-block-heading\">Karl\u0161tejn<\/h3>\n\n\n\n<figure class=\"wp-block-image size-large\"><img decoding=\"async\" width=\"1024\" height=\"575\" src=\"https:\/\/prague.org\/wp-content\/uploads\/2022\/11\/jaromir-kavan-zAIWojYvRuQ-unsplash-1-1024x575.jpg\" alt=\"Karl\u0161tejn v\u00e1r\" class=\"wp-image-6594\" srcset=\"https:\/\/prague.org\/wp-content\/uploads\/2022\/11\/jaromir-kavan-zAIWojYvRuQ-unsplash-1-1024x575.jpg 1024w, https:\/\/prague.org\/wp-content\/uploads\/2022\/11\/jaromir-kavan-zAIWojYvRuQ-unsplash-1-scaled-600x337.jpg 600w, https:\/\/prague.org\/wp-content\/uploads\/2022\/11\/jaromir-kavan-zAIWojYvRuQ-unsplash-1-300x168.jpg 300w, https:\/\/prague.org\/wp-content\/uploads\/2022\/11\/jaromir-kavan-zAIWojYvRuQ-unsplash-1-768x431.jpg 768w, https:\/\/prague.org\/wp-content\/uploads\/2022\/11\/jaromir-kavan-zAIWojYvRuQ-unsplash-1-1536x863.jpg 1536w, https:\/\/prague.org\/wp-content\/uploads\/2022\/11\/jaromir-kavan-zAIWojYvRuQ-unsplash-1-2048x1150.jpg 2048w, https:\/\/prague.org\/wp-content\/uploads\/2022\/11\/jaromir-kavan-zAIWojYvRuQ-unsplash-1-380x213.jpg 380w, https:\/\/prague.org\/wp-content\/uploads\/2022\/11\/jaromir-kavan-zAIWojYvRuQ-unsplash-1-800x449.jpg 800w, https:\/\/prague.org\/wp-content\/uploads\/2022\/11\/jaromir-kavan-zAIWojYvRuQ-unsplash-1-1160x651.jpg 1160w, https:\/\/prague.org\/wp-content\/uploads\/2022\/11\/jaromir-kavan-zAIWojYvRuQ-unsplash-1-scaled.jpg 2560w\" sizes=\"(max-width: 1024px) 100vw, 1024px\" \/><figcaption class=\"wp-element-caption\">Karl\u0161tejn v\u00e1r<\/figcaption><\/figure>\n\n\n\n<p>Ha 40 percig utazik a vonattal, akkor meg\u00e9rkezik Karltejnbe, a 14. sz\u00e1zadb\u00f3l sz\u00e1rmaz\u00f3, figyelemre m\u00e9lt\u00f3an j\u00f3l meg\u0151rz\u00f6tt k\u00f6z\u00e9pkori v\u00e1rba. M\u00e1sszon fel a dombra, \u00e9s szuven\u00edrboltokat, k\u00e1v\u00e9z\u00f3kat, \u00e9ttermeket, s\u0151t m\u00e9g a ritka antikv\u00e1riumot is megl\u00e1tja, miel\u0151tt a v\u00e1r kapuj\u00e1hoz \u00e9r. A v\u00e1rat bel\u00fclr\u0151l csak akkor l\u00e1thatod, ha fizetsz egy vezetett t\u00far\u00e1\u00e9rt, de ha ny\u00e1ron vagy \u0151sszel l\u00e1togatsz el ide, csomagolj be egy p\u00e1r t\u00farabakancsot, \u00e9s fedezd fel a k\u00f6rny\u00e9ken tal\u00e1lhat\u00f3 k\u00fcl\u00f6nb\u00f6z\u0151 \u00f6sv\u00e9nyeket.<\/p>\n\n\n\n<div class=\"wp-block-buttons is-layout-flex wp-block-buttons-is-layout-flex\">\n<div class=\"wp-block-button is-style-cs-button-block\"><a class=\"wp-block-button__link wp-element-button\" href=\"https:\/\/www.getyourguide.com\/prague-l10\/from-prague-best-of-bohemian-nature-and-culture-in-1-day-t170017\/?partner_id=U94OQGQ&amp;utm_medium=online_publisher&amp;placement=button-cta\" target=\"_blank\" rel=\"noreferrer noopener nofollow\">\u2192 R\u00e9szletek ellen\u0151rz\u00e9se<\/a><\/div>\n<\/div>\n\n\n\n<h2 id=\"plan-today-and-travel-to-prague-from-the-us\" class=\"wp-block-heading\">Tervezzen m\u00e9g ma \u00e9s utazzon Pr\u00e1g\u00e1ba az USA-b\u00f3l!<\/h2>\n\n\n\n<p>Legfeljebb 90 napos tart\u00f3zkod\u00e1s eset\u00e9n az Egyes\u00fclt \u00c1llamok K\u00fcl\u00fcgyminiszt\u00e9riuma azt \u00e1ll\u00edtja, hogy az amerikai \u00e1llampolg\u00e1roknak nincs sz\u00fcks\u00e9g\u00fck v\u00edzumra a Cseh K\u00f6zt\u00e1rsas\u00e1gba val\u00f3 beutaz\u00e1shoz, ami lehet\u0151v\u00e9 teszi, hogy az Egyes\u00fclt \u00c1llamokb\u00f3l Pr\u00e1g\u00e1ba rep\u00fcljenek, \u00e9s csod\u00e1lattal n\u00e9zz\u00e9k a v\u00e1ros h\u00edres nevezetess\u00e9geit, mint p\u00e9ld\u00e1ul a neves<a href=\"https:\/\/prague.org\/hu\/tanchaz\/\"> Dancing House<\/a>, <a href=\"https:\/\/prague.org\/hu\/pudertorony-prague\/\">P\u00fader torony<\/a>, <a href=\"https:\/\/prague.org\/hu\/szent-miklos-templom\/\">Szent Mikl\u00f3s templom<\/a>, a n\u00e9pszer\u0171 <a href=\"https:\/\/prague.org\/hu\/charles-bridge\/\">K\u00e1roly h\u00edd<\/a>, \u00e9s a <a href=\"https:\/\/prague.org\/hu\/prague-astronomical-clock\/\">k\u00f6z\u00e9pkori csillag\u00e1szati \u00f3ra<\/a>.<\/p>\n\n\n\n<p>Az id\u0151 s\u00fcrget, ha a takar\u00e9koss\u00e1g \u00f6r\u00f6ks\u00e9g\u00e9ben szeretne alkut k\u00f6tni, \u00edgy ha eddig is figyelt, most van itt a legjobb alkalom a cselekv\u00e9sre. N\u00e9zze meg a<a href=\"https:\/\/prague.org\/hu\/\"> Pr\u00e1ga l\u00e1togat\u00f3i kalauz<\/a> a legjobbak\u00e9rt <a href=\"https:\/\/prague.org\/hu\/a-legjobb-10-dolog-amit-pragaban-lehet-csinalni\/\">Pr\u00e1gai tennival\u00f3k<\/a>.<\/p>\n\n\n\n<p>.<\/p>\n\n\n\n<div class=\"gyg-iframe-container\" style=\"margin-bottom:1.5em\"><iframe style=\"border:0;height:100%;width:100%\" title=\"GetYourGuide v\u00e1rosi widget\" src=\"https:\/\/widget.getyourguide.com\/default\/city.frame?widget=wp_city&amp;iata=PRG&amp;locale_code=en-GB&amp;partner_id=U94OQGQ\"><\/iframe><\/div>","protected":false},"excerpt":{"rendered":"A Cseh K\u00f6zt\u00e1rsas\u00e1gba \u00e9vente t\u00f6bb mint 20 milli\u00f3 turista \u00e9rkezik, ezzel az orsz\u00e1g az egyik legjelent\u0151sebb...","protected":false},"author":2,"featured_media":6589,"comment_status":"closed","ping_status":"closed","sticky":false,"template":"","format":"standard","meta":{"footnotes":""},"categories":[1,204,47],"tags":[55,34],"table_tags":[],"_links":{"self":[{"href":"https:\/\/prague.org\/hu\/wp-json\/wp\/v2\/posts\/6588"}],"collection":[{"href":"https:\/\/prague.org\/hu\/wp-json\/wp\/v2\/posts"}],"about":[{"href":"https:\/\/prague.org\/hu\/wp-json\/wp\/v2\/types\/post"}],"author":[{"embeddable":true,"href":"https:\/\/prague.org\/hu\/wp-json\/wp\/v2\/users\/2"}],"replies":[{"embeddable":true,"href":"https:\/\/prague.org\/hu\/wp-json\/wp\/v2\/comments?post=6588"}],"version-history":[{"count":8,"href":"https:\/\/prague.org\/hu\/wp-json\/wp\/v2\/posts\/6588\/revisions"}],"predecessor-version":[{"id":12474,"href":"https:\/\/prague.org\/hu\/wp-json\/wp\/v2\/posts\/6588\/revisions\/12474"}],"wp:featuredmedia":[{"embeddable":true,"href":"https:\/\/prague.org\/hu\/wp-json\/wp\/v2\/media\/6589"}],"wp:attachment":[{"href":"https:\/\/prague.org\/hu\/wp-json\/wp\/v2\/media?parent=6588"}],"wp:term":[{"taxonomy":"category","embeddable":true,"href":"https:\/\/prague.org\/hu\/wp-json\/wp\/v2\/categories?post=6588"},{"taxonomy":"post_tag","embeddable":true,"href":"https:\/\/prague.org\/hu\/wp-json\/wp\/v2\/tags?post=6588"},{"taxonomy":"table_tags","embeddable":true,"href":"https:\/\/prague.org\/hu\/wp-json\/wp\/v2\/table_tags?post=6588"}],"curies":[{"name":"wp","href":"https:\/\/api.w.org\/{rel}","templated":true}]}}