{"id":7351,"date":"2022-12-23T12:14:53","date_gmt":"2022-12-23T10:14:53","guid":{"rendered":"https:\/\/prague.org\/?p=7351"},"modified":"2023-08-16T17:39:57","modified_gmt":"2023-08-16T15:39:57","slug":"prague-chess-festival-a-celebration-of-the-game","status":"publish","type":"post","link":"https:\/\/prague.org\/hu\/prague-chess-festival-a-celebration-of-the-game\/","title":{"rendered":"Pr\u00e1gai Sakkfesztiv\u00e1l 2022: A j\u00e1t\u00e9k \u00fcnnepe"},"content":{"rendered":"<p>A pr\u00e1gai sakkfesztiv\u00e1l a vil\u00e1g egyik legrangosabb sakkrendezv\u00e9nye.&nbsp;<\/p>\n\n\n\n<p>Az 1930 \u00f3ta \u00e9vente megrendezett fesztiv\u00e1lra a vil\u00e1g legjobb j\u00e1t\u00e9kosai \u00e9rkeznek.<\/p>\n\n\n\n<p>Az idei verseny mindenk\u00e9ppen k\u00fcl\u00f6n\u00f6sen izgalmasnak \u00edg\u00e9rkezik, hiszen t\u00f6bb \u00e9lversenyz\u0151 is versenyez az els\u0151 hely\u00e9rt. Ha sakkrajong\u00f3 vagy, vagy egyszer\u0171en csak egy egyed\u00fcl\u00e1ll\u00f3 kultur\u00e1lis \u00e9lm\u00e9nyre v\u00e1gysz, ezt az esem\u00e9nyt nem szabad kihagynod!<\/p>\n\n\n\n<h2 id=\"the-prague-chess-festival-is-an-annual-event-in-the-czech-republic\" class=\"wp-block-heading\"><strong>A pr\u00e1gai sakkfesztiv\u00e1l a Cseh K\u00f6zt\u00e1rsas\u00e1gban \u00e9vente megrendezett esem\u00e9ny.<\/strong><\/h2>\n\n\n\n<figure class=\"wp-block-image size-large\"><img decoding=\"async\" width=\"1024\" height=\"576\" src=\"https:\/\/prague.org\/wp-content\/uploads\/2022\/12\/Champion-Magnus-Carlsen-1024x576.jpg\" alt=\"A Rapid vil\u00e1gbajnok Magnus Carlsen\" class=\"wp-image-7992\" srcset=\"https:\/\/prague.org\/wp-content\/uploads\/2022\/12\/Champion-Magnus-Carlsen-1024x576.jpg 1024w, https:\/\/prague.org\/wp-content\/uploads\/2022\/12\/Champion-Magnus-Carlsen-600x337.jpg 600w, https:\/\/prague.org\/wp-content\/uploads\/2022\/12\/Champion-Magnus-Carlsen-300x169.jpg 300w, https:\/\/prague.org\/wp-content\/uploads\/2022\/12\/Champion-Magnus-Carlsen-768x432.jpg 768w, https:\/\/prague.org\/wp-content\/uploads\/2022\/12\/Champion-Magnus-Carlsen-18x10.jpg 18w, https:\/\/prague.org\/wp-content\/uploads\/2022\/12\/Champion-Magnus-Carlsen-380x214.jpg 380w, https:\/\/prague.org\/wp-content\/uploads\/2022\/12\/Champion-Magnus-Carlsen-800x450.jpg 800w, https:\/\/prague.org\/wp-content\/uploads\/2022\/12\/Champion-Magnus-Carlsen-1160x652.jpg 1160w, https:\/\/prague.org\/wp-content\/uploads\/2022\/12\/Champion-Magnus-Carlsen.jpg 1270w\" sizes=\"(max-width: 1024px) 100vw, 1024px\" \/><figcaption class=\"wp-element-caption\">A Rapid vil\u00e1gbajnok Magnus Carlsen<\/figcaption><\/figure>\n\n\n\n<p>A Pr\u00e1gai Sakkfesztiv\u00e1l a Cseh K\u00f6zt\u00e1rsas\u00e1gban \u00e9vente megrendez\u00e9sre ker\u00fcl\u0151 sakkverseny, amely 1991 \u00f3ta \u00e1lland\u00f3 esem\u00e9ny.<\/p>\n\n\n\n<p>&nbsp;A fesztiv\u00e1l sz\u00e1mos magas szint\u0171 versenyb\u0151l, k\u00f6zt\u00fck sz\u00e1mos ny\u00edlt versenyb\u0151l, rapid, blitz \u00e9s rapid &amp; blitz versenyekb\u0151l, valamint egy\u00e9b tev\u00e9kenys\u00e9gekb\u0151l \u00e9s k\u00eds\u00e9r\u0151programokb\u00f3l \u00e1ll, \u00e9s a vil\u00e1g legjobb j\u00e1t\u00e9kosait hozza \u00f6ssze egy h\u00e9tre a versenysakk \u00e9s a bar\u00e1ti sakkoz\u00e1s jegy\u00e9ben. <a href=\"https:\/\/prague.org\/hu\/\">Pr\u00e1ga<\/a>.&nbsp;<\/p>\n\n\n\n<p>Cs\u00facsid\u0151szak\u00e1ban t\u00f6bb mint 1000 r\u00e9sztvev\u0151je van, ami a nemzetk\u00f6zi sakknapt\u00e1r egyik legnagyobb esem\u00e9ny\u00e9v\u00e9 teszi.&nbsp;<\/p>\n\n\n\n<p>A rapid vil\u00e1gbajnok Magnus Carlsen t\u00f6bbsz\u00f6r j\u00e1tszott m\u00e1r a pr\u00e1gai fesztiv\u00e1lon, ak\u00e1rcsak a kor\u00e1bbi vil\u00e1gbajnokok, Veszelin Topalov \u00e9s Viswanathan Anand, akik a pr\u00e1gai fesztiv\u00e1l kezdete \u00f3ta a legt\u00f6bb \u00e9vben r\u00e9szt vettek rajta.&nbsp;<\/p>\n\n\n\n<p>A pr\u00e1gai fesztiv\u00e1l vibr\u00e1l\u00f3 l\u00e9gk\u00f6r\u00e9vel minden j\u00e1t\u00e9kos sz\u00e1m\u00e1ra valami \u00fajat k\u00edn\u00e1l: lehet\u0151s\u00e9get ad arra, hogy megtapasztalja Kelet-Eur\u00f3pa egyik legnagyobb \u00e9s legn\u00e9pszer\u0171bb sakkverseny\u00e9t, \u00e9s \u00e9lvezze a fantasztikus kil\u00e1t\u00e1st - mindezt csak egy r\u00f6vid t\u00e1vols\u00e1gra a k\u00f6vetkez\u0151 helysz\u00ednt\u0151l <a href=\"https:\/\/prague.org\/hu\/pragai-var-2\/\">Pr\u00e1gai v\u00e1r<\/a>.&nbsp;<\/p>\n\n\n\n<p>Ak\u00e1r egy kis bar\u00e1ts\u00e1gos versenyre v\u00e1gysz, ak\u00e1r csak \u00e9lvezni szeretn\u00e9d Pr\u00e1ga gy\u00f6ny\u00f6r\u0171 helysz\u00edneit, a pr\u00e1gai fesztiv\u00e1l biztosan teljes\u00edti a k\u00edv\u00e1nalmakat! F\u00fcggetlen\u00fcl att\u00f3l, hogy mester vagy amat\u0151r j\u00e1t\u00e9kos vagy - a pr\u00e1gai fesztiv\u00e1l v\u00e1r r\u00e1d! Teh\u00e1t mindenk\u00e9ppen n\u00e9zd meg, mit k\u00edn\u00e1l ez a csod\u00e1latos esem\u00e9ny! Nem fogsz csal\u00f3dni!&nbsp;<\/p>\n\n\n\n<p>Nagyvonal\u00fa nyerem\u00e9nyek v\u00e1rj\u00e1k azokat a j\u00e1t\u00e9kosokat, akik ellen\u00e1llnak a versenynek. Ez a pr\u00e1gai fesztiv\u00e1l biztosan nem fog csal\u00f3d\u00e1st okozni! Sz\u00f3val m\u00e1r most jegyezd be a napt\u00e1radba a garant\u00e1lt sz\u00f3rakoz\u00e1st! Haszn\u00e1lja ki ezt az egyed\u00fcl\u00e1ll\u00f3 lehet\u0151s\u00e9get!&nbsp;<\/p>\n\n\n\n<p>Jelentkezzen m\u00e9g ma egy olyan \u00e9lm\u00e9nyre, mint senki m\u00e1s!!! Ne k\u00e9slekedjen - regisztr\u00e1ljon m\u00e9g ma! Csatlakozz hozz\u00e1nk id\u00e9n j\u00faniusban a pr\u00e1gai sakkfesztiv\u00e1lon!<\/p>\n\n\n\n<p>Alig v\u00e1rjuk, hogy ott \u00fcdv\u00f6z\u00f6lhess\u00fck \u00d6nt! Ez egy hihetetlen id\u0151t\u00f6lt\u00e9s lesz, tele csod\u00e1latos j\u00e1t\u00e9kokkal, ahol szinte emberfeletti reflexekkel \u00e9s meg\u00e1ll\u00edthatatlan strat\u00e9gi\u00e1kkal rendelkez\u0151 ellenfelekkel kell megk\u00fczdeni - ne hagyj\u00e1tok ki!<\/p>\n\n\n\n<h2 id=\"this-years-festival-will-be-held-from-august-1-5\" class=\"wp-block-heading\"><strong>Az idei fesztiv\u00e1l augusztus 1-5. k\u00f6z\u00f6tt ker\u00fcl megrendez\u00e9sre.<\/strong><\/h2>\n\n\n\n<figure class=\"wp-block-image size-large\"><img decoding=\"async\" width=\"1024\" height=\"576\" src=\"https:\/\/prague.org\/wp-content\/uploads\/2022\/12\/Prague-outdoor-Chess-game-1024x576.jpg\" alt=\"Sakkfesztiv\u00e1l Pr\u00e1g\u00e1ban\" class=\"wp-image-7692\" srcset=\"https:\/\/prague.org\/wp-content\/uploads\/2022\/12\/Prague-outdoor-Chess-game-1024x576.jpg 1024w, https:\/\/prague.org\/wp-content\/uploads\/2022\/12\/Prague-outdoor-Chess-game-scaled-600x338.jpg 600w, https:\/\/prague.org\/wp-content\/uploads\/2022\/12\/Prague-outdoor-Chess-game-300x169.jpg 300w, https:\/\/prague.org\/wp-content\/uploads\/2022\/12\/Prague-outdoor-Chess-game-768x432.jpg 768w, https:\/\/prague.org\/wp-content\/uploads\/2022\/12\/Prague-outdoor-Chess-game-1536x864.jpg 1536w, https:\/\/prague.org\/wp-content\/uploads\/2022\/12\/Prague-outdoor-Chess-game-2048x1152.jpg 2048w, https:\/\/prague.org\/wp-content\/uploads\/2022\/12\/Prague-outdoor-Chess-game-18x10.jpg 18w, https:\/\/prague.org\/wp-content\/uploads\/2022\/12\/Prague-outdoor-Chess-game-380x214.jpg 380w, https:\/\/prague.org\/wp-content\/uploads\/2022\/12\/Prague-outdoor-Chess-game-800x450.jpg 800w, https:\/\/prague.org\/wp-content\/uploads\/2022\/12\/Prague-outdoor-Chess-game-1160x653.jpg 1160w, https:\/\/prague.org\/wp-content\/uploads\/2022\/12\/Prague-outdoor-Chess-game-scaled.jpg 2560w\" sizes=\"(max-width: 1024px) 100vw, 1024px\" \/><figcaption class=\"wp-element-caption\">Sakkfesztiv\u00e1l Pr\u00e1g\u00e1ban<\/figcaption><\/figure>\n\n\n\n<p>\u00d6r\u00f6mmel jelentj\u00fck be az idei pr\u00e1gai fesztiv\u00e1lt, amely augusztus 1-5. k\u00f6z\u00f6tt ker\u00fcl megrendez\u00e9sre.&nbsp;<\/p>\n\n\n\n<p>Ez az \u00e9vente megrendezett esem\u00e9ny a v\u00e1ros gazdag kultur\u00e1lis \u00e9s kreat\u00edv k\u00edn\u00e1lat\u00e1t \u00fcnnepli, a vil\u00e1g minden t\u00e1j\u00e1r\u00f3l \u00e9rkez\u0151 el\u0151ad\u00f3kkal, akik az \u00f6t nap sor\u00e1n k\u00fcl\u00f6nb\u00f6z\u0151 tev\u00e9kenys\u00e9gekben vesznek r\u00e9szt.&nbsp;<\/p>\n\n\n\n<p>Az \u00e9l\u0151zen\u00e9t\u0151l \u00e9s a kom\u00e9diael\u0151ad\u00e1sokt\u00f3l kezdve a sz\u00ednh\u00e1zi el\u0151ad\u00e1sokon \u00e1t a k\u00e9pz\u0151m\u0171v\u00e9szeti ki\u00e1ll\u00edt\u00e1sokig mindenki tal\u00e1l kedv\u00e9re val\u00f3t.&nbsp;<\/p>\n\n\n\n<p>Mindenkit megh\u00edvunk, hogy j\u00f6jj\u00f6n el \u00e9s fedezze fel, mit k\u00edn\u00e1l Pr\u00e1ga ezen az izgalmas h\u00e9ten! \u00cdg\u00e9rj\u00fck, hogy el\u00e9gedettek lesznek az idei fesztiv\u00e1lon el\u00e9rhet\u0151 \u00e9lm\u00e9nyek \u00e9s tev\u00e9kenys\u00e9gek sokas\u00e1g\u00e1val.&nbsp;<\/p>\n\n\n\n<p>Sz\u00f3val jegyezz\u00e9tek be a napt\u00e1ratokba augusztus 1-5. k\u00f6z\u00f6tt, szerezz\u00e9tek meg a jegyeiteket, \u00e9s k\u00e9sz\u00fcljetek fel egy felejthetetlen \u00e9lm\u00e9nyre!<\/p>\n\n\n\n<h2 id=\"some-of-the-worlds-best-chess-players-including-magnus-carlsen-and-hikaru-nakamurawill-be-in-attendance\" class=\"wp-block-heading\"><strong>A vil\u00e1g legjobb sakkoz\u00f3i, k\u00f6zt\u00fck Magnus Carlsen \u00e9s Hikaru Nakamura is r\u00e9szt vesznek a rendezv\u00e9nyen.<\/strong><\/h2>\n\n\n\n<p>Id\u00e9n ny\u00e1ron Pr\u00e1ga v\u00e1rosa rangos sakkfesztiv\u00e1lnak ad otthont.&nbsp;<\/p>\n\n\n\n<p>A sakkfesztiv\u00e1lnak a v\u00e1ros kongresszusi k\u00f6zpontja ad otthont, \u00e9s a vil\u00e1g legjobb sakkoz\u00f3it vonzza majd.Magnus Carlsen \u00e9s Hikaru Nakamura is r\u00e9szt vesznek a fesztiv\u00e1lon, ami a fesztiv\u00e1l preszt\u00edzs\u00e9t \u00e9s exkluzivit\u00e1s\u00e1t bizony\u00edtja. M\u00e1s nagymesterek, mint Caruana, Vachier-Lagrave \u00e9s Aronian szint\u00e9n megh\u00edv\u00e1st kaptak.&nbsp;<\/p>\n\n\n\n<p>Ezt az egyhetes esem\u00e9nyt \u00fagy tervezt\u00e9k, hogy lehet\u0151s\u00e9get adjon ezeknek a nagyhatalm\u00fa elm\u00e9knek arra, hogy tal\u00e1lkozzanak \u00e9s bar\u00e1ts\u00e1gos versenyben m\u00e9rk\u0151zzenek meg egym\u00e1ssal. Ugyanakkor lehet\u0151s\u00e9get nyit a vil\u00e1g minden t\u00e1j\u00e1r\u00f3l \u00e9rkez\u0151 felt\u00f6rekv\u0151 tehets\u00e9gek sz\u00e1m\u00e1ra, hogy tapasztalatot \u00e9s elismer\u00e9st szerezzenek az ipar\u00e1gban.<\/p>\n\n\n\n<p>A pr\u00e1gai fesztiv\u00e1l k\u00e9ts\u00e9gtelen\u00fcl izgalmas esem\u00e9ny minden sakkrajong\u00f3 sz\u00e1m\u00e1ra, aki l\u00e1tni szeretn\u00e9, ahogy napjaink nagy elm\u00e9i megm\u00e9rk\u0151znek egym\u00e1ssal.<\/p>\n\n\n\n<h2 id=\"there-will-be-a-variety-of-events-taking-place-during-the-festival-such-as-simuls-lectures-and-exhibitions\" class=\"wp-block-heading\"><strong>A fesztiv\u00e1l ideje alatt sz\u00e1mos esem\u00e9nyre ker\u00fcl sor, p\u00e9ld\u00e1ul szimul\u00e1ci\u00f3kra, el\u0151ad\u00e1sokra \u00e9s ki\u00e1ll\u00edt\u00e1sokra.<\/strong><\/h2>\n\n\n\n<figure class=\"wp-block-image size-large\"><img decoding=\"async\" width=\"1024\" height=\"684\" src=\"https:\/\/prague.org\/wp-content\/uploads\/2022\/12\/Chess-lecture-1024x684.jpg\" alt=\"Sakk el\u0151ad\u00e1s \u00e9s szimul\u00e1ci\u00f3s sorozat\" class=\"wp-image-7694\" srcset=\"https:\/\/prague.org\/wp-content\/uploads\/2022\/12\/Chess-lecture-1024x684.jpg 1024w, https:\/\/prague.org\/wp-content\/uploads\/2022\/12\/Chess-lecture-scaled-600x401.jpg 600w, https:\/\/prague.org\/wp-content\/uploads\/2022\/12\/Chess-lecture-300x200.jpg 300w, https:\/\/prague.org\/wp-content\/uploads\/2022\/12\/Chess-lecture-768x513.jpg 768w, https:\/\/prague.org\/wp-content\/uploads\/2022\/12\/Chess-lecture-1536x1025.jpg 1536w, https:\/\/prague.org\/wp-content\/uploads\/2022\/12\/Chess-lecture-2048x1367.jpg 2048w, https:\/\/prague.org\/wp-content\/uploads\/2022\/12\/Chess-lecture-18x12.jpg 18w, https:\/\/prague.org\/wp-content\/uploads\/2022\/12\/Chess-lecture-380x254.jpg 380w, https:\/\/prague.org\/wp-content\/uploads\/2022\/12\/Chess-lecture-800x534.jpg 800w, https:\/\/prague.org\/wp-content\/uploads\/2022\/12\/Chess-lecture-1160x774.jpg 1160w, https:\/\/prague.org\/wp-content\/uploads\/2022\/12\/Chess-lecture-scaled.jpg 2560w\" sizes=\"(max-width: 1024px) 100vw, 1024px\" \/><figcaption class=\"wp-element-caption\">Sakk el\u0151ad\u00e1s \u00e9s szimul\u00e1ci\u00f3s sorozat<\/figcaption><\/figure>\n\n\n\n<p>A Pr\u00e1gai Fesztiv\u00e1l izgalmas lehet\u0151s\u00e9get k\u00edn\u00e1l a l\u00e1togat\u00f3knak, hogy sz\u00e1mos k\u00fcl\u00f6nb\u00f6z\u0151 esem\u00e9nyt megtapasztaljanak.&nbsp;<\/p>\n\n\n\n<p>T\u00f6bb napon kereszt\u00fcl a tev\u00e9kenys\u00e9gek sz\u00e9les sk\u00e1l\u00e1ja \u00e1ll majd rendelkez\u00e9sre minden koroszt\u00e1ly, h\u00e1tt\u00e9r \u00e9s \u00e9rdekl\u0151d\u00e9si k\u00f6r sz\u00e1m\u00e1ra.&nbsp;<\/p>\n\n\n\n<p>A szimulok lehet\u0151s\u00e9get adnak a vend\u00e9geknek arra, hogy a sakkmesterek ellen j\u00e1tsszanak egy sz\u00f3rakoztat\u00f3 \u00e9s nyugodt l\u00e9gk\u00f6rben.<\/p>\n\n\n\n<p>Az el\u0151ad\u00e1sok olyan inform\u00e1lis besz\u00e9lget\u00e9sek, amelyeken tapasztalt el\u0151ad\u00f3k r\u00e9szletesen foglalkoznak a j\u00e1t\u00e9kkal kapcsolatos k\u00fcl\u00f6nb\u00f6z\u0151 t\u00e9m\u00e1kkal, p\u00e9ld\u00e1ul megnyit\u00e1sokkal, v\u00e9gj\u00e1t\u00e9kokkal, strat\u00e9gi\u00e1val \u00e9s egyebekkel.&nbsp;<\/p>\n\n\n\n<p>Ek\u00f6zben ki\u00e1ll\u00edt\u00e1sokat rendeznek be, amelyeken profi t\u00e1bl\u00e1k mutatj\u00e1k be a val\u00f3di versenycsat\u00e1kat, hogy a n\u00e9z\u0151k tanulhassanak bel\u0151l\u00fck \u00e9s elemezhess\u00e9k azokat.&nbsp;<\/p>\n\n\n\n<p>Az eml\u00edtett esem\u00e9nyek mindegyike \u00e9lvezetes \u00e9lm\u00e9nyt \u00edg\u00e9r a pr\u00e1gai fesztiv\u00e1lon r\u00e9szt vev\u0151 sakkrajong\u00f3k sz\u00e1m\u00e1ra. Ak\u00e1r kezd\u0151 vagy, ak\u00e1r nagymester, aki szeretn\u00e9 csiszolni a tud\u00e1s\u00e1t, mindenk\u00e9ppen haszn\u00e1lja ki ezt a kiv\u00e9teles lehet\u0151s\u00e9get! Biztos, hogy felejthetetlen \u00e9lm\u00e9nyben lesz r\u00e9sze. <a href=\"https:\/\/prague.org\/hu\/what-to-do-and-see\/entertainment\/\">esem\u00e9ny<\/a>!<\/p>\n\n\n\n<h2 id=\"if-youre-a-chess-fan-this-is-definitely-an-event-you-wont-want-to-miss\" class=\"wp-block-heading\"><strong>Ha sakkrajong\u00f3 vagy, ezt az esem\u00e9nyt semmik\u00e9ppen sem akarod kihagyni!<\/strong><\/h2>\n\n\n\n<p>\u00d6n sakkfanatikus? Ha igen, akkor jegyezze be a napt\u00e1r\u00e1ba a k\u00f6zelg\u0151 pr\u00e1gai sakkfesztiv\u00e1lt.&nbsp;<\/p>\n\n\n\n<p>A Sakkfesztiv\u00e1lra Pr\u00e1ga t\u00f6rt\u00e9nelmi v\u00e1ros\u00e1ban ker\u00fcl sor a ny\u00e1r derek\u00e1n, \u00e9s az biztos, hogy ez az esem\u00e9ny tele lesz meglepet\u00e9smeccsekkel \u00e9s kem\u00e9ny versennyel.<\/p>\n\n\n\n<p>&nbsp;Nemcsak a vil\u00e1g legjobb j\u00e1t\u00e9kosai m\u00e9rk\u0151znek majd meg egym\u00e1ssal, hanem a n\u00e9z\u0151k \u00e9s a nem versenyz\u0151k sz\u00e1m\u00e1ra is lesz mit \u00e9lvezni. A k\u00f6zponti sz\u00ednpadon zajl\u00f3 izgalmas m\u00e9rk\u0151z\u00e9sek mellett a r\u00e9sztvev\u0151k a tev\u00e9kenys\u00e9gek sz\u00e9les sk\u00e1l\u00e1j\u00e1t tal\u00e1lj\u00e1k majd, a kezd\u0151 szint\u0171 j\u00e1t\u00e9kokt\u00f3l kezdve a tapasztalt j\u00e1t\u00e9kosokt\u00f3l a besz\u00e9lget\u00e9sekig \u00e9s szemin\u00e1riumokig.&nbsp;<\/p>\n\n\n\n<p>Teh\u00e1t, ak\u00e1r kezd\u0151 vagy, aki fejleszteni szeretn\u00e9 a k\u00e9pess\u00e9geit, ak\u00e1r tapasztalt versenyz\u0151, aki a gy\u0151zelem\u00e9rt k\u00fczd, a Pr\u00e1gai Sakkfesztiv\u00e1l mindenkinek tartogat valamit - ne hagyd ki! Szerezze be jegyeit most, \u00e9s k\u00e9sz\u00fclj\u00f6n fel a sakk felejthetetlen \u00fcnnep\u00e9re!<\/p>\n\n\n\n<p>A Pr\u00e1gai Sakkfesztiv\u00e1l egy \u00e9vente megrendez\u00e9sre ker\u00fcl\u0151 esem\u00e9ny a Cseh K\u00f6zt\u00e1rsas\u00e1gban, \u00e9s az idei fesztiv\u00e1l augusztus 1-5. k\u00f6z\u00f6tt ker\u00fcl megrendez\u00e9sre. A fesztiv\u00e1lon r\u00e9szt vesznek a vil\u00e1g legjobb sakkoz\u00f3i, k\u00f6zt\u00fck Magnus Carlsen \u00e9s Hikaru Nakamura, \u00e9s a fesztiv\u00e1lon k\u00fcl\u00f6nb\u00f6z\u0151 esem\u00e9nyekre is sor ker\u00fcl, p\u00e9ld\u00e1ul szimul\u00e1ci\u00f3kra, el\u0151ad\u00e1sokra \u00e9s ki\u00e1ll\u00edt\u00e1sokra. Ha sakkrajong\u00f3 vagy, ezt az esem\u00e9nyt semmik\u00e9ppen sem hagyhatod ki!<\/p>\n\n\n\n<div class=\"gyg-iframe-container\" style=\"margin-bottom:1.5em\"><iframe style=\"border:0;height:100%;width:100%\" title=\"GetYourGuide v\u00e1rosi widget\" src=\"https:\/\/widget.getyourguide.com\/default\/city.frame?widget=wp_city&amp;iata=PRG&amp;locale_code=en-GB&amp;partner_id=U94OQGQ\"><\/iframe><\/div>","protected":false},"excerpt":{"rendered":"A pr\u00e1gai sakkfesztiv\u00e1l a vil\u00e1g egyik legrangosabb sakkrendezv\u00e9nye.  Ez a fesztiv\u00e1l, amelyet...","protected":false},"author":2,"featured_media":8412,"comment_status":"closed","ping_status":"closed","sticky":false,"template":"","format":"standard","meta":{"footnotes":""},"categories":[15,204,39],"tags":[66],"table_tags":[],"_links":{"self":[{"href":"https:\/\/prague.org\/hu\/wp-json\/wp\/v2\/posts\/7351"}],"collection":[{"href":"https:\/\/prague.org\/hu\/wp-json\/wp\/v2\/posts"}],"about":[{"href":"https:\/\/prague.org\/hu\/wp-json\/wp\/v2\/types\/post"}],"author":[{"embeddable":true,"href":"https:\/\/prague.org\/hu\/wp-json\/wp\/v2\/users\/2"}],"replies":[{"embeddable":true,"href":"https:\/\/prague.org\/hu\/wp-json\/wp\/v2\/comments?post=7351"}],"version-history":[{"count":12,"href":"https:\/\/prague.org\/hu\/wp-json\/wp\/v2\/posts\/7351\/revisions"}],"predecessor-version":[{"id":10630,"href":"https:\/\/prague.org\/hu\/wp-json\/wp\/v2\/posts\/7351\/revisions\/10630"}],"wp:featuredmedia":[{"embeddable":true,"href":"https:\/\/prague.org\/hu\/wp-json\/wp\/v2\/media\/8412"}],"wp:attachment":[{"href":"https:\/\/prague.org\/hu\/wp-json\/wp\/v2\/media?parent=7351"}],"wp:term":[{"taxonomy":"category","embeddable":true,"href":"https:\/\/prague.org\/hu\/wp-json\/wp\/v2\/categories?post=7351"},{"taxonomy":"post_tag","embeddable":true,"href":"https:\/\/prague.org\/hu\/wp-json\/wp\/v2\/tags?post=7351"},{"taxonomy":"table_tags","embeddable":true,"href":"https:\/\/prague.org\/hu\/wp-json\/wp\/v2\/table_tags?post=7351"}],"curies":[{"name":"wp","href":"https:\/\/api.w.org\/{rel}","templated":true}]}}