{"id":8667,"date":"2023-03-13T12:43:39","date_gmt":"2023-03-13T10:43:39","guid":{"rendered":"https:\/\/prague.org\/?p=8667"},"modified":"2024-02-05T15:11:31","modified_gmt":"2024-02-05T13:11:31","slug":"apple-museum-in-prague-the-worlds-largest-museum","status":"publish","type":"post","link":"https:\/\/prague.org\/hu\/almamuzeum-pragaban-a-vilag-legnagyobb-muzeuma\/","title":{"rendered":"Apple M\u00fazeum Pr\u00e1g\u00e1ban: A vil\u00e1g legnagyobb m\u00fazeuma"},"content":{"rendered":"<p>K\u00eds\u00e9rletezz valami m\u00e1ssal! L\u00e1togasson el a<strong> Alma M\u00fazeum Pr\u00e1g\u00e1ban<\/strong> hogy t\u00f6bbet megtudjon Steve Jobs glob\u00e1lis hat\u00e1s\u00e1r\u00f3l \u00e9s a v\u00e1llalat hihetetlen, 41 \u00e9ves \u00fatj\u00e1r\u00f3l.<\/p>\n\n\n\n<p>Az Apple t\u00e1rsalap\u00edt\u00f3ja el\u0151tt tisztelg\u0151 \u00e9p\u00fclet 2015 december\u00e9ben ny\u00edlt meg a K\u00e1roly-h\u00edd \u00e9s a h\u00edres Vencel t\u00e9r k\u00f6r\u00fcli sik\u00e1torok labirintus\u00e1ban, Pr\u00e1ga \u00f3v\u00e1ros\u00e1ban. A <strong>Apple m\u00fazeum Pr\u00e1g\u00e1ban<\/strong> az informatikusok \u00e9s az Apple-rajong\u00f3k paradicsoma.<\/p>\n\n\n\n<p>A bolyg\u00f3 egyik legjelent\u0151sebb v\u00e1llalkoz\u00e1s\u00e1nak fejl\u0151d\u00e9se st\u00edlusos bemutat\u00f3kon l\u00e1that\u00f3, az 1984-ben gy\u00e1rtott, furcs\u00e1n j\u00e1t\u00e9kszer\u0171 Mac-t\u0151l a 21. sz\u00e1zad elej\u00e9n bemutatott sz\u00ednes Apple iPodokon \u00e1t a 2012-ben deb\u00fct\u00e1lt Apple laptopokig.&nbsp;<\/p>\n\n\n\n<p>Emellett Steve Jobs jellegzetes fekete garb\u00f3 pul\u00f3vere, valamint egyetemi \u00e9vk\u00f6nyvei \u00e9s l\u00e1bbelijei is megtekinthet\u0151k.<\/p>\n\n\n\n<h2 id=\"a-brief-history-of-the-prague-apple-museum\" class=\"wp-block-heading\">A pr\u00e1gai almam\u00fazeum r\u00f6vid t\u00f6rt\u00e9nete<\/h2>\n\n\n\n<p>A <strong>Alma M\u00fazeum Pr\u00e1g\u00e1ban<\/strong>, amely egy r\u00e9gi \u00e9p\u00fcletben, a mai Pr\u00e1ga k\u00f6zep\u00e9n tal\u00e1lhat\u00f3, el\u0151sz\u00f6r 2015-ben nyitotta meg kapuit.<\/p>\n\n\n\n<p>Az 1970-es \u00e9vekben Steve Jobs \u00e9s k\u00f6zeli bar\u00e1tja, Steve Wozniak a csal\u00e1dja gar\u00e1zs\u00e1ban alkott\u00e1k meg az els\u0151 sz\u00e1m\u00edt\u00f3g\u00e9pet, \u00e9s v\u00e9g\u00fcl megalap\u00edtott\u00e1k az Apple Tech Company-t. Az els\u0151 term\u00e9k, amely a ma m\u00e1r ikonikus Apple-t tartalmazta, $666,66 amerikai doll\u00e1rba ker\u00fclt. Az eredeti protot\u00edpus m\u00e9g mindig abban a f\u00e1b\u00f3l k\u00e9sz\u00fclt kont\u00e9nerben volt, amelyben l\u00e9trehozt\u00e1k.<\/p>\n\n\n\n<p>A <strong>Pr\u00e1gai almam\u00fazeum <\/strong>a vil\u00e1g legnagyobb szem\u00e9lyes Apple-gy\u0171jtem\u00e9ny\u00e9t mutatja be, bele\u00e9rtve az 1976 \u00e9s 2012 k\u00f6z\u00f6tt gy\u00e1rtott legdr\u00e1g\u00e1bb \u00e9s legbonyolultabb sz\u00e1m\u00edt\u00f3g\u00e9peket. Sz\u00e1mos egy\u00e9ni forgalmaz\u00f3 teszi el\u00e9rhet\u0151v\u00e9 PC-it, Macjeit \u00e9s egy\u00e9b hardvereit ebb\u0151l az alkalomb\u00f3l.<\/p>\n\n\n\n<p>Megjelenik a <strong>Pr\u00e1gai almam\u00fazeum<\/strong> interakt\u00edv ki\u00e1ll\u00edt\u00e1sok \u00e9s id\u0151vonalak mutatj\u00e1k be az Apple legikonikusabb term\u00e9keinek, k\u00f6zt\u00fck az iPhone, az iPod, az iPad, az iMac \u00e9s a Power Mac fejl\u0151d\u00e9s\u00e9t. A sz\u00e1m\u00edt\u00f3g\u00e9pes vezet\u00e9kek hossza \u00e1ll\u00edt\u00f3lag 12 000 m\u00e9ter.<\/p>\n\n\n\n<div class=\"wp-block-group is-layout-constrained wp-block-group-is-layout-constrained\"><div class=\"wp-block-group__inner-container\"><\/div><\/div>\n\n\n\n<p>A ki\u00e1ll\u00edt\u00e1son l\u00e1that\u00f3k tov\u00e1bb\u00e1 n\u00e9vjegyk\u00e1rty\u00e1k, poszterek \u00e9s egy\u00e9b eml\u00e9kt\u00e1rgyak az Apple \u00e9s Jobs k\u00e9t m\u00e1sik kulcsfontoss\u00e1g\u00fa c\u00e9g\u00e9t\u0151l, a Next-t\u0151l \u00e9s a Pixart\u00f3l.<\/p>\n\n\n\n<p>A m\u00fazeum n\u00e9h\u00e1ny fal\u00e1n Steve Jobs szavai olvashat\u00f3k, p\u00e9ld\u00e1ul: \"A design t\u00f6bb, mint a megjelen\u00e9s vagy az \u00e9rz\u00e9s. A m\u0171k\u00f6d\u00e9s m\u00f3dja a Design.\"<\/p>\n\n\n\n<h2 id=\"the-prague-apple-museum-what-to-see-and-do-there\" class=\"wp-block-heading\">A pr\u00e1gai almam\u00fazeum: Mit lehet ott l\u00e1tni \u00e9s csin\u00e1lni?<\/h2>\n\n\n\n<div data-gyg-widget=\"auto\" data-gyg-partner-id=\"U94OQGQ\"><\/div>\n\n\n\n<h3 id=\"display-of-apple-products\" class=\"wp-block-heading\">Apple term\u00e9kek megjelen\u00edt\u00e9se<\/h3>\n\n\n\n<p>A nagy, t\u00f6bb mint 700 n\u00e9gyzetm\u00e9teren elter\u00fcl\u0151 ki\u00e1ll\u00edt\u00e1son a<strong> Pr\u00e1gai Almam\u00fazeum<\/strong> t\u00f6bb mint 500 term\u00e9ket mutat be.<\/p>\n\n\n\n<p>A Lisa, a legels\u0151 Macintosh, a sz\u00e1mos iMac, Power Mac, iPhone \u00e9s iPod modell \u00e9s v\u00e1ltozat, valamint a v\u00e1llalat n\u00e9h\u00e1ny kev\u00e9sb\u00e9 ismert term\u00e9ke, p\u00e9ld\u00e1ul nyomtat\u00f3k, f\u00e9nyk\u00e9pez\u0151g\u00e9pek \u00e9s perif\u00e9ri\u00e1k, p\u00e9ld\u00e1ul billenty\u0171zetek \u00e9s egerek.<\/p>\n\n\n\n<p>Steve Jobs kedvenc \u00f6lt\u00f6z\u00e9ke is szerepel a ki\u00e1ll\u00edt\u00e1s kincsei k\u00f6z\u00f6tt.<\/p>\n\n\n\n<p>A ki\u00e1ll\u00edt\u00e1son Next \u00e9s Pixar term\u00e9kek is l\u00e1that\u00f3k.<\/p>\n\n\n\n<h3 id=\"veggie-diner\" class=\"wp-block-heading\">Veggie Diner<\/h3>\n\n\n\n<p>A Stevens Food veg\u00e1nok \u00e9s veget\u00e1ri\u00e1nusok \u00e9tterme. Az Apple ikonikus alap\u00edt\u00f3ja \u00e9s veg\u00e1nja, Steve Jobs ihlette az \u00e9tterem nev\u00e9t.<\/p>\n\n\n\n<h3 id=\"tickets-tours-and-entrance-fees\" class=\"wp-block-heading\">Jegyek, t\u00far\u00e1k \u00e9s bel\u00e9p\u0151d\u00edjak<\/h3>\n\n\n\n<p>A<strong> Pr\u00e1gai Almam\u00fazeum<\/strong> b\u00e1rmikor el\u00e9rhet\u0151. A jegy\u00e1rakat itt tal\u00e1lja a honlapjukon.<\/p>\n\n\n\n<h2 id=\"inside-the-prague-apple-museum-5-fun-facts\" class=\"wp-block-heading\">A pr\u00e1gai almam\u00fazeum belseje: 5 \u00e9rdekess\u00e9g<\/h2>\n\n\n\n<ol>\n<li>M\u00e9g a k\u00fcls\u0151t is Steve Jobs mond\u00e1sai bor\u00edtj\u00e1k.<\/li>\n<\/ol>\n\n\n\n<ol start=\"2\">\n<li>A bel\u00e9p\u0151jegy \u00e1ra egy feln\u0151tt sz\u00e1m\u00e1ra k\u00f6r\u00fclbel\u00fcl $9,50<\/li>\n<\/ol>\n\n\n\n<ol start=\"3\">\n<li>Az els\u0151 dolog, ami felt\u0171nik, egy Steve Jobsr\u00f3l k\u00e9sz\u00fclt k\u00e9p, amelyet hat iMac G3-as, 1998 \u00e9s 2003 k\u00f6z\u00f6tt gy\u00e1rtott Apple sz\u00e1m\u00edt\u00f3g\u00e9pek alkatr\u00e9szeib\u0151l k\u00e9sz\u00edtettek.<\/li>\n<\/ol>\n\n\n\n<ol start=\"4\">\n<li>A m\u00fazeumban v\u00e9gigs\u00e9t\u00e1lhatsz az Apple k\u00e9sz\u00fcl\u00e9keinek \u00e9s \u00fczleti fejl\u0151d\u00e9s\u00e9nek t\u00e9nyleges bemutat\u00e1s\u00e1n.&nbsp;<\/li>\n<\/ol>\n\n\n\n<ol start=\"5\">\n<li>Ebben a gal\u00e9ri\u00e1ban az Apple teljes, t\u00f6bb mint 40 \u00e9vet fel\u00f6lel\u0151 term\u00e9kcsal\u00e1dja ford\u00edtott id\u0151rendi sorrendben l\u00e1that\u00f3.<\/li>\n<\/ol>\n\n\n\n<h2 id=\"how-to-get-to-the-apple-museum-in-prague\" class=\"wp-block-heading\">Hogyan juthat el a pr\u00e1gai Almam\u00fazeumba<\/h2>\n\n\n\n<p>A h\u00edres \u00d3v\u00e1rosi t\u00e9r nyugati oldal\u00e1n, egy sz\u0171k sik\u00e1toron kereszt\u00fcl tal\u00e1lja a Pr\u00e1gai Almam\u00fazeumot. Sz\u00e1lljon le a n\u00e9pszer\u0171 Staromstsk\u00e1 meg\u00e1ll\u00f3n\u00e1l, a metr\u00f3 A vonal\u00e1n. <a href=\"https:\/\/prague.org\/hu\/transport\/\">metr\u00f3vonal<\/a> \u00e9s s\u00e9t\u00e1ljon v\u00e9gig a r\u00f6vid \u00faton.<\/p>\n\n\n\n<figure class=\"wp-block-image size-large\"><img decoding=\"async\" width=\"1024\" height=\"682\" src=\"https:\/\/prague.org\/wp-content\/uploads\/2022\/10\/old-town-square-g207ddd3df_1920-1-1024x682.jpg\" alt=\"r\u00e9gi f\u0151t\u00e9r\" class=\"wp-image-6282\" srcset=\"https:\/\/prague.org\/wp-content\/uploads\/2022\/10\/old-town-square-g207ddd3df_1920-1-1024x682.jpg 1024w, https:\/\/prague.org\/wp-content\/uploads\/2022\/10\/old-town-square-g207ddd3df_1920-1-600x399.jpg 600w, https:\/\/prague.org\/wp-content\/uploads\/2022\/10\/old-town-square-g207ddd3df_1920-1-300x200.jpg 300w, https:\/\/prague.org\/wp-content\/uploads\/2022\/10\/old-town-square-g207ddd3df_1920-1-768x511.jpg 768w, https:\/\/prague.org\/wp-content\/uploads\/2022\/10\/old-town-square-g207ddd3df_1920-1-1536x1022.jpg 1536w, https:\/\/prague.org\/wp-content\/uploads\/2022\/10\/old-town-square-g207ddd3df_1920-1-380x253.jpg 380w, https:\/\/prague.org\/wp-content\/uploads\/2022\/10\/old-town-square-g207ddd3df_1920-1-800x533.jpg 800w, https:\/\/prague.org\/wp-content\/uploads\/2022\/10\/old-town-square-g207ddd3df_1920-1-1160x772.jpg 1160w, https:\/\/prague.org\/wp-content\/uploads\/2022\/10\/old-town-square-g207ddd3df_1920-1.jpg 1920w\" sizes=\"(max-width: 1024px) 100vw, 1024px\" \/><figcaption class=\"wp-element-caption\">\u00d3v\u00e1ros t\u00e9r<\/figcaption><\/figure>\n\n\n\n<h2 id=\"stop-by-prague-apple-museum\" class=\"wp-block-heading\">Meg\u00e1ll\u00f3 a pr\u00e1gai almam\u00fazeumban<\/h2>\n\n\n\n<p>Fedezze fel a vil\u00e1g leg\u00e9rt\u00e9kesebb m\u00e1rk\u00e1j\u00e1t egyetlen gar\u00e1zsb\u00f3l fel\u00e9p\u00edt\u0151 v\u00e1llalat t\u00f6rt\u00e9net\u00e9t, \u00e9s l\u00e1togasson el a <strong>Apple m\u00fazeum Pr\u00e1g\u00e1ban<\/strong>. A ki\u00e1ll\u00edtott Apple-eszk\u00f6z\u00f6k vizsg\u00e1lat\u00e1val megismerheti a v\u00e1llalat eredet\u00e9t.<\/p>\n\n\n\n<blockquote class=\"wp-block-quote\">\n<p>Mer\u00fclj\u00f6n el Pr\u00e1ga misztikus m\u00faltj\u00e1ba a <a href=\"https:\/\/prague.org\/hu\/alkimista-muzeum-pragaban-mit-tehetek-pragaban-2\/\" data-type=\"link\" data-id=\"https:\/\/prague.org\/museum-of-alchemy-in-prague-things-to-do-in-prague-2\/\">Alk\u00edmia M\u00fazeum<\/a>, fedezd fel a k\u00e9mked\u00e9s titkait a<a href=\"https:\/\/prague.org\/hu\/kgb-muzeum-prague-mindent-mindent-tudnia-kell-az-latogatas-elott\/\" data-type=\"link\" data-id=\"https:\/\/prague.org\/kgb-museum-prague-all-you-need-to-know-before-your-visit\/\"> KGB M\u00fazeum<\/a>, \u00e9s fedezd fel az izgalmas vil\u00e1got a <a href=\"https:\/\/prague.org\/hu\/absinthe-museum-prague\/\" data-type=\"link\" data-id=\"https:\/\/prague.org\/absinthe-museum-prague\/\">Abszint M\u00fazeum<\/a> a v\u00e1ros rejtett t\u00f6rt\u00e9nelm\u00e9nek \u00e9s kult\u00far\u00e1j\u00e1nak felfedez\u00e9s\u00e9re.<\/p>\n<\/blockquote>\n\n\n\n<div class=\"gyg-iframe-container\" style=\"margin-bottom:1.5em\"><iframe style=\"border:0;height:100%;width:100%\" title=\"GetYourGuide v\u00e1rosi widget\" src=\"https:\/\/widget.getyourguide.com\/default\/city.frame?widget=wp_city&amp;iata=PRG&amp;locale_code=en-GB&amp;partner_id=U94OQGQ\"><\/iframe><\/div>","protected":false},"excerpt":{"rendered":"K\u00eds\u00e9rletezz valami m\u00e1ssal! L\u00e1togasson el a pr\u00e1gai Apple M\u00fazeumba, hogy t\u00f6bbet megtudjon Steve Jobs glob\u00e1lis...","protected":false},"author":2,"featured_media":8680,"comment_status":"closed","ping_status":"closed","sticky":false,"template":"","format":"standard","meta":{"footnotes":""},"categories":[1,204,19],"tags":[55],"table_tags":[],"_links":{"self":[{"href":"https:\/\/prague.org\/hu\/wp-json\/wp\/v2\/posts\/8667"}],"collection":[{"href":"https:\/\/prague.org\/hu\/wp-json\/wp\/v2\/posts"}],"about":[{"href":"https:\/\/prague.org\/hu\/wp-json\/wp\/v2\/types\/post"}],"author":[{"embeddable":true,"href":"https:\/\/prague.org\/hu\/wp-json\/wp\/v2\/users\/2"}],"replies":[{"embeddable":true,"href":"https:\/\/prague.org\/hu\/wp-json\/wp\/v2\/comments?post=8667"}],"version-history":[{"count":13,"href":"https:\/\/prague.org\/hu\/wp-json\/wp\/v2\/posts\/8667\/revisions"}],"predecessor-version":[{"id":12793,"href":"https:\/\/prague.org\/hu\/wp-json\/wp\/v2\/posts\/8667\/revisions\/12793"}],"wp:featuredmedia":[{"embeddable":true,"href":"https:\/\/prague.org\/hu\/wp-json\/wp\/v2\/media\/8680"}],"wp:attachment":[{"href":"https:\/\/prague.org\/hu\/wp-json\/wp\/v2\/media?parent=8667"}],"wp:term":[{"taxonomy":"category","embeddable":true,"href":"https:\/\/prague.org\/hu\/wp-json\/wp\/v2\/categories?post=8667"},{"taxonomy":"post_tag","embeddable":true,"href":"https:\/\/prague.org\/hu\/wp-json\/wp\/v2\/tags?post=8667"},{"taxonomy":"table_tags","embeddable":true,"href":"https:\/\/prague.org\/hu\/wp-json\/wp\/v2\/table_tags?post=8667"}],"curies":[{"name":"wp","href":"https:\/\/api.w.org\/{rel}","templated":true}]}}