{"id":9578,"date":"2023-05-24T09:03:46","date_gmt":"2023-05-24T07:03:46","guid":{"rendered":"https:\/\/prague.org\/?p=9578"},"modified":"2024-02-02T18:37:17","modified_gmt":"2024-02-02T16:37:17","slug":"prague-spring","status":"publish","type":"post","link":"https:\/\/prague.org\/hu\/prague-tavasz\/","title":{"rendered":"Tudjon meg mindent a pr\u00e1gai tavaszr\u00f3l Csehszlov\u00e1ki\u00e1ban"},"content":{"rendered":"<p>A 20. sz\u00e1zad nagy r\u00e9sz\u00e9t politikai \u00e9s t\u00e1rsadalmi zavarg\u00e1sok jellemezt\u00e9k Pr\u00e1g\u00e1ban.&nbsp;<\/p>\n\n\n\n<p>Az osztr\u00e1k-magyar kir\u00e1lys\u00e1g az els\u0151 vil\u00e1gh\u00e1bor\u00fa ut\u00e1n sz\u00e9tesett, \u00e9s Pr\u00e1ga lett Csehszlov\u00e1kia f\u0151v\u00e1rosa.&nbsp;<\/p>\n\n\n\n<p><a href=\"https:\/\/prague.org\/hu\/hol-van-praga-milyen-orszag\/\">Hol van Pr\u00e1ga? <\/a><strong>Pr\u00e1ga<\/strong> <strong>Csehszlov\u00e1ki\u00e1ban?<\/strong><\/p>\n\n\n\n<p><strong>Pr\u00e1ga m\u00e1r nem r\u00e9sze Csehszlov\u00e1ki\u00e1nak.<\/strong>.<\/p>\n\n\n\n<p>1993-ban, <a href=\"https:\/\/prague.org\/hu\/when-did-czechoslovakia-split\/\" data-type=\"link\" data-id=\"https:\/\/prague.org\/when-did-czechoslovakia-split\/\">Csehorsz\u00e1g \u00e9s Szlov\u00e1kia k\u00e9s\u0151bb k\u00fcl\u00f6nv\u00e1lt \u00e9s k\u00fcl\u00f6n orsz\u00e1got alkotott.<\/a>.<\/p>\n\n\n\n<p>Nem besz\u00e9lhet\u00fcnk a t\u00e9m\u00e1r\u00f3l an\u00e9lk\u00fcl, hogy ne hozn\u00e1nk fel <strong>Csehszlov\u00e1kia 1968-as pr\u00e1gai tavasza<\/strong>. A pr\u00e1gai tavasz jelent\u0151s fordul\u00f3pont volt a cseh t\u00f6rt\u00e9nelemben.<\/p>\n\n\n\n<p>Csehszlov\u00e1ki\u00e1ban, amely m\u00e9g mindig szovjet fennhat\u00f3s\u00e1g alatt \u00e1llt, a liber\u00e1lis reformkorban mintegy n\u00e9gy h\u00f3napig nyitottabb volt a m\u0171v\u00e9szetek, a m\u00e9dia \u00e9s a szabad v\u00e9lem\u00e9nynyilv\u00e1n\u00edt\u00e1s fel\u00e9. <a href=\"https:\/\/prague.org\/hu\/who-was-alexander-dubcek\/\" data-type=\"link\" data-id=\"https:\/\/prague.org\/who-was-alexander-dubcek\/\">Dub\u010dek<\/a> 1968-ban.&nbsp;<\/p>\n\n\n\n<p>Az 1968 janu\u00e1rja \u00e9s augusztusa k\u00f6z\u00f6tti r\u00f6vid id\u0151szakot \u00e1ltal\u00e1ban pr\u00e1gai tavaszk\u00e9nt emlegetik. Att\u00f3l tartva, hogy Csehszlov\u00e1kia f\u00fcggetlens\u00e9ge meggyeng\u00edtheti a Szovjetuni\u00f3t \u00e9s a kommunista p\u00e1rt befoly\u00e1s\u00e1t, a Szovjetuni\u00f3 csapatokat k\u00fcld\u00f6tt a Vars\u00f3i Szerz\u0151d\u00e9s orsz\u00e1gaib\u00f3l a rend helyre\u00e1ll\u00edt\u00e1s\u00e1ra.<\/p>\n\n\n\n<p>Mi v\u00e1ltotta ki azonban a <strong>1968-as pr\u00e1gai tavasz Csehszlov\u00e1ki\u00e1ban<\/strong>?<\/p>\n\n\n\n<h2 id=\"what-sparked-the-prague-spring-in-czechoslovakia\" class=\"wp-block-heading\">Mi v\u00e1ltotta ki a pr\u00e1gai tavaszt Csehszlov\u00e1ki\u00e1ban?<\/h2>\n\n\n\n<p>A Csehszlov\u00e1k K\u00f6zt\u00e1rsas\u00e1gban a d\u00fch\u00f6dt t\u00fcntet\u00e9sek megbuktatt\u00e1k Novotn\u00fdt, megv\u00e1lasztott\u00e1k Dub\u010deket, \u00e9s el\u0151k\u00e9sz\u00edtett\u00e9k a pr\u00e1gai tavaszt.Az al\u00e1bbiakban r\u00e9szletezz\u00fck azokat a t\u00e9nyez\u0151ket, amelyek a kommunista rendszer el\u00e9gedetlens\u00e9g\u00e9hez vezettek.<\/p>\n\n\n\n<h3 id=\"standard-of-living\" class=\"wp-block-heading\">\u00c9letsz\u00ednvonal<\/h3>\n\n\n\n<p>Az infl\u00e1ci\u00f3, az \u00e9lelmiszerhi\u00e1ny \u00e9s az \u00e9letsz\u00ednvonal \u00e1ltal\u00e1nos cs\u00f6kken\u00e9se mind hozz\u00e1j\u00e1rult ahhoz, hogy Csehszlov\u00e1ki\u00e1ban az 1960-as \u00e9vekben egyre nagyobb lett az el\u00e9gedetlens\u00e9g. A munk\u00e1sok lakhat\u00e1sa nem volt megfelel\u0151, \u00e9s csak a legalapvet\u0151bb l\u00e9tfenntart\u00e1st engedhett\u00e9k meg maguknak.&nbsp;<\/p>\n\n\n\n<p>Csehszlov\u00e1kia rendelkezett a legfejlettebb gazdas\u00e1ggal a keleti blokkban, de polg\u00e1rai egyre ink\u00e1bb felismert\u00e9k, hogy \u00e9letsz\u00ednvonalukr\u00f3l lemondanak a Szovjetuni\u00f3 t\u00e1mogat\u00e1sa \u00e9rdek\u00e9ben.<\/p>\n\n\n\n<h3 id=\"dissatisfaction-with-the-political-system\" class=\"wp-block-heading\">El\u00e9gedetlens\u00e9g a politikai rendszerrel<\/h3>\n\n\n\n<p>A cseh \u00e9s a szlov\u00e1k n\u00e9p k\u00f6r\u00e9ben n\u0151tt az el\u00e9gedetlens\u00e9g. Sok cseh \u00fagy gondolta, hogy orsz\u00e1guk az elm\u00falt k\u00e9t \u00e9vtizedben a kommunista uralom kiterjeszt\u00e9s\u00e9vel egyre tekint\u00e9lyelv\u0171bb\u00e9 v\u00e1lt. Novotn\u00fdt kritika \u00e9rte a sz\u00f3l\u00e1s- \u00e9s sajt\u00f3szabads\u00e1g korl\u00e1toz\u00e1sa miatt. Mivel f\u00e9lig autoriter m\u00f3don j\u00e1rt el (fegyvertelen t\u00fcntet\u0151k beb\u00f6rt\u00f6nz\u00e9s\u00e9vel \u00e9s meg\u00f6l\u00e9s\u00e9vel), gyorsan elvesztette t\u00e1mogatotts\u00e1g\u00e1t.<\/p>\n\n\n\n<h3 id=\"help-from-the-west\" class=\"wp-block-heading\">Nyugati seg\u00edts\u00e9g<\/h3>\n\n\n\n<p>Egyes csehek \u00e9s szlov\u00e1kok \u00fagy v\u00e9lt\u00e9k, hogy az Egyes\u00fclt \u00c1llamok t\u00e1mogatni fogja a kommunista vezet\u00e9s elleni tiltakoz\u00e1saikat, ha azok megt\u00f6rt\u00e9nnek. Az Egyes\u00fclt \u00c1llamok p\u00e9ld\u00e1ul a Truman-doktr\u00edn\u00e1ban kijelentette, hogy \u00edg\u00e9retet tesz arra, hogy<\/p>\n\n\n\n<h3 id=\"slowing-economy\" class=\"wp-block-heading\">Lassul\u00f3 gazdas\u00e1g<\/h3>\n\n\n\n<p>T\u00f6rt\u00e9nelmileg a csehszlov\u00e1k gazdas\u00e1g a keleti blokk leger\u0151sebb gazdas\u00e1gai k\u00f6z\u00e9 tartozott. Ez azonban az 1960-as \u00e9vekben kezdett visszaesni, amikor a Szovjetuni\u00f3 arra kezdte k\u00e9nyszer\u00edteni Csehszlov\u00e1ki\u00e1t, hogy saj\u00e1t nyersanyagokat, p\u00e9ld\u00e1ul ac\u00e9lt gy\u00e1rtson a Szovjetuni\u00f3 sz\u00e1m\u00e1ra a saj\u00e1tja helyett.&nbsp;<\/p>\n\n\n\n<p>Az emberek \u00fagy \u00e9rezt\u00e9k, hogy a kommunista p\u00e1rt akad\u00e1lyozza a fejl\u0151d\u00e9st. A termeszt\u00e9sre vonatkoz\u00f3 ir\u00e1nyelveik \u00e9s a gazdas\u00e1gok \u00e1ltal\u00e1nos fel\u00fcgyelete elfojtott minden moderniz\u00e1ci\u00f3s k\u00eds\u00e9rletet. A csal\u00f3dotts\u00e1g egyre n\u0151tt, mivel a Novotn\u00fd vezette gazdas\u00e1gi v\u00e1ltoz\u00e1sokra tett k\u00eds\u00e9rletek szint\u00e9n kudarcot vallottak.<\/p>\n\n\n\n<h2 id=\"soviet-invasion-of-czechoslovakia-and-its-repercussions\" class=\"wp-block-heading\">Csehszlov\u00e1kia szovjet megsz\u00e1ll\u00e1sa \u00e9s annak k\u00f6vetkezm\u00e9nyei<\/h2>\n\n\n\n<p>B\u00e1r Csehszlov\u00e1kia r\u00e9sz\u00e9r\u0151l nem volt k\u00f6zvetlen \u00e9rintetts\u00e9g, az orsz\u00e1got a pr\u00e1gai tavasz befejez\u00e9se ut\u00e1n m\u00e9gis vil\u00e1gszerte b\u00edr\u00e1latok \u00e9rt\u00e9k. Az al\u00e1bbiakban megtudhatja, hogy az Egyes\u00fclt \u00c1llamok \u00e9s a Szovjetuni\u00f3 k\u00f6z\u00f6tti kapcsolaton k\u00edv\u00fcl milyen hat\u00e1ssal volt ez m\u00e1s kapcsolatokra is.<\/p>\n\n\n\n<h3 id=\"the-warsaw-pact\" class=\"wp-block-heading\">A Vars\u00f3i Szerz\u0151d\u00e9s<\/h3>\n\n\n\n<p>A szovjet dominancia a kelet-eur\u00f3pai szatellit\u00e1llamok felett az 1960-as \u00e9vekben Csehszlov\u00e1kia megsz\u00e1ll\u00e1s\u00e1val er\u0151s\u00f6d\u00f6tt meg. Az 1980-as \u00e9vek v\u00e9g\u00e9ig nem voltak tov\u00e1bbi felfordul\u00e1sok Kelet-Eur\u00f3p\u00e1ban a csehszlov\u00e1kiai pr\u00e1gai tavasz \u00e9s a Brezsnyev-doktr\u00edna miatt, amely legitim\u00e1lta a katonai beavatkoz\u00e1st minden olyan nemzetbe, amely nem \u00e9rtett egyet.<\/p>\n\n\n\n<h3 id=\"criticism-from-around-the-world\" class=\"wp-block-heading\">Kritika a vil\u00e1g minden t\u00e1j\u00e1r\u00f3l<\/h3>\n\n\n\n<p>A Szovjetuni\u00f3 cselekedeteit vil\u00e1gszerte \u00e9lesen b\u00edr\u00e1lt\u00e1k. A k\u00f6zeled\u0151 szovjet tankok el\u0151tt csokrokat tart\u00f3 fegyvertelen civilek k\u00e9pei a Szovjetuni\u00f3 kegyetlens\u00e9g\u00e9t mutatt\u00e1k.&nbsp;<\/p>\n\n\n\n<p>Rom\u00e1nia \u00e9s Jugoszl\u00e1via p\u00e9ld\u00e1ul a h\u00e1bor\u00fa ut\u00e1n a Brezsnyev-doktr\u00edna miatt politikailag elhat\u00e1rol\u00f3dott a moszkvai nemzett\u0151l, \u00e9s a b\u00e9ke akad\u00e1ly\u00e1t l\u00e1tta benne.&nbsp;<\/p>\n\n\n\n<p>Ez volt az utols\u00f3 csepp a poh\u00e1rban, amely K\u00edna \u00e9s a Szovjetuni\u00f3 k\u00f6z\u00f6tti kapcsolat megroml\u00e1s\u00e1hoz vezetett, mivel Peking att\u00f3l tartott, hogy Moszkva az ideol\u00f3gi\u00e1t \u00fcr\u00fcgyk\u00e9nt fogja felhaszn\u00e1lni K\u00edna lerohan\u00e1s\u00e1ra.<\/p>\n\n\n\n<h3 id=\"implications-for-cold-war-relations\" class=\"wp-block-heading\">K\u00f6vetkezm\u00e9nyek a hidegh\u00e1bor\u00fas kapcsolatokra&nbsp;<\/h3>\n\n\n\n<p>A Szovjetuni\u00f3 vil\u00e1goss\u00e1 tette, hogy a b\u00e9k\u00e9s egy\u00fctt\u00e9l\u00e9sr\u0151l sz\u00f3 sem lehet, amikor bevezette a Brezsnyev-doktr\u00edn\u00e1t. Az Egyes\u00fclt \u00c1llamok \u00e9s a Szovjetuni\u00f3 a megromlott kapcsolat miatt tov\u00e1bb n\u00f6velte fegyverzet\u00e9t.&nbsp;<\/p>\n\n\n\n<h2 id=\"unveiling-pragues-communist-era-3-5-hour-historical-and-bunker-tour\" class=\"wp-block-heading\">Pr\u00e1ga kommunista korszak\u00e1nak leleplez\u00e9se: Bunkert\u00fara: 3,5 \u00f3r\u00e1s t\u00f6rt\u00e9nelmi \u00e9s bunker-t\u00fara<\/h2>\n\n\n\n<div data-gyg-href=\"https:\/\/widget.getyourguide.com\/default\/activities.frame\" data-gyg-locale-code=\"en-US\" data-gyg-widget=\"activities\" data-gyg-number-of-items=\"1\" data-gyg-partner-id=\"U94OQGQ\" data-gyg-tour-ids=\"22927\"><\/div>\n\n\n\n<p>Vegyen r\u00e9szt egy 3,5 \u00f3r\u00e1s, lebilincsel\u0151 s\u00e9ta\u00faton, \u00e9s mer\u00fclj\u00f6n el a pr\u00e1gai kommunizmus \u00e9rdekes t\u00f6rt\u00e9nelm\u00e9ben. Ismeretterjeszt\u0151 helyi idegenvezet\u0151 k\u00eds\u00e9ret\u00e9ben fedezze fel a pr\u00e1gai tavaszhoz \u00e9s a b\u00e1rsonyos forradalomhoz kapcsol\u00f3d\u00f3 jelent\u0151s helysz\u00edneket. Egyed\u00fcl\u00e1ll\u00f3 betekint\u00e9st nyerhet a vasf\u00fcgg\u00f6ny m\u00f6g\u00f6tti \u00e9letbe, mik\u00f6zben idegenvezet\u0151je szem\u00e9lyes \u00e9lm\u00e9nyeit osztja meg a korszakr\u00f3l.<\/p>\n\n\n\n<h3 id=\"highlights\" class=\"wp-block-heading\">Kiemelt inform\u00e1ci\u00f3k<\/h3>\n\n\n\n<ul>\n<li>Mer\u00fclj\u00f6n el a csehszlov\u00e1kiai kommunizmus leny\u0171g\u00f6z\u0151 t\u00f6rt\u00e9nelm\u00e9ben <\/li>\n\n\n\n<li>L\u00e1togasson el a pr\u00e1gai tavaszhoz \u00e9s a b\u00e1rsonyos forradalomhoz kapcsol\u00f3d\u00f3 jelent\u0151s helysz\u00ednekre. <\/li>\n\n\n\n<li>L\u00e9pjen be egy autentikus munk\u00e1skonyh\u00e1ba, \u00e9s mer\u00fclj\u00f6n el a korszak hangulat\u00e1ban. <\/li>\n\n\n\n<li>Tapasztalja meg egy 1950-es \u00e9vekbeli nukle\u00e1ris \u00f3v\u00f3hely l\u00e9gk\u00f6r\u00e9t <\/li>\n\n\n\n<li>Kedvezm\u00e9nyes bel\u00e9p\u0151 a pr\u00e1gai Kommunizmus M\u00fazeum\u00e1ba <\/li>\n<\/ul>\n\n\n\n<h3 id=\"included\" class=\"wp-block-heading\">Tartalmazza a<\/h3>\n\n\n\n<ul>\n<li>Exkluz\u00edv hozz\u00e1f\u00e9r\u00e9s egy leny\u0171g\u00f6z\u0151 nukle\u00e1ris bunkerhez <\/li>\n\n\n\n<li>Kap egy eredeti kommunista kit\u0171z\u0151t eml\u00e9kbe <\/li>\n\n\n\n<li>Kedvezm\u00e9nyes bel\u00e9p\u0151 a Kommunizmus M\u00fazeum\u00e1ba <\/li>\n\n\n\n<li>Kis l\u00e9tsz\u00e1m\u00fa csoport, amely biztos\u00edtja a meghitt \u00e9s szem\u00e9lyre szabott \u00e9lm\u00e9nyt (maximum 8 f\u0151) <\/li>\n\n\n\n<li>K\u00e9nyeztesse mag\u00e1t egy kis sz\u00fcnettel az autentikus \u00e9tkezd\u00e9ben, \u00e9s \u00e9lvezze a friss\u00edt\u0151 Kofola italt.<\/li>\n<\/ul>\n\n\n\n<div class=\"wp-block-buttons is-layout-flex wp-block-buttons-is-layout-flex\">\n<div class=\"wp-block-button is-style-cs-button-block\"><a class=\"wp-block-button__link wp-element-button\" href=\"https:\/\/www.getyourguide.fr\/prague-l10\/visite-de-prague-extravaganza-communism-t22927\/?partner_id=U94OQGQ&amp;utm_medium=online_publisher\" rel=\"nofollow noopener\">\u2192 Tov\u00e1bbi inform\u00e1ci\u00f3k<\/a><\/div>\n<\/div>\n\n\n\n<h2 id=\"the-end-of-a-peaceful-era\" class=\"wp-block-heading\">Egy b\u00e9k\u00e9s korszak v\u00e9ge<\/h2>\n\n\n\n<p>A pr\u00e1gai tavasz esem\u00e9nyeit k\u00f6vet\u0151en felvet\u0151d\u00f6tt a felt\u00e9telez\u00e9s, hogy a Kelet \u00e9s Nyugat k\u00f6z\u00f6tti b\u00e9k\u00e9s egy\u00fctt\u00e9l\u00e9s korszaka v\u00e9get \u00e9rt.<\/p>\n\n\n\n<p>Az igazi ok, ami\u00e9rt a Szovjetuni\u00f3 v\u00e9get vetett a <strong>Csehszlov\u00e1kia 1968-as pr\u00e1gai tavasza <\/strong>nem sokkal a kezdete ut\u00e1n az\u00e9rt, mert att\u00f3l f\u00e9ltek, hogy elvesz\u00edtik Csehszlov\u00e1kia feletti hatalmukat, ami m\u00e1shol is hasonl\u00f3 felkel\u00e9sekhez vezethet. Sok minden van, ami <a href=\"https:\/\/prague.org\/hu\/fedezze-fel-a-gazdag-pragai-tortenelmet\/\">Pr\u00e1ga gazdag t\u00f6rt\u00e9nelm\u00e9nek megismer\u00e9se<\/a>.<\/p>\n\n\n\n<h2 id=\"a-defining-moment-in-the-quest-for-freedom\" class=\"wp-block-heading\">A szabads\u00e1g\u00e9rt folytatott k\u00fczdelem meghat\u00e1roz\u00f3 pillanata<\/h2>\n\n\n\n<p>Az 1968-as pr\u00e1gai tavasz a csehszlov\u00e1k t\u00f6rt\u00e9nelem sorsford\u00edt\u00f3 fejezetek\u00e9nt \u00e1ll, amely a politikai liberaliz\u00e1ci\u00f3 \u00e9s reformok r\u00f6vid id\u0151szak\u00e1t testes\u00edtette meg, amely megk\u00e9rd\u0151jelezte a szovjet befoly\u00e1s hegem\u00f3ni\u00e1j\u00e1t Kelet-Eur\u00f3p\u00e1ban. Az Alexander Dub\u010dek vezet\u00e9s\u00e9vel kezdem\u00e9nyezett mozgalom \"emberi arc\u00fa szocializmus\" megteremt\u00e9s\u00e9re t\u00f6rekedett olyan reformok bevezet\u00e9s\u00e9vel, amelyek a titkosrend\u0151rs\u00e9g tev\u00e9kenys\u00e9g\u00e9nek cs\u00f6kkent\u00e9se mellett nagyobb sajt\u00f3-, sz\u00f3l\u00e1s- \u00e9s utaz\u00e1si szabads\u00e1got \u00edg\u00e9rtek. A Szovjetuni\u00f3 azonban, mivel ezeket a reformokat a saj\u00e1t uralm\u00e1t \u00e9s a Vars\u00f3i Szerz\u0151d\u00e9s egys\u00e9g\u00e9t fenyeget\u0151 vesz\u00e9lynek tekintette, a Vars\u00f3i Szerz\u0151d\u00e9s csapatainak Csehszlov\u00e1kia elleni er\u0151szakos inv\u00e1zi\u00f3j\u00e1val v\u00e1laszolt, \u00e9s ezzel gyakorlatilag sz\u00e9tz\u00fazta a Pr\u00e1gai Tavasz mozgalmat. Ez az esem\u00e9ny nemcsak a szovjet szf\u00e9r\u00e1n bel\u00fcli reformok korl\u00e1taira vil\u00e1g\u00edtott r\u00e1, hanem fokozta a hidegh\u00e1bor\u00fas fesz\u00fclts\u00e9geket is, maradand\u00f3 hat\u00e1st hagyva a csehszlov\u00e1k t\u00e1rsadalomra \u00e9s a sz\u00e9lesebb nemzetk\u00f6zi k\u00f6z\u00f6ss\u00e9gre. A pr\u00e1gai tavasz \u00e9s annak lever\u00e9se a cseh \u00e9s szlov\u00e1k n\u00e9p szabads\u00e1gv\u00e1gy\u00e1nak \u00e9s ellen\u00e1ll\u00f3k\u00e9pess\u00e9g\u00e9nek bizony\u00edt\u00e9ka, az elnyom\u00e1ssal szembeni ellen\u00e1ll\u00e1s jelent\u0151s pillanat\u00e1t jelzi.<\/p>","protected":false},"excerpt":{"rendered":"A 20. sz\u00e1zad nagy r\u00e9sz\u00e9t politikai \u00e9s t\u00e1rsadalmi zavarg\u00e1sok jellemezt\u00e9k Pr\u00e1g\u00e1ban.  Az osztr\u00e1k-magyar kir\u00e1lys\u00e1g sz\u00e9tesett, miut\u00e1n...","protected":false},"author":2,"featured_media":9582,"comment_status":"closed","ping_status":"closed","sticky":false,"template":"","format":"standard","meta":{"footnotes":""},"categories":[204,15,39],"tags":[30],"table_tags":[],"_links":{"self":[{"href":"https:\/\/prague.org\/hu\/wp-json\/wp\/v2\/posts\/9578"}],"collection":[{"href":"https:\/\/prague.org\/hu\/wp-json\/wp\/v2\/posts"}],"about":[{"href":"https:\/\/prague.org\/hu\/wp-json\/wp\/v2\/types\/post"}],"author":[{"embeddable":true,"href":"https:\/\/prague.org\/hu\/wp-json\/wp\/v2\/users\/2"}],"replies":[{"embeddable":true,"href":"https:\/\/prague.org\/hu\/wp-json\/wp\/v2\/comments?post=9578"}],"version-history":[{"count":8,"href":"https:\/\/prague.org\/hu\/wp-json\/wp\/v2\/posts\/9578\/revisions"}],"predecessor-version":[{"id":12767,"href":"https:\/\/prague.org\/hu\/wp-json\/wp\/v2\/posts\/9578\/revisions\/12767"}],"wp:featuredmedia":[{"embeddable":true,"href":"https:\/\/prague.org\/hu\/wp-json\/wp\/v2\/media\/9582"}],"wp:attachment":[{"href":"https:\/\/prague.org\/hu\/wp-json\/wp\/v2\/media?parent=9578"}],"wp:term":[{"taxonomy":"category","embeddable":true,"href":"https:\/\/prague.org\/hu\/wp-json\/wp\/v2\/categories?post=9578"},{"taxonomy":"post_tag","embeddable":true,"href":"https:\/\/prague.org\/hu\/wp-json\/wp\/v2\/tags?post=9578"},{"taxonomy":"table_tags","embeddable":true,"href":"https:\/\/prague.org\/hu\/wp-json\/wp\/v2\/table_tags?post=9578"}],"curies":[{"name":"wp","href":"https:\/\/api.w.org\/{rel}","templated":true}]}}