{"id":9620,"date":"2023-06-07T09:09:59","date_gmt":"2023-06-07T07:09:59","guid":{"rendered":"https:\/\/prague.org\/?p=9620"},"modified":"2024-08-28T11:44:37","modified_gmt":"2024-08-28T09:44:37","slug":"prague-airport-map","status":"publish","type":"post","link":"https:\/\/prague.org\/hu\/prague-airport-terkep\/","title":{"rendered":"Pr\u00e1gai rep\u00fcl\u0151t\u00e9r t\u00e9rk\u00e9pe"},"content":{"rendered":"<p>A <a href=\"https:\/\/www.airport-prague.net\/map.php\" rel=\"nofollow noopener\"><strong>Pr\u00e1gai rep\u00fcl\u0151t\u00e9r t\u00e9rk\u00e9pe<\/strong><\/a> megjelen\u00edti a termin\u00e1lok elrendez\u00e9s\u00e9t \u00e9s a pr\u00e1gai rep\u00fcl\u0151t\u00e9rre vezet\u0151 \u00fatvonalakat, amelyet kor\u00e1bban Prague Ruzyne n\u00e9ven ismertek, \u00e9s a k\u00f6zelm\u00faltig. A cseh korm\u00e1ny tulajdon\u00e1ban van \u00e9s m\u0171k\u00f6dteti ezt a Pr\u00e1g\u00e1t \u00e9s a vil\u00e1g t\u00f6bbi r\u00e9sz\u00e9t kiszolg\u00e1l\u00f3 rep\u00fcl\u0151teret, hivatalos nev\u00e9n a <strong>V\u00e1clav Havel rep\u00fcl\u0151t\u00e9r Pr\u00e1g\u00e1ban,<\/strong> amely a v\u00e1ros k\u00f6zpontj\u00e1t\u00f3l mintegy 15 km-re nyugatra fekszik.\u00a0<\/p>\r\n\r\n\r\n\r\n<p><strong>Pr\u00e1g\u00e1nak 2 termin\u00e1lja van? V\u00e1clav Havel rep\u00fcl\u0151t\u00e9r Pr\u00e1g\u00e1ban <\/strong>k\u00e9t k\u00fcl\u00f6n termin\u00e1llal rendelkezik. A schengeni t\u00e9rs\u00e9gen k\u00edv\u00fcli c\u00e9l\u00e1llom\u00e1sokra indul\u00f3 j\u00e1ratok az 1-es termin\u00e1lt, m\u00edg a schengeni orsz\u00e1gokba indul\u00f3 j\u00e1ratok a 2-es termin\u00e1lt haszn\u00e1lj\u00e1k.<\/p>\r\n\r\n\r\n\r\n<p>A pr\u00e1gai rep\u00fcl\u0151t\u00e9r 3 kifut\u00f3p\u00e1ly\u00e1j\u00e1nak egyike m\u00e1r le van z\u00e1rva, \u00e9s jelenleg a rep\u00fcl\u0151g\u00e9pek parkol\u00f3jak\u00e9nt haszn\u00e1lj\u00e1k.<\/p>\r\n\r\n\r\n\r\n<p>M\u00e1sr\u00e9szt a <strong>Pr\u00e1gai rep\u00fcl\u0151t\u00e9r t\u00e9rk\u00e9pe<\/strong> a legfrissebb j\u00e1ratsz\u00e1mokkal \u00e9s menetrendekkel l\u00e1tja el az utaz\u00f3kat, emellett seg\u00edt eligazodni a rep\u00fcl\u0151t\u00e9ren. Emellett a<strong> A pr\u00e1gai rep\u00fcl\u0151t\u00e9r t\u00e9rk\u00e9pe seg\u00edt az utaz\u00f3knak<\/strong> naprak\u00e9sz r\u00e9szletek, bele\u00e9rtve a j\u00e1ratok \u00e9rkez\u00e9si \u00e9s indul\u00e1si idej\u00e9t, a kapuv\u00e1lt\u00e1sokat \u00e9s a j\u00e1ratt\u00f6rl\u00e9seket.<\/p>\r\n\r\n\r\n\r\n<h2 id=\"prague-airport-terminals\" class=\"wp-block-heading\">Pr\u00e1gai rep\u00fcl\u0151t\u00e9r termin\u00e1ljai\u00a0<\/h2>\r\n\r\n\r\n\r\n<figure class=\"wp-block-image size-large\"><img decoding=\"async\" width=\"1024\" height=\"670\" class=\"wp-image-9625\" src=\"https:\/\/prague.org\/wp-content\/uploads\/2023\/06\/rawkkim-LlPsdNGerxQ-unsplash-1024x670.jpg\" alt=\"\" srcset=\"https:\/\/prague.org\/wp-content\/uploads\/2023\/06\/rawkkim-LlPsdNGerxQ-unsplash-1024x670.jpg 1024w, https:\/\/prague.org\/wp-content\/uploads\/2023\/06\/rawkkim-LlPsdNGerxQ-unsplash-scaled-600x392.jpg 600w, https:\/\/prague.org\/wp-content\/uploads\/2023\/06\/rawkkim-LlPsdNGerxQ-unsplash-300x196.jpg 300w, https:\/\/prague.org\/wp-content\/uploads\/2023\/06\/rawkkim-LlPsdNGerxQ-unsplash-768x502.jpg 768w, https:\/\/prague.org\/wp-content\/uploads\/2023\/06\/rawkkim-LlPsdNGerxQ-unsplash-1536x1004.jpg 1536w, https:\/\/prague.org\/wp-content\/uploads\/2023\/06\/rawkkim-LlPsdNGerxQ-unsplash-2048x1339.jpg 2048w, https:\/\/prague.org\/wp-content\/uploads\/2023\/06\/rawkkim-LlPsdNGerxQ-unsplash-18x12.jpg 18w, https:\/\/prague.org\/wp-content\/uploads\/2023\/06\/rawkkim-LlPsdNGerxQ-unsplash-380x248.jpg 380w, https:\/\/prague.org\/wp-content\/uploads\/2023\/06\/rawkkim-LlPsdNGerxQ-unsplash-800x523.jpg 800w, https:\/\/prague.org\/wp-content\/uploads\/2023\/06\/rawkkim-LlPsdNGerxQ-unsplash-1160x758.jpg 1160w, https:\/\/prague.org\/wp-content\/uploads\/2023\/06\/rawkkim-LlPsdNGerxQ-unsplash-scaled.jpg 2560w\" sizes=\"(max-width: 1024px) 100vw, 1024px\" \/>\r\n<figcaption class=\"wp-element-caption\">Pr\u00e1gai rep\u00fcl\u0151t\u00e9r<\/figcaption>\r\n<\/figure>\r\n\r\n\r\n\r\n<h3 id=\"prague-airport-terminal-1\" class=\"wp-block-heading\"><a href=\"https:\/\/www.airport-prague.net\/terminal-1.php\" rel=\"nofollow noopener\">Pr\u00e1gai rep\u00fcl\u0151t\u00e9r 1. termin\u00e1l<\/a><\/h3>\r\n\r\n\r\n\r\n<p>A pr\u00e1gai rep\u00fcl\u0151t\u00e9r 1-es termin\u00e1lj\u00e1r\u00f3l indulnak j\u00e1ratok t\u00f6bbek k\u00f6z\u00f6tt \u00e9szak-amerikai, afrikai \u00e9s \u00e1zsiai kontinensekre, a K\u00f6zel-Keletre \u00e9s az Egyes\u00fclt Kir\u00e1lys\u00e1gba. Felh\u00edvjuk figyelm\u00e9t, hogy a nemzetk\u00f6zi \u00e9s a belf\u00f6ldi j\u00e1ratok egyar\u00e1nt haszn\u00e1lj\u00e1k a pr\u00e1gai rep\u00fcl\u0151t\u00e9r 1-es termin\u00e1lj\u00e1t.\u00a0<\/p>\r\n\r\n\r\n\r\n<p>A pr\u00e1gai rep\u00fcl\u0151t\u00e9r 1-es termin\u00e1lja eredetileg 1968-ban ny\u00edlt meg, \u00e9s 1997-ben fel\u00faj\u00edt\u00e1son esett \u00e1t.<\/p>\r\n\r\n\r\n\r\n<h3 id=\"prague-airport-terminal-2\" class=\"wp-block-heading\"><a href=\"https:\/\/www.airport-prague.net\/terminal-2.php\" rel=\"nofollow noopener\">Pr\u00e1gai rep\u00fcl\u0151t\u00e9r 2. termin\u00e1l<\/a><\/h3>\r\n\r\n\r\n\r\n<p>A schengeni t\u00e9rs\u00e9gen \u00e1trep\u00fcl\u0151 j\u00e1ratok, amelyek az eur\u00f3pai rep\u00fcl\u0151g\u00e9pek t\u00falnyom\u00f3 t\u00f6bbs\u00e9g\u00e9t teszik ki, a 2-es termin\u00e1lt haszn\u00e1lj\u00e1k. Ezt csak nemr\u00e9g, 2006-ban hozt\u00e1k l\u00e9tre, teh\u00e1t m\u00e9g mindig nagyon \u00faj.\u00a0<\/p>\r\n\r\n\r\n\r\n<div data-gyg-href=\"https:\/\/widget.getyourguide.com\/default\/activities.frame\" data-gyg-locale-code=\"en-US\" data-gyg-widget=\"activities\" data-gyg-number-of-items=\"3\" data-gyg-cmp=\"prague airport map\" data-gyg-partner-id=\"U94OQGQ\" data-gyg-q=\"prague%20airport\">\u00a0<\/div>\r\n\r\n\r\n\r\n<h2 id=\"prague-airport-terminal-map\" class=\"wp-block-heading\">A pr\u00e1gai rep\u00fcl\u0151t\u00e9r termin\u00e1lj\u00e1nak t\u00e9rk\u00e9pe<\/h2>\r\n\r\n\r\n\r\n<h3 id=\"the-prague-airport-terminal-1-map\" class=\"wp-block-heading\"><a href=\"https:\/\/www.ifly.com\/airports\/prague-ruzyne-airport\/PRG-Terminal-1\" rel=\"nofollow noopener\">A<strong> Pr\u00e1gai rep\u00fcl\u0151t\u00e9r 1. termin\u00e1l t\u00e9rk\u00e9p<\/strong><\/a><\/h3>\r\n\r\n\r\n\r\n<p>Ez egy r\u00e9szletes t\u00e9rk\u00e9pet tartalmaz, amely kiemeli a rep\u00fcl\u0151t\u00e9r \u00f6sszes szolg\u00e1ltat\u00e1s\u00e1t, bele\u00e9rtve a kapukat, az inform\u00e1ci\u00f3s pultokat, a j\u00e1ratok indul\u00f3 \u00e9s \u00e9rkez\u0151 j\u00e1ratait, a l\u00e9git\u00e1rsas\u00e1gok irod\u00e1it, az \u00fatlev\u00e9l-ellen\u0151rz\u00e9st, a besz\u00e1ll\u00f3k\u00e1rty\u00e1k fel\u00fcgyelet\u00e9t, a biztons\u00e1gi ellen\u0151rz\u00e9st, a poggy\u00e1szkiad\u00e1st, a bev\u00e1ndorl\u00e1si hivatalokat, a VIP v\u00e1r\u00f3kat, a mosd\u00f3kat, a taxi\u00e1llom\u00e1st, a parkol\u00e1st, az \u00e9tkez\u00e9si, kiskereskedelmi \u00e9s szolg\u00e1ltat\u00e1si lehet\u0151s\u00e9geket.<\/p>\r\n\r\n\r\n\r\n<figure class=\"wp-block-image size-large\"><img decoding=\"async\" width=\"1024\" height=\"724\" class=\"wp-image-11040\" src=\"https:\/\/prague.org\/wp-content\/uploads\/2023\/09\/mapa-letiste-praha_prague-airport_map_Q3-2023_page-0001-1024x724.jpg\" alt=\"https:\/\/www.prg.aero\/en\/map-airport\" srcset=\"https:\/\/prague.org\/wp-content\/uploads\/2023\/09\/mapa-letiste-praha_prague-airport_map_Q3-2023_page-0001-1024x724.jpg 1024w, https:\/\/prague.org\/wp-content\/uploads\/2023\/09\/mapa-letiste-praha_prague-airport_map_Q3-2023_page-0001-300x212.jpg 300w, https:\/\/prague.org\/wp-content\/uploads\/2023\/09\/mapa-letiste-praha_prague-airport_map_Q3-2023_page-0001-768x543.jpg 768w, https:\/\/prague.org\/wp-content\/uploads\/2023\/09\/mapa-letiste-praha_prague-airport_map_Q3-2023_page-0001-1536x1086.jpg 1536w, https:\/\/prague.org\/wp-content\/uploads\/2023\/09\/mapa-letiste-praha_prague-airport_map_Q3-2023_page-0001-2048x1448.jpg 2048w, https:\/\/prague.org\/wp-content\/uploads\/2023\/09\/mapa-letiste-praha_prague-airport_map_Q3-2023_page-0001-18x12.jpg 18w, https:\/\/prague.org\/wp-content\/uploads\/2023\/09\/mapa-letiste-praha_prague-airport_map_Q3-2023_page-0001-380x269.jpg 380w, https:\/\/prague.org\/wp-content\/uploads\/2023\/09\/mapa-letiste-praha_prague-airport_map_Q3-2023_page-0001-800x566.jpg 800w, https:\/\/prague.org\/wp-content\/uploads\/2023\/09\/mapa-letiste-praha_prague-airport_map_Q3-2023_page-0001-1160x820.jpg 1160w, https:\/\/prague.org\/wp-content\/uploads\/2023\/09\/mapa-letiste-praha_prague-airport_map_Q3-2023_page-0001-600x424.jpg 600w, https:\/\/prague.org\/wp-content\/uploads\/2023\/09\/mapa-letiste-praha_prague-airport_map_Q3-2023_page-0001-scaled.jpg 2560w\" sizes=\"(max-width: 1024px) 100vw, 1024px\" \/>\r\n<figcaption class=\"wp-element-caption\">https:\/\/www.prg.aero\/en\/map-airport<\/figcaption>\r\n<\/figure>\r\n\r\n\r\n\r\n<h3 id=\"the-prague-airport-terminal-2-map\" class=\"wp-block-heading\"><a href=\"https:\/\/www.ifly.com\/airports\/prague-ruzyne-airport\/PRG-Terminal-2\" rel=\"nofollow noopener\"><strong>A<\/strong> <strong>Pr\u00e1gai rep\u00fcl\u0151t\u00e9r 2. termin\u00e1l t\u00e9rk\u00e9p<\/strong><\/a><\/h3>\r\n\r\n\r\n\r\n<p>Ez a t\u00e9rk\u00e9p mutatja a k\u00fcl\u00f6nb\u00f6z\u0151 kapuk, inform\u00e1ci\u00f3s pultok, indul\u00e1si \u00e9s \u00e9rkez\u00e9si ter\u00fcletek, l\u00e9git\u00e1rsas\u00e1gi irod\u00e1k, \u00fatlev\u00e9l- \u00e9s besz\u00e1ll\u00f3k\u00e1rtya-fel\u00fcgyelet, biztons\u00e1gi ellen\u0151rz\u0151pontok, poggy\u00e1szkiad\u00e1s, v\u00e1m, VIP-v\u00e1rakoz\u00f3helyek, illemhelyek, taxi\u00e1llom\u00e1sok, parkol\u00f3h\u00e1zak, kiskereskedelmi \u00fczletek \u00e9s az utasok rendelkez\u00e9s\u00e9re \u00e1ll\u00f3 \u00e9tkez\u00e9si lehet\u0151s\u00e9gek elhelyezked\u00e9s\u00e9t.<\/p>\r\n\r\n\r\n\r\n<figure class=\"wp-block-image size-large\"><img decoding=\"async\" width=\"1024\" height=\"724\" class=\"wp-image-11041\" src=\"https:\/\/prague.org\/wp-content\/uploads\/2023\/09\/mapa-letiste-praha_prague-airport_map_Q3-2023_page-0002-1024x724.jpg\" alt=\"https:\/\/www.prg.aero\/en\/map-airport\" srcset=\"https:\/\/prague.org\/wp-content\/uploads\/2023\/09\/mapa-letiste-praha_prague-airport_map_Q3-2023_page-0002-1024x724.jpg 1024w, https:\/\/prague.org\/wp-content\/uploads\/2023\/09\/mapa-letiste-praha_prague-airport_map_Q3-2023_page-0002-300x212.jpg 300w, https:\/\/prague.org\/wp-content\/uploads\/2023\/09\/mapa-letiste-praha_prague-airport_map_Q3-2023_page-0002-768x543.jpg 768w, https:\/\/prague.org\/wp-content\/uploads\/2023\/09\/mapa-letiste-praha_prague-airport_map_Q3-2023_page-0002-1536x1086.jpg 1536w, https:\/\/prague.org\/wp-content\/uploads\/2023\/09\/mapa-letiste-praha_prague-airport_map_Q3-2023_page-0002-2048x1448.jpg 2048w, https:\/\/prague.org\/wp-content\/uploads\/2023\/09\/mapa-letiste-praha_prague-airport_map_Q3-2023_page-0002-18x12.jpg 18w, https:\/\/prague.org\/wp-content\/uploads\/2023\/09\/mapa-letiste-praha_prague-airport_map_Q3-2023_page-0002-380x269.jpg 380w, https:\/\/prague.org\/wp-content\/uploads\/2023\/09\/mapa-letiste-praha_prague-airport_map_Q3-2023_page-0002-800x566.jpg 800w, https:\/\/prague.org\/wp-content\/uploads\/2023\/09\/mapa-letiste-praha_prague-airport_map_Q3-2023_page-0002-1160x820.jpg 1160w, https:\/\/prague.org\/wp-content\/uploads\/2023\/09\/mapa-letiste-praha_prague-airport_map_Q3-2023_page-0002-600x424.jpg 600w, https:\/\/prague.org\/wp-content\/uploads\/2023\/09\/mapa-letiste-praha_prague-airport_map_Q3-2023_page-0002-scaled.jpg 2560w\" sizes=\"(max-width: 1024px) 100vw, 1024px\" \/>\r\n<figcaption class=\"wp-element-caption\">https:\/\/www.prg.aero\/en\/map-airport<\/figcaption>\r\n<\/figure>\r\n\r\n\r\n\r\n<h2 id=\"prague-airport-runway-map\" class=\"wp-block-heading\"><a href=\"https:\/\/www.researchgate.net\/figure\/Schematic-representation-of-part-Prague-airport-runways-SID-routes-and-exit-points_fig1_222650882\" rel=\"nofollow noopener\">A pr\u00e1gai rep\u00fcl\u0151t\u00e9r kifut\u00f3p\u00e1lya t\u00e9rk\u00e9pe<\/a><\/h2>\r\n\r\n\r\n\r\n<figure class=\"wp-block-image size-full is-resized\"><img decoding=\"async\" width=\"651\" height=\"460\" class=\"wp-image-11049\" style=\"width: 801px; height: 557px;\" src=\"https:\/\/prague.org\/wp-content\/uploads\/2023\/06\/mapa_sys_ems.png\" alt=\"https:\/\/www.prg.aero\/en\/about-enviroment\" srcset=\"https:\/\/prague.org\/wp-content\/uploads\/2023\/06\/mapa_sys_ems.png 651w, https:\/\/prague.org\/wp-content\/uploads\/2023\/06\/mapa_sys_ems-300x212.png 300w, https:\/\/prague.org\/wp-content\/uploads\/2023\/06\/mapa_sys_ems-18x12.png 18w, https:\/\/prague.org\/wp-content\/uploads\/2023\/06\/mapa_sys_ems-380x269.png 380w, https:\/\/prague.org\/wp-content\/uploads\/2023\/06\/mapa_sys_ems-600x424.png 600w\" sizes=\"(max-width: 651px) 100vw, 651px\" \/>\r\n<figcaption class=\"wp-element-caption\">https:\/\/www.prg.aero\/en\/about-enviroment<\/figcaption>\r\n<\/figure>\r\n\r\n\r\n\r\n<p>A PRG kifut\u00f3p\u00e1ly\u00e1i a 24\/06 \u00e9s a 30\/12 sz\u00e1mmal vannak ell\u00e1tva. A pr\u00e1gai 24-es fut\u00f3p\u00e1lya a rep\u00fcl\u0151g\u00e9pek leggyakoribb lesz\u00e1ll\u00f3helye. A Szlov\u00e1ki\u00e1ba \u00e9s Kelet-Eur\u00f3p\u00e1ba tart\u00f3 mag\u00e1ng\u00e9pek \u00e9s cseh ATR rep\u00fcl\u0151g\u00e9pek alkalmank\u00e9nt a 30\/12-es fut\u00f3p\u00e1ly\u00e1t haszn\u00e1lj\u00e1k. A 12-es fut\u00f3p\u00e1ly\u00e1n t\u00f6rt\u00e9n\u0151 rep\u00fcl\u00e9sek a legkev\u00e9sb\u00e9 gyakoriak, \u00e9s a kijel\u00f6lt megfigyel\u0151\u00e1ll\u00e1sb\u00f3l a legizgalmasabb megfigyelni \u0151ket.<\/p>\r\n\r\n\r\n\r\n<p>Pr\u00e1g\u00e1ba naponta hat-nyolc j\u00e1rat \u00e9rkezik Amerik\u00e1b\u00f3l \u00e9s \u00c1zsi\u00e1b\u00f3l. A k\u00f6zel-keleti l\u00e9git\u00e1rsas\u00e1gok, az Emirates \u00e9s a Qatar szint\u00e9n megb\u00edzhat\u00f3 lehet\u0151s\u00e9geket k\u00edn\u00e1lnak.<\/p>\r\n\r\n\r\n\r\n<h2 id=\"prague-airport-bus-map\" class=\"wp-block-heading\"><a href=\"https:\/\/moovitapp.com\/index\/en\/public_transit-line-119-Prague-1684-775226-653135-0\" rel=\"nofollow noopener\">T\u00e9rk\u00e9p a pr\u00e1gai rep\u00fcl\u0151t\u00e9rr\u0151l<\/a><\/h2>\r\n\r\n\r\n\r\n<figure class=\"wp-block-image size-large\"><img decoding=\"async\" width=\"1024\" height=\"684\" class=\"wp-image-11044\" src=\"https:\/\/prague.org\/wp-content\/uploads\/2023\/09\/schema_letiste-1693477126-1024x684.png\" alt=\"https:\/\/www.dpp.cz\/en\/travelling\/transport-to-airport\" srcset=\"https:\/\/prague.org\/wp-content\/uploads\/2023\/09\/schema_letiste-1693477126-1024x684.png 1024w, https:\/\/prague.org\/wp-content\/uploads\/2023\/09\/schema_letiste-1693477126-300x200.png 300w, https:\/\/prague.org\/wp-content\/uploads\/2023\/09\/schema_letiste-1693477126-768x513.png 768w, https:\/\/prague.org\/wp-content\/uploads\/2023\/09\/schema_letiste-1693477126-18x12.png 18w, https:\/\/prague.org\/wp-content\/uploads\/2023\/09\/schema_letiste-1693477126-380x254.png 380w, https:\/\/prague.org\/wp-content\/uploads\/2023\/09\/schema_letiste-1693477126-800x534.png 800w, https:\/\/prague.org\/wp-content\/uploads\/2023\/09\/schema_letiste-1693477126-1160x775.png 1160w, https:\/\/prague.org\/wp-content\/uploads\/2023\/09\/schema_letiste-1693477126-600x401.png 600w, https:\/\/prague.org\/wp-content\/uploads\/2023\/09\/schema_letiste-1693477126.png 1238w\" sizes=\"(max-width: 1024px) 100vw, 1024px\" \/>\r\n<figcaption class=\"wp-element-caption\">https:\/\/www.dpp.cz\/en\/travelling\/transport-to-airport<\/figcaption>\r\n<\/figure>\r\n\r\n\r\n\r\n<p>A termin\u00e1lok k\u00f6z\u00f6tt nincs transzferszolg\u00e1ltat\u00e1s. \u00cdgy az utasoknak 8-10 percet kell gyalogolniuk az 1-es termin\u00e1lt\u00f3l a 2-es termin\u00e1lig.<\/p>\r\n\r\n\r\n\r\n<p>Both Terminal 1 and Terminal 2\u00a0 have buses leaving every 5 minutes for the city center of Prague.<\/p>\r\n\r\n\r\n\r\n<p>A k\u00f6vetkez\u0151 buszj\u00e1ratok k\u00f6zlekednek a Vaclav Havel pr\u00e1gai rep\u00fcl\u0151t\u00e9rre:<\/p>\r\n\r\n\r\n\r\n<h3 id=\"ae-terminal-express\" class=\"wp-block-heading\">AE Terminal Express<\/h3>\r\n\r\n\r\n\r\n<ul>\r\n<li>Ez k\u00f6ti \u00f6ssze a pr\u00e1gai rep\u00fcl\u0151teret a pr\u00e1gai k\u00f6zponti p\u00e1lyaudvarral. Az 1-es \u00e9s 2-es termin\u00e1lokat szolg\u00e1lja ki. Az \u00e9rkez\u0151 utasoknak az 1-es termin\u00e1l meg\u00e1ll\u00f3j\u00e1ban kell felsz\u00e1llniuk. Az \u00fat k\u00f6r\u00fclbel\u00fcl 40 percet vesz ig\u00e9nybe, \u00e9s a buszok 30 percenk\u00e9nt indulnak.\u00a0<\/li>\r\n<\/ul>\r\n\r\n\r\n\r\n<ul>\r\n<li>A bel\u00e9p\u00e9s 100 CK.\u00a0<\/li>\r\n\r\n\r\n\r\n<li>Ez egy fed\u00e9lzeti, azonnali v\u00e1s\u00e1rl\u00e1sra sz\u00f3l\u00f3 lehet\u0151s\u00e9g.\u00a0<\/li>\r\n<\/ul>\r\n\r\n\r\n\r\n<h3 id=\"bus-route-119\" class=\"wp-block-heading\">119-es buszj\u00e1rat<\/h3>\r\n\r\n\r\n\r\n<ul>\r\n<li>Take Metro Line A to Divok\u00e1\u00a0 \u0160\u00e1rka to Veleslav\u00edn Station.<\/li>\r\n\r\n\r\n\r\n<li>5 \u00e9s 20 perc k\u00f6z\u00f6tti intervallumok.<\/li>\r\n\r\n\r\n\r\n<li>Az \u00fat nagyj\u00e1b\u00f3l 15 percet vesz ig\u00e9nybe.\u00a0<\/li>\r\n<\/ul>\r\n\r\n\r\n\r\n<h3 id=\"route-100-bus-service\" class=\"wp-block-heading\">100-as buszj\u00e1rat<\/h3>\r\n\r\n\r\n\r\n<ul>\r\n<li>\u00datvonal Zli\u010d\u00edn (B metr\u00f3vonal) \u00e9s Leti\u0161t\u011b (pr\u00e1gai rep\u00fcl\u0151t\u00e9r) k\u00f6z\u00f6tt.<\/li>\r\n\r\n\r\n\r\n<li>K\u00f6r\u00fclbel\u00fcl 7-30 percenk\u00e9nt m\u0171k\u00f6dik.<\/li>\r\n\r\n\r\n\r\n<li>Sz\u00e1m\u00edtson 18 perces ing\u00e1z\u00e1sra.\u00a0<\/li>\r\n<\/ul>\r\n\r\n\r\n\r\n<h2 id=\"convenient-shared-shuttle-transfer-from-prague-airport-to-the-city-center\" class=\"wp-block-heading\">K\u00e9nyelmes k\u00f6z\u00f6s transzfer a pr\u00e1gai rep\u00fcl\u0151t\u00e9rr\u0151l a v\u00e1rosk\u00f6zpontba<\/h2>\r\n\r\n\r\n\r\n<div data-gyg-href=\"https:\/\/widget.getyourguide.com\/default\/activities.frame\" data-gyg-locale-code=\"en-US\" data-gyg-widget=\"activities\" data-gyg-number-of-items=\"1\" data-gyg-cmp=\"pragueairportmap\" data-gyg-partner-id=\"U94OQGQ\" data-gyg-tour-ids=\"56489\">\u00a0<\/div>\r\n\r\n\r\n\r\n<p>Tapasztalja meg a probl\u00e9mamentes transzfert a pr\u00e1gai V\u00e1clav Havel rep\u00fcl\u0151t\u00e9rr\u0151l a v\u00e1rosk\u00f6zpontba ezzel a k\u00e9nyelmes, megosztott transzferszolg\u00e1ltat\u00e1ssal. Ker\u00fclje el a t\u00f6megk\u00f6zleked\u00e9s vagy a dr\u00e1ga taxik bonyolults\u00e1g\u00e1t, \u00e9s utazzon k\u00e9nyelmesen egy \u00faj, l\u00e9gkondicion\u00e1lt j\u00e1rm\u0171ben.<\/p>\r\n\r\n\r\n\r\n<h3 id=\"highlights\" class=\"wp-block-heading\">Kiemelt inform\u00e1ci\u00f3k<\/h3>\r\n\r\n\r\n\r\n<ul>\r\n<li>Az \u00d6n sof\u0151rje, akin\u00e9l egy narancss\u00e1rga plakett van az \u00d6n nev\u00e9vel, az \u00e9rkez\u00e9si csarnokban fogadja \u00d6nt, seg\u00edt a csomagjaival, \u00e9s a j\u00e1rm\u0171h\u00f6z k\u00eds\u00e9ri.<\/li>\r\n\r\n\r\n\r\n<li>\u00c9lvezze a nyugodt utaz\u00e1st, mik\u00f6zben h\u00e1trad\u0151l, \u00e9s hagyja, hogy a tapasztalt, angolul besz\u00e9l\u0151 sof\u0151r navig\u00e1lja az \u00fatvonalat, biztos\u00edtva a z\u00f6kken\u0151mentes sz\u00e1ll\u00edt\u00e1st a sz\u00e1llod\u00e1ba.<\/li>\r\n\r\n\r\n\r\n<li>Ingyenes nyomtatott t\u00e9rk\u00e9peket, \u00fatik\u00f6nyveket \u00e9s palackozott vizet kap a transzfer sor\u00e1n, hogy a lehet\u0151 legt\u00f6bbet hozhassa ki a Pr\u00e1g\u00e1ban t\u00f6lt\u00f6tt id\u0151b\u0151l.<\/li>\r\n\r\n\r\n\r\n<li>V\u00e1lasszon az egyir\u00e1ny\u00fa vagy oda-vissza szolg\u00e1ltat\u00e1s k\u00f6z\u00fcl, \u00edgy rugalmasan alkalmazkodhat utaz\u00e1si terveihez.<\/li>\r\n<\/ul>\r\n\r\n\r\n\r\n<h3 id=\"what-is-included\" class=\"wp-block-heading\">Mit tartalmaz<\/h3>\r\n\r\n\r\n\r\n<ul>\r\n<li>K\u00f6z\u00f6s transzfer, amely egyir\u00e1ny\u00fa vagy oda-vissza \u00fatra is ig\u00e9nybe vehet\u0151.<\/li>\r\n\r\n\r\n\r\n<li>Profi sof\u0151r a biztons\u00e1gos \u00e9s k\u00e9nyelmes utaz\u00e1s \u00e9rdek\u00e9ben.<\/li>\r\n\r\n\r\n\r\n<li>Nyomtatott t\u00e9rk\u00e9pek \u00e9s \u00fatik\u00f6nyvek a v\u00e1rosban val\u00f3 t\u00e1j\u00e9koz\u00f3d\u00e1shoz.<\/li>\r\n\r\n\r\n\r\n<li>Palackozott v\u00edz a transzfer alatti felfriss\u00fcl\u00e9shez.<\/li>\r\n<\/ul>\r\n\r\n\r\n\r\n<p>Megjegyz\u00e9s: A tal\u00e1lkoz\u00e1si pontok a lefoglalt opci\u00f3t\u00f3l f\u00fcgg\u0151en v\u00e1ltozhatnak.<\/p>\r\n\r\n\r\n\r\n<div class=\"wp-block-buttons is-layout-flex wp-block-buttons-is-layout-flex\">\r\n<div class=\"wp-block-button is-style-cs-button-block\"><a class=\"wp-block-button__link wp-element-button\" href=\"https:\/\/www.getyourguide.com\/prague-l10\/prague-airport-shared-shuttle-transfer-t56489\/?partner_id=U94OQGQ&amp;utm_medium=online_publisher&amp;cmp=airportpraguemap\" rel=\"nofollow noopener\">\u2192 Menj\u00fcnk<\/a><\/div>\r\n<\/div>\r\n\r\n\r\n\r\n<h2 id=\"download-the-prague-airport-map-for-your-next-trip\" class=\"wp-block-heading\">A pr\u00e1gai rep\u00fcl\u0151t\u00e9r t\u00e9rk\u00e9p\u00e9nek let\u00f6lt\u00e9se a k\u00f6vetkez\u0151 utaz\u00e1s\u00e1hoz<\/h2>\r\n\r\n\r\n\r\n<div data-gyg-widget=\"auto\" data-gyg-partner-id=\"U94OQGQ\" data-gyg-cmp=\"auto-recommendation\">\u00a0<\/div>\r\n\r\n\r\n\r\n<p>A pr\u00e1gai rep\u00fcl\u0151t\u00e9r ezen a t\u00e9rk\u00e9pen l\u00e1that\u00f3. \u00c9s nem csak a rep\u00fcl\u0151t\u00e9r van a k\u00f6zelben. A t\u00e9rk\u00e9pen l\u00e1that\u00f3 a pr\u00e1gai rep\u00fcl\u0151t\u00e9r. Szint\u00e9n magas \u00e9rt\u00e9kel\u00e9st kapott a k\u00e9nyelmes<a href=\"https:\/\/prague.org\/hu\/public-transport-in-prague\/\"> t\u00f6megk\u00f6zleked\u00e9s Pr\u00e1g\u00e1ban<\/a> az indul\u00e1shoz.\u00a0<\/p>\r\n\r\n\r\n\r\n<p>Ezen k\u00edv\u00fcl ezt a szolg\u00e1ltat\u00e1st a rep\u00fcl\u0151t\u00e9rre val\u00f3 eljut\u00e1shoz is ig\u00e9nybe veheti. A<strong> Pr\u00e1ga nemzetk\u00f6zi rep\u00fcl\u0151t\u00e9r t\u00e9rk\u00e9p<\/strong>tartalmazza a legfontosabb helysz\u00edneket, \u00edgy a pr\u00e1gai rep\u00fcl\u0151t\u00e9rre val\u00f3 \u00e9rkez\u00e9s \u00e9s indul\u00e1s egyszer\u0171v\u00e9 v\u00e1lik. Ha el\u0151sz\u00f6r l\u00e1togat Pr\u00e1g\u00e1ba, keresse meg a <a href=\"https:\/\/prague.org\/hu\/prague-turizmus\/\">legjobb turisztikai inform\u00e1ci\u00f3k \u00e9s \u00fatikalauz<\/a>.<\/p>\r\n\r\n\r\n\r\n<blockquote class=\"wp-block-quote\">\r\n<p><strong>Need a smooth airport transfer?<\/strong> Choose between a budget-friendly shared bus transfer starting at \u20ac4.65 per person (\u2192 <a href=\"https:\/\/www.getyourguide.com\/prague-l10\/prague-bus-ticket-to-travel-between-airport-and-city-t534196\/?partner_id=U94OQGQ&amp;utm_medium=online_publisher&amp;cmp=auto-recommendation\" data-type=\"link\" data-id=\"https:\/\/www.getyourguide.com\/prague-l10\/prague-bus-ticket-to-travel-between-airport-and-city-t534196\/?partner_id=U94OQGQ&amp;utm_medium=online_publisher&amp;cmp=auto-recommendation\" rel=\"nofollow noopener\">see details<\/a>), or a <a href=\"https:\/\/www.getyourguide.com\/prague-l10\/prague-private-transfer-to-the-airport-prg-t627820\/?partner_id=U94OQGQ&amp;utm_medium=online_publisher&amp;cmp=auto-recommendation\" data-type=\"link\" data-id=\"https:\/\/www.getyourguide.com\/prague-l10\/prague-private-transfer-to-the-airport-prg-t627820\/?partner_id=U94OQGQ&amp;utm_medium=online_publisher&amp;cmp=auto-recommendation\" rel=\"nofollow noopener\">private car service<\/a> for your group, starting at \u20ac35.28 for up to 3 people (\u2192 <a href=\"https:\/\/www.getyourguide.com\/prague-l10\/reliable-airport-transfer-to-hotels-new-vehicleswi-fi-t465812\/?partner_id=U94OQGQ&amp;utm_medium=online_publisher&amp;cmp=auto-recommendation\" data-type=\"link\" data-id=\"https:\/\/www.getyourguide.com\/prague-l10\/reliable-airport-transfer-to-hotels-new-vehicleswi-fi-t465812\/?partner_id=U94OQGQ&amp;utm_medium=online_publisher&amp;cmp=auto-recommendation\" rel=\"nofollow noopener\">see details on private transfers<\/a>).<\/p>\r\n<\/blockquote>\r\n\r\n\r\n<div data-gyg-href=\"https:\/\/widget.getyourguide.com\/default\/city.frame\" data-gyg-location-id=\"10\" data-gyg-locale-code=\"en-US\" data-gyg-widget=\"city\" data-gyg-partner-id=\"U94OQGQ\"><\/div>","protected":false},"excerpt":{"rendered":"A pr\u00e1gai rep\u00fcl\u0151t\u00e9r t\u00e9rk\u00e9pe a termin\u00e1lok elrendez\u00e9s\u00e9t \u00e9s a pr\u00e1gai rep\u00fcl\u0151t\u00e9rre (kor\u00e1bbi nev\u00e9n Pr\u00e1ga) vezet\u0151 \u00fatvonalakat mutatja....","protected":false},"author":2,"featured_media":9624,"comment_status":"closed","ping_status":"closed","sticky":false,"template":"","format":"standard","meta":{"footnotes":""},"categories":[204,216,12],"tags":[34],"table_tags":[],"_links":{"self":[{"href":"https:\/\/prague.org\/hu\/wp-json\/wp\/v2\/posts\/9620"}],"collection":[{"href":"https:\/\/prague.org\/hu\/wp-json\/wp\/v2\/posts"}],"about":[{"href":"https:\/\/prague.org\/hu\/wp-json\/wp\/v2\/types\/post"}],"author":[{"embeddable":true,"href":"https:\/\/prague.org\/hu\/wp-json\/wp\/v2\/users\/2"}],"replies":[{"embeddable":true,"href":"https:\/\/prague.org\/hu\/wp-json\/wp\/v2\/comments?post=9620"}],"version-history":[{"count":17,"href":"https:\/\/prague.org\/hu\/wp-json\/wp\/v2\/posts\/9620\/revisions"}],"predecessor-version":[{"id":13834,"href":"https:\/\/prague.org\/hu\/wp-json\/wp\/v2\/posts\/9620\/revisions\/13834"}],"wp:featuredmedia":[{"embeddable":true,"href":"https:\/\/prague.org\/hu\/wp-json\/wp\/v2\/media\/9624"}],"wp:attachment":[{"href":"https:\/\/prague.org\/hu\/wp-json\/wp\/v2\/media?parent=9620"}],"wp:term":[{"taxonomy":"category","embeddable":true,"href":"https:\/\/prague.org\/hu\/wp-json\/wp\/v2\/categories?post=9620"},{"taxonomy":"post_tag","embeddable":true,"href":"https:\/\/prague.org\/hu\/wp-json\/wp\/v2\/tags?post=9620"},{"taxonomy":"table_tags","embeddable":true,"href":"https:\/\/prague.org\/hu\/wp-json\/wp\/v2\/table_tags?post=9620"}],"curies":[{"name":"wp","href":"https:\/\/api.w.org\/{rel}","templated":true}]}}