{"id":9671,"date":"2023-06-16T12:07:03","date_gmt":"2023-06-16T10:07:03","guid":{"rendered":"https:\/\/prague.org\/?p=9671"},"modified":"2024-05-28T15:17:41","modified_gmt":"2024-05-28T13:17:41","slug":"people-in-prague","status":"publish","type":"post","link":"https:\/\/prague.org\/hu\/people-in-prague\/","title":{"rendered":"H\u00edres emberek, akikr\u0151l nem tudtad, hogy cseh\u00fcl \u00e9ltek"},"content":{"rendered":"<p>A<strong> Emberek Pr\u00e1g\u00e1ban<\/strong>, and the Czech Republic as a whole, have a rich and diversified past that has drawn many world-famous figures over the years. Many prominent figures, including renowned artists and writers, political leaders, and scientists, have spent time in Prague or the Czech Republic, leaving an unmistakable impact on its cultural, intellectual, and political scene<\/p>\n\n\n\n<p>Many famous people have called Prague home like Jaromir Jagr, Karel Gott, Karel \u010capek, Tom\u00e1\u0161 Rosick\u00fd, <a href=\"https:\/\/en.wikipedia.org\/wiki\/Jaroslav_Seifert\" rel=\"nofollow noopener\">Jaroslav Seifert<\/a> recipient of the <a href=\"https:\/\/en.wikipedia.org\/wiki\/Nobel_Prize_in_Literature\" rel=\"nofollow noopener\">Nobel Prize in Literature<\/a>. The city has also welcomed diplomats, academics, and tourists from all around the globe. Openness and tolerance have been fostered by its cosmopolitan ambiance, architectural beauty, and thriving cultural scene, which have made it a magnet for intellectual interaction and cross-cultural debate.<\/p>\n\n\n\n<p>In addition, Prague is a city of ideas, a crucible of creativity, and a lighthouse because of its varied population and long history of immigration. Prague&#8217;s rich cultural tradition has fostered various talents over the years. Today, we&#8217;ll take a journey through time, exploring a captivating list of important people from various backgrounds who were born, died, studied, lived, or achieved success in this bustling Czech capital.<\/p>\n\n\n\n<h2 id=\"5-famous-people-born-in-the-czech-republic\" class=\"wp-block-heading\">5 Famous People Born in the Czech Republic<\/h2>\n\n\n\n<p>The Czech Republic has a rich cultural and historical legacy, as well as countless great figures who have made an unforgettable impact on the world stage. Let&#8217;s look at the lives and accomplishments of five prominent Czech figures:<\/p>\n\n\n\n<p>Nikola Tesla (1856-1943) was an inventor, electrical and mechanical engineer, and a futurist who studied in 1880 at Prague&#8217;s Charles University.<\/p>\n\n\n\n<p>Albert Einstein (1879-1955) was a physicist who taught at the German section of Charles University in Prague from 1911 to 1912.<\/p>\n\n\n\n<p>Tycho Brahe (1546-1601) was an astronomer who died near Prague.<\/p>\n\n\n\n<p>Wolfgang Amadeus Mozart (1756\u20131791) was a composer and some of his finest opera hits came during the period he spent in Prague.<\/p>\n\n\n\n<p>Egon Erwin Kisch (1885-1948) was a German-language journalist and writer, who was born, lived, and passed away in Prague.<\/p>\n\n\n\n<p>The above five notable Czechs represent a wide range of areas and achievements, including politics, activism, the arts, and entrepreneurship. Their efforts have had a tremendous and long-lasting impact on the Czech Republic&#8217;s cultural, social, and political environment, and they continue to inspire future generations both domestically and internationally.<\/p>\n\n\n\n<h2 id=\"5-most-famous-people-in-the-czech-republic\" class=\"wp-block-heading\">5 legh\u00edresebb csehorsz\u00e1gi szem\u00e9lyis\u00e9g&nbsp;<\/h2>\n\n\n\n<p>A<strong> Emberek Pr\u00e1g\u00e1ban,<\/strong> Csehorsz\u00e1g mindig is ismert volt forradalmi szellem\u00e9r\u0151l \u00e9s arr\u00f3l, hogy milyen sokf\u00e9lek\u00e9ppen v\u00e1ltoztatt\u00e1k meg a vil\u00e1got, \u00e9s ezt a t\u00f6rt\u00e9netet \u00e9kessz\u00f3l\u00f3an \u00e1br\u00e1zolja a film. <a href=\"https:\/\/prague.org\/hu\/cseh-fotos-josef-sudek\/\" data-type=\"link\" data-id=\"https:\/\/prague.org\/czech-photographer-josef-sudek\/\">Josef Sude cseh fot\u00f3s<\/a>k a v\u00e1ros dinamikus lak\u00f3inak mag\u00e1val ragad\u00f3 vizu\u00e1lis kr\u00f3nik\u00e1iban.<\/p>\n\n\n\n<p>N\u00e9h\u00e1ny a<strong> legh\u00edresebb emberek a Cseh K\u00f6zt\u00e1rsas\u00e1gb\u00f3l<\/strong> akik jelent\u0151s m\u00e9rt\u00e9kben hozz\u00e1j\u00e1rultak saj\u00e1t szakter\u00fclet\u00fckh\u00f6z, k\u00f6zt\u00fck kiemelked\u0151 politikusok, \u00e9lsportol\u00f3k, Nobel-d\u00edjasok, nemzetk\u00f6zileg elismert \u00edr\u00f3k \u00e9s \u00e9nekesek szerepelnek a list\u00e1nkon. \u00cdme, csak n\u00e9h\u00e1ny csehek k\u00f6z\u00fcl, akik nemzetk\u00f6zi h\u00edrnevet szereztek, \u00e9s kit\u00f6r\u00f6lhetetlen helyet biztos\u00edtottak maguknak orsz\u00e1guk t\u00f6rt\u00e9nelm\u00e9ben.<\/p>\n\n\n\n<p>From important people and pioneering scientists to renowned artists and visionary thinkers, the following people have helped shape Prague&#8217;s history and contributed to its long-lasting charm and relevance:<\/p>\n\n\n\n<h3 id=\"king-charles-iv-1316-1378\" class=\"wp-block-heading\"><a href=\"https:\/\/prague.org\/hu\/charles-iv\/\">IV. K\u00e1roly kir\u00e1ly (1316-1378)<\/a><\/h3>\n\n\n\n<figure class=\"wp-block-image size-full\"><img decoding=\"async\" width=\"937\" height=\"625\" src=\"https:\/\/prague.org\/wp-content\/uploads\/2023\/06\/anastasiya-dalenka-y-1FVpvoOzo-unsplash.jpg\" alt=\"K\u00e1roly kir\u00e1ly \" class=\"wp-image-9677\" srcset=\"https:\/\/prague.org\/wp-content\/uploads\/2023\/06\/anastasiya-dalenka-y-1FVpvoOzo-unsplash.jpg 937w, https:\/\/prague.org\/wp-content\/uploads\/2023\/06\/anastasiya-dalenka-y-1FVpvoOzo-unsplash-600x400.jpg 600w, https:\/\/prague.org\/wp-content\/uploads\/2023\/06\/anastasiya-dalenka-y-1FVpvoOzo-unsplash-300x200.jpg 300w, https:\/\/prague.org\/wp-content\/uploads\/2023\/06\/anastasiya-dalenka-y-1FVpvoOzo-unsplash-768x512.jpg 768w, https:\/\/prague.org\/wp-content\/uploads\/2023\/06\/anastasiya-dalenka-y-1FVpvoOzo-unsplash-18x12.jpg 18w, https:\/\/prague.org\/wp-content\/uploads\/2023\/06\/anastasiya-dalenka-y-1FVpvoOzo-unsplash-380x253.jpg 380w, https:\/\/prague.org\/wp-content\/uploads\/2023\/06\/anastasiya-dalenka-y-1FVpvoOzo-unsplash-800x534.jpg 800w\" sizes=\"(max-width: 937px) 100vw, 937px\" \/><figcaption class=\"wp-element-caption\">K\u00e1roly kir\u00e1ly <\/figcaption><\/figure>\n\n\n\n<p>A Szent R\u00f3mai Birodalom egykori uralkod\u00f3ja, a cseh kir\u00e1ly \u00e9s Pr\u00e1ga legf\u0151bb j\u00f3tev\u0151je. <strong>a legh\u00edresebb cseh szem\u00e9ly<\/strong>. Amikor I. K\u00e1roly 1346-ban \u00e1tvette a hatalmat, Pr\u00e1g\u00e1t a r\u00f3mai katolikus egyh\u00e1z f\u0151v\u00e1ros\u00e1v\u00e1 \u00e9s a kontinens egyik legfejlettebb metropolisz\u00e1v\u00e1 tette.&nbsp;<\/p>\n\n\n\n<p>Uralkod\u00e1sa alatt \u00e9p\u00fclt fel az orsz\u00e1g sz\u00e1mos fontos nevezetess\u00e9ge, k\u00f6zt\u00fck Pr\u00e1ga legkor\u00e1bbi f\u0151iskol\u00e1ja (K\u00e1roly Egyetem), a h\u00edres K\u00e1roly-h\u00edd, a legnagyobb park Karlovo n\u00e1mst \u00e9s a wellness-v\u00e1ros Karlovy Vary.<\/p>\n\n\n\n<h3 id=\"jan-hus-the-great-1369-or-1370-1415\" class=\"wp-block-heading\"><a href=\"https:\/\/prague.org\/hu\/jan-hus\/\" data-type=\"link\" data-id=\"https:\/\/prague.org\/jan-hus\/\">Jan Hus<\/a>, Nagy (1369 vagy 1370-1415)&nbsp;<\/h3>\n\n\n\n<p>Ez a <strong>h\u00edres szem\u00e9ly a Cseh K\u00f6zt\u00e1rsas\u00e1gban<\/strong> tud\u00f3s \u00e9s professzor volt, aki az egyh\u00e1z megreform\u00e1l\u00e1s\u00e1\u00e9rt v\u00e9gzett munk\u00e1ss\u00e1ga miatt a cseh nacionalizmus szimb\u00f3lum\u00e1v\u00e1 v\u00e1lt. Hus megk\u00e9rd\u0151jelezte a p\u00e1pa fels\u0151bbrend\u0171s\u00e9g\u00e9t, \u00e9s egy cseh nemzeti egyh\u00e1z l\u00e9trehoz\u00e1s\u00e1t szorgalmazta, v\u00e1laszul arra, amit a Vatik\u00e1n \u00e9s a pr\u00e1gai n\u00e9met papok hatalommal val\u00f3 vissza\u00e9l\u00e9s\u00e9nek l\u00e1tott. 1414-ben \u0151rizetbe vett\u00e9k, miut\u00e1n meg\u00e9rkezett a n\u00e9metorsz\u00e1gi egyh\u00e1zi zsinatra, ahov\u00e1 megh\u00edvt\u00e1k, hogy ismertesse elk\u00e9pzel\u00e9seit. 1415-ben eretneks\u00e9g miatt nyilv\u00e1nosan kiv\u00e9gezt\u00e9k, amivel kezdet\u00e9t vette a ma huszita h\u00e1bor\u00faknak nevezett esem\u00e9ny, amelyet a Cseh K\u00f6zt\u00e1rsas\u00e1gban nemzeti \u00fcnnepk\u00e9nt \u00fcnnepelnek. A Cseh Testv\u00e9rek az \u0151 egyh\u00e1z\u00e1nak folytat\u00e1sa.<\/p>\n\n\n\n<h3 id=\"alphonse-mucha-1860-1939\" class=\"wp-block-heading\">Alphonse Mucha (1860-1939)<\/h3>\n\n\n\n<p>Ez a francia m\u0171v\u00e9sz a szecesszi\u00f3s festm\u00e9nyek, illusztr\u00e1ci\u00f3k \u00e9s plak\u00e1tok k\u00e9sz\u00edt\u00e9s\u00e9nek szentelte \u00e9let\u00e9t. Mucha munk\u00e1i, amelyek illusztr\u00e1ci\u00f3kat, hirdet\u00e9seket, d\u00edsz\u00edt\u0151paneleket \u00e9s terveket tartalmaztak, gyorsan ikonikuss\u00e1 v\u00e1ltak, \u00e9s a legh\u00edresebbek k\u00f6z\u00e9 tartoznak.<strong> Cseh h\u00edres emberek<\/strong>. Ma van egy <a href=\"https:\/\/prague.org\/hu\/see-art-nouveau-masterworks-at-the-mucha-museum-prague\/\">Mucha m\u00fazeum <\/a>a m\u0171v\u00e9sz munk\u00e1ss\u00e1g\u00e1nak szentelve.<\/p>\n\n\n\n<h3 id=\"the-author-franz-kafka-1883-1924\" class=\"wp-block-heading\">A szerz\u0151, Franz Kafka (1883-1924)<\/h3>\n\n\n\n<p>He was a renowned writer most known for his whimsical and existential writings, including &#8220;The Metamorphosis&#8221; and &#8220;The Trial.&#8221; Kafka was born and spent much of his life in Prague, where he practiced law and created his most significant writings.<\/p>\n\n\n\n<figure class=\"wp-block-image size-full\"><img decoding=\"async\" width=\"937\" height=\"625\" src=\"https:\/\/prague.org\/wp-content\/uploads\/2023\/06\/rocio-perera-UEhsp8uKa7M-unsplash.jpg\" alt=\"Kafka\" class=\"wp-image-9676\" srcset=\"https:\/\/prague.org\/wp-content\/uploads\/2023\/06\/rocio-perera-UEhsp8uKa7M-unsplash.jpg 937w, https:\/\/prague.org\/wp-content\/uploads\/2023\/06\/rocio-perera-UEhsp8uKa7M-unsplash-600x400.jpg 600w, https:\/\/prague.org\/wp-content\/uploads\/2023\/06\/rocio-perera-UEhsp8uKa7M-unsplash-300x200.jpg 300w, https:\/\/prague.org\/wp-content\/uploads\/2023\/06\/rocio-perera-UEhsp8uKa7M-unsplash-768x512.jpg 768w, https:\/\/prague.org\/wp-content\/uploads\/2023\/06\/rocio-perera-UEhsp8uKa7M-unsplash-18x12.jpg 18w, https:\/\/prague.org\/wp-content\/uploads\/2023\/06\/rocio-perera-UEhsp8uKa7M-unsplash-380x253.jpg 380w, https:\/\/prague.org\/wp-content\/uploads\/2023\/06\/rocio-perera-UEhsp8uKa7M-unsplash-800x534.jpg 800w\" sizes=\"(max-width: 937px) 100vw, 937px\" \/><figcaption class=\"wp-element-caption\">Kafka<\/figcaption><\/figure>\n\n\n\n<p>Franz Kafka volt az egyik <strong>legh\u00edresebb emberek a Cseh K\u00f6zt\u00e1rsas\u00e1gban<\/strong> \u00e9s a 20. sz\u00e1zadi n\u00e9met irodalom befoly\u00e1sos szerz\u0151je. Pr\u00e1g\u00e1ban sz\u00fcletett zsid\u00f3 csal\u00e1dban. A per, a Metamorf\u00f3zis, A kast\u00e9ly \u00e9s az Amerika a legismertebb k\u00f6nyvei k\u00f6z\u00e9 tartoznak. Kafka \u00edr\u00e1saiban gyakran \u00e1br\u00e1zolt bizarr, klausztrof\u00f3b \u00e9s zavaros k\u00f6rnyezetet.&nbsp;<\/p>\n\n\n\n<p>A \"kafkai\" kifejez\u00e9st ma m\u00e1r \u00e1ltal\u00e1nosan haszn\u00e1lj\u00e1k azok le\u00edr\u00e1s\u00e1ra, akik \"az abszurdit\u00e1sban \u00e9lnek\". A<a href=\"https:\/\/prague.org\/hu\/prague-for-the-kafka-fan\/\"> Franz Kafka M\u00fazeum<\/a> minden pr\u00e1gai utaz\u00f3nak k\u00f6telez\u0151 l\u00e1tnival\u00f3.<\/p>\n\n\n\n<h3 id=\"karel-capek-1890-1938\" class=\"wp-block-heading\">Karel \u010capek (1890-1938) <\/h3>\n\n\n\n<p>He was an influential writer and playwright noted for his science fiction works such as &#8220;R.U.R.&#8221; (Rossum&#8217;s Universal Robots). He created the term &#8220;robot,&#8221; and contributed to Czech literature and theater with his unique narrative and social commentary.<\/p>\n\n\n\n<h3 id=\"jaroslav-seifert-1901-1986\" class=\"wp-block-heading\">Jaroslav Seifert (1901-1986) <\/h3>\n\n\n\n<p>He was a Nobel Prize-winning poet who contributed to Czech literature with his lyrical poetry and prose, arguing for humanism, freedom, and social justice while also exhibiting the country&#8217;s intellectual and literary prowess.<\/p>\n\n\n\n<h3 id=\"vaclav-havel-1936-2011\" class=\"wp-block-heading\">V\u00e1clav Havel (1936- 2011)<\/h3>\n\n\n\n<p>Egy dr\u00e1ma\u00edr\u00f3, essz\u00e9ista \u00e9s volt disszidens, aki az orsz\u00e1g els\u0151 eln\u00f6ke is volt, szerepel a list\u00e1n.<strong> h\u00edres emberek a Cseh K\u00f6zt\u00e1rsas\u00e1gb\u00f3l.<\/strong><\/p>\n\n\n\n<p>Irodalmi m\u0171veiben az emberis\u00e9g term\u00e9szete \u00e9s a dehumaniz\u00e1lt hatalom mechanik\u00e1ja kulcsfontoss\u00e1g\u00fa. Havel az 1970-es \u00e9s 1980-as \u00e9vekben a Charta 77 demokr\u00e1ci\u00e1\u00e9rt folytatott kamp\u00e1ny egyik f\u0151szerepl\u0151je volt. Havel posztumusz kit\u00fcntet\u00e9sek \u00e9s kit\u00fcntet\u00e9sek sokas\u00e1g\u00e1t kapta a Cseh K\u00f6zt\u00e1rsas\u00e1gt\u00f3l. 2012-ben a pr\u00e1gai nemzetk\u00f6zi rep\u00fcl\u0151t\u00e9r elnevez\u00e9s\u00e9t V\u00e1clav Havel volt cseh eln\u00f6k tisztelet\u00e9re v\u00e1ltoztatt\u00e1k meg.&nbsp;<\/p>\n\n\n\n<h3 id=\"karel-gott-1939-2019\" class=\"wp-block-heading\">Karel Gott (1939-2019)<\/h3>\n\n\n\n<p>The internationally acclaimed singer, known as the &#8220;Golden Voice of Prague,&#8221; contributed to the nation&#8217;s cultural heritage with his memorable music and performances, representing Czech music on a global scale.<\/p>\n\n\n\n<h3 id=\"jaromir-jagr-1972-present\" class=\"wp-block-heading\">Jarom\u00edr J\u00e1gr (1972-present) <\/h3>\n\n\n\n<p>He is a legendary ice hockey player who represented the Czech Republic in international events and inspired future generations of players.<\/p>\n\n\n\n<h3 id=\"tomas-rosicky-1980-present\" class=\"wp-block-heading\">Tom\u00e1\u0161 Rosick\u00fd (1980-present) <\/h3>\n\n\n\n<p>He is a former professional footballer who represented the Czech Republic in international events such as the UEFA European Championships and FIFA World Cups. He has contributed to the nation&#8217;s sporting achievements and inspired young players.<\/p>\n\n\n\n<h2 id=\"explore-the-artistic-world-of-alphonse-mucha-at-pragues-municipal-house\" class=\"wp-block-heading\">Fedezze fel Alphonse Mucha m\u0171v\u00e9szeti vil\u00e1g\u00e1t a pr\u00e1gai V\u00e1rosh\u00e1z\u00e1n<\/h2>\n\n\n\n<div data-gyg-href=\"https:\/\/widget.getyourguide.com\/default\/activities.frame\" data-gyg-locale-code=\"en-US\" data-gyg-widget=\"activities\" data-gyg-number-of-items=\"1\" data-gyg-partner-id=\"U94OQGQ\" data-gyg-tour-ids=\"441002\"><\/div>\n\n\n\n<p>L\u00e9pjen be Alphonse Mucha, a szecesszi\u00f3 neves m\u0171v\u00e9sz\u00e9nek mag\u00e1val ragad\u00f3 vil\u00e1g\u00e1ba a pr\u00e1gai V\u00e1rosh\u00e1z\u00e1n megrendezett iMucha ki\u00e1ll\u00edt\u00e1son. Mer\u00fclj\u00f6n el a var\u00e1zslatos hangulatban, mik\u00f6zben Mucha t\u00f6bb mint 200 eredeti m\u0171v\u00e9t, k\u00f6zt\u00fck elb\u0171v\u00f6l\u0151 plak\u00e1tokat, festm\u00e9nyeket \u00e9s rajzokat fedezhet fel, amelyeket a legmodernebb technol\u00f3gi\u00e1val mutatnak be.<\/p>\n\n\n\n<h3 id=\"highlights\" class=\"wp-block-heading\">Kiemelt inform\u00e1ci\u00f3k<\/h3>\n\n\n\n<ul>\n<li>Tapasztalja meg az ikonikus m\u0171v\u00e9sz, Alphonse Mucha t\u00f6bb mint 200 eredeti m\u0171v\u00e9t.<\/li>\n\n\n\n<li>Legyen tan\u00faja a legmodernebb technol\u00f3gi\u00e1nak, amely \u00e9letet lehel Mucha m\u0171v\u00e9szet\u00e9be.<\/li>\n\n\n\n<li>Vegyen r\u00e9szt a szl\u00e1v eposzokat bemutat\u00f3 multim\u00e9di\u00e1s ki\u00e1ll\u00edt\u00e1sban<\/li>\n\n\n\n<li>Hallgassa meg Alphonse Mucha hangj\u00e1t, amely a mag\u00e1val ragad\u00f3 \u00f6narck\u00e9p\u00e9b\u0151l \u00e1rad.<\/li>\n\n\n\n<li>B\u00f6ng\u00e9sszen az eredeti aj\u00e1nd\u00e9kboltban egyedi eml\u00e9kt\u00e1rgyak\u00e9rt<\/li>\n<\/ul>\n\n\n\n<h3 id=\"included\" class=\"wp-block-heading\">Tartalmazza a<\/h3>\n\n\n\n<ul>\n<li>Bel\u00e9p\u0151jegy az iMucha ki\u00e1ll\u00edt\u00e1sra<\/li>\n\n\n\n<li>Fakultat\u00edv idegenvezet\u00e9s Mucha m\u0171v\u00e9szet\u00e9nek m\u00e9lyebb megismer\u00e9s\u00e9hez<\/li>\n<\/ul>\n\n\n\n<div class=\"wp-block-buttons is-layout-flex wp-block-buttons-is-layout-flex\">\n<div class=\"wp-block-button is-style-cs-button-block\"><a class=\"wp-block-button__link wp-element-button\" href=\"https:\/\/www.getyourguide.fr\/prague-l10\/prague-exposition-imucha-t441002\/?partner_id=U94OQGQ&amp;utm_medium=online_publisher\" rel=\"nofollow noopener\">\u2192 Foglaljon most<\/a><\/div>\n<\/div>\n\n\n\n<h2 id=\"experience-the-cultural-hub-of-the-world\" class=\"wp-block-heading\">Tapasztalja meg a vil\u00e1g kultur\u00e1lis k\u00f6zpontj\u00e1t<\/h2>\n\n\n\n<p>Pr\u00e1g\u00e1ban az \u00e9let sz\u00e1mos ter\u00fclet\u00e9r\u0151l \u00e9rkez\u0151 emberek megtal\u00e1lhatj\u00e1k a k\u00f6z\u00f6s hangot. R\u00e9gi \u00e9s \u00faj tal\u00e1lkozik Pr\u00e1g\u00e1ban, a Cseh K\u00f6zt\u00e1rsas\u00e1g f\u0151v\u00e1ros\u00e1ban. K\u00fcl\u00f6nb\u00f6z\u0151 <strong>emberek Pr\u00e1g\u00e1ban<\/strong> mindenhol elvegy\u00fclni. Ennek eredm\u00e9nyek\u00e9nt a legk\u00fcl\u00f6nb\u00f6z\u0151bb kult\u00far\u00e1k \u00e9lhettek \u00e9s vir\u00e1gozhattak Pr\u00e1g\u00e1ban. Ez az orsz\u00e1g legnagyobb metropolisza, lakoss\u00e1ga meghaladja az egymilli\u00f3t.<br>T\u00f6bb mint ezer \u00e9ve Pr\u00e1ga a cseh ter\u00fcletek sz\u00edve \u00e9s legnagyobb v\u00e1rosa, \u00e9s ma a modern Cseh K\u00f6zt\u00e1rsas\u00e1g f\u0151v\u00e1rosa. N\u00e9h\u00e1ny a <strong>legh\u00edresebb pr\u00e1gai emberek<\/strong>t\u00f6rt\u00e9nelm\u00e9ben szerepl\u0151 szem\u00e9lyek vagy Pr\u00e1g\u00e1ban sz\u00fclettek, vagy ott haltak meg, vagy ott j\u00e1rtak egyetemre, vagy ott szereztek h\u00edrnevet vagy vagyont.<\/p>\n\n\n\n<h2 id=\"faq\" class=\"cnvs-block-section-heading cnvs-block-section-heading-1710856516628 is-style-cnvs-block-section-heading-2 halignleft\" >\n\t<span class=\"cnvs-section-title\">\n\t\t<span>GYIK<\/span>\n\t<\/span>\n<\/h2>\n\n\n\n<div class=\"cnvs-block-collapsibles cnvs-block-collapsibles-1710856446798 cnvs-block-collapsibles-5\" >\n\t\n<div class=\"cnvs-block-collapsible cnvs-block-collapsible-1710856446894 cnvs-block-collapsible-opened\" >\n\t<div class=\"cnvs-block-collapsible-title\">\n\t\t<h6 id=\"what-specific-impacts-have-these-famous-individuals-had-on-the-cultural-or-political-landscape-of-prague-and-the-czech-republic\" class=\"cnvs-block-collapsible-heading\">\n\t\t\t<a href=\"#\">What specific impacts have these famous individuals had on the cultural or political landscape of Prague and the Czech Republic?<\/a>\n\t\t<\/h6>\n\t<\/div>\n\t<div class=\"cnvs-block-collapsible-content\">\n\t\t\n\n<p>Figures like <a href=\"https:\/\/prague.org\/hu\/franz-kafkas-rotating-heads\/\" data-type=\"link\" data-id=\"https:\/\/prague.org\/franz-kafkas-rotating-heads\/\">Franz Kafka<\/a> and V\u00e1clav Havel have profoundly influenced Prague and the Czech Republic. Kafka&#8217;s works have impacted global literature and philosophy, while Havel&#8217;s political and literary contributions were crucial during the Velvet Revolution, shaping the country&#8217;s democratic development.<\/p>\n\n\t<\/div>\n<\/div>\n\n\n<div class=\"cnvs-block-collapsible cnvs-block-collapsible-1710856446899 cnvs-block-collapsible-opened\" >\n\t<div class=\"cnvs-block-collapsible-title\">\n\t\t<h6 id=\"are-there-any-special-memorials-museums-or-dedicated-spaces-in-prague-that-honor-these-historical-figures\" class=\"cnvs-block-collapsible-heading\">\n\t\t\t<a href=\"#\">Are there any special memorials, museums, or dedicated spaces in Prague that honor these historical figures?<\/a>\n\t\t<\/h6>\n\t<\/div>\n\t<div class=\"cnvs-block-collapsible-content\">\n\t\t\n\n<p>Prague honors its historical figures with memorials and <a href=\"https:\/\/www.getyourguide.fr\/musee-du-communisme-prague-l26117\/prague-billet-d-entree-au-musee-du-communisme-t235062\/?partner_id=U94OQGQ&amp;utm_medium=online_publisher\" data-type=\"link\" data-id=\"https:\/\/www.getyourguide.fr\/musee-du-communisme-prague-l26117\/prague-billet-d-entree-au-musee-du-communisme-t235062\/?partner_id=U94OQGQ&amp;utm_medium=online_publisher\" rel=\"nofollow noopener\">museums <\/a>like the <a href=\"https:\/\/www.getyourguide.fr\/prague-l10\/prague-billets-pour-le-musee-franz-kafka-t401647\/?partner_id=U94OQGQ&amp;utm_medium=online_publisher\" data-type=\"link\" data-id=\"https:\/\/www.getyourguide.fr\/prague-l10\/prague-billets-pour-le-musee-franz-kafka-t401647\/?partner_id=U94OQGQ&amp;utm_medium=online_publisher\" rel=\"nofollow noopener\">Franz Kafka M\u00fazeum<\/a>, the National Monument to Jan Hus, and the Mucha Museum, celebrating their contributions.<\/p>\n\n\t<\/div>\n<\/div>\n\n\n<div class=\"cnvs-block-collapsible cnvs-block-collapsible-1710856454072 cnvs-block-collapsible-opened\" >\n\t<div class=\"cnvs-block-collapsible-title\">\n\t\t<h6 id=\"how-has-the-citys-history-of-immigration-influenced-its-cultural-diversity-as-seen-today\" class=\"cnvs-block-collapsible-heading\">\n\t\t\t<a href=\"#\">How has the city&#8217;s history of immigration influenced its cultural diversity as seen today?<\/a>\n\t\t<\/h6>\n\t<\/div>\n\t<div class=\"cnvs-block-collapsible-content\">\n\t\t\n\n<p>Prague&#8217;s history of immigration has created a rich cultural tapestry, evident in its architecture, cuisine, and multilingual environment, blending Eastern and Western European influences.<\/p>\n\n\t<\/div>\n<\/div>\n\n\n<div class=\"cnvs-block-collapsible cnvs-block-collapsible-1710856454237 cnvs-block-collapsible-opened\" >\n\t<div class=\"cnvs-block-collapsible-title\">\n\t\t<h6 id=\"what-current-cultural-or-artistic-movements-in-prague-are-directly-influenced-by-the-historical-figures-mentioned\" class=\"cnvs-block-collapsible-heading\">\n\t\t\t<a href=\"#\">What current cultural or artistic movements in Prague are directly influenced by the historical figures mentioned?<\/a>\n\t\t<\/h6>\n\t<\/div>\n\t<div class=\"cnvs-block-collapsible-content\">\n\t\t\n\n<p>Modern movements in Prague, such as existential <a href=\"https:\/\/prague.org\/hu\/fekete-feny-szinhaz-praga-eloadasok-musicalek\/\" data-type=\"link\" data-id=\"https:\/\/prague.org\/black-light-theatre-prague-shows-musicals\/\">theater<\/a> and classical music performances, draw from Kafka&#8217;s and Mozart&#8217;s legacies, keeping their historical influence alive.<\/p>\n\n\t<\/div>\n<\/div>\n\n\n<div class=\"cnvs-block-collapsible cnvs-block-collapsible-1710856454377 cnvs-block-collapsible-opened\" >\n\t<div class=\"cnvs-block-collapsible-title\">\n\t\t<h6 id=\"are-there-any-annual-events-or-festivals-in-prague-that-celebrate-the-contributions-of-these-historical-figures\" class=\"cnvs-block-collapsible-heading\">\n\t\t\t<a href=\"#\">Are there any annual events or festivals in Prague that celebrate the contributions of these historical figures?<\/a>\n\t\t<\/h6>\n\t<\/div>\n\t<div class=\"cnvs-block-collapsible-content\">\n\t\t\n\n<p>Prague hosts events like the Prague Spring International Music Festival and literary festivals celebrating Kafka, along with art exhibitions honoring Mucha, reflecting their lasting influence.<\/p>\n\n\t<\/div>\n<\/div>\n\n<\/div>\n\n\n\n<div class=\"gyg-iframe-container\" style=\"margin-bottom:1.5em\"><iframe style=\"border:0;height:100%;width:100%\" title=\"GetYourGuide v\u00e1rosi widget\" src=\"https:\/\/widget.getyourguide.com\/default\/city.frame?widget=wp_city&amp;iata=PRG&amp;locale_code=en-GB&amp;partner_id=U94OQGQ\"><\/iframe><\/div>","protected":false},"excerpt":{"rendered":"A pr\u00e1gai emberek \u00e9s az eg\u00e9sz Cseh K\u00f6zt\u00e1rsas\u00e1g gazdag \u00e9s v\u00e1ltozatos m\u00faltra tekint vissza, amely a...","protected":false},"author":2,"featured_media":9674,"comment_status":"closed","ping_status":"closed","sticky":false,"template":"","format":"standard","meta":{"footnotes":""},"categories":[204,15,39],"tags":[],"table_tags":[],"_links":{"self":[{"href":"https:\/\/prague.org\/hu\/wp-json\/wp\/v2\/posts\/9671"}],"collection":[{"href":"https:\/\/prague.org\/hu\/wp-json\/wp\/v2\/posts"}],"about":[{"href":"https:\/\/prague.org\/hu\/wp-json\/wp\/v2\/types\/post"}],"author":[{"embeddable":true,"href":"https:\/\/prague.org\/hu\/wp-json\/wp\/v2\/users\/2"}],"replies":[{"embeddable":true,"href":"https:\/\/prague.org\/hu\/wp-json\/wp\/v2\/comments?post=9671"}],"version-history":[{"count":16,"href":"https:\/\/prague.org\/hu\/wp-json\/wp\/v2\/posts\/9671\/revisions"}],"predecessor-version":[{"id":13472,"href":"https:\/\/prague.org\/hu\/wp-json\/wp\/v2\/posts\/9671\/revisions\/13472"}],"wp:featuredmedia":[{"embeddable":true,"href":"https:\/\/prague.org\/hu\/wp-json\/wp\/v2\/media\/9674"}],"wp:attachment":[{"href":"https:\/\/prague.org\/hu\/wp-json\/wp\/v2\/media?parent=9671"}],"wp:term":[{"taxonomy":"category","embeddable":true,"href":"https:\/\/prague.org\/hu\/wp-json\/wp\/v2\/categories?post=9671"},{"taxonomy":"post_tag","embeddable":true,"href":"https:\/\/prague.org\/hu\/wp-json\/wp\/v2\/tags?post=9671"},{"taxonomy":"table_tags","embeddable":true,"href":"https:\/\/prague.org\/hu\/wp-json\/wp\/v2\/table_tags?post=9671"}],"curies":[{"name":"wp","href":"https:\/\/api.w.org\/{rel}","templated":true}]}}