{"id":13639,"date":"2024-07-03T15:09:04","date_gmt":"2024-07-03T13:09:04","guid":{"rendered":"https:\/\/prague.org\/?p=13639"},"modified":"2024-07-03T15:09:08","modified_gmt":"2024-07-03T13:09:08","slug":"jiri-prochazka-the-world-of-mma-and-ufc","status":"publish","type":"post","link":"https:\/\/prague.org\/it\/jiri-prochazka-il-mondo-di-mma-e-ufc\/","title":{"rendered":"L'ascesa di Ji\u0159\u00ed Proch\u00e1zka nel mondo delle MMA e dell'UFC"},"content":{"rendered":"<p><\/p>\n\n\n\n<h2 id=\"introduction-to-jiri-prochazka-and-his-career-in-mma\" class=\"wp-block-heading\">Introduzione a Ji\u0159\u00ed Proch\u00e1zka e alla sua carriera nelle MMA<\/h2>\n\n\n\n<p><strong>Dove si trova Ji\u0159\u00ed Proch\u00e1zka<\/strong> \u00e8 una domanda che molti nella comunit\u00e0 delle arti marziali miste si sono indubbiamente posti!<\/p>\n\n\n\n<p>L'artista marziale misto ceco Jiri Prochazka compete nella categoria dei pesi massimi leggeri (205 libbre) dell'Ultimate Fighting Championship (UFC). \u00c8 nato il 14 ottobre 1992. Nella sua prima campagna di arti marziali miste (MMA), iniziata nell'aprile 2012, ha ottenuto un risultato di 7-2 per il Gladiator Fighting Championship.&nbsp;<\/p>\n\n\n\n<p>Proch\u00e1zka \u00e8 diventato una superstar mondiale, una storia straordinaria di perseveranza, talento e orgoglio culturale. Continuate a leggere mentre facciamo luce sul mistero a cui molti fan vogliono ancora dare una risposta: <strong>dove si trova Jiri Prochazka?<\/strong><\/p>\n\n\n\n<p>Sebbene stia ancora facendo notizia nel mondo delle MMA, la storia della vita di Proch\u00e1zka \u00e8 un incoraggiamento per i giovani atleti e la prova che i valori della famiglia non svaniscono mai. Il fatto che sia cresciuto da origini cos\u00ec modeste nella Repubblica Ceca per diventare un atleta di fama mondiale \u00e8 di per s\u00e9 una storia stimolante.<\/p>\n\n\n\n<h3 id=\"where-is-jiri-prochazka-from\" class=\"wp-block-heading\">Da dove viene Ji\u0159\u00ed Proch\u00e1zka?<\/h3>\n\n\n\n<p><strong>Dove si trova Ji\u0159\u00ed Proch\u00e1zka<\/strong>? Proch\u00e1zka Ji\u0159\u00ed proviene dall'area di <a href=\"https:\/\/prague.org\/it\/cecoslovacchia-paese\/\">Repubblica Ceca<\/a>. Il suo luogo di nascita \u00e8 la citt\u00e0 di <strong>Host\u011bradice <\/strong>nella regione della Moravia meridionale. La comunit\u00e0 delle arti marziali miste (MMA) conosce e rispetta Proch\u00e1zka per i suoi successi in diversi tornei, in particolare quelli dell'Ultimate Fighting Championship (UFC).<\/p>\n\n\n\n<p>Ha appreso le virt\u00f9 del rispetto e della disciplina, fondamentali per ogni atleta, dalla sua comunit\u00e0 e dalla scuola. <a href=\"https:\/\/prague.org\/it\/repubblica-ceca-montagne\/\" data-type=\"link\" data-id=\"https:\/\/prague.org\/czech-republic-mountains\/\">ambiente tranquillo<\/a> della sua citt\u00e0 natale. Crescere in una cultura che rispetta sia la durezza mentale che la forza fisica ha preparato Proch\u00e1zka a una carriera nell'atletica, continuando la tradizione della Repubblica Ceca di produrre atleti d'\u00e9lite.<\/p>\n\n\n\n<h3 id=\"how-old-is-jiri-prochazka\" class=\"wp-block-heading\">Quanti anni ha Ji\u0159\u00ed Proch\u00e1zka?<\/h3>\n\n\n\n<p>Non ci \u00e8 voluto molto perch\u00e9 Proch\u00e1zka diventasse una forza dominante nella scena altamente competitiva delle arti marziali miste. Nonostante l'entusiasmo per le sue prodezze pugilistiche, una domanda pressante persiste: <strong>Quanti anni ha Jiri Prochazka<\/strong>?<\/p>\n\n\n\n<p>A partire da giugno 2024, <strong>Ji\u0159\u00ed Proch\u00e1zka<\/strong> ha 31 anni, il che potrebbe essere una sorpresa per alcuni. La sua energia illimitata e il suo aspetto giovanile fanno credere a molti fan che sia molto pi\u00f9 giovane di quanto non sia. Nonostante la sua giovane et\u00e0, Proch\u00e1zka \u00e8 un avversario ostico grazie ai suoi anni di allenamento e al suo impegno nello sport.<\/p>\n\n\n\n<p><strong>Jiri Prochazka<\/strong><strong> <\/strong>ha ottenuto molti risultati nella sua carriera nelle arti marziali miste, considerando la sua giovane et\u00e0. Avendo sconfitto alcuni dei migliori del settore, ha accumulato un record di vittorie eccezionale e si \u00e8 affermato come un avversario formidabile. Chiss\u00e0 cosa ha in serbo il futuro per questo talento emergente che continua a perfezionare il suo mestiere e a sfidare se stesso.<\/p>\n\n\n\n<h3 id=\"ufc-light-heavyweight-champion\" class=\"wp-block-heading\">Campione dei pesi massimi leggeri UFC<\/h3>\n\n\n\n<p>Il campione dei pesi massimi leggeri UFC detiene il titolo della divisione pesi massimi leggeri dell'Ultimate Fighting Championship (UFC), la principale organizzazione di arti marziali miste del mondo. La divisione dei pesi massimi leggeri comprende atleti che pesano tra le 186 e le 205 libbre (84 e 93 kg). Si tratta di uno dei titoli pi\u00f9 prestigiosi di questo sport, e vincerlo significa che un lottatore \u00e8 il pi\u00f9 grande della sua categoria di peso nell'UFC. I punti salienti della divisione sono:<\/p>\n\n\n\n<h4 id=\"notable-champions\" class=\"wp-block-heading\">Campioni degni di nota<\/h4>\n\n\n\n<p>Alcune delle figure pi\u00f9 leggendarie delle arti marziali miste hanno vinto titoli nella divisione UFC Light Heavyweight. L'elenco dei vincitori riflette l'alta qualit\u00e0 degli atleti che partecipano a questa divisione, tra cui stelle del passato e del presente come Jan Blachowicz e Dominick Reyes, oltre a leggende come Chuck Liddell e Jon Jones.<\/p>\n\n\n\n<h4 id=\"the-path-to-success\" class=\"wp-block-heading\">La via del successo<\/h4>\n\n\n\n<p>Un percorso rigoroso porta al titolo di campione dei pesi leggeri UFC. Per raggiungere il livello pi\u00f9 alto della loro professione, i lottatori devono sostenere campi di allenamento brutali, competere contro avversari forti e superare innumerevoli barriere. Per diventare una leggenda nella storia delle arti marziali miste, \u00e8 necessario essere il combattente pi\u00f9 forte, intelligente e tecnicamente pi\u00f9 dotato per vincere il titolo.<\/p>\n\n\n\n<h4 id=\"the-champions-legacy\" class=\"wp-block-heading\">L'eredit\u00e0 del campione<\/h4>\n\n\n\n<p>Nel momento in cui un lottatore vince il campionato UFC dei pesi massimi leggeri, il suo nome entrer\u00e0 per sempre nella storia delle MMA. Per gli aspiranti guerrieri di tutto il mondo, rappresenta il massimo livello di realizzazione e funge da ispirazione. I loro successi sul ring conquistano gli spettatori e consolidano il loro status di leggenda tra le giovani generazioni.<\/p>\n\n\n\n<h2 id=\"ufc-300-jiri-prochazkas-vs-alex-pereira\" class=\"wp-block-heading\">UFC 300: Ji\u0159\u00ed Proch\u00e1zka's vs Alex Pereira<\/h2>\n\n\n\n<p>Ogni volta che due contendenti dei pesi massimi si affrontano, \u00e8 un incontro emozionante per i fan dell'UFC. L'incontro tra Ji\u0159\u00ed Proch\u00e1zka e Alex Pereira a <strong>UFC 300<\/strong> non ha fatto eccezione, affascinando i fan con le incredibili abilit\u00e0 e la determinazione di entrambi i concorrenti. Ora che la battaglia si \u00e8 conclusa, riflettiamo su ci\u00f2 che ha reso cos\u00ec intrigante l'incontro tra Ji\u0159\u00ed Proch\u00e1zka e Alex Pereira e su ci\u00f2 che il futuro riserva a questi lottatori.<\/p>\n\n\n\n<h3 id=\"the-rise-of-jiri-prochazka\" class=\"wp-block-heading\">L'ascesa di Ji\u0159\u00ed Proch\u00e1zka<\/h3>\n\n\n\n<p>Grazie al suo notevole record e alla capacit\u00e0 di mettere a segno colpi ad effetto, Ji\u0159\u00ed Proch\u00e1zka \u00e8 diventato in breve tempo uno dei pi\u00f9 grandi campioni del mondo. <strong>le figure pi\u00f9 famose delle MMA ceche <\/strong>e un nome noto nell'UFC. La forza e l'aggressivit\u00e0 di Proch\u00e1zka, affinate grazie all'allenamento nella kickboxing, gli hanno fatto guadagnare la reputazione di avversario temibile. Nonostante la recente sconfitta, le sue precedenti vittorie contro i pesi massimi della divisione hanno rafforzato il suo status di concorrente intimidatorio. Dopo l'incontro, Proch\u00e1zka ha annunciato che deve evolversi dopo questa sconfitta o non combatter\u00e0 mai pi\u00f9, segnalando un punto di svolta critico nella sua carriera.<\/p>\n\n\n\n<h3 id=\"the-challenge-of-alex-pereira\" class=\"wp-block-heading\">La sfida di Alex Pereira<\/h3>\n\n\n\n<p>Prima di passare alle arti marziali miste, Alex Pereira era gi\u00e0 un nome noto nel mondo delle arti marziali. <strong>mondo della kickboxing<\/strong>. Conosciuto per la sua enorme potenza di colpi e KO, Pereira ha dimostrato di essere una forza formidabile nell'UFC. A UFC 300, Pereira ha messo alla prova Proch\u00e1zka fino ai suoi limiti, ottenendo alla fine una vittoria per TKO. Questa vittoria dimostra ulteriormente la grande esperienza di Pereira e la sua inesorabile fame di vittoria, ponendo potenzialmente le basi per la sua ascesa nella divisione dei pesi massimi.<\/p>\n\n\n\n<h3 id=\"ufc-300\" class=\"wp-block-heading\">UFC 300<\/h3>\n\n\n\n<p>L'incontro di UFC 300 tra Ji\u0159\u00ed Proch\u00e1zka e Alex Pereira \u00e8 stato all'altezza di uno scontro titanico. I fan hanno assistito ai primi fuochi d'artificio grazie agli stili aggressivi e alla potenza dei colpi di entrambi i pugili. Sia che si trattasse di una lotta a terra o di un combattimento a colpi d'arma da fuoco, l'incontro ha funzionato su tutti i fronti. La vittoria di Pereira consolida il suo status di uno dei pi\u00f9 grandi di questo sport, mentre l'annuncio di Proch\u00e1zka lascia intendere cambiamenti significativi nel suo approccio e nel suo futuro nell'UFC. Questo incontro sar\u00e0 ricordato come uno dei pi\u00f9 elettrizzanti della storia recente dell'UFC.<\/p>\n\n\n\n<h2 id=\"ufc-303\" class=\"wp-block-heading\">UFC 303&nbsp;<\/h2>\n\n\n\n<p>A UFC 303, Alex Pereira ha dimostrato ancora una volta perch\u00e9 sta rapidamente scalando le classifiche dei grandi di tutti i tempi, mettendo a segno un altro incredibile knockout per difendere il suo titolo. Sostituendo un infortunato Conor McGregor con breve preavviso, Pereira ha affrontato Jiri Prochazka con precisione chirurgica, mettendo in mostra i suoi potenti pugni e i suoi devastanti calci alle gambe. Ha rischiato di chiudere l'incontro alla fine del primo round con un gancio sinistro, ma alla fine ha finito Prochazka con un calcio alla testa all'inizio del secondo round, vincendo per ko. <strong>13 secondi<\/strong> nell'inquadratura. Questa impressionante prestazione rafforza ulteriormente la sua reputazione, in vista di un potenziale passaggio alla divisione dei pesi massimi.<\/p>\n\n\n\n<p>Nel frattempo, Jiri Prochazka ha annunciato che deve evolversi dopo questa sconfitta, altrimenti <strong>non combattere mai pi\u00f9<\/strong>. Questa dichiarazione sottolinea il punto critico della sua carriera dopo l'ultima sconfitta contro Pereira.<\/p>\n\n\n\n<div data-gyg-href=\"https:\/\/widget.getyourguide.com\/default\/city.frame\" data-gyg-location-id=\"10\" data-gyg-locale-code=\"en-US\" data-gyg-widget=\"city\" data-gyg-partner-id=\"U94OQGQ\"><\/div>","protected":false},"excerpt":{"rendered":"Introduzione a Ji\u0159\u00ed Proch\u00e1zka e alla sua carriera nelle MMA Da dove viene Ji\u0159\u00ed Proch\u00e1zka \u00e8 una domanda che...","protected":false},"author":19,"featured_media":13640,"comment_status":"closed","ping_status":"closed","sticky":false,"template":"","format":"standard","meta":{"footnotes":""},"categories":[15,204,39],"tags":[49],"table_tags":[],"_links":{"self":[{"href":"https:\/\/prague.org\/it\/wp-json\/wp\/v2\/posts\/13639"}],"collection":[{"href":"https:\/\/prague.org\/it\/wp-json\/wp\/v2\/posts"}],"about":[{"href":"https:\/\/prague.org\/it\/wp-json\/wp\/v2\/types\/post"}],"author":[{"embeddable":true,"href":"https:\/\/prague.org\/it\/wp-json\/wp\/v2\/users\/19"}],"replies":[{"embeddable":true,"href":"https:\/\/prague.org\/it\/wp-json\/wp\/v2\/comments?post=13639"}],"version-history":[{"count":1,"href":"https:\/\/prague.org\/it\/wp-json\/wp\/v2\/posts\/13639\/revisions"}],"predecessor-version":[{"id":13641,"href":"https:\/\/prague.org\/it\/wp-json\/wp\/v2\/posts\/13639\/revisions\/13641"}],"wp:featuredmedia":[{"embeddable":true,"href":"https:\/\/prague.org\/it\/wp-json\/wp\/v2\/media\/13640"}],"wp:attachment":[{"href":"https:\/\/prague.org\/it\/wp-json\/wp\/v2\/media?parent=13639"}],"wp:term":[{"taxonomy":"category","embeddable":true,"href":"https:\/\/prague.org\/it\/wp-json\/wp\/v2\/categories?post=13639"},{"taxonomy":"post_tag","embeddable":true,"href":"https:\/\/prague.org\/it\/wp-json\/wp\/v2\/tags?post=13639"},{"taxonomy":"table_tags","embeddable":true,"href":"https:\/\/prague.org\/it\/wp-json\/wp\/v2\/table_tags?post=13639"}],"curies":[{"name":"wp","href":"https:\/\/api.w.org\/{rel}","templated":true}]}}