{"id":11980,"date":"2023-11-14T10:00:11","date_gmt":"2023-11-14T08:00:11","guid":{"rendered":"https:\/\/prague.org\/?p=11980"},"modified":"2024-03-20T10:21:54","modified_gmt":"2024-03-20T08:21:54","slug":"jan-zizka-and-catherine","status":"publish","type":"post","link":"https:\/\/prague.org\/nl\/jan-zizka-en-katherine\/","title":{"rendered":"Het ware verhaal van Jan \u017di\u017eka en Catherine"},"content":{"rendered":"<p>Het verhaal van <strong><a href=\"https:\/\/prague.org\/nl\/wie-was-jan-zizka\/\" data-type=\"link\" data-id=\"https:\/\/prague.org\/who-was-jan-zizka\/\">Jan \u017di\u017eka<\/a> en Catherine<\/strong> is een prachtig verhaal over liefde, doorzettingsvermogen en loyaliteit dat zich afspeelt in de stormachtige vijftiende-eeuwse periode die bekend staat als de Hussietenoorlogen. Erkend militair leider <strong>Jan \u017di\u017eka en Catherine <\/strong>van Valois, een Franse edelvrouw, trouwden ondanks sociale en politieke druk.&nbsp;<\/p>\n\n\n\n<p>Samen streden ze voor godsdienstvrijheid in Tsjechi\u00eb en voor veranderingen binnen de katholieke kerk. Catherine bleef standvastig in haar verdediging van hun gedeelde waarden, ondanks verschillende tegenslagen en de vroegtijdige dood van Jan \u017di\u017eka.&nbsp;<\/p>\n\n\n\n<p>Het was een blijvend hoofdstuk in de Tsjechische geschiedenis dat de kracht van liefde over overweldigende kansen heen laat zien.<\/p>\n\n\n\n<h2 id=\"the-extraordinary-lives-of-jan-zizka-and-catherine-a-journey-through-history\" class=\"wp-block-heading\">De buitengewone levens van Jan \u017di\u017eka en Catherine: Een reis door de geschiedenis&nbsp;<\/h2>\n\n\n\n<p>Jan \u017di\u017eka, bekend om zijn militaire kracht en strategisch inzicht, is een prominente speler in de Hussietenoorlogen. Ondanks zijn litteken en eenogige uiterlijk, was hij een gerespecteerd en geliefd leider die veel veldslagen won, waaronder de slag bij Nov\u00e9 M\u011bsto die plaatsvond in de buurt van de stad.<a href=\"https:\/\/prague.org\/nl\/nieuw-stadhuis-2\/\"> Nieuw stadhuis in Praag<\/a> . Als koninklijke weduwe ging Catharina van Valois tegen de conventies in in het huwelijk met de Hussietenleider \u017di\u017eka. Het Tsjechische volk bewonderde haar om haar toewijding aan de zaak van haar man.<\/p>\n\n\n\n<p>Een verhaal van liefde, veerkracht en onsterfelijke toewijding aan een zaak waar ze allebei in geloofden, komt naar voren als we hen door hun leven volgen. Hun huwelijk was een radicale afwijking van de sociale normen. Catherine werd, zelfs na \u017di\u017eka's vroegtijdige dood, een symbool van moed en vastberadenheid voor de zaak van de Hussieten.<\/p>\n\n\n\n<p>Concluderend kan worden gesteld dat de ongewone aard van het bestaan van Jan \u017di\u017eka en Catharina voortkomt uit hun unieke liefdesverhaal, onverzettelijke toewijding aan de Hussietische zaak, standvastigheid in het aangezicht van tegenspoed en blijvende nalatenschap.<\/p>\n\n\n\n<h2 id=\"the-true-story-of-jan-zizka-and-catherine\" class=\"wp-block-heading\">Het ware verhaal van Jan \u017di\u017eka en Catherine<\/h2>\n\n\n\n<p><strong>Het ware verhaal van Jan \u017di\u017eka en Catherine<\/strong> over de liefde<strong> <\/strong>ging in tegen de mores en politieke strijd van die tijd. Catherine, een Franse aristocrate, trouwde met Jan \u017di\u017eka, een prominente militair tijdens de Hussietenoorlogen. Hun huwelijk was een bewijs van de veerkracht van de liefde in het aangezicht van tragedie.<\/p>\n\n\n\n<p>Beide<strong> Jan \u017di\u017eka en Catherine<\/strong> waren zeer toegewijd aan de zaak van de Hussieten, die religieuze hervormingen en onafhankelijkheid voor het Tsjechische volk voorstonden. Hun standvastige toewijding aan de zaak was inspirerend, ook al stonden ze voor grote uitdagingen.<\/p>\n\n\n\n<p>In een tijd van religieuze en politieke twisten was hun ongelooflijke liefdesverhaal van toewijding en gedeelde doelen een baken van hoop. Ze overwonnen obstakels om een geweldig huwelijk in stand te houden en een onuitwisbare stempel op de geschiedenis te drukken.<\/p>\n\n\n\n<h2 id=\"the-impact-of-jan-zizka-and-catherines-bond\" class=\"wp-block-heading\">De impact van de band tussen Jan \u017di\u017eka en Catherine<\/h2>\n\n\n\n<p>Het belang van de vriendschap tussen Jan \u017di\u017eka en Catharina tijdens de kerkelijke en sociale omwentelingen van de 15e eeuw kan op verschillende manieren worden aangetoond:<\/p>\n\n\n\n<h3 id=\"love-in-the-face-of-adversity\" class=\"wp-block-heading\">Liefde in het aangezicht van tegenspoed<\/h3>\n\n\n\n<p>Het liefdesverhaal van <strong>Jan \u017di\u017eka en Catherine<\/strong> is een inspirerend voorbeeld van doorzettingsvermogen tegenover tegenstand. Hun huwelijk bewees dat liefde alles kon overwinnen, inclusief koninklijke afkomst en religieuze verschillen.<\/p>\n\n\n\n<h3 id=\"shared-commitment\" class=\"wp-block-heading\">Gedeelde verplichting<\/h3>\n\n\n\n<p>Ze gaven allebei veel om de zaak van de Hussieten, die religieuze hervormingen en vrijheid voor het Tsjechische volk nastreefden. Catharina's onvoorwaardelijke trouw aan het doel van haar man won de harten van het Tsjechische volk en versterkte hun vastberadenheid tegenover tegenslagen.<\/p>\n\n\n\n<h3 id=\"a-symbol-of-resilience\" class=\"wp-block-heading\">Een symbool van veerkracht&nbsp;<\/h3>\n\n\n\n<p>Volgens <strong>De geschiedenis van Jan \u017di\u017eka<\/strong>Hij is een symbool van standvastigheid omdat zijn militaire vaardigheden en strategisch inzicht zo belangrijk waren tijdens de Hussietenoorlogen. Catharina's onwrikbare steun en enthousiaste deelname aan de beweging toonden haar vasthoudendheid en vastberadenheid om hun gemeenschappelijke doelen te bereiken.<a href=\"https:\/\/prague.org\/nl\/nationaal-monument-bij-vitkov\/\"> nationaal monument in Praag<\/a> gewijd aan generaal Jan \u017di\u017eka dat in de buurt van V\u00edtkov ligt.<\/p>\n\n\n\n<h3 id=\"legacy\" class=\"wp-block-heading\">Erfenis<\/h3>\n\n\n\n<p>Het verhaal van Jan \u017di\u017eka en Catherine staat niet alleen in de geschiedenisboeken, maar ook in de harten van degenen die hun eeuwige liefde en toewijding waarderen. Hun verhaal is een testament voor de kracht die liefde kan hebben in het aangezicht van tegenspoed.<\/p>\n\n\n\n<h3 id=\"women-empowerment\" class=\"wp-block-heading\">Empowerment van vrouwen<\/h3>\n\n\n\n<p>Catherine's deelname aan de militaire campagnes van haar man en haar pleidooi voor de zaak van de Hussieten na de dood van \u017di\u017eka zijn voorbeelden van vrouwenemancipatie omdat ze de conventionele rolpatronen van mannen en vrouwen tarten. Haar standvastigheid en impact tonen de kracht en het potentieel van vrouwen door de geschiedenis heen.<\/p>\n\n\n\n<div class=\"wp-block-group is-layout-constrained wp-block-group-is-layout-constrained\"><div class=\"wp-block-group__inner-container\">\n<h2 id=\"faq\" class=\"cnvs-block-section-heading cnvs-block-section-heading-1710856516628 is-style-cnvs-block-section-heading-2 halignleft\" >\n\t<span class=\"cnvs-section-title\">\n\t\t<span>FAQ<\/span>\n\t<\/span>\n<\/h2>\n\n\n\n<div class=\"cnvs-block-collapsibles cnvs-block-collapsibles-1710856446798 cnvs-block-collapsibles-5\" >\n\t\n<div class=\"cnvs-block-collapsible cnvs-block-collapsible-1710856446894 cnvs-block-collapsible-opened\" >\n\t<div class=\"cnvs-block-collapsible-title\">\n\t\t<h6 id=\"what-were-the-specific-political-and-social-pressures-that-jan-zizka-and-catherine-faced-due-to-their-marriage-and-how-did-they-navigate-these-challenges\" class=\"cnvs-block-collapsible-heading\">\n\t\t\t<a href=\"#\">Welke specifieke politieke en sociale druk ondervonden Jan \u017di\u017eka en Catherine door hun huwelijk en hoe zijn ze met deze uitdagingen omgegaan?<\/a>\n\t\t<\/h6>\n\t<\/div>\n\t<div class=\"cnvs-block-collapsible-content\">\n\t\t\n\n<p>Het huwelijk kreeg waarschijnlijk te maken met kritiek en tegenstand vanwege het tumultueuze politieke en sociale klimaat, met spanningen tussen verschillende religieuze en politieke groeperingen. \u017di\u017eka, een prominente militaire leider, en Catharina moesten deze druk zorgvuldig overwinnen en een evenwicht vinden tussen persoonlijke loyaliteit en politieke allianties.<\/p>\n\n\t<\/div>\n<\/div>\n\n\n<div class=\"cnvs-block-collapsible cnvs-block-collapsible-1710856446899 cnvs-block-collapsible-opened\" >\n\t<div class=\"cnvs-block-collapsible-title\">\n\t\t<h6 id=\"how-did-catherines-background-and-upbringing-influence-her-role-and-actions-during-the-hussite-wars\" class=\"cnvs-block-collapsible-heading\">\n\t\t\t<a href=\"#\">Hoe be\u00efnvloedden Catharina's achtergrond en opvoeding haar rol en acties tijdens de Hussietenoorlogen?<\/a>\n\t\t<\/h6>\n\t<\/div>\n\t<div class=\"cnvs-block-collapsible-content\">\n\t\t\n\n<p>Catherine's achtergrond kan haar perspectieven en acties tijdens het <a href=\"https:\/\/prague.org\/nl\/huzaren-oorlogen\/\" data-type=\"link\" data-id=\"https:\/\/prague.org\/hussite-wars\/\">Hussietenoorlogen<\/a>. Afhankelijk van haar sociale status en opleiding kan ze een ondersteunende of adviserende rol hebben gespeeld, beslissingen hebben be\u00efnvloed of morele steun hebben gegeven op kritieke momenten.<\/p>\n\n\t<\/div>\n<\/div>\n\n\n<div class=\"cnvs-block-collapsible cnvs-block-collapsible-1710856454072 cnvs-block-collapsible-opened\" >\n\t<div class=\"cnvs-block-collapsible-title\">\n\t\t<h6 id=\"are-there-any-known-descendants-or-family-lineage-of-jan-zizka-and-catherine-that-continued-their-legacy\" class=\"cnvs-block-collapsible-heading\">\n\t\t\t<a href=\"#\">Zijn er nakomelingen of familieleden van Jan \u017di\u017eka en Catherine bekend die hun nalatenschap hebben voortgezet?<\/a>\n\t\t<\/h6>\n\t<\/div>\n\t<div class=\"cnvs-block-collapsible-content\">\n\t\t\n\n<p>Het artikel maakt geen melding van afstammelingen, maar als ze bestonden, zouden ze een rol kunnen hebben gespeeld in<a href=\"https:\/\/prague.org\/nl\/verken-de-rijke-praagse-geschiedenis\/\" data-type=\"link\" data-id=\"https:\/\/prague.org\/explore-the-rich-prague-history\/\"> Tsjechische geschiedenis<\/a> of de erfenis van \u017di\u017eka's militaire en politieke prestaties in stand hielden en mogelijk van invloed waren op volgende generaties.<\/p>\n\n\t<\/div>\n<\/div>\n\n\n<div class=\"cnvs-block-collapsible cnvs-block-collapsible-1710856454237 cnvs-block-collapsible-opened\" >\n\t<div class=\"cnvs-block-collapsible-title\">\n\t\t<h6 id=\"how-is-the-story-of-jan-zizka-and-catherine-commemorated-or-remembered-in-contemporary-czech-culture-and-society\" class=\"cnvs-block-collapsible-heading\">\n\t\t\t<a href=\"#\">Hoe wordt het verhaal van Jan \u017di\u017eka en Catherine herdacht of herinnerd in de hedendaagse Tsjechische cultuur en samenleving?<\/a>\n\t\t<\/h6>\n\t<\/div>\n\t<div class=\"cnvs-block-collapsible-content\">\n\t\t\n\n<p>Hun verhaal kan worden herdacht door middel van literatuur, monumenten of educatieve programma's die hun bijdragen en betekenis in de geschiedenis van de mensheid weerspiegelen. <a href=\"https:\/\/www.getyourguide.com\/prague-l10\/prague-guided-walking-tour-with-virtual-reality-vr-t432018\/?partner_id=U94OQGQ&amp;utm_medium=online_publisher\" data-type=\"link\" data-id=\"https:\/\/www.getyourguide.com\/prague-l10\/prague-guided-walking-tour-with-virtual-reality-vr-t432018\/?partner_id=U94OQGQ&amp;utm_medium=online_publisher\" rel=\"nofollow noopener\">Tsjechische geschiedenis<\/a>waarbij vooral de nadruk werd gelegd op \u017di\u017eka's militaire leiderschap en mogelijk Catherine's steun.<\/p>\n\n\t<\/div>\n<\/div>\n\n\n<div class=\"cnvs-block-collapsible cnvs-block-collapsible-1710856454377 cnvs-block-collapsible-opened\" >\n\t<div class=\"cnvs-block-collapsible-title\">\n\t\t<h6 id=\"what-were-the-key-battles-or-events-in-which-jan-zizka-demonstrated-his-military-prowess-and-how-did-these-influence-the-outcome-of-the-hussite-wars\" class=\"cnvs-block-collapsible-heading\">\n\t\t\t<a href=\"#\">Wat waren de belangrijkste veldslagen of gebeurtenissen waarin Jan \u017di\u017eka zijn militaire dapperheid demonstreerde en hoe be\u00efnvloedden deze de uitkomst van de Hussietenoorlogen?<\/a>\n\t\t<\/h6>\n\t<\/div>\n\t<div class=\"cnvs-block-collapsible-content\">\n\t\t\n\n<p>\u017di\u017eka's tactische genialiteit kwam duidelijk naar voren in belangrijke veldslagen waar zijn innovatieve strategie\u00ebn en leiderschap hielpen overwinningen te behalen voor de Hussieten, het verloop van de oorlog aanzienlijk be\u00efnvloedden en zijn nalatenschap als formidabel militair leider vestigden.<\/p>\n\n\t<\/div>\n<\/div>\n\n<\/div>\n<\/div><\/div>\n\n\n\n<div data-gyg-href=\"https:\/\/widget.getyourguide.com\/default\/city.frame\" data-gyg-location-id=\"10\" data-gyg-locale-code=\"en-US\" data-gyg-widget=\"city\" data-gyg-partner-id=\"U94OQGQ\"><\/div>","protected":false},"excerpt":{"rendered":"Het verhaal van Jan \u017di\u017eka en Catherine is een prachtig verhaal over liefde, doorzettingsvermogen en loyaliteit te midden van...","protected":false},"author":2,"featured_media":11981,"comment_status":"closed","ping_status":"closed","sticky":false,"template":"","format":"standard","meta":{"footnotes":""},"categories":[15,204,39],"tags":[49],"table_tags":[],"_links":{"self":[{"href":"https:\/\/prague.org\/nl\/wp-json\/wp\/v2\/posts\/11980"}],"collection":[{"href":"https:\/\/prague.org\/nl\/wp-json\/wp\/v2\/posts"}],"about":[{"href":"https:\/\/prague.org\/nl\/wp-json\/wp\/v2\/types\/post"}],"author":[{"embeddable":true,"href":"https:\/\/prague.org\/nl\/wp-json\/wp\/v2\/users\/2"}],"replies":[{"embeddable":true,"href":"https:\/\/prague.org\/nl\/wp-json\/wp\/v2\/comments?post=11980"}],"version-history":[{"count":5,"href":"https:\/\/prague.org\/nl\/wp-json\/wp\/v2\/posts\/11980\/revisions"}],"predecessor-version":[{"id":13141,"href":"https:\/\/prague.org\/nl\/wp-json\/wp\/v2\/posts\/11980\/revisions\/13141"}],"wp:featuredmedia":[{"embeddable":true,"href":"https:\/\/prague.org\/nl\/wp-json\/wp\/v2\/media\/11981"}],"wp:attachment":[{"href":"https:\/\/prague.org\/nl\/wp-json\/wp\/v2\/media?parent=11980"}],"wp:term":[{"taxonomy":"category","embeddable":true,"href":"https:\/\/prague.org\/nl\/wp-json\/wp\/v2\/categories?post=11980"},{"taxonomy":"post_tag","embeddable":true,"href":"https:\/\/prague.org\/nl\/wp-json\/wp\/v2\/tags?post=11980"},{"taxonomy":"table_tags","embeddable":true,"href":"https:\/\/prague.org\/nl\/wp-json\/wp\/v2\/table_tags?post=11980"}],"curies":[{"name":"wp","href":"https:\/\/api.w.org\/{rel}","templated":true}]}}