{"id":11980,"date":"2023-11-14T10:00:11","date_gmt":"2023-11-14T08:00:11","guid":{"rendered":"https:\/\/prague.org\/?p=11980"},"modified":"2024-03-20T10:21:54","modified_gmt":"2024-03-20T08:21:54","slug":"jan-zizka-and-catherine","status":"publish","type":"post","link":"https:\/\/prague.org\/pl\/jan-zizka-i-katarzyna\/","title":{"rendered":"Prawdziwa historia Jana \u017di\u017eki i Catherine"},"content":{"rendered":"<p>Historia <strong><a href=\"https:\/\/prague.org\/pl\/kim-byl-jan-zizka\/\" data-type=\"link\" data-id=\"https:\/\/prague.org\/who-was-jan-zizka\/\">Jan \u017di\u017eka<\/a> i Catherine<\/strong> to wspania\u0142a opowie\u015b\u0107 o mi\u0142o\u015bci, wytrwa\u0142o\u015bci i lojalno\u015bci, rozgrywaj\u0105ca si\u0119 w burzliwym XV-wiecznym okresie znanym jako wojny husyckie. Uznany przyw\u00f3dca wojskowy <strong>Jan \u017di\u017eka i Catherine <\/strong>Valois, francuska szlachcianka, po\u015blubiona pomimo presji spo\u0142ecznej i politycznej.&nbsp;<\/p>\n\n\n\n<p>Razem walczyli o wolno\u015b\u0107 religijn\u0105 w Czechach i zmiany w Ko\u015bciele katolickim, a po drodze rozwin\u0105\u0142 si\u0119 ich romans. Catherine pozosta\u0142a niez\u0142omna w obronie wsp\u00f3lnych warto\u015bci pomimo kilku niepowodze\u0144 i przedwczesnej \u015bmierci Jana \u017di\u017eki.&nbsp;<\/p>\n\n\n\n<p>By\u0142 to trwa\u0142y rozdzia\u0142 w historii Czech, kt\u00f3ry stanowi \u015bwiadectwo si\u0142y mi\u0142o\u015bci w obliczu przyt\u0142aczaj\u0105cych przeciwno\u015bci losu.<\/p>\n\n\n\n<h2 id=\"the-extraordinary-lives-of-jan-zizka-and-catherine-a-journey-through-history\" class=\"wp-block-heading\">Niezwyk\u0142e \u017cycie Jana \u017di\u017eki i Katarzyny: Podr\u00f3\u017c przez histori\u0119&nbsp;<\/h2>\n\n\n\n<p>Jan \u017di\u017eka, uznany za swoj\u0105 si\u0142\u0119 militarn\u0105 i strategiczn\u0105 przenikliwo\u015b\u0107, jest wybitnym graczem w wojnach husyckich. Pomimo swojej blizny i jednookiego wygl\u0105du, by\u0142 szanowanym i lubianym przyw\u00f3dc\u0105, kt\u00f3ry wygra\u0142 wiele bitew, w tym bitw\u0119 pod Novym M\u011bsto, kt\u00f3ra mia\u0142a miejsce w pobli\u017cu<a href=\"https:\/\/prague.org\/pl\/new-town-hall-2\/\"> Nowy Ratusz w Pradze<\/a> . Jako kr\u00f3lewska wdowa, Katarzyna z Valois z\u0142ama\u0142a konwenanse, po\u015blubiaj\u0105c husyckiego przyw\u00f3dc\u0119 \u017di\u017ek\u0119. Czesi bardzo j\u0105 podziwiali ze wzgl\u0119du na jej zaanga\u017cowanie we wspieranie sprawy m\u0119\u017ca.<\/p>\n\n\n\n<p>Historia mi\u0142o\u015bci, odporno\u015bci i nie\u015bmiertelnego oddania sprawie, w kt\u00f3r\u0105 oboje wierzyli, wy\u0142ania si\u0119, gdy \u015bledzimy ich \u017cycie. Ich ma\u0142\u017ce\u0144stwo by\u0142o radykalnym odej\u015bciem od norm spo\u0142ecznych. Katarzyna, nawet po przedwczesnej \u015bmierci \u017di\u017eki, sta\u0142a si\u0119 symbolem odwagi i determinacji dla sprawy husyckiej.<\/p>\n\n\n\n<p>Podsumowuj\u0105c, niezwyk\u0142y charakter egzystencji Jana \u017di\u017eki i Katarzyny wynika z ich wyj\u0105tkowej historii mi\u0142osnej, nieugi\u0119tego oddania sprawie husyckiej, hartu ducha w obliczu przeciwno\u015bci losu i trwa\u0142ego dziedzictwa.<\/p>\n\n\n\n<h2 id=\"the-true-story-of-jan-zizka-and-catherine\" class=\"wp-block-heading\">Prawdziwa historia Jana \u017di\u017eki i Catherine<\/h2>\n\n\n\n<p><strong>Prawdziwa historia Jana \u017di\u017eki i Catherine<\/strong> o mi\u0142o\u015bci<strong> <\/strong>poszed\u0142 pod pr\u0105d wsp\u00f3\u0142czesnych obyczaj\u00f3w i politycznych konflikt\u00f3w. Katarzyna, francuska arystokratka, po\u015blubi\u0142a Jana \u017di\u017ek\u0119, wybitnego wojskowego z czas\u00f3w wojen husyckich. Ich ma\u0142\u017ce\u0144stwo by\u0142o \u015bwiadectwem odporno\u015bci mi\u0142o\u015bci w obliczu tragedii.<\/p>\n\n\n\n<p>Oba<strong> Jan \u017di\u017eka i Catherine<\/strong> byli g\u0142\u0119boko zaanga\u017cowani w spraw\u0119 husyck\u0105, kt\u00f3ra opowiada\u0142a si\u0119 za reform\u0105 religijn\u0105 i niepodleg\u0142o\u015bci\u0105 narodu czeskiego. Ich niezachwiane zaanga\u017cowanie w t\u0119 spraw\u0119, cho\u0107 w obliczu zniech\u0119caj\u0105cych przeciwno\u015bci losu, by\u0142o inspiruj\u0105ce.<\/p>\n\n\n\n<p>W czasach konflikt\u00f3w religijnych i politycznych ich niesamowita historia mi\u0142osna pe\u0142na oddania i wsp\u00f3lnych cel\u00f3w \u015bwieci\u0142a jak latarnia nadziei. Pokonali przeszkody, aby utrzyma\u0107 wspania\u0142e ma\u0142\u017ce\u0144stwo i pozostawi\u0107 niezatarty \u015blad w historii.<\/p>\n\n\n\n<h2 id=\"the-impact-of-jan-zizka-and-catherines-bond\" class=\"wp-block-heading\">Wp\u0142yw zwi\u0105zku Jana \u017di\u017eki i Katarzyny<\/h2>\n\n\n\n<p>Znaczenie przyja\u017ani zawartej mi\u0119dzy Janem \u017di\u017ek\u0105 a Katarzyn\u0105 podczas ko\u015bcielnych i spo\u0142ecznych wstrz\u0105s\u00f3w XV wieku mo\u017cna wykaza\u0107 na wiele sposob\u00f3w:<\/p>\n\n\n\n<h3 id=\"love-in-the-face-of-adversity\" class=\"wp-block-heading\">Mi\u0142o\u015b\u0107 w obliczu przeciwno\u015bci losu<\/h3>\n\n\n\n<p>Historia mi\u0142osna <strong>Jan \u017di\u017eka i Catherine<\/strong> jest inspiruj\u0105cym przyk\u0142adem wytrwa\u0142o\u015bci w obliczu sprzeciwu. Ich ma\u0142\u017ce\u0144stwo udowodni\u0142o, \u017ce mi\u0142o\u015b\u0107 mo\u017ce zatriumfowa\u0107 nad wszystkim, w tym nad kr\u00f3lewskim rodowodem i r\u00f3\u017cnicami religijnymi.<\/p>\n\n\n\n<h3 id=\"shared-commitment\" class=\"wp-block-heading\">Wsp\u00f3lne zaanga\u017cowanie<\/h3>\n\n\n\n<p>Oboje byli g\u0142\u0119boko zainteresowani spraw\u0105 husyck\u0105, kt\u00f3ra d\u0105\u017cy\u0142a do reformy religijnej i wolno\u015bci dla narodu czeskiego, i by\u0142a to sprawa, kt\u00f3rej udzielili pe\u0142nego wsparcia. Niezachwiana lojalno\u015b\u0107 Katarzyny wobec celu jej m\u0119\u017ca podbi\u0142a serca Czech\u00f3w i wzmocni\u0142a ich determinacj\u0119 w obliczu przeciwno\u015bci losu.<\/p>\n\n\n\n<h3 id=\"a-symbol-of-resilience\" class=\"wp-block-heading\">Symbol odporno\u015bci&nbsp;<\/h3>\n\n\n\n<p>Wed\u0142ug <strong>Historia Jana \u017di\u017eki<\/strong>Jest on symbolem m\u0119stwa, poniewa\u017c jego umiej\u0119tno\u015bci wojskowe i strategiczna przenikliwo\u015b\u0107 by\u0142y tak wa\u017cne podczas wojen husyckich. Niezachwiane wsparcie Katarzyny i jej entuzjastyczny udzia\u0142 w ruchu pokaza\u0142y jej wytrwa\u0142o\u015b\u0107 i determinacj\u0119 w d\u0105\u017ceniu do osi\u0105gni\u0119cia wsp\u00f3lnych cel\u00f3w.<a href=\"https:\/\/prague.org\/pl\/national-monument-at-vitkov\/\"> pomnik narodowy w Pradze<\/a> po\u015bwi\u0119cony genera\u0142owi Janowi \u017di\u017ece, kt\u00f3ry znajduje si\u0119 w pobli\u017cu V\u00edtkova.<\/p>\n\n\n\n<h3 id=\"legacy\" class=\"wp-block-heading\">Dziedzictwo<\/h3>\n\n\n\n<p>Historia Jana \u017di\u017eki i Catherine jest nie tylko zapisana w ksi\u0119gach historii, ale tak\u017ce w sercach tych, kt\u00f3rzy doceniaj\u0105 ich wieczn\u0105 mi\u0142o\u015b\u0107 i oddanie. Ich historia jest \u015bwiadectwem si\u0142y, jak\u0105 mi\u0142o\u015b\u0107 mo\u017ce mie\u0107 w obliczu przeciwno\u015bci losu.<\/p>\n\n\n\n<h3 id=\"women-empowerment\" class=\"wp-block-heading\">Wzmocnienie pozycji kobiet<\/h3>\n\n\n\n<p>Udzia\u0142 Katarzyny w kampaniach wojskowych jej m\u0119\u017ca i jej poparcie dla sprawy husyckiej po \u015bmierci \u017di\u017eki s\u0105 przyk\u0142adami wzmocnienia pozycji kobiet, poniewa\u017c przeciwstawiaj\u0105 si\u0119 one konwencjonalnym rolom p\u0142ci. Jej m\u0119stwo i wp\u0142yw pokazuj\u0105 si\u0142\u0119 i potencja\u0142 kobiet na przestrzeni dziej\u00f3w.<\/p>\n\n\n\n<div class=\"wp-block-group is-layout-constrained wp-block-group-is-layout-constrained\"><div class=\"wp-block-group__inner-container\">\n<h2 id=\"faq\" class=\"cnvs-block-section-heading cnvs-block-section-heading-1710856516628 is-style-cnvs-block-section-heading-2 halignleft\" >\n\t<span class=\"cnvs-section-title\">\n\t\t<span>FAQ<\/span>\n\t<\/span>\n<\/h2>\n\n\n\n<div class=\"cnvs-block-collapsibles cnvs-block-collapsibles-1710856446798 cnvs-block-collapsibles-5\" >\n\t\n<div class=\"cnvs-block-collapsible cnvs-block-collapsible-1710856446894 cnvs-block-collapsible-opened\" >\n\t<div class=\"cnvs-block-collapsible-title\">\n\t\t<h6 id=\"what-were-the-specific-political-and-social-pressures-that-jan-zizka-and-catherine-faced-due-to-their-marriage-and-how-did-they-navigate-these-challenges\" class=\"cnvs-block-collapsible-heading\">\n\t\t\t<a href=\"#\">Z jakimi politycznymi i spo\u0142ecznymi presjami musieli zmierzy\u0107 si\u0119 Jan \u017di\u017eka i Catherine w zwi\u0105zku z ich ma\u0142\u017ce\u0144stwem i jak sobie z nimi poradzili?<\/a>\n\t\t<\/h6>\n\t<\/div>\n\t<div class=\"cnvs-block-collapsible-content\">\n\t\t\n\n<p>Ma\u0142\u017ce\u0144stwo prawdopodobnie spotka\u0142o si\u0119 z kontrol\u0105 i sprzeciwem ze wzgl\u0119du na burzliwy klimat polityczny i spo\u0142eczny, z napi\u0119ciami mi\u0119dzy r\u00f3\u017cnymi frakcjami religijnymi i politycznymi. \u017di\u017eka, wybitny przyw\u00f3dca wojskowy, i Katarzyna musieli ostro\u017cnie radzi\u0107 sobie z tymi naciskami, r\u00f3wnowa\u017c\u0105c osobist\u0105 lojalno\u015b\u0107 z sojuszami politycznymi.<\/p>\n\n\t<\/div>\n<\/div>\n\n\n<div class=\"cnvs-block-collapsible cnvs-block-collapsible-1710856446899 cnvs-block-collapsible-opened\" >\n\t<div class=\"cnvs-block-collapsible-title\">\n\t\t<h6 id=\"how-did-catherines-background-and-upbringing-influence-her-role-and-actions-during-the-hussite-wars\" class=\"cnvs-block-collapsible-heading\">\n\t\t\t<a href=\"#\">W jaki spos\u00f3b pochodzenie i wychowanie Katarzyny wp\u0142yn\u0119\u0142o na jej rol\u0119 i dzia\u0142ania podczas wojen husyckich?<\/a>\n\t\t<\/h6>\n\t<\/div>\n\t<div class=\"cnvs-block-collapsible-content\">\n\t\t\n\n<p>Pochodzenie Catherine mog\u0142o ukszta\u0142towa\u0107 jej perspektyw\u0119 i dzia\u0142ania w trakcie wojny. <a href=\"https:\/\/prague.org\/pl\/husyty-wojny\/\" data-type=\"link\" data-id=\"https:\/\/prague.org\/hussite-wars\/\">Wojny husyckie<\/a>. W zale\u017cno\u015bci od jej pozycji spo\u0142ecznej i wykszta\u0142cenia mog\u0142a odgrywa\u0107 rol\u0119 wspieraj\u0105c\u0105 lub doradcz\u0105, wp\u0142ywaj\u0105c na decyzje lub zapewniaj\u0105c wsparcie moralne w krytycznych momentach.<\/p>\n\n\t<\/div>\n<\/div>\n\n\n<div class=\"cnvs-block-collapsible cnvs-block-collapsible-1710856454072 cnvs-block-collapsible-opened\" >\n\t<div class=\"cnvs-block-collapsible-title\">\n\t\t<h6 id=\"are-there-any-known-descendants-or-family-lineage-of-jan-zizka-and-catherine-that-continued-their-legacy\" class=\"cnvs-block-collapsible-heading\">\n\t\t\t<a href=\"#\">Czy znani s\u0105 jacy\u015b potomkowie lub cz\u0142onkowie rodziny Jana \u017di\u017eki i Katarzyny, kt\u00f3rzy kontynuuj\u0105 ich dziedzictwo?<\/a>\n\t\t<\/h6>\n\t<\/div>\n\t<div class=\"cnvs-block-collapsible-content\">\n\t\t\n\n<p>Artyku\u0142 nie wspomina o potomkach, ale je\u015bli istnieli, mogli odgrywa\u0107 role w<a href=\"https:\/\/prague.org\/pl\/poznaj-bogata-historie-pragi\/\" data-type=\"link\" data-id=\"https:\/\/prague.org\/explore-the-rich-prague-history\/\"> Historia Czech<\/a> lub utrzyma\u0142 dziedzictwo militarnych i politycznych osi\u0105gni\u0119\u0107 \u017di\u017eki, potencjalnie wp\u0142ywaj\u0105c na kolejne pokolenia.<\/p>\n\n\t<\/div>\n<\/div>\n\n\n<div class=\"cnvs-block-collapsible cnvs-block-collapsible-1710856454237 cnvs-block-collapsible-opened\" >\n\t<div class=\"cnvs-block-collapsible-title\">\n\t\t<h6 id=\"how-is-the-story-of-jan-zizka-and-catherine-commemorated-or-remembered-in-contemporary-czech-culture-and-society\" class=\"cnvs-block-collapsible-heading\">\n\t\t\t<a href=\"#\">W jaki spos\u00f3b historia Jana \u017di\u017eki i Katarzyny jest upami\u0119tniana lub wspominana we wsp\u00f3\u0142czesnej czeskiej kulturze i spo\u0142ecze\u0144stwie?<\/a>\n\t\t<\/h6>\n\t<\/div>\n\t<div class=\"cnvs-block-collapsible-content\">\n\t\t\n\n<p>Ich historia mo\u017ce by\u0107 upami\u0119tniona poprzez literatur\u0119, pomniki lub programy edukacyjne, odzwierciedlaj\u0105ce ich wk\u0142ad i znaczenie w \u017cyciu spo\u0142ecznym. <a href=\"https:\/\/www.getyourguide.com\/prague-l10\/prague-guided-walking-tour-with-virtual-reality-vr-t432018\/?partner_id=U94OQGQ&amp;utm_medium=online_publisher\" data-type=\"link\" data-id=\"https:\/\/www.getyourguide.com\/prague-l10\/prague-guided-walking-tour-with-virtual-reality-vr-t432018\/?partner_id=U94OQGQ&amp;utm_medium=online_publisher\" rel=\"nofollow noopener\">Historia Czech<\/a>, szczeg\u00f3lnie podkre\u015blaj\u0105c przyw\u00f3dztwo wojskowe \u017di\u017eki i prawdopodobnie wsparcie Katarzyny.<\/p>\n\n\t<\/div>\n<\/div>\n\n\n<div class=\"cnvs-block-collapsible cnvs-block-collapsible-1710856454377 cnvs-block-collapsible-opened\" >\n\t<div class=\"cnvs-block-collapsible-title\">\n\t\t<h6 id=\"what-were-the-key-battles-or-events-in-which-jan-zizka-demonstrated-his-military-prowess-and-how-did-these-influence-the-outcome-of-the-hussite-wars\" class=\"cnvs-block-collapsible-heading\">\n\t\t\t<a href=\"#\">Jakie by\u0142y kluczowe bitwy lub wydarzenia, w kt\u00f3rych Jan \u017di\u017eka wykaza\u0142 si\u0119 swoj\u0105 sprawno\u015bci\u0105 wojskow\u0105 i jak wp\u0142yn\u0119\u0142y one na wynik wojen husyckich?<\/a>\n\t\t<\/h6>\n\t<\/div>\n\t<div class=\"cnvs-block-collapsible-content\">\n\t\t\n\n<p>Taktyczny geniusz \u017di\u017eki by\u0142 widoczny w kluczowych bitwach, w kt\u00f3rych jego innowacyjne strategie i przyw\u00f3dztwo pomog\u0142y zapewni\u0107 zwyci\u0119stwa si\u0142om husyckim, znacz\u0105co wp\u0142ywaj\u0105c na trajektori\u0119 wojny i ustanawiaj\u0105c jego dziedzictwo jako pot\u0119\u017cnego przyw\u00f3dcy wojskowego.<\/p>\n\n\t<\/div>\n<\/div>\n\n<\/div>\n<\/div><\/div>\n\n\n\n<div data-gyg-href=\"https:\/\/widget.getyourguide.com\/default\/city.frame\" data-gyg-location-id=\"10\" data-gyg-locale-code=\"en-US\" data-gyg-widget=\"city\" data-gyg-partner-id=\"U94OQGQ\"><\/div>","protected":false},"excerpt":{"rendered":"Historia Jana \u017di\u017eki i Katarzyny to wspania\u0142a opowie\u015b\u0107 o mi\u0142o\u015bci, wytrwa\u0142o\u015bci i lojalno\u015bci, rozgrywaj\u0105ca si\u0119 po\u015br\u00f3d...","protected":false},"author":2,"featured_media":11981,"comment_status":"closed","ping_status":"closed","sticky":false,"template":"","format":"standard","meta":{"footnotes":""},"categories":[15,204,39],"tags":[49],"table_tags":[],"_links":{"self":[{"href":"https:\/\/prague.org\/pl\/wp-json\/wp\/v2\/posts\/11980"}],"collection":[{"href":"https:\/\/prague.org\/pl\/wp-json\/wp\/v2\/posts"}],"about":[{"href":"https:\/\/prague.org\/pl\/wp-json\/wp\/v2\/types\/post"}],"author":[{"embeddable":true,"href":"https:\/\/prague.org\/pl\/wp-json\/wp\/v2\/users\/2"}],"replies":[{"embeddable":true,"href":"https:\/\/prague.org\/pl\/wp-json\/wp\/v2\/comments?post=11980"}],"version-history":[{"count":5,"href":"https:\/\/prague.org\/pl\/wp-json\/wp\/v2\/posts\/11980\/revisions"}],"predecessor-version":[{"id":13141,"href":"https:\/\/prague.org\/pl\/wp-json\/wp\/v2\/posts\/11980\/revisions\/13141"}],"wp:featuredmedia":[{"embeddable":true,"href":"https:\/\/prague.org\/pl\/wp-json\/wp\/v2\/media\/11981"}],"wp:attachment":[{"href":"https:\/\/prague.org\/pl\/wp-json\/wp\/v2\/media?parent=11980"}],"wp:term":[{"taxonomy":"category","embeddable":true,"href":"https:\/\/prague.org\/pl\/wp-json\/wp\/v2\/categories?post=11980"},{"taxonomy":"post_tag","embeddable":true,"href":"https:\/\/prague.org\/pl\/wp-json\/wp\/v2\/tags?post=11980"},{"taxonomy":"table_tags","embeddable":true,"href":"https:\/\/prague.org\/pl\/wp-json\/wp\/v2\/table_tags?post=11980"}],"curies":[{"name":"wp","href":"https:\/\/api.w.org\/{rel}","templated":true}]}}