{"id":11983,"date":"2023-11-15T11:28:09","date_gmt":"2023-11-15T09:28:09","guid":{"rendered":"https:\/\/prague.org\/?p=11983"},"modified":"2023-11-15T15:43:42","modified_gmt":"2023-11-15T13:43:42","slug":"czech-photographer-josef-sudek","status":"publish","type":"post","link":"https:\/\/prague.org\/pl\/czeski-fotograf-josef-sudek\/","title":{"rendered":"\u015awietlisty \u015bwiat Josefa Sudka"},"content":{"rendered":"<p><strong>Czeski fotograf Josef Sudek<\/strong>, cz\u0119sto nazywany \"Poet\u0105 Pragi\", by\u0142 fotografem, kt\u00f3rego sztuka wywar\u0142a niezatarty wp\u0142yw na \u015bwiat fotografii. Jego zdj\u0119cia maj\u0105 surrealistyczn\u0105, nieziemsk\u0105 jako\u015b\u0107, a on sam ma reputacj\u0119 poetyckiego oka. Ze wzgl\u0119du na jego umiej\u0119tno\u015b\u0107 podnoszenia przyziemno\u015bci do wznios\u0142o\u015bci, <strong>Czeski fotograf Josef Sudek<\/strong> jest uwa\u017cany za legendarn\u0105 posta\u0107 w historii fotografii, zw\u0142aszcza w dziedzinie sztuki czeskiej.<\/p>\n\n\n\n<p>Zapraszamy do zag\u0142\u0119bienia si\u0119 w tajemnicze pi\u0119kno, kt\u00f3re Sudek uchwyci\u0142 i wyrze\u017abi\u0142 na zawsze poprzez swoje niezwyk\u0142e podej\u015bcie do fotografii i wci\u0105gaj\u0105ce do\u015bwiadczenie zapewniane przez jego galeri\u0119.<\/p>\n\n\n\n<p>Dzisiejsi fotografowie nadal czerpi\u0105 motywacj\u0119 od Josefa Sudka, kt\u00f3rego prace inspirowa\u0142y pokolenia do patrzenia na \u015bwiat przez bardziej liryczne obiektywy i odnajdywania cud\u00f3w w przyziemno\u015bci.<\/p>\n\n\n\n<h2 id=\"the-artistic-vision-of-josef-sudek\" class=\"wp-block-heading\">Artystyczna wizja Josefa Sudka&nbsp;<\/h2>\n\n\n\n<p>Wizja artystyczna Josefa Sudka by\u0142a tak ekspansywna, \u017ce wykracza\u0142a daleko poza normy fotografii. \u017bycie Sudka, a zw\u0142aszcza I wojna \u015bwiatowa, ukszta\u0142towa\u0142y jego sztuk\u0119. Podczas konfliktu amputowano mu praw\u0105 r\u0119k\u0119, co mog\u0142o zniech\u0119ci\u0107 innych. Fotograficzna pasja i determinacja Sudka zwyci\u0119\u017cy\u0142y. Zareagowa\u0142 na swoje fizyczne ograniczenia, tworz\u0105c w\u0142asny styl fotograficzny.<\/p>\n\n\n\n<p><strong>Czeski fotograf Josef Sudek<\/strong>Umiej\u0119tno\u015b\u0107 uczynienia codzienno\u015bci niezwyk\u0142\u0105 by\u0142a kluczowa dla jego sztuki. Jego obrazy zazwyczaj przedstawia\u0142y zwyk\u0142e rzeczy, martw\u0105 natur\u0119 i lokalne scenerie. Sudek by\u0142 znany ze swojej skrupulatno\u015bci i umiej\u0119tno\u015bci odnajdywania pi\u0119kna w codzienno\u015bci. Sudek odnajdywa\u0142 magi\u0119 w przedmiotach codziennego u\u017cytku, takich jak miski z owocami, wazony i przedmioty warsztatowe.<\/p>\n\n\n\n<p>Mi\u0142o\u015b\u0107 Sudka do <a href=\"http:\/\/prague.org\/pl\/\" data-type=\"link\" data-id=\"http:\/\/prague.org\/\">Praga<\/a>Praga, gdzie mieszka\u0142 przez wi\u0119kszo\u015b\u0107 swojego \u017cycia, ukszta\u0142towa\u0142a jego sztuk\u0119. Jego praskie zdj\u0119cia to wizualne poematy, kt\u00f3re uchwyci\u0142y dusz\u0119 miasta. Sudek doskonale uchwyci\u0142 nieustannie zmieniaj\u0105ce si\u0119 nastroje i atmosfer\u0119 Pragi. Fotografowa\u0142 stolic\u0119 w r\u00f3\u017cnych warunkach pogodowych i porach dnia, aby pokaza\u0107 jej wieczne pi\u0119kno. Jego praskie zdj\u0119cia, kt\u00f3re wykorzystywa\u0142y naturalne \u015bwiat\u0142o, aby stworzy\u0107 eteryczny nastr\u00f3j, pokaza\u0142y jego umiej\u0119tno\u015bci operowania \u015bwiat\u0142em i cieniem.<\/p>\n\n\n\n<h2 id=\"josef-sudek-and-the-art-of-capturing-light\" class=\"wp-block-heading\">Josef Sudek i sztuka uchwycenia \u015bwiat\u0142a<\/h2>\n\n\n\n<p>Transformacyjny efekt \u015bwiat\u0142a by\u0142 kluczowy dla sztuki Sudka. Porozmawiajmy o tym, jak go uchwyci\u0142.<\/p>\n\n\n\n<h3 id=\"the-play-of-natural-light\" class=\"wp-block-heading\">Gra naturalnego \u015bwiat\u0142a<\/h3>\n\n\n\n<p><strong>Josef Sudek fotografia<\/strong> Ekspertyza by\u0142a wynikiem jego zainteresowania naturalnym \u015bwiat\u0142em. Uwielbia\u0142 obserwowa\u0107 <a href=\"https:\/\/prague.org\/pl\/przewodnik-pogoda-praga-przez-miesiac\/\" data-type=\"link\" data-id=\"https:\/\/prague.org\/guide-to-prague-weather-by-month\/\">pory roku<\/a> i jak promienie s\u0142oneczne przechodz\u0105 przez drzewa, rzucaj\u0105 cienie i o\u015bwietlaj\u0105 obiekty. Jego wczesne zdj\u0119cia by\u0142y surrealistyczne ze wzgl\u0119du na mi\u0119kkie, rozproszone \u015bwiat\u0142o z drzew lub zas\u0142on.<\/p>\n\n\n\n<h3 id=\"window-panes-as-signatures\" class=\"wp-block-heading\">Szyby okienne jako podpisy<\/h3>\n\n\n\n<p>W pracach Sudka pojawia\u0142 si\u0119 motyw szyby, kt\u00f3ry skutecznie wykorzystywa\u0142. Jego obrazy ukazywa\u0142y szyby jako przeszkody i kana\u0142y \u015bwietlne. Te skomplikowane wzory cieni pozwoli\u0142y mu uchwyci\u0107 scen\u0119 poza szyb\u0105. Seria szyb Sudka symbolizowa\u0142a relacje wn\u0119trze-zewn\u0119trze, widoczne-ukryte.<\/p>\n\n\n\n<h3 id=\"magic-in-the-dark\" class=\"wp-block-heading\">Magia w ciemno\u015bci<\/h3>\n\n\n\n<p>Sudek by\u0142 ekspertem od ciemni i fotografem. Jego do\u015bwiadczenie w druku pozwoli\u0142o mu zarz\u0105dza\u0107 \u015bwiat\u0142em i cieniem na swoich zdj\u0119ciach. Szeroki zakres tonalny i bogate efekty wizualne zosta\u0142y osi\u0105gni\u0119te przy u\u017cyciu kilku metod drukowania. Jego \u017cmudna praca w ciemni odzwierciedla\u0142a jego obrazy.<\/p>\n\n\n\n<h3 id=\"the-sparkling-city-of-prague\" class=\"wp-block-heading\">L\u015bni\u0105ce miasto Praga<\/h3>\n\n\n\n<p>Praga, jego dom na ca\u0142e \u017cycie, zainspirowa\u0142a Sudka. Sudek uchwyci\u0142 na swoich zdj\u0119ciach r\u00f3\u017cne nastroje i atmosfery Pragi. Fotografowa\u0142 miasto o r\u00f3\u017cnych porach dnia, pozwalaj\u0105c \u015bwiat\u0142u definiowa\u0107 ka\u017cdy obraz. Praga Sudka by\u0142a o\u015bwietlona spokojnymi ulicami o \u015bwicie i eterycznymi latarniami ulicznymi w nocy.<\/p>\n\n\n\n<h2 id=\"elegance-in-enigmatic-still-life-photography\" class=\"wp-block-heading\">Elegancja w enigmatycznej fotografii martwej natury&nbsp;<\/h2>\n\n\n\n<p>Zdolno\u015b\u0107 Josefa Sudka do uchwycenia tajemniczego pi\u0119kna w zwyk\u0142ych przedmiotach na fotografiach martwej natury jest dowodem jego artystycznego wdzi\u0119ku. Ci, kt\u00f3rzy maj\u0105 szcz\u0119\u015bcie ogl\u0105da\u0107 <strong>Josef Sudek's<\/strong><strong> martwa natura <\/strong>Kompozycje s\u0105 nieustannie urzeczone i inspirowane jego obrazami, kt\u00f3re rzucaj\u0105 wyzwanie widzom, aby docenili pi\u0119kno i tajemnic\u0119, kt\u00f3re istniej\u0105 w otaczaj\u0105cym nas \u015bwiecie.<\/p>\n\n\n\n<h2 id=\"exploring-sudeks-lens-and-gallery\" class=\"wp-block-heading\">Odkrywanie obiektywu i galerii Sudka<\/h2>\n\n\n\n<p><strong>Czeski fotograf Josef Sudek<\/strong> wykorzysta\u0142 sw\u00f3j obiektyw, aby uczyni\u0107 przyziemne rzeczy spektakularnymi. Kilka wa\u017cnych cech wyr\u00f3\u017cnia\u0142o jego podej\u015bcie do fotografii:<\/p>\n\n\n\n<ul>\n<li>Opanowanie \u015bwiat\u0142a<\/li>\n\n\n\n<li>Dba\u0142o\u015b\u0107 o szczeg\u00f3\u0142y<\/li>\n\n\n\n<li>Elegancja i poezja<\/li>\n<\/ul>\n\n\n\n<p>Ci, kt\u00f3rzy odwiedzaj\u0105 <strong>Galeria Josef Sudek<\/strong> w Pradze s\u0105 witani w eterycznej atmosferze, w kt\u00f3rej mog\u0105 w pe\u0142ni do\u015bwiadczy\u0107 pracy fotografa.<\/p>","protected":false},"excerpt":{"rendered":"Czeski fotograf Josef Sudek, cz\u0119sto nazywany \"Poet\u0105 Pragi\", by\u0142 fotografem, kt\u00f3rego sztuka pozostawi\u0142a niezatarte...","protected":false},"author":2,"featured_media":11984,"comment_status":"closed","ping_status":"closed","sticky":false,"template":"","format":"standard","meta":{"footnotes":""},"categories":[15,204,39],"tags":[49],"table_tags":[],"_links":{"self":[{"href":"https:\/\/prague.org\/pl\/wp-json\/wp\/v2\/posts\/11983"}],"collection":[{"href":"https:\/\/prague.org\/pl\/wp-json\/wp\/v2\/posts"}],"about":[{"href":"https:\/\/prague.org\/pl\/wp-json\/wp\/v2\/types\/post"}],"author":[{"embeddable":true,"href":"https:\/\/prague.org\/pl\/wp-json\/wp\/v2\/users\/2"}],"replies":[{"embeddable":true,"href":"https:\/\/prague.org\/pl\/wp-json\/wp\/v2\/comments?post=11983"}],"version-history":[{"count":4,"href":"https:\/\/prague.org\/pl\/wp-json\/wp\/v2\/posts\/11983\/revisions"}],"predecessor-version":[{"id":12038,"href":"https:\/\/prague.org\/pl\/wp-json\/wp\/v2\/posts\/11983\/revisions\/12038"}],"wp:featuredmedia":[{"embeddable":true,"href":"https:\/\/prague.org\/pl\/wp-json\/wp\/v2\/media\/11984"}],"wp:attachment":[{"href":"https:\/\/prague.org\/pl\/wp-json\/wp\/v2\/media?parent=11983"}],"wp:term":[{"taxonomy":"category","embeddable":true,"href":"https:\/\/prague.org\/pl\/wp-json\/wp\/v2\/categories?post=11983"},{"taxonomy":"post_tag","embeddable":true,"href":"https:\/\/prague.org\/pl\/wp-json\/wp\/v2\/tags?post=11983"},{"taxonomy":"table_tags","embeddable":true,"href":"https:\/\/prague.org\/pl\/wp-json\/wp\/v2\/table_tags?post=11983"}],"curies":[{"name":"wp","href":"https:\/\/api.w.org\/{rel}","templated":true}]}}