{"id":3387,"date":"2022-06-15T12:12:48","date_gmt":"2022-06-15T10:12:48","guid":{"rendered":"https:\/\/prague.org\/?p=3387"},"modified":"2024-01-02T17:37:42","modified_gmt":"2024-01-02T15:37:42","slug":"prague-for-the-kafka-fan","status":"publish","type":"post","link":"https:\/\/prague.org\/pl\/prague-for-the-kafka-fan\/","title":{"rendered":"Kafka Praga dla mi\u0142o\u015bnik\u00f3w Kafki"},"content":{"rendered":"<h2 id=\"best-places-to-visit-as-a-fan-of-franz-kafka-in-prague\" class=\"wp-block-heading\"><strong>Najlepsze miejsca do odwiedzenia jako fan Franza Kafki w Pradze<\/strong><\/h2>\n\n\n\n<p>Spo\u015br\u00f3d wszystkich s\u0142awnych ludzi pochodz\u0105cych z Pragi, Franz Kafka jest prawdopodobnie najbardziej znanym. Cho\u0107 w swoich dzie\u0142ach nigdy wyra\u017anie nie wspomnia\u0142 o Pradze, istniej\u0105 \u015blady tego, jak miasto to wp\u0142yn\u0119\u0142o na jego \u017cycie i idea\u0142y. Zawirowania polityczne i podzia\u0142y spo\u0142eczne w jego czasach s\u0105 wyra\u017cone w wielu jego dzie\u0142ach, kt\u00f3re koncentruj\u0105 si\u0119 na ludzkim cierpieniu oraz poszukiwaniu sensu i celu.<\/p>\n\n\n\n<p>Aby pozna\u0107 praskie korzenie Franza Kafki i lepiej zrozumie\u0107 jego tw\u00f3rczo\u015b\u0107, wielu fan\u00f3w Kafki udaje si\u0119 do Pragi. Poniewa\u017c miasto jest dobrze zachowane przez lata, mog\u0105 odwiedzi\u0107 miejsca, w kt\u00f3rych bywa\u0142 Kafka, kiedy tam mieszka\u0142. Znajduje si\u0119 tam r\u00f3wnie\u017c kilka rze\u017ab i muze\u00f3w po\u015bwi\u0119conych jego tw\u00f3rczo\u015bci.<br><\/p>\n\n\n\n\n\n<p>Je\u015bli jeste\u015b jednym z wielu fan\u00f3w, kt\u00f3rzy chc\u0105 odda\u0107 ho\u0142d surrealistycznemu pisarzowi, oto miejsca, kt\u00f3re powiniene\u015b odwiedzi\u0107 podczas swojej podr\u00f3\u017cy do Pragi.<\/p>\n\n\n\n<div class=\"gyg-iframe-container\" style=\"margin-bottom:1.5em\"><iframe style=\"border:0;height:100%;width:100%\" title=\"Wid\u017cet dzia\u0142a\u0144 GetYourGuide\" src=\"https:\/\/widget.getyourguide.com\/default\/activities.frame?widget=wp_activities&amp;currency=EUR&amp;locale_code=en-GB&amp;number_of_items=3&amp;partner_id=U94OQGQ&amp;q=prague\"><\/iframe><\/div>\n\n\n\n<h2 id=\"namesti-franze-kafky\" class=\"wp-block-heading\">N\u00e1m\u011bst\u00ed Franze Kafky<\/h2>\n\n\n\n<div data-gyg-href=\"https:\/\/widget.getyourguide.com\/default\/activities.frame\" data-gyg-locale-code=\"en-US\" data-gyg-widget=\"activities\" data-gyg-number-of-items=\"1\" data-gyg-excluded-tour-ids=\"\" data-gyg-partner-id=\"U94OQGQ\" data-gyg-q=\"Prague%20Through%20the%20Eyes%20of%20Franz%20Kafka%202.5-Hour%20Tour\"><\/div>\n\n\n\n<p>Rozpocznij zwiedzanie od miejsca, w kt\u00f3rym urodzi\u0142 si\u0119 Kafka, U Radnice 5 w Josefovie, znanego r\u00f3wnie\u017c jako Dom Kafki w Pradze. Franz Kafka urodzi\u0142 si\u0119 jako syn Julii i Hermanna trzeciego lipca 1883 roku. Mieszkali w dzielnicy na skraju \u017cydowskiego getta. Dom Kafki w Pradze znajdowa\u0142 si\u0119 w p\u00f3\u0142nocno-wschodnim rogu placu, zaledwie kilka krok\u00f3w od budynku, w kt\u00f3rym mieszka\u0142.&nbsp;<a href=\"https:\/\/prague.org\/pl\/kosciol-sw\/\">Ko\u015bci\u00f3\u0142 \u015bw.<\/a>. Budynek, w kt\u00f3rym si\u0119 urodzi\u0142, sp\u0142on\u0105\u0142, ale drzwi pozosta\u0142y nienaruszone i zachowa\u0142y si\u0119 nawet po odbudowie domu.<\/p>\n\n\n\n<p>Dzi\u015b miejsce to jest oznaczone popiersiem Kafki i ma\u0142\u0105 tablic\u0105 upami\u0119tniaj\u0105c\u0105 jego narodziny. Wewn\u0105trz znajduje si\u0119 niewielka wystawa po\u015bwi\u0119cona jego osobie. Obszar ten jest obecnie nazywany Placem Franza Kafki na jego cze\u015b\u0107.<\/p>\n\n\n\n<div class=\"wp-block-buttons is-layout-flex wp-block-buttons-is-layout-flex\">\n<div class=\"wp-block-button is-style-cs-button-block\"><a class=\"wp-block-button__link wp-element-button\" href=\"https:\/\/www.getyourguide.com\/prague-l10\/prague-city-center-by-franz-kafka-eyes-t56180\/?partner_id=U94OQGQ&amp;utm_medium=online_publisher&amp;placement=button-cta\" target=\"_blank\" rel=\"noreferrer noopener nofollow\">zobacz ceny i opinie<\/a><\/div>\n<\/div>\n\n\n\n<h2 id=\"old-town-square\" class=\"wp-block-heading\">Rynek Starego Miasta<\/h2>\n\n\n\n<div data-gyg-href=\"https:\/\/widget.getyourguide.com\/default\/activities.frame\" data-gyg-locale-code=\"en-US\" data-gyg-widget=\"activities\" data-gyg-number-of-items=\"1\" data-gyg-excluded-tour-ids=\"\" data-gyg-partner-id=\"U94OQGQ\" data-gyg-q=\"Prague%3A%203-Hour%20Walking%20Tour%20of%20Old%20Town%20%26%20Prague%20Castle\"><\/div>\n\n\n\n<p>Z&nbsp;<a href=\"https:\/\/prague.org\/pl\/rynek-starego-miasta\/\">Rynek Starego Miasta<\/a>&nbsp;tu\u017c obok Domu Kafki w Pradze, nie jest zaskoczeniem, \u017ce Kafka sp\u0119dza\u0142 du\u017co czasu na placu i s\u0105siednich ulicach. Oko\u0142o 10 roku \u017cycia pobiera\u0142 lekcje w niemieckim gimnazjum w Pa\u0142acu Kinsky'ego. Mieszka\u0142 te\u017c kiedy\u015b w domu tu\u017c obok zegara astronomicznego. Dom Kafki w Pradze mo\u017cna odwiedzi\u0107 na Rynku Staromiejskim nr 2, pytaj\u0105c o Dom pod Minut\u0105 (D\u016fm U Minuty).<\/p>\n\n\n\n<div class=\"wp-block-buttons is-layout-flex wp-block-buttons-is-layout-flex\">\n<div class=\"wp-block-button is-style-cs-button-block\"><a class=\"wp-block-button__link wp-element-button\" href=\"https:\/\/www.getyourguide.com\/prague-l10\/3-hour-walking-prague-winter-tour-with-warming-up-stops-t42322\/?partner_id=U94OQGQ&amp;utm_medium=online_publisher&amp;placement=button-cta\" target=\"_blank\" rel=\"noreferrer noopener nofollow\">zobacz ceny i opinie<\/a><\/div>\n<\/div>\n\n\n\n<h2 id=\"franz-kafka-sculpture-prague\" class=\"wp-block-heading\">Rze\u017aba Franza Kafki, Praga<\/h2>\n\n\n\n<figure class=\"wp-block-image size-large\"><img decoding=\"async\" width=\"1024\" height=\"669\" src=\"https:\/\/prague.org\/wp-content\/uploads\/2022\/12\/titulka-1-1-1024x669.jpg\" alt=\"Rze\u017aba Franza Kafki w Pradze\" class=\"wp-image-7280\" srcset=\"https:\/\/prague.org\/wp-content\/uploads\/2022\/12\/titulka-1-1-1024x669.jpg 1024w, https:\/\/prague.org\/wp-content\/uploads\/2022\/12\/titulka-1-1-600x392.jpg 600w, https:\/\/prague.org\/wp-content\/uploads\/2022\/12\/titulka-1-1-300x196.jpg 300w, https:\/\/prague.org\/wp-content\/uploads\/2022\/12\/titulka-1-1-768x502.jpg 768w, https:\/\/prague.org\/wp-content\/uploads\/2022\/12\/titulka-1-1-1536x1004.jpg 1536w, https:\/\/prague.org\/wp-content\/uploads\/2022\/12\/titulka-1-1-380x248.jpg 380w, https:\/\/prague.org\/wp-content\/uploads\/2022\/12\/titulka-1-1-800x523.jpg 800w, https:\/\/prague.org\/wp-content\/uploads\/2022\/12\/titulka-1-1-1160x758.jpg 1160w, https:\/\/prague.org\/wp-content\/uploads\/2022\/12\/titulka-1-1.jpg 1920w\" sizes=\"(max-width: 1024px) 100vw, 1024px\" \/><figcaption class=\"wp-element-caption\">Rze\u017aba Franza Kafki w Pradze<\/figcaption><\/figure>\n\n\n\n<p>Oko\u0142o 5 minut od Rynku Staromiejskiego znajduje si\u0119 rze\u017aba inspirowana opowiadaniem Kafki \"Opis walki\". Stworzona przez s\u0142ynnego rze\u017abiarza Jaroslava Ron\u0119 rze\u017aba Franza Kafki w Pradze przedstawia ma\u0142ego m\u0119\u017cczyzn\u0119 w garniturze na ramionach du\u017cego pustego garnituru. Obraz ten przedstawia narratora opowiadania jad\u0105cego na plecach znajomego. Rze\u017ab\u0119 mo\u017cna znale\u017a\u0107 na Du\u0161n\u00ed w Dzielnicy \u017bydowskiej.<\/p>\n\n\n\n<h2 id=\"old-new-synagogue\" class=\"wp-block-heading\">Stara-Nowa Synagoga<\/h2>\n\n\n\n<figure class=\"wp-block-image\" id=\"attachment_5137\"><img decoding=\"async\" src=\"https:\/\/i0.wp.com\/prague.org\/wp-content\/uploads\/2021\/07\/Very-beautiful-building-diner-at-the-old-synagogue-in-the-center-of-Prague.-Czech-Republic..jpg?resize=667%2C1000&amp;ssl=1\" alt=\"Bardzo pi\u0119kny budynek jad\u0142odajni przy starej synagodze w centrum Pragi. Czechy.\" class=\"wp-image-5137\"\/><figcaption class=\"wp-element-caption\">Bardzo pi\u0119kny budynek jad\u0142odajni przy starej synagodze w centrum Pragi<\/figcaption><\/figure>\n\n\n\n<p>Kilka przecznic od praskiego pomnika Franza Kafki znajduje si\u0119 Synagoga Staronowa, w kt\u00f3rej odby\u0142a si\u0119 bar micwa Kafki. Na zachodniej \u015bcianie <a href=\"https:\/\/prague.org\/pl\/obowiazkowe-synagogi-w-pradze\/\" data-type=\"link\" data-id=\"https:\/\/prague.org\/must-see-synagogues-in-prague\/\">synagoga<\/a>znajduje si\u0119 szklana gablota z ma\u0142ymi \u017car\u00f3wkami w \u015brodku. \u017bar\u00f3wki te zapalaj\u0105 si\u0119 w rocznice \u015bmierci os\u00f3b, kt\u00f3rym s\u0105 po\u015bwi\u0119cone, a jedn\u0105 z nich jest Franz Kafka.<\/p>\n\n\n\n<h2 id=\"golden-lane\" class=\"wp-block-heading\">Golden Lane<\/h2>\n\n\n\n<figure class=\"wp-block-image\" id=\"attachment_4751\"><img decoding=\"async\" src=\"https:\/\/i0.wp.com\/prague.org\/wp-content\/uploads\/2020\/11\/golden_lane_01.jpg?resize=1024%2C681&amp;ssl=1\" alt=\"Golden Lane\" class=\"wp-image-4751\"\/><figcaption class=\"wp-element-caption\">Golden Lane<\/figcaption><\/figure>\n\n\n\n<p>Po drugiej stronie We\u0142tawy znajduje si\u0119 Dzielnica Zamkowa, w kt\u00f3rej Franz Kafka zatrzymywa\u0142 si\u0119 ze swoj\u0105 siostr\u0105, gdy potrzebowa\u0142 ciszy i spokoju, by pisa\u0107 swoje opowiadania. Przez prawie dwa lata mieszka\u0142 w ma\u0142ym kamiennym domku w murach Zamku Praskiego. Budynek, w kt\u00f3rym si\u0119 zatrzyma\u0142, zosta\u0142 przemalowany i obecnie stoi przy Z\u0142otej Uliczce wraz z innymi kolorowymi domami. Miejsce to, nazwane Domem Numer 22, jest obowi\u0105zkowym punktem podczas wycieczki \u015bladami Kafki.<\/p>\n\n\n\n<div class=\"wp-block-buttons is-layout-flex wp-block-buttons-is-layout-flex\"><\/div>\n\n\n\n<h2 id=\"franz-kafka-museum\" class=\"wp-block-heading\">Muzeum Franza Kafki<\/h2>\n\n\n\n<div data-gyg-href=\"https:\/\/widget.getyourguide.com\/default\/activities.frame\" data-gyg-locale-code=\"en-US\" data-gyg-widget=\"activities\" data-gyg-number-of-items=\"1\" data-gyg-partner-id=\"U94OQGQ\" data-gyg-q=\"Prague%3A%20Tickets%20for%20the%20Franz%20Kafka%20Museum\"><\/div>\n\n\n\n<h2 id=\"an-exciting-franz-kafka-museum-day-tour\" class=\"wp-block-heading\">Ekscytuj\u0105ca jednodniowa wycieczka do Muzeum Franza Kafki<\/h2>\n\n\n\n<div data-gyg-href=\"https:\/\/widget.getyourguide.com\/default\/activities.frame\" data-gyg-locale-code=\"en-US\" data-gyg-widget=\"activities\" data-gyg-number-of-items=\"1\" data-gyg-cmp=\"kafka\" data-gyg-partner-id=\"U94OQGQ\" data-gyg-placement=\"other\" data-gyg-tour-ids=\"401647\"><\/div>\n\n\n\n<p>Je\u015bli jeste\u015b fanem ksi\u0105\u017cek i literatury, prawdopodobnie zetkn\u0105\u0142e\u015b si\u0119 z dzie\u0142ami Franza Kafki, s\u0142ynnego czeskiego powie\u015bciopisarza. Ten wst\u0119p do praskiego Muzeum Franza Kafki pozwoli ci w pe\u0142ni do\u015bwiadczy\u0107 pierwszych drukowanych wersji jego dzie\u0142, zanim zag\u0142\u0119bisz si\u0119 w \u017cycie i karier\u0119 autora.<\/p>\n\n\n\n<h3 id=\"highlights\" class=\"wp-block-heading\">Najwa\u017cniejsze informacje<\/h3>\n\n\n\n<ul>\n<li>Odwied\u017a Muzeum Kafki, aby dowiedzie\u0107 si\u0119 wi\u0119cej o \u017cyciu Franza Kafki, szanowanego pisarza i autora opowiada\u0144.<\/li>\n\n\n\n<li>Dowiedz si\u0119 wi\u0119cej o literackim gigancie XX wieku urodzonym w czeskiej Pradze.<\/li>\n\n\n\n<li>Samodzielne zwiedzanie eksponat\u00f3w po wys\u0142uchaniu przewodnika na temat muzeum.<\/li>\n\n\n\n<li>Brak op\u0142at za anulowanie dokonane w ci\u0105gu 24 godzin<\/li>\n\n\n\n<li>Od 17,60 euro za osob\u0119<\/li>\n\n\n\n<li>Do\u015bwiadcz \u017cycia tak jak autor w latach 1883-1924.<\/li>\n\n\n\n<li>Przed wej\u015bciem do muzeum po\u015bwi\u0119\u0107 20 minut na wys\u0142uchanie angloj\u0119zycznego przewodnika na temat tego, czego mo\u017cesz si\u0119 spodziewa\u0107 po ekscytuj\u0105cej wycieczce.<\/li>\n\n\n\n<li>Odkryj nigdy wcze\u015bniej nie widziane projekcje 3D prac Kafki, takich jak korespondencja, pami\u0119tniki, r\u0119kopisy, zdj\u0119cia i rysunki.<\/li>\n\n\n\n<li>Zanurz si\u0119 w dwudziestowiecznym \u015bwiecie Franza Kafki dzi\u0119ki audiowizualnym arcydzie\u0142om i towarzysz\u0105cej im muzyce.<\/li>\n<\/ul>\n\n\n\n<h3 id=\"what-is-included\" class=\"wp-block-heading\">Co jest zawarte<\/h3>\n\n\n\n<ul>\n<li>Bilet wst\u0119pu do muzeum&nbsp;<\/li>\n\n\n\n<li>20 minut orientacji&nbsp;<\/li>\n\n\n\n<li>Gospodarz lub witaj\u0105cy w j\u0119zyku angielskim<\/li>\n\n\n\n<li>Wycieczka jest wa\u017cna przez jeden dzie\u0144.<\/li>\n<\/ul>\n\n\n\n<div class=\"wp-block-buttons is-layout-flex wp-block-buttons-is-layout-flex\">\n<div class=\"wp-block-button is-style-cs-button-block\"><a class=\"wp-block-button__link wp-element-button\" href=\"https:\/\/www.getyourguide.com\/prague-l10\/prague-tickets-for-the-franz-kafka-museum-t401647\/?partner_id=U94OQGQ&amp;utm_medium=online_publisher&amp;placement=button-cta\" target=\"_blank\" rel=\"noreferrer noopener nofollow\">\u2192 Check it Out<\/a><\/div>\n<\/div>\n\n\n\n<h2 id=\"cafe-louvre\" class=\"wp-block-heading\">Caf\u00e9 Louvre<\/h2>\n\n\n\n<p>Odpocznij od spacer\u00f3w i delektuj si\u0119 posi\u0142kiem lub fili\u017cank\u0105 kawy w Caf\u00e9 Louvre na N\u00e1rodni w Nowym Mie\u015bcie. Otwarta w 1902 roku kawiarnia <a href=\"https:\/\/prague.org\/pl\/najlepsze-praskie-kawiarnie\/\" data-type=\"link\" data-id=\"https:\/\/prague.org\/best-prague-cafes\/\">kawiarnia<\/a> by\u0142 popularnym miejscem spotka\u0144 kulturalnej elity Pragi w tamtych czasach. Franz Kafka sp\u0119dza\u0142 tu wiele czasu, spotykaj\u0105c si\u0119 z bliskimi przyjaci\u00f3\u0142mi, w tym z Maxem Brodem. Rozkoszuj\u0105c si\u0119 kaw\u0105, czarn\u0105 herbat\u0105 i s\u0142odkimi wypiekami, mo\u017cesz wyobrazi\u0107 sobie Kafk\u0119 pisz\u0105cego szkice lub dyskutuj\u0105cego o filozofii przy jednym z otaczaj\u0105cych Ci\u0119 stolik\u00f3w.<\/p>\n\n\n\n<blockquote class=\"wp-block-quote\">\n<p><strong>Adres: <\/strong>N\u00e1rodn\u00ed 22, 110 00 Nov\u00e9 M\u011bsto, Czechy<\/p>\n\n\n\n<p><strong>Strona internetowa: <\/strong><a href=\"https:\/\/www.cafelouvre.cz\/\" rel=\"nofollow noopener\">https:\/\/www.cafelouvre.cz\/<\/a><\/p>\n<\/blockquote>\n\n\n\n<h2 id=\"franz-kafka-head-prague\" class=\"wp-block-heading\">G\u0142owa Franza Kafki, Praga<\/h2>\n\n\n\n<figure class=\"wp-block-image size-large\"><img decoding=\"async\" width=\"1024\" height=\"683\" src=\"https:\/\/prague.org\/wp-content\/uploads\/2022\/12\/rocio-perera-UEhsp8uKa7M-unsplash-1-1024x683.jpg\" alt=\"G\u0142owa Franza Kafki, Praga\" class=\"wp-image-7283\" srcset=\"https:\/\/prague.org\/wp-content\/uploads\/2022\/12\/rocio-perera-UEhsp8uKa7M-unsplash-1-1024x683.jpg 1024w, https:\/\/prague.org\/wp-content\/uploads\/2022\/12\/rocio-perera-UEhsp8uKa7M-unsplash-1-scaled-600x400.jpg 600w, https:\/\/prague.org\/wp-content\/uploads\/2022\/12\/rocio-perera-UEhsp8uKa7M-unsplash-1-300x200.jpg 300w, https:\/\/prague.org\/wp-content\/uploads\/2022\/12\/rocio-perera-UEhsp8uKa7M-unsplash-1-768x512.jpg 768w, https:\/\/prague.org\/wp-content\/uploads\/2022\/12\/rocio-perera-UEhsp8uKa7M-unsplash-1-1536x1024.jpg 1536w, https:\/\/prague.org\/wp-content\/uploads\/2022\/12\/rocio-perera-UEhsp8uKa7M-unsplash-1-2048x1365.jpg 2048w, https:\/\/prague.org\/wp-content\/uploads\/2022\/12\/rocio-perera-UEhsp8uKa7M-unsplash-1-380x253.jpg 380w, https:\/\/prague.org\/wp-content\/uploads\/2022\/12\/rocio-perera-UEhsp8uKa7M-unsplash-1-800x533.jpg 800w, https:\/\/prague.org\/wp-content\/uploads\/2022\/12\/rocio-perera-UEhsp8uKa7M-unsplash-1-1160x773.jpg 1160w, https:\/\/prague.org\/wp-content\/uploads\/2022\/12\/rocio-perera-UEhsp8uKa7M-unsplash-1-scaled.jpg 2560w\" sizes=\"(max-width: 1024px) 100vw, 1024px\" \/><figcaption class=\"wp-element-caption\">G\u0142owa Franza Kafki, Praga<\/figcaption><\/figure>\n\n\n\n<p>W odleg\u0142o\u015bci kr\u00f3tkiego spaceru od kawiarni znajduje si\u0119 kolejny architektoniczny punkt orientacyjny zbudowany dla upami\u0119tnienia Kafki. Stworzony przez Davida \u010cernego <a href=\"https:\/\/prague.org\/pl\/franz-kafkas-rotating-heads\/\" data-type=\"URL\" data-id=\"https:\/\/prague.org\/franz-kafkas-rotating-heads\/\">Obrotowa g\u0142owa Franza Kafki - praski pomnik<\/a> to kinetyczna rze\u017aba z ponad 40 obracaj\u0105cymi si\u0119 panelami. Znana jest r\u00f3wnie\u017c jako ruchoma rze\u017aba Franza Kafki w Pradze. Tworzy to iluzj\u0119 przesuwaj\u0105cej si\u0119 twarzy Kafki, kt\u00f3ry rozgl\u0105da si\u0119 po Pradze.<\/p>\n\n\n\n<h2 id=\"hotel-century-old-town\" class=\"wp-block-heading\">Hotel Century Old Town<\/h2>\n\n\n\n<figure class=\"wp-block-image size-large\"><img decoding=\"async\" width=\"1024\" height=\"768\" src=\"https:\/\/prague.org\/wp-content\/uploads\/2022\/06\/Hotel-Century-Old-Town-1024x768.jpeg\" alt=\"Hotel Century Old Town, Praga\" class=\"wp-image-3393\" srcset=\"https:\/\/prague.org\/wp-content\/uploads\/2022\/06\/Hotel-Century-Old-Town-1024x768.jpeg 1024w, https:\/\/prague.org\/wp-content\/uploads\/2022\/06\/Hotel-Century-Old-Town-600x450.jpeg 600w, https:\/\/prague.org\/wp-content\/uploads\/2022\/06\/Hotel-Century-Old-Town-300x225.jpeg 300w, https:\/\/prague.org\/wp-content\/uploads\/2022\/06\/Hotel-Century-Old-Town-768x576.jpeg 768w, https:\/\/prague.org\/wp-content\/uploads\/2022\/06\/Hotel-Century-Old-Town-1536x1152.jpeg 1536w, https:\/\/prague.org\/wp-content\/uploads\/2022\/06\/Hotel-Century-Old-Town-200x150.jpeg 200w, https:\/\/prague.org\/wp-content\/uploads\/2022\/06\/Hotel-Century-Old-Town-260x195.jpeg 260w, https:\/\/prague.org\/wp-content\/uploads\/2022\/06\/Hotel-Century-Old-Town-380x285.jpeg 380w, https:\/\/prague.org\/wp-content\/uploads\/2022\/06\/Hotel-Century-Old-Town-800x600.jpeg 800w, https:\/\/prague.org\/wp-content\/uploads\/2022\/06\/Hotel-Century-Old-Town-1160x870.jpeg 1160w, https:\/\/prague.org\/wp-content\/uploads\/2022\/06\/Hotel-Century-Old-Town-1200x900-cropped.jpeg 1200w, https:\/\/prague.org\/wp-content\/uploads\/2022\/06\/Hotel-Century-Old-Town.jpeg 2048w\" sizes=\"(max-width: 1024px) 100vw, 1024px\" \/><figcaption class=\"wp-element-caption\">Hotel Century Old Town, Praga<\/figcaption><\/figure>\n\n\n\n<p>Wielu uwa\u017ca, \u017ce du\u017cy wp\u0142yw na tw\u00f3rczo\u015b\u0107 Kafki mia\u0142y jego do\u015bwiadczenia z pracy w Towarzystwie Ubezpiecze\u0144 Pracowniczych. Jako urz\u0119dnik by\u0142 odpowiedzialny za zg\u0142aszanie wypadk\u00f3w przy pracy. Mog\u0142o to zainspirowa\u0107 tematy dotycz\u0105ce walki ludzi o przetrwanie i przeszk\u00f3d napotykanych przez pracownik\u00f3w. Relacje jego znajomych opowiada\u0142y r\u00f3wnie\u017c o tym, jak Kafka narzeka\u0142 na trudno\u015bci z pogodzeniem codziennej pracy z pisaniem.<\/p>\n\n\n\n<p>Miejsce, w kt\u00f3rym pracowa\u0142 Kafka, nosi obecnie nazw\u0119 Hotel Century Old Town. Gdy wejdziesz do hotelu, w holu przywita Ci\u0119 popiersie Kafki. Zrelaksuj si\u0119 troch\u0119 w hotelowym barze, czytaj\u0105c jego ksi\u0105\u017cki. Biuro Kafki - kt\u00f3re kiedy\u015b by\u0142o pokojem 214 - jest teraz apartamentem Kafki, wi\u0119c spr\u00f3buj zarezerwowa\u0107 pok\u00f3j na noc lub dwie, je\u015bli mo\u017cesz.<\/p>\n\n\n\n<div class=\"wp-block-buttons is-layout-flex wp-block-buttons-is-layout-flex\">\n<div class=\"wp-block-button is-style-cs-button-block\"><a class=\"wp-block-button__link wp-element-button\" href=\"https:\/\/www.booking.com\/hotel\/cz\/mercure-prague-old-town.en.html?aid=7905235&amp;no_rooms=1&amp;group_adults=2\" target=\"_blank\" rel=\"noreferrer noopener nofollow\">zobacz ceny i opinie<\/a><\/div>\n<\/div>\n\n\n\n<h2 id=\"cafe-arco\" class=\"wp-block-heading\">Caf\u00e9 Arco<\/h2>\n\n\n\n<figure class=\"wp-block-image size-full\"><img decoding=\"async\" width=\"1024\" height=\"640\" src=\"https:\/\/prague.org\/wp-content\/uploads\/2022\/06\/Kavarna-Arco.jpg\" alt=\"Caf\u00e9 Arco w Pradze\" class=\"wp-image-7681\" srcset=\"https:\/\/prague.org\/wp-content\/uploads\/2022\/06\/Kavarna-Arco.jpg 1024w, https:\/\/prague.org\/wp-content\/uploads\/2022\/06\/Kavarna-Arco-600x375.jpg 600w, https:\/\/prague.org\/wp-content\/uploads\/2022\/06\/Kavarna-Arco-300x188.jpg 300w, https:\/\/prague.org\/wp-content\/uploads\/2022\/06\/Kavarna-Arco-768x480.jpg 768w, https:\/\/prague.org\/wp-content\/uploads\/2022\/06\/Kavarna-Arco-18x12.jpg 18w, https:\/\/prague.org\/wp-content\/uploads\/2022\/06\/Kavarna-Arco-380x238.jpg 380w, https:\/\/prague.org\/wp-content\/uploads\/2022\/06\/Kavarna-Arco-800x500.jpg 800w\" sizes=\"(max-width: 1024px) 100vw, 1024px\" \/><figcaption class=\"wp-element-caption\">Caf\u00e9 Arco w Pradze<\/figcaption><\/figure>\n\n\n\n<p>Kolejne ulubione miejsce Franza Kafki i Broda znajduje si\u0119 zaledwie kilka przecznic od Hotelu Century Old Town. Zbudowana w 1900 roku kawiarnia Arco sta\u0142a si\u0119 jednym z najpopularniejszych miejsc spotka\u0144 niemiecko-\u017cydowskich pisarzy na pocz\u0105tku XX wieku. Jednak z biegiem lat straci\u0142a swoj\u0105 \u015bwietno\u015b\u0107 i sta\u0142a si\u0119 niepozorn\u0105 kawiarni\u0105 Ministerstwa Spraw Wewn\u0119trznych.<\/p>\n\n\n\n<blockquote class=\"wp-block-quote\">\n<p><strong>Adres: <\/strong>Dl\u00e1\u017ed\u011bn\u00e1 1004 \/6, 110 00 Nov\u00e9 M\u011bsto, Czechy<\/p>\n\n\n\n<p><strong>Strona internetowa: <\/strong><a href=\"http:\/\/www.zsmv.cz\/\" rel=\"nofollow noopener\">http:\/\/www.zsmv.cz\/<\/a><\/p>\n<\/blockquote>\n\n\n\n<h2 id=\"kafkas-grave\" class=\"wp-block-heading\">Gr\u00f3b Kafki<\/h2>\n\n\n\n<figure class=\"wp-block-image size-large\"><img decoding=\"async\" width=\"1024\" height=\"679\" src=\"https:\/\/prague.org\/wp-content\/uploads\/2022\/06\/Kafka_grave_Prague-1024x679.jpg\" alt=\"Gr\u00f3b Kafki\" class=\"wp-image-7966\" srcset=\"https:\/\/prague.org\/wp-content\/uploads\/2022\/06\/Kafka_grave_Prague-1024x679.jpg 1024w, https:\/\/prague.org\/wp-content\/uploads\/2022\/06\/Kafka_grave_Prague-600x398.jpg 600w, https:\/\/prague.org\/wp-content\/uploads\/2022\/06\/Kafka_grave_Prague-300x199.jpg 300w, https:\/\/prague.org\/wp-content\/uploads\/2022\/06\/Kafka_grave_Prague-768x509.jpg 768w, https:\/\/prague.org\/wp-content\/uploads\/2022\/06\/Kafka_grave_Prague-18x12.jpg 18w, https:\/\/prague.org\/wp-content\/uploads\/2022\/06\/Kafka_grave_Prague-380x252.jpg 380w, https:\/\/prague.org\/wp-content\/uploads\/2022\/06\/Kafka_grave_Prague-800x530.jpg 800w, https:\/\/prague.org\/wp-content\/uploads\/2022\/06\/Kafka_grave_Prague-1160x769.jpg 1160w, https:\/\/prague.org\/wp-content\/uploads\/2022\/06\/Kafka_grave_Prague.jpg 1393w\" sizes=\"(max-width: 1024px) 100vw, 1024px\" \/><figcaption class=\"wp-element-caption\">Gr\u00f3b Kafki<\/figcaption><\/figure>\n\n\n\n<p>Zako\u0144cz swoj\u0105 wycieczk\u0119 po Kafce, oddaj\u0105c ho\u0142d praskiemu miejscu ostatniego spoczynku Franza Kafki. Chocia\u017c zmar\u0142 w sanatorium w Kierling pod Wiedniem, jego szcz\u0105tki zosta\u0142y pochowane na Nowym Cmentarzu \u017bydowskim w Pradze. W tym samym miejscu pochowani s\u0105 r\u00f3wnie\u017c jego rodzice. Na grobie znajduje si\u0119 bia\u0142y obelisk z wygrawerowanym jego imieniem i imionami rodzic\u00f3w. Tablica upami\u0119tnia r\u00f3wnie\u017c jego siostry, kt\u00f3re zgin\u0119\u0142y w obozach koncentracyjnych podczas drugiej wojny \u015bwiatowej.<\/p>\n\n\n\n<p>Chocia\u017c cmentarz jest rozleg\u0142y, nie mo\u017cna si\u0119 zgubi\u0107, poniewa\u017c znaki prowadz\u0105 do sektora 21, w kt\u00f3rym znajduje si\u0119 gr\u00f3b Kafki.<\/p>\n\n\n\n<div class=\"gyg-iframe-container\" style=\"margin-bottom:1.5em\"><iframe style=\"border:0;height:100%;width:100%\" title=\"Wid\u017cet miejski GetYourGuide\" src=\"https:\/\/widget.getyourguide.com\/default\/city.frame?widget=wp_city&amp;iata=PRG&amp;locale_code=en-GB&amp;partner_id=U94OQGQ\"><\/iframe><\/div>","protected":false},"excerpt":{"rendered":"Najlepsze miejsca do odwiedzenia jako fan Franza Kafki w Pradze W\u015br\u00f3d wszystkich s\u0142ynnych os\u00f3b z...","protected":false},"author":2,"featured_media":3394,"comment_status":"closed","ping_status":"closed","sticky":false,"template":"","format":"standard","meta":{"footnotes":""},"categories":[14,204,43],"tags":[55,57],"table_tags":[],"_links":{"self":[{"href":"https:\/\/prague.org\/pl\/wp-json\/wp\/v2\/posts\/3387"}],"collection":[{"href":"https:\/\/prague.org\/pl\/wp-json\/wp\/v2\/posts"}],"about":[{"href":"https:\/\/prague.org\/pl\/wp-json\/wp\/v2\/types\/post"}],"author":[{"embeddable":true,"href":"https:\/\/prague.org\/pl\/wp-json\/wp\/v2\/users\/2"}],"replies":[{"embeddable":true,"href":"https:\/\/prague.org\/pl\/wp-json\/wp\/v2\/comments?post=3387"}],"version-history":[{"count":24,"href":"https:\/\/prague.org\/pl\/wp-json\/wp\/v2\/posts\/3387\/revisions"}],"predecessor-version":[{"id":12393,"href":"https:\/\/prague.org\/pl\/wp-json\/wp\/v2\/posts\/3387\/revisions\/12393"}],"wp:featuredmedia":[{"embeddable":true,"href":"https:\/\/prague.org\/pl\/wp-json\/wp\/v2\/media\/3394"}],"wp:attachment":[{"href":"https:\/\/prague.org\/pl\/wp-json\/wp\/v2\/media?parent=3387"}],"wp:term":[{"taxonomy":"category","embeddable":true,"href":"https:\/\/prague.org\/pl\/wp-json\/wp\/v2\/categories?post=3387"},{"taxonomy":"post_tag","embeddable":true,"href":"https:\/\/prague.org\/pl\/wp-json\/wp\/v2\/tags?post=3387"},{"taxonomy":"table_tags","embeddable":true,"href":"https:\/\/prague.org\/pl\/wp-json\/wp\/v2\/table_tags?post=3387"}],"curies":[{"name":"wp","href":"https:\/\/api.w.org\/{rel}","templated":true}]}}