{"id":3657,"date":"2022-06-15T09:31:02","date_gmt":"2022-06-15T07:31:02","guid":{"rendered":"https:\/\/prague.org\/?p=3657"},"modified":"2023-08-03T15:27:44","modified_gmt":"2023-08-03T13:27:44","slug":"vysehrad","status":"publish","type":"post","link":"https:\/\/prague.org\/pl\/vysehrad-2\/","title":{"rendered":"Vy\u0161ehrad, Praga"},"content":{"rendered":"<h2 id=\"vysehrad-prague-a-romantic-fortress-with-breathtaking-views\" class=\"wp-block-heading\">Vy\u0161ehrad Prague, romantyczna twierdza z zapieraj\u0105cymi dech w piersiach widokami<\/h2>\n\n\n\n<p>Czeska nazwa:&nbsp;<strong>Wyszehrad<\/strong><\/p>\n\n\n\n<p>Je\u015bli kiedykolwiek chcia\u0142e\u015b odwiedzi\u0107 t\u0119tni\u0105c\u0105 \u017cyciem fortec\u0119 owian\u0105 czeskim folklorem; \"wysoki zamek\", na kt\u00f3rym ksi\u0119\u017cniczka Libu\u0161e przepowiedzia\u0142a powstanie wspania\u0142ego miasta (Pragi), i mie\u0107 zapieraj\u0105ce dech w piersiach widoki na dobrze zachowane staro\u017cytne malowid\u0142a, malownicze parki, panoramiczny widok na miasto i jego s\u0142ynne odpowiedniki po drugiej stronie zawsze b\u0105belkowego&nbsp;<a href=\"https:\/\/prague.org\/pl\/vltava-river\/\">Rzeka We\u0142tawa<\/a>Marzycielskie mosty, ozdobne rze\u017aby i nagrobki znajduj\u0105ce si\u0119 na cmentarzu, szeroka gama niesamowitych dzie\u0142 sztuki w wielkiej bazylice i wiele wi\u0119cej, to Vy\u0161ehrad w Pradze jest najprawdopodobniej miejscem, za kt\u00f3rym t\u0119skni\u0142e\u015b.<\/p>\n\n\n\n<p>Chocia\u017c wielu turyst\u00f3w cz\u0119sto b\u0142\u0119dnie ignoruje to miejsce, w Wyszehradzie jest tak wiele rzeczy, kt\u00f3rymi mo\u017cna si\u0119 cieszy\u0107. Wyr\u00f3\u017cnili\u015bmy te najwa\u017cniejsze atrakcje, aby u\u0142atwi\u0107 Ci prac\u0119.<\/p>\n\n\n\n<div class=\"gyg-iframe-container\" style=\"margin-bottom:1.5em\"><iframe style=\"border:0;height:100%;width:100%\" title=\"Wid\u017cet dzia\u0142a\u0144 GetYourGuide\" src=\"https:\/\/widget.getyourguide.com\/default\/activities.frame?widget=wp_activities&amp;cmp=prague-vysehrad&amp;currency=EUR&amp;locale_code=en-US&amp;number_of_items=4&amp;partner_id=U94OQGQ&amp;q=Vy%C5%A1ehrad\"><\/iframe><\/div>\n\n\n\n<h2 id=\"rotunda-of-st-martin-rotunda-svateho-martina-vysehrad-prague\" class=\"wp-block-heading\"><strong>Rotunda \u015bw. Marcina (Rotunda svat\u00e9ho Martina) Wyszehrad, Praga<\/strong><\/h2>\n\n\n\n<p>Je\u015bli chcesz, aby Twoja wycieczka po Pradze rozpocz\u0119\u0142a si\u0119 na wysokim poziomie, zacznij od najstarszego budynku w ca\u0142ej Pradze.<strong>&nbsp;Rotunda \u015bw. Marcina<\/strong>&nbsp;to wyj\u0105tkowy budynek znajduj\u0105cy si\u0119 w Wyszehradzie, kt\u00f3ry zosta\u0142 zbudowany w XI wieku. Obecnie jest to jedyny&nbsp;<strong>pomnik z czas\u00f3w Wratys\u0142awa I<\/strong>. To, co uwa\u017cam za szczeg\u00f3lnie niesamowite w tym miejscu, to jego liczne sekrety, kt\u00f3re ujawniaj\u0105 si\u0119 od czasu do czasu. Czy wiesz, \u017ce dopiero niedawno badacze architektury odkryli tajne podziemne pi\u0119tro w budynku?<\/p>\n\n\n\n<h2 id=\"location-how-to-get-to-rotunda-of-st-martin-in-vysehrad-prague\" class=\"wp-block-heading\"><strong>Lokalizacja i jak dojecha\u0107 do Rotunda \u015bw. Marcina na Wyszehradzie, Praga<\/strong><\/h2>\n\n\n\n<p>To historyczne zjawisko znajduje si\u0119 w Wyszehradzie, wi\u0119c je\u015bli uda\u0142o ci si\u0119 dotrze\u0107 do twierdzy, znalezienie go powinno by\u0107 bardzo \u0142atwe.&nbsp;<\/p>\n\n\n\n<blockquote class=\"wp-block-quote\">\n<p><strong>Transportem publicznym<\/strong>:<strong>&nbsp;<\/strong><br>Linia metra C do Wyszehradu<br>Tramwaj 7, 14, 18, 24, 54, 55 do Albertov lub&nbsp;<br>Tramwaj 2, 3, 7, 17, 21, 52 do miejscowo\u015bci V\u00fdto\u0148<\/p>\n<\/blockquote>\n\n\n\n<h2 id=\"opening-hours-entry-of-rotunda-of-st-martin-in-vysehrad-prague\" class=\"wp-block-heading\"><strong>Godziny otwarcia i wej\u015bcie do Rotundy \u015bw. Marcina na Wyszehradzie, Praga<\/strong><\/h2>\n\n\n\n\n\n<p>Rotunda jest zwykle otwarta tylko w godzinach pracy, czyli w poniedzia\u0142ki, \u015brody, czwartki, pi\u0105tki i soboty o 18:00 . Dost\u0119p do niej jest bezp\u0142atny.&nbsp;<\/p>\n\n\n\n<div class=\"wp-block-buttons is-layout-flex wp-block-buttons-is-layout-flex\"><\/div>\n\n\n\n<h2 id=\"what-to-do-what-to-see-in-rotunda-of-st-martin-in-vysehrad-prague\" class=\"wp-block-heading\"><strong>Co robi\u0107 i co zobaczy\u0107 w Rotundzie \u015bw. Marcina na Wyszehradzie, Praga<\/strong><\/h2>\n\n\n\n<p>Zacznij od obserwacji kuli armatniej osadzonej w oknie obiektu (po prawej stronie). Ta katastrofa, kt\u00f3ra mia\u0142a miejsce w 1757 roku, jest jednym z wyra\u017anych przypomnie\u0144 \u015bmiertelnych najazd\u00f3w, kt\u00f3re zak\u0142ad przetrwa\u0142 na przestrzeni wiek\u00f3w. Opr\u00f3cz podziwiania roma\u0144skiego stylu architektonicznego, neoroma\u0144skiego portalu, marmurowego o\u0142tarza i \u015bredniowiecznych malowide\u0142 \u015bciennych, mo\u017cesz zrelaksowa\u0107 si\u0119 w spokojnym i malowniczym zielonym krajobrazie okolicy, zanim odwiedzisz inn\u0105 cz\u0119\u015b\u0107 Wyszehradu.<\/p>\n\n\n\n<figure class=\"wp-block-image size-full\"><img decoding=\"async\" width=\"1024\" height=\"768\" src=\"https:\/\/prague.org\/wp-content\/uploads\/2022\/06\/image-79.png\" alt=\"Bazylika \u015bw. Piotra i Paw\u0142a, Cmentarz Wyszehradzki i Rotunda \u015bw.\" class=\"wp-image-4478\" srcset=\"https:\/\/prague.org\/wp-content\/uploads\/2022\/06\/image-79.png 1024w, https:\/\/prague.org\/wp-content\/uploads\/2022\/06\/image-79-600x450.png 600w, https:\/\/prague.org\/wp-content\/uploads\/2022\/06\/image-79-300x225.png 300w, https:\/\/prague.org\/wp-content\/uploads\/2022\/06\/image-79-768x576.png 768w, https:\/\/prague.org\/wp-content\/uploads\/2022\/06\/image-79-200x150.png 200w, https:\/\/prague.org\/wp-content\/uploads\/2022\/06\/image-79-260x195.png 260w, https:\/\/prague.org\/wp-content\/uploads\/2022\/06\/image-79-380x285.png 380w, https:\/\/prague.org\/wp-content\/uploads\/2022\/06\/image-79-800x600.png 800w\" sizes=\"(max-width: 1024px) 100vw, 1024px\" \/><figcaption class=\"wp-element-caption\">Bazylika \u015bw. Piotra i Paw\u0142a, Cmentarz Wyszehradzki i Rotunda \u015bw.<\/figcaption><\/figure>\n\n\n\n<h3 id=\"history-of-the-rotunda-of-st-martin-in-vysehrad-prague\" class=\"wp-block-heading\"><strong>Historia Rotundy \u015awi\u0119tego Marcina na Wyszehradzie w Pradze<\/strong><\/h3>\n\n\n\n<p>Po uko\u0144czeniu budowy Rotundy w 11<sup>th<\/sup>&nbsp;wieku sta\u0142 si\u0119 magazynem prochu strzelniczego. W 1841 r. podczas planowanej komunikacji mi\u0119dzy Pankracem a Nowym Miastem stan\u0119\u0142a w obliczu powa\u017cnego zagro\u017cenia, ale uda\u0142o si\u0119 j\u0105 zachowa\u0107 dzi\u0119ki hrabiemu Karlowi Chotkowi. Architekt A. Baum zmodyfikowa\u0142 jego wn\u0119trze w XIX wieku, a wyszehradzcy duchowni ponownie otworzyli go w 1878 roku. Obecnie budynek jest wykorzystywany wy\u0142\u0105cznie do cel\u00f3w religijnych.<\/p>\n\n\n\n<h2 id=\"saint-peter-and-paul-basilica-prague-bazilika-svateho-petra-a-pavla\" class=\"wp-block-heading\"><strong>Bazylika \u015awi\u0119tego Piotra i Paw\u0142a, Praga (Bazilika svat\u00e9ho Petra a Pavla)&nbsp;<\/strong><\/h2>\n\n\n\n<p>Spaceruj\u0105c po dzielnicy Vy\u0161ehrad, raz na godzin\u0119 b\u0119dziesz cieszy\u0107 si\u0119 d\u017awi\u0119kami dzwon\u00f3w dochodz\u0105cymi z ko\u015bcio\u0142a kapitu\u0142y. Chocia\u017c Bazylika \u015awi\u0119tego Piotra i Paw\u0142a przesz\u0142a wiele modyfikacji przez prawie sto lat, ko\u015bci\u00f3\u0142 nadal zachowuje barokowy, gotycki wygl\u0105d dobrze uzupe\u0142niony przez bogato zdobione wn\u0119trze. Je\u015bli jeste\u015b mi\u0142o\u015bnikiem rzadkiej bi\u017cuterii, tkanin i staro\u017cytnych obraz\u00f3w, to Bazylika jest miejscem, do kt\u00f3rego powiniene\u015b si\u0119 uda\u0107.<\/p>\n\n\n\n<h2 id=\"location-how-to-get-to-the-saint-peter-and-paul-basilica\" class=\"wp-block-heading\"><strong>Lokalizacja i jak dojecha\u0107 do Bazyliki \u015awi\u0119tego Piotra i Paw\u0142a<\/strong><\/h2>\n\n\n\n<p>Bazylika znajduje si\u0119 na Wyszehradzie, a \u015brodki transportu pozostaj\u0105 takie same. Mo\u017cna skorzysta\u0107 z linii metra C do Vy\u0161ehradu lub tramwaj\u00f3w 7, 14, 18, 24, 54, 55 do Albertova lub tramwaj\u00f3w 2, 3, 7, 17, 21, 52 do V\u00fdto\u0148a.<\/p>\n\n\n\n<h2 id=\"opening-hours-entry-to-the-saint-peter-and-paul-basilica\" class=\"wp-block-heading\"><strong>Godziny otwarcia i wst\u0119p do Bazyliki \u015awi\u0119tego Piotra i Paw\u0142a<\/strong><\/h2>\n\n\n\n<p>Bazylika jest otwarta od listopada do marca codziennie od 10.00 do 17.00 i od 11.00 do 17.00 w niedziele.&nbsp;<\/p>\n\n\n\n<p>W okresie od kwietnia do pa\u017adziernika jest otwarte dla zwiedzaj\u0105cych od poniedzia\u0142ku do soboty (z wyj\u0105tkiem czwartk\u00f3w) w godzinach 10.00-18.00; w czwartki w godzinach 10.00-17.30, a w niedziele w godzinach 11.00-18.00.&nbsp;<\/p>\n\n\n\n<p>Obiekt nie zezwala na zwiedzanie podczas mszy.<\/p>\n\n\n\n<blockquote class=\"wp-block-quote\">\n<p>Wst\u0119p do bazyliki kosztuje 90 CZK (podstawowy) za osob\u0119 lub 180 CZK (pakiet rodzinny).<\/p>\n<\/blockquote>\n\n\n\n<h2 id=\"what-to-do-what-to-see-in-the-saint-peter-and-paul-basilica\" class=\"wp-block-heading\"><strong>Co robi\u0107 i co zobaczy\u0107 w Bazylice \u015bw. Piotra i Paw\u0142a<\/strong><\/h2>\n\n\n\n<p>Pierwsz\u0105 rzecz\u0105, kt\u00f3r\u0105 powiniene\u015b tu podziwia\u0107, s\u0105 dwie ogromne wie\u017ce flankuj\u0105ce panoram\u0119 miasta. Pozw\u00f3l swoim oczom zawisn\u0105\u0107 wok\u00f3\u0142 szczyt\u00f3w iglic i podziwiaj ich subtelne wydr\u0105\u017cenie, zanim zaczniesz obserwowa\u0107 transept (kszta\u0142t krzy\u017ca, kt\u00f3ry biegnie przez \u015brodek ko\u015bcio\u0142a). Nast\u0119pnie udaj si\u0119 do centralnych drzwi wej\u015bciowych i przestudiuj tympanon, bogato zdobion\u0105 struktur\u0119 Jezusa stoj\u0105cego obok swoich aposto\u0142\u00f3w. Nast\u0119pnie mo\u017cesz wej\u015b\u0107 do \u015brodka i rozkoszowa\u0107 si\u0119 pi\u0119knymi mozaikami, freskami i malowid\u0142ami pokrywaj\u0105cymi ka\u017cdy centymetr wn\u0119trza.&nbsp;<\/p>\n\n\n\n<h2 id=\"history-of-the-saint-peter-and-paul-basilica\" class=\"wp-block-heading\"><strong>Historia Bazyliki \u015awi\u0119tego Piotra i Paw\u0142a<\/strong><\/h2>\n\n\n\n<p>Historia Bazyliki \u015bw. Piotra i Paw\u0142a jest jednym z najwi\u0119kszych powod\u00f3w, dla kt\u00f3rych jest ona popularnym celem zwiedzania Pragi. Ko\u015bci\u00f3\u0142 zosta\u0142 zbudowany przez Wratys\u0142awa II, czeskiego kr\u00f3la, w 1070 roku. By\u0142a to prosta bazylika za\u0142o\u017cona w opozycji do ko\u015bcio\u0142a \u015bw. <a href=\"https:\/\/prague.org\/pl\/katedra-sw\/\">Katedra \u015bw. Wita<\/a>. Legenda g\u0142osi, \u017ce Wratys\u0142aw przyni\u00f3s\u0142 12 koszy kamieni, kt\u00f3re sta\u0142y si\u0119 podstaw\u0105 masywnej konstrukcji, kt\u00f3ra wkr\u00f3tce sta\u0142a si\u0119 Bazylik\u0105 \u015bw.<\/p>\n\n\n\n<figure class=\"wp-block-image size-full\"><img decoding=\"async\" width=\"1024\" height=\"683\" src=\"https:\/\/prague.org\/wp-content\/uploads\/2022\/06\/image-80.png\" alt=\"Osza\u0142amiaj\u0105ce wizualnie rze\u017aby w Parku Wyszehradzkim wykonane przez Josefa V\u00e1clava Myslbeka\" class=\"wp-image-4480\" srcset=\"https:\/\/prague.org\/wp-content\/uploads\/2022\/06\/image-80.png 1024w, https:\/\/prague.org\/wp-content\/uploads\/2022\/06\/image-80-600x400.png 600w, https:\/\/prague.org\/wp-content\/uploads\/2022\/06\/image-80-300x200.png 300w, https:\/\/prague.org\/wp-content\/uploads\/2022\/06\/image-80-768x512.png 768w, https:\/\/prague.org\/wp-content\/uploads\/2022\/06\/image-80-380x253.png 380w, https:\/\/prague.org\/wp-content\/uploads\/2022\/06\/image-80-800x534.png 800w\" sizes=\"(max-width: 1024px) 100vw, 1024px\" \/><figcaption class=\"wp-element-caption\">Osza\u0142amiaj\u0105ce wizualnie rze\u017aby w Parku Wyszehradzkim wykonane przez Josefa V\u00e1clava Myslbeka<\/figcaption><\/figure>\n\n\n\n<h2 id=\"vysehrad-cemetery-prague-vysehradsky-hrbitov\" class=\"wp-block-heading\"><strong>Cmentarz Wyszehradzki w Pradze (Vy\u0161ehradsk\u00fd h\u0159bitov)&nbsp;<\/strong><\/h2>\n\n\n\n<p>Je\u015bli jeste\u015b mi\u0142o\u015bnikiem historii, to tego niesamowitego miejsca nie powinno zabrakn\u0105\u0107 na Twojej li\u015bcie. To w\u0142a\u015bnie na tym cmentarzu znajduj\u0105 si\u0119 groby najwa\u017cniejszych my\u015blicieli i artyst\u00f3w na \u015bwiecie, takich jak Alfons Mucha, Anton\u00edn Dvo\u0159\u00e1k i Ladislav \u0160aloun.<\/p>\n\n\n\n<h3 id=\"location-how-to-get-the-vysehrad-cemetery-prague\" class=\"wp-block-heading\"><strong>Lokalizacja i jak dojecha\u0107 do Cmentarza Wyszehradzkiego w Pradze<\/strong><\/h3>\n\n\n\n<p>Cmentarz na Wyszehradzie znajduje si\u0119 na terenie Zamku Praskiego na Wyszehradzie, tu\u017c obok ko\u015bcio\u0142a \u015bwi\u0119tych Piotra i Paw\u0142a. Najbli\u017csz\u0105 stacj\u0105 kolejow\u0105 jest stacja kolejowa Sm\u00edchov lub mo\u017cna dojecha\u0107 lini\u0105 metra C do Vy\u0161ehradu lub tramwajami 7, 14, 18, 24, 54, 55 do Albertova lub&nbsp;<br>tramwaj 2, 3, 7, 17, 21, 52 do V\u00fdto\u0148.<\/p>\n\n\n\n<h3 id=\"opening-hours-entry-to-the-vysehrad-cemetery-prague\" class=\"wp-block-heading\"><strong>Godziny otwarcia i wst\u0119p na Cmentarz Wyszehradzki w Pradze<\/strong><\/h3>\n\n\n\n<p>Ten praski cmentarz jest otwarty codziennie od 9:30 do 17:00 od listopada do marca i od 9:30 do 18:00 od kwietnia do pa\u017adziernika. Podobnie jak pobliska We\u0142tawa, ten cmentarz nie wymaga op\u0142aty za wst\u0119p.<\/p>\n\n\n\n<h3 id=\"what-to-do-what-to-see-in-the-vysehrad-cemetery-prague\" class=\"wp-block-heading\"><strong>Co robi\u0107 i co zobaczy\u0107 na Cmentarzu Wyszehradzkim w Pradze?<\/strong><\/h3>\n\n\n\n<p>Pierwszym miejscem, kt\u00f3re warto zobaczy\u0107 podczas spaceru po cmentarzu Vy\u0161ehrad, jest zbiorowy grobowiec narodowych gigant\u00f3w znany jako Slav\u00edn. Obszar ten jest oznaczony pi\u0119kn\u0105, du\u017c\u0105 rze\u017ab\u0105, kt\u00f3ra wyr\u00f3\u017cnia si\u0119 w tej cz\u0119\u015bci cmentarza. Nast\u0119pnie udaj si\u0119 do Gotyckiej Bramy Szczytowej i zobacz zapieraj\u0105ce dech w piersiach \u0141a\u017anie Libuszy oraz pos\u0105gi historycznych postaci, takich jak Premysl i Libuse.<\/p>\n\n\n\n<h3 id=\"history-of-the-vysehrad-cemetery-prague\" class=\"wp-block-heading\"><strong>Historia cmentarza Wyszehradzkiego w Pradze&nbsp;<\/strong><\/h3>\n\n\n\n<p>Cmentarz zosta\u0142 otwarty w 1869 roku. Powsta\u0142 w miejscu, w kt\u00f3rym ludzie byli chowani od XIII wieku. Cesarz J\u00f3zef II wyda\u0142 specjalny dekret zezwalaj\u0105cy na dalsze poch\u00f3wki na tym terenie, a wkr\u00f3tce potem praski cmentarz sta\u0142 si\u0119 miejscem ostatniego spoczynku wielu znanych os\u00f3b w Czechach.<\/p>\n\n\n\n<h2 id=\"vysehrad-tour-with-underground-casemates\" class=\"wp-block-heading\">Wycieczka po Wyszehradzie z podziemnymi kazamatami<\/h2>\n\n\n\n<div data-gyg-href=\"https:\/\/widget.getyourguide.com\/default\/activities.frame\" data-gyg-locale-code=\"en-US\" data-gyg-widget=\"activities\" data-gyg-number-of-items=\"1\" data-gyg-partner-id=\"U94OQGQ\" data-gyg-tour-ids=\"248867\"><\/div>\n\n\n\n<p>Odkryj pi\u0119kn\u0105 \u015bredniowieczn\u0105 rezydencj\u0119 po\u0142o\u017con\u0105 na skale nad We\u0142taw\u0105, z kt\u00f3rej roztacza si\u0119 spektakularny widok na miasto. Odwied\u017a bazylik\u0119 \u015bwi\u0119tych Piotra i Paw\u0142a, cmentarz Vy\u0161ehrad i ukryte podziemne kazamaty.<\/p>\n\n\n\n<h3 id=\"highlights\" class=\"wp-block-heading\">Najwa\u017cniejsze informacje<\/h3>\n\n\n\n<ul>\n<li>Podziwiaj zapieraj\u0105ce dech w piersiach widoki Pragi z mur\u00f3w obronnych Wyszehradu, oferuj\u0105cych panoramiczn\u0105 perspektyw\u0119 pi\u0119kna miasta.<\/li>\n\n\n\n<li>Wejd\u017a do niezwyk\u0142ego neogotyckiego ko\u015bcio\u0142a kolegiackiego \u015awi\u0119tych Piotra i Paw\u0142a i podziwiaj jego osza\u0142amiaj\u0105ce wn\u0119trze wype\u0142nione misternymi detalami.<\/li>\n\n\n\n<li>Odwied\u017a s\u0142ynny cmentarz Vy\u0161ehrad, miejsce spoczynku wp\u0142ywowych postaci czeskiej kultury, nauki i polityki.<\/li>\n\n\n\n<li>Poznaj tajemnicze podziemia Twierdzy Wyszehradzkiej, zag\u0142\u0119biaj\u0105c si\u0119 w jej intryguj\u0105c\u0105 histori\u0119 i sekrety.<\/li>\n<\/ul>\n\n\n\n<h3 id=\"included\" class=\"wp-block-heading\">W zestawie<\/h3>\n\n\n\n<ul>\n<li>Bilet na metro zapewniaj\u0105cy wygodny transport do Wyszehradu i bezproblemow\u0105 podr\u00f3\u017c.<\/li>\n\n\n\n<li>Bilet wst\u0119pu do Bazyliki \u015bw. Piotra i Paw\u0142a, zapewniaj\u0105cy dost\u0119p do jej wspania\u0142ego wn\u0119trza.<\/li>\n\n\n\n<li>Bilet wst\u0119pu do kazamat Vy\u0161ehrad (Gorlice), umo\u017cliwiaj\u0105cy zwiedzanie fascynuj\u0105cych podziemi.<\/li>\n\n\n\n<li>Do\u015bwiadczony lokalny przewodnik, kt\u00f3ry poprowadzi Ci\u0119, zapewniaj\u0105c wnikliwe komentarze i wzbogacaj\u0105c Twoje wra\u017cenia.<\/li>\n<\/ul>\n\n\n\n<div class=\"wp-block-buttons is-layout-flex wp-block-buttons-is-layout-flex\">\n<div class=\"wp-block-button is-style-cs-button-block\"><a class=\"wp-block-button__link wp-element-button\" href=\"https:\/\/www.getyourguide.fr\/prague-l10\/prague-visite-de-3-heures-du-chateau-de-vysehrad-t248867\/?partner_id=U94OQGQ&amp;utm_medium=online_publisher\" rel=\"nofollow noopener\">\u2192 Zobacz bilety<\/a><\/div>\n<\/div>\n\n\n\n<div class=\"gyg-iframe-container\" style=\"margin-bottom:1.5em\"><iframe style=\"border:0;height:100%;width:100%\" title=\"Wid\u017cet miejski GetYourGuide\" src=\"https:\/\/widget.getyourguide.com\/default\/city.frame?widget=wp_city&amp;iata=PRG&amp;locale_code=en-US&amp;partner_id=U94OQGQ\"><\/iframe><\/div>","protected":false},"excerpt":{"rendered":"Vy\u0161ehrad Praga, romantyczna twierdza z zapieraj\u0105cymi dech w piersiach widokami Czeska nazwa: Vy\u0161ehrad Je\u015bli kiedykolwiek chcia\u0142e\u015b odwiedzi\u0107 t\u0119tni\u0105c\u0105 \u017cyciem...","protected":false},"author":2,"featured_media":3660,"comment_status":"closed","ping_status":"closed","sticky":false,"template":"","format":"standard","meta":{"footnotes":""},"categories":[1,204,19],"tags":[92,85],"table_tags":[],"_links":{"self":[{"href":"https:\/\/prague.org\/pl\/wp-json\/wp\/v2\/posts\/3657"}],"collection":[{"href":"https:\/\/prague.org\/pl\/wp-json\/wp\/v2\/posts"}],"about":[{"href":"https:\/\/prague.org\/pl\/wp-json\/wp\/v2\/types\/post"}],"author":[{"embeddable":true,"href":"https:\/\/prague.org\/pl\/wp-json\/wp\/v2\/users\/2"}],"replies":[{"embeddable":true,"href":"https:\/\/prague.org\/pl\/wp-json\/wp\/v2\/comments?post=3657"}],"version-history":[{"count":16,"href":"https:\/\/prague.org\/pl\/wp-json\/wp\/v2\/posts\/3657\/revisions"}],"predecessor-version":[{"id":10081,"href":"https:\/\/prague.org\/pl\/wp-json\/wp\/v2\/posts\/3657\/revisions\/10081"}],"wp:featuredmedia":[{"embeddable":true,"href":"https:\/\/prague.org\/pl\/wp-json\/wp\/v2\/media\/3660"}],"wp:attachment":[{"href":"https:\/\/prague.org\/pl\/wp-json\/wp\/v2\/media?parent=3657"}],"wp:term":[{"taxonomy":"category","embeddable":true,"href":"https:\/\/prague.org\/pl\/wp-json\/wp\/v2\/categories?post=3657"},{"taxonomy":"post_tag","embeddable":true,"href":"https:\/\/prague.org\/pl\/wp-json\/wp\/v2\/tags?post=3657"},{"taxonomy":"table_tags","embeddable":true,"href":"https:\/\/prague.org\/pl\/wp-json\/wp\/v2\/table_tags?post=3657"}],"curies":[{"name":"wp","href":"https:\/\/api.w.org\/{rel}","templated":true}]}}