{"id":9645,"date":"2023-06-09T14:42:57","date_gmt":"2023-06-09T12:42:57","guid":{"rendered":"https:\/\/prague.org\/?p=9645"},"modified":"2024-01-02T17:52:41","modified_gmt":"2024-01-02T15:52:41","slug":"protestant-churches-prague","status":"publish","type":"post","link":"https:\/\/prague.org\/pl\/koscioly-protestanckie-praga\/","title":{"rendered":"Dowiedz si\u0119 wszystkiego o ko\u015bcio\u0142ach protestanckich w Pradze"},"content":{"rendered":"<p><strong>Ko\u015bcio\u0142y protestanckie w Pradze<\/strong> stanowi\u0105 obecnie mniej ni\u017c jeden procent populacji.&nbsp;<\/p>\n\n\n\n<p>Jednak historycznie rzecz bior\u0105c, wi\u0119kszo\u015b\u0107<strong> ko\u015bcio\u0142y w Pradze<\/strong> byli protestantami, co czyni Czech\u00f3w jednymi z pierwszych protestant\u00f3w na ca\u0142ym \u015bwiecie. Jan Huss, reformator Ko\u015bcio\u0142a katolickiego w Republice Czeskiej i wielbiciel dzie\u0142 Johna Wycliffa, zapocz\u0105tkowa\u0142 ruch reformatorski na pocz\u0105tku XV wieku.<\/p>\n\n\n\n<p>Powszechnie uwa\u017ca si\u0119, \u017ce religia, kt\u00f3r\u0105 obecnie nazywamy protestantyzmem, powsta\u0142a w Czechach w XV wieku. Husyci, gwa\u0142towna sekta religijna, kt\u00f3ra obieca\u0142a wykorzeni\u0107 katolick\u0105 religi\u0119. <strong>Ko\u015bci\u00f3\u0142 w Pradze<\/strong>zas\u0142uguj\u0105 na uznanie.<\/p>\n\n\n\n<p>Jednak\u017ce,<strong> Jakie jest najwi\u0119ksze wyznanie protestanckie w Czechach? <\/strong>Je\u015bli szukasz najwi\u0119kszego czeskiego ko\u015bcio\u0142a protestanckiego, nie szukaj dalej ni\u017c Ewangelicki Ko\u015bci\u00f3\u0142 Braci Czeskich.<\/p>\n\n\n\n<p>Odkryj trzy najlepsze <strong>Ko\u015bcio\u0142y protestanckie w Pradze<\/strong> i pozna\u0107 fascynuj\u0105c\u0105 histori\u0119 ko\u015bcio\u0142\u00f3w protestanckich w stolicy.<\/p>\n\n\n\n<h2 id=\"the-history-of-the-protestant-churches-in-prague\" class=\"wp-block-heading\">Historia ko\u015bcio\u0142\u00f3w protestanckich w Pradze<\/h2>\n\n\n\n<p>Jan Hus, akademik i ksi\u0105dz z Czech, jest cz\u0119sto uznawany za za\u0142o\u017cyciela ruchu protestanckiego. Hus zosta\u0142 skazany na \u015bmier\u0107 przez spalenie za swoje wysi\u0142ki na rzecz wprowadzenia zmian w chrze\u015bcija\u0144stwie. <strong>ko\u015bci\u00f3\u0142 w Pradze<\/strong>. To, co hierarchia Ko\u015bcio\u0142a katolickiego postrzega\u0142a jako zwyk\u0142e wydalenie ksi\u0119dza dysydenta, wywo\u0142a\u0142o roz\u0142am, kt\u00f3ry wp\u0142ynie na rozw\u00f3j Europy w nadchodz\u0105cych stuleciach.<\/p>\n\n\n\n<p>W XIV wieku Jean Hus wprowadzi\u0142 ruch reformatorski na tereny dzisiejszej Republiki Czeskiej i S\u0142owacji. Protestant <strong>ko\u015bcio\u0142y w Pradze<\/strong> byli wi\u0119kszo\u015bci\u0105 w XVI wieku, ale ich \u017cycie by\u0142o n\u0119dzne po kl\u0119sce w bitwie pod Bia\u0142\u0105 G\u00f3r\u0105 w 1620 roku. Musieli ukrywa\u0107 swoj\u0105 wiar\u0119 przez kolejne 150 lat. Po zako\u0144czeniu I wojny \u015bwiatowej i ustanowieniu Republiki Czechos\u0142owackiej, Jean Hus zosta\u0142 wyniesiony do rangi narodowego bohatera religijnego.<\/p>\n\n\n\n<p>Hus zosta\u0142 stracony za herezj\u0119 w 1415 r., a ruch przerodzi\u0142 si\u0119 w wielkie i udane wojny husyckie. Pierwsza z wielu d\u0142ugotrwa\u0142ych wojen husyckich <strong>Ko\u015bcio\u0142y protestanckie w Pradze <\/strong>zosta\u0142a za\u0142o\u017cona nied\u0142ugo przed zdecydowanym pokonaniem husyt\u00f3w w pobli\u017cu osady Lipany w 1434 roku.<\/p>\n\n\n\n<p>Po tym, jak czeska arystokracja protestancka i jej sojusznicy zostali sromotnie pokonani w konflikcie pod Bia\u0142\u0105 G\u00f3r\u0105 w 1620 roku, wi\u0119kszo\u015b\u0107 ich zwolennik\u00f3w zacz\u0119\u0142a by\u0107 eliminowana lub wysy\u0142ana na wygnanie. Ruch re-katolicki by\u0142 w pe\u0142nym rozkwicie.<\/p>\n\n\n\n<p>W\u015br\u00f3d tych chrze\u015bcijan jest 96% katolik\u00f3w i 4% protestant\u00f3w.<\/p>\n\n\n\n<h2 id=\"top-3-protestant-churches-in-prague\" class=\"wp-block-heading\">3 najlepsze ko\u015bcio\u0142y protestanckie w Pradze<\/h2>\n\n\n\n<h3 id=\"the-evangelical-church-of-czech-brethren\" class=\"wp-block-heading\">Ewangelicki Ko\u015bci\u00f3\u0142 Braci Czeskich<\/h3>\n\n\n\n<p>W 1918 r. lutera\u0144skie i kalwi\u0144skie ko\u015bcio\u0142y protestanckie w Czechach zjednoczy\u0142y si\u0119, tworz\u0105c najwi\u0119kszy ko\u015bci\u00f3\u0142 protestancki w Czechach. <strong>ko\u015bci\u00f3\u0142 protestancki w Pradze.<\/strong><\/p>\n\n\n\n<p>Jako najwi\u0119kszy ko\u015bci\u00f3\u0142 protestancki w Pradze i drugi co do wielko\u015bci ko\u015bci\u00f3\u0142 w kraju, Ewangelicki Ko\u015bci\u00f3\u0142 Braci Czeskich jest wp\u0142ywow\u0105 instytucj\u0105 polityczn\u0105 i spo\u0142eczn\u0105.<\/p>\n\n\n\n<p>Istnieje 120 000 wiernych i 230 ministr\u00f3w (55 z nich to kobiety), z kt\u00f3rych wszyscy otrzymuj\u0105 wynagrodzenie od rz\u0105du i zdobywaj\u0105 wykszta\u0142cenie teologiczne w Szkole Teologicznej Uniwersytetu Praskiego. Rola diakonatu jest kluczowa w \u017cyciu Ko\u015bcio\u0142a.<\/p>\n\n\n\n<blockquote class=\"wp-block-quote\">\n<p><strong>Godziny pracy: <\/strong>Serwis rozpoczyna si\u0119 w ka\u017cd\u0105 niedziel\u0119 o 10:30<\/p>\n\n\n\n<p><strong>Fizyczny <\/strong><a href=\"https:\/\/www.google.com\/search?cs=0&amp;sxsrf=APwXEdcCwEE6FEJb2zTaWj1CAdT7m6hHSg:1685019692867&amp;q=evangelical+church+of+czech+brethren+prague+11+address&amp;ludocid=11782776726971676592&amp;sa=X&amp;ved=2ahUKEwiW2evBw5D_AhW9VaQEHeKUAiAQ6BN6BAgTEAI\" rel=\"nofollow noopener\"><strong>Adres<\/strong><\/a><strong>:<\/strong> Donovalsk\u00e1 2331, 149 00 Praha 11-Chodov, Czechy<\/p>\n<\/blockquote>\n\n\n\n<h3 id=\"lutheran-church-of-prague\" class=\"wp-block-heading\">Ko\u015bci\u00f3\u0142 lutera\u0144ski w Pradze<\/h3>\n\n\n\n<p>Ko\u015bci\u00f3\u0142 obok Pragi <a href=\"https:\/\/prague.org\/pl\/teatr-narodowy\/\">teatr narodowy<\/a> jest narodowym skarbem kultury chronionym przez czeski rz\u0105d.<\/p>\n\n\n\n<p>Obecna struktura ko\u015bcio\u0142a zosta\u0142a zbudowana w tym samym miejscu, w kt\u00f3rym sta\u0142 ko\u015bci\u00f3\u0142 od XII wieku. W XIV wieku zosta\u0142 przebudowany w stylu gotyckim. Ko\u015bci\u00f3\u0142 przeszed\u0142 renesansowe i barokowe renowacje w latach 1717-1722, po czym zosta\u0142 rozwi\u0105zany w 1787 roku i odrodzony jako \u015bwi\u0105tynia ewangelicka w nast\u0119pnym roku.&nbsp;<\/p>\n\n\n\n<p>Luteranie maj\u0105 30 000 wyznawc\u00f3w i 37 pastor\u00f3w <strong>Ko\u015bci\u00f3\u0142 w Pradze<\/strong>.<\/p>\n\n\n\n<blockquote class=\"wp-block-quote\">\n<p><strong>Godziny pracy:<\/strong> Nabo\u017ce\u0144stwa rozpoczynaj\u0105 si\u0119 w niedziele o 9:30 i 11:00.<\/p>\n\n\n\n<p><strong>Adres fizyczny<\/strong>: V Jirch\u00e1\u0159\u00edch 13, Praha 1, Czechy<\/p>\n<\/blockquote>\n\n\n\n<h3 id=\"the-baptist-church-in-prague\" class=\"wp-block-heading\">Baptysta<strong> <\/strong>Ko\u015bci\u00f3\u0142 w Pradze<\/h3>\n\n\n\n<p>W 1993 roku powsta\u0142 Mi\u0119dzynarodowy Ko\u015bci\u00f3\u0142 Baptyst\u00f3w w Pradze. Od d\u0142u\u017cszego czasu w Czechach istnieje zb\u00f3r baptyst\u00f3w w j\u0119zyku angielskim. W Stanach Zjednoczonych jest on zwi\u0105zany z Po\u0142udniow\u0105 Konwencj\u0105 Baptyst\u00f3w i \u015bci\u015ble wsp\u00f3\u0142pracuje z Mi\u0119dzynarodow\u0105 Rad\u0105 Misyjn\u0105. Oznacza to, \u017ce jest to jeden z pierwszych ko\u015bcio\u0142\u00f3w w Republice Czeskiej.&nbsp;<\/p>\n\n\n\n<p>Baptysta<strong> Ko\u015bci\u00f3\u0142 w Pradze<\/strong> wzros\u0142a w XIX wieku, podczas gdy ko\u015bcio\u0142y zielono\u015bwi\u0105tkowe rozkwit\u0142y w XX wieku.<\/p>\n\n\n\n<blockquote class=\"wp-block-quote\">\n<p><strong>Godziny pracy:<\/strong> Nabo\u017ce\u0144stwo rozpoczyna si\u0119 o godzinie 11:00 w ka\u017cd\u0105 niedziel\u0119<\/p>\n\n\n\n<p><strong>Adres fizyczny:<\/strong> Vinohradsk\u00e1 68, 130 00 Praha 6-\u017di\u017ekov, Czechy<\/p>\n<\/blockquote>\n\n\n\n<h2 id=\"explore-the-beauty-and-architecture-of-churches-in-prague\" class=\"wp-block-heading\">Poznaj pi\u0119kno i architektur\u0119 ko\u015bcio\u0142\u00f3w w Pradze<\/h2>\n\n\n\n<p>Odwied\u017a to pi\u0119kne miasto i <a href=\"https:\/\/prague.org\/pl\/poznaj-bogata-historie-pragi\/\">Dowiedz si\u0119 wi\u0119cej o Pradze<\/a> odwiedzaj\u0105c to wspania\u0142e miasto. Odkryj tak\u017ce ko\u015bcio\u0142y w Pradze, poznaj\u0105c histori\u0119 tego miasta. <strong>ko\u015bcio\u0142y protestanckie w Pradze<\/strong> i dowiedzie\u0107 si\u0119 <strong>co jest najwi\u0119kszym wyznaniem protestanckim w Republice Czeskiej.<\/strong><\/p>\n\n\n\n<p>Pi\u0119kno i architektura <strong>Ko\u015bcio\u0142y protestanckie w Pradze<\/strong> s\u0105 kolejnym atrakcyjnym aspektem miasta dla turyst\u00f3w udaj\u0105cych si\u0119 w duchow\u0105 podr\u00f3\u017c. Chocia\u017c obecnie tylko oko\u0142o jedna trzecia ludzi identyfikuje si\u0119 jako chrze\u015bcijanie, a odsetek ten spada, dziedzictwo protestantyzmu jest nadal odczuwalne.&nbsp;<\/p>\n\n\n\n<blockquote class=\"wp-block-quote\">\n<p>Wyrusz w kulturaln\u0105 podr\u00f3\u017c po Pradze, odwiedzaj\u0105c kultowe miejsca kultu religijnego, takie jak <a href=\"https:\/\/prague.org\/pl\/kosciol-naszej-pani-przed-tynem\/\" data-type=\"link\" data-id=\"https:\/\/prague.org\/church-of-our-lady-before-tyn\/\">Ko\u015bci\u00f3\u0142 Matki Bo\u017cej przed Tyn<\/a>odkrywa\u0107 r\u00f3\u017cne <a href=\"https:\/\/prague.org\/pl\/koscioly-katolickie-praga\/\" data-type=\"link\" data-id=\"https:\/\/prague.org\/catholic-churches-prague\/\">Ko\u015bcio\u0142y katolickie<\/a> w ca\u0142ym mie\u015bcie i do\u015bwiadczy\u0107 duchowej atmosfery <a href=\"https:\/\/prague.org\/pl\/kosciol-naszej-pani-przed-tynem\/\" data-type=\"link\" data-id=\"https:\/\/prague.org\/church-of-our-lady-before-tyn\/\">Ko\u015bci\u00f3\u0142 Ducha \u015awi\u0119tego<\/a>.<\/p>\n<\/blockquote>\n\n\n\n<div class=\"gyg-iframe-container\" style=\"margin-bottom:1.5em\"><iframe style=\"border:0;height:100%;width:100%\" title=\"Wid\u017cet miejski GetYourGuide\" src=\"https:\/\/widget.getyourguide.com\/default\/city.frame?widget=wp_city&amp;iata=PRG&amp;locale_code=en-GB&amp;partner_id=U94OQGQ\"><\/iframe><\/div>","protected":false},"excerpt":{"rendered":"Ko\u015bcio\u0142y protestanckie w Pradze stanowi\u0105 obecnie mniej ni\u017c jeden procent populacji.  Jednak historycznie rzecz bior\u0105c, wi\u0119kszo\u015b\u0107...","protected":false},"author":2,"featured_media":9648,"comment_status":"closed","ping_status":"closed","sticky":false,"template":"","format":"standard","meta":{"footnotes":""},"categories":[1,204,19],"tags":[64],"table_tags":[],"_links":{"self":[{"href":"https:\/\/prague.org\/pl\/wp-json\/wp\/v2\/posts\/9645"}],"collection":[{"href":"https:\/\/prague.org\/pl\/wp-json\/wp\/v2\/posts"}],"about":[{"href":"https:\/\/prague.org\/pl\/wp-json\/wp\/v2\/types\/post"}],"author":[{"embeddable":true,"href":"https:\/\/prague.org\/pl\/wp-json\/wp\/v2\/users\/2"}],"replies":[{"embeddable":true,"href":"https:\/\/prague.org\/pl\/wp-json\/wp\/v2\/comments?post=9645"}],"version-history":[{"count":4,"href":"https:\/\/prague.org\/pl\/wp-json\/wp\/v2\/posts\/9645\/revisions"}],"predecessor-version":[{"id":12403,"href":"https:\/\/prague.org\/pl\/wp-json\/wp\/v2\/posts\/9645\/revisions\/12403"}],"wp:featuredmedia":[{"embeddable":true,"href":"https:\/\/prague.org\/pl\/wp-json\/wp\/v2\/media\/9648"}],"wp:attachment":[{"href":"https:\/\/prague.org\/pl\/wp-json\/wp\/v2\/media?parent=9645"}],"wp:term":[{"taxonomy":"category","embeddable":true,"href":"https:\/\/prague.org\/pl\/wp-json\/wp\/v2\/categories?post=9645"},{"taxonomy":"post_tag","embeddable":true,"href":"https:\/\/prague.org\/pl\/wp-json\/wp\/v2\/tags?post=9645"},{"taxonomy":"table_tags","embeddable":true,"href":"https:\/\/prague.org\/pl\/wp-json\/wp\/v2\/table_tags?post=9645"}],"curies":[{"name":"wp","href":"https:\/\/api.w.org\/{rel}","templated":true}]}}