{"id":11769,"date":"2023-10-24T08:31:36","date_gmt":"2023-10-24T06:31:36","guid":{"rendered":"https:\/\/prague.org\/?p=11769"},"modified":"2023-10-24T10:39:45","modified_gmt":"2023-10-24T08:39:45","slug":"bedrich-smetana-famous-works","status":"publish","type":"post","link":"https:\/\/prague.org\/pt\/bedrich-smetana-obras-famosas\/","title":{"rendered":"As Famosas Obras de Bed\u0159ich Smetana: O Maestro por detr\u00e1s de Ma Vlast e O Moldau"},"content":{"rendered":"<p>O mestre da m\u00fasica checa<strong> Obras famosas de Bedrich Smetana<\/strong> deixou uma influ\u00eancia inconfund\u00edvel no mundo da m\u00fasica cl\u00e1ssica, e as suas pe\u00e7as mais conhecidas, como \"M\u00e1 Vlast\" e \"O Moldau\", ainda hoje s\u00e3o tocadas e apreciadas. Emergindo das sombras, o g\u00e9nio musical <strong>Obras famosas de Bedrich Smetana<\/strong> continuar\u00e1 a ser um emblema de orgulho nacional e de inspira\u00e7\u00e3o para as gera\u00e7\u00f5es futuras.<\/p>\n\n\n\n<p>O per\u00edodo do nacionalismo rom\u00e2ntico coincide com as contribui\u00e7\u00f5es mais frutuosas de Smetana para a m\u00fasica cl\u00e1ssica. Particularmente em \u00e1reas sob administra\u00e7\u00e3o estrangeira, como a Bo\u00e9mia, que fazia parte do Imp\u00e9rio Austr\u00edaco, este per\u00edodo distinguiu-se por um renascimento da identidade e do orgulho nacionais. Smetana era um fervoroso apoiante da luta nacional checa e a sua m\u00fasica tornou-se um meio atrav\u00e9s do qual o povo checo podia exprimir os seus ideais culturais.<\/p>\n\n\n\n<p>Bedich Smetana teve um impacto incalcul\u00e1vel na m\u00fasica checa, e as suas obras atingiram agora um apelo universal que desafia a categoriza\u00e7\u00e3o por per\u00edodo hist\u00f3rico ou origem nacional.<\/p>\n\n\n\n<h2 id=\"bedrich-smetana-pronunciation-how-to-say-his-name-correctly\" class=\"wp-block-heading\">Bedrich Smetana Pron\u00fancia: Como dizer o seu nome corretamente&nbsp;<\/h2>\n\n\n\n<p><strong>Bedrich Smetana<\/strong> foi um conhecido compositor checo, embora o seu nome possa ser dif\u00edcil de pronunciar para quem n\u00e3o \u00e9 checo. Aqui est\u00e1 um guia para pronunciar corretamente o seu nome:<\/p>\n\n\n\n<p><strong>Bed\u0159ich<\/strong>:<\/p>\n\n\n\n<p>A palavra \"cama\" rima com \"vermelho\".<\/p>\n\n\n\n<p>\"\u0159ich\" \u00e9 pronunciado de forma semelhante a \"reech\", sendo o \"\" uma letra checa distinta conhecida como \"\u0159\" ou \"\u0159eka\", que \u00e9 ouvida como um \"r\" suave seguido de \"eech\".<\/p>\n\n\n\n<p>Como resultado, \"Bed\u0159ich\" \u00e9 pronunciado \"bed-reech\".<\/p>\n\n\n\n<p><strong>Smetana<\/strong>:<\/p>\n\n\n\n<p>\"Sme\" \u00e9 pronunciado de forma semelhante a \"smay\", com o \"e\" soando de forma semelhante ao \"e\" em \"let\".<\/p>\n\n\n\n<p>A letra \"ta\" pronuncia-se \"tah\", e a letra \"a\" pronuncia-se \"ah\", como em \"car\".<\/p>\n\n\n\n<p>A palavra \"na\" pronuncia-se \"nah\".<\/p>\n\n\n\n<p>Como resultado, \"Smetana\" \u00e9 pronunciado \"smay-tah-nah\".<\/p>\n\n\n\n<p>Juntar tudo, <strong>Pron\u00fancia de Bed\u0159ich Smetana<\/strong> \u00e9 \"bed-reech smay-tah-nah\".<\/p>\n\n\n\n<p>Tenha em aten\u00e7\u00e3o que a l\u00edngua checa inclui sons e caracteres distintos que podem n\u00e3o ter equivalentes claros em ingl\u00eas, pelo que a pron\u00fancia pode exigir alguma pr\u00e1tica.<\/p>\n\n\n\n<h2 id=\"bedrich-smetana-a-brief-biography\" class=\"wp-block-heading\">Bedrich Smetana: Uma Breve Biografia&nbsp;<\/h2>\n\n\n\n<p>De acordo com <strong>Biografia de Bedrich Smetana,<\/strong> nasceu a 2 de mar\u00e7o de 1824, na pequena cidade de Litomy\u0161l, que na altura pertencia ao Reino da Bo\u00e9mia, mas que hoje se situa na Rep\u00fablica Checa. O extraordin\u00e1rio talento musical de Smetana era evidente desde a inf\u00e2ncia. O pai de Franti\u0161ek Smetana, um violinista amador e cervejeiro, reconheceu o talento do filho desde tenra idade e incentivou-o a prosseguir.<\/p>\n\n\n\n<p>Smetana enfrentou muitos obst\u00e1culos no seu caminho para se tornar um compositor famoso. Teve problemas de audi\u00e7\u00e3o e ficou surdo durante breves per\u00edodos da sua carreira, o que apenas aprofundou a sua dedica\u00e7\u00e3o \u00e0 m\u00fasica. Aluno de v\u00e1rios m\u00fasicos not\u00e1veis da sua \u00e9poca, acabou por se estabelecer em Praga e a\u00ed se tornou famoso como pianista, maestro e escritor.<\/p>\n\n\n\n<h2 id=\"bedrich-smetana-the-life-and-music-of-a-czech-composer\" class=\"wp-block-heading\">Bedrich Smetana: A vida e a m\u00fasica de um compositor checo<\/h2>\n\n\n\n<p><strong>M\u00fasica de Bedrich Smetana<\/strong> A ambi\u00e7\u00e3o levou-o a viajar para Praga, a encantadora capital da Rep\u00fablica Checa e um centro de atividade art\u00edstica muito movimentado. Esta mudan\u00e7a foi um divisor de \u00e1guas na sua vida, pois mergulhou nos seus estudos musicais e acolheu a florescente cena cultural da cidade.&nbsp;<\/p>\n\n\n\n<p>Em Praga, Smetana cresceu como m\u00fasico, actuando como pianista, maestro e educador, ao mesmo tempo que dedicava in\u00fameras horas a aperfei\u00e7oar as suas pr\u00f3prias composi\u00e7\u00f5es.<\/p>\n\n\n\n<h2 id=\"bedrich-smetanas-ma-vlast-an-in-depth-analysis-of-vltava-my-country\" class=\"wp-block-heading\">Ma Vlast de Bedrich Smetana: Uma an\u00e1lise aprofundada de Vltava - \"O meu pa\u00eds&nbsp;<\/h2>\n\n\n\n<p><strong>&nbsp;\"Ma Vlast\" e \"Vltava\" de Bedrich Smetana<\/strong> s\u00e3o duas das suas composi\u00e7\u00f5es mais famosas e duradouras que resumem o seu brilhantismo e a tradi\u00e7\u00e3o musical checa, mas ele criou um corpo de trabalho significativo que pode ser visto numa das<a href=\"https:\/\/prague.org\/pt\/os-melhores-espectaculos-de-musica-classica-em-praga\/\"> as melhores salas de espect\u00e1culos de m\u00fasica cl\u00e1ssica em Praga<\/a>.<\/p>\n\n\n\n<h3 id=\"ma-vlast-my-homeland\" class=\"wp-block-heading\">\"Ma Vlast\" - A Minha P\u00e1tria<\/h3>\n\n\n\n<p><strong>O meu pa\u00eds, de Bedrich Smetana (<\/strong>\"Ma Vlast\") \u00e9 uma sequ\u00eancia de seis poemas sinf\u00f3nicos que resume a sua dedica\u00e7\u00e3o \u00e0 representa\u00e7\u00e3o da diversidade cultural e paisag\u00edstica da Rep\u00fablica Checa. As seis obras que comp\u00f5em \"Ma Vlast\" prestam homenagem a uma faceta diferente da cultura e da hist\u00f3ria da Rep\u00fablica Checa. Tem pe\u00e7as como \"Vy\u0161ehrad\", que se inspira na colina de Praga com o mesmo nome, e \"T\u00e1bor\", que alude \u00e0s Guerras Hussitas.<\/p>\n\n\n\n<p>O esp\u00edrito do povo checo e a sua devo\u00e7\u00e3o \u00e0 sua p\u00e1tria s\u00e3o magnificamente captados em \"Ma Vlast\", composta por Smetana.<\/p>\n\n\n\n<h3 id=\"the-moldau-a-journey-down-the-river\" class=\"wp-block-heading\">\"O Moldau\" - Uma viagem pelo rio<\/h3>\n\n\n\n<p>O Moldau\" (Vltava em checo) de \"Ma Vlast\" \u00e9 uma das pe\u00e7as mais reconhecidas da m\u00fasica cl\u00e1ssica. O Moldau \u00e9 uma alegoria musical para o rio Vltava, que serpenteia pelo interior da Bo\u00e9mia e \u00e9 o rio mais longo da Rep\u00fablica Checa. Desde o seu in\u00edcio montanhoso, a pe\u00e7a segue o curso do rio \u00e0 medida que este serpenteia por bosques e prados, passando por cidades pitorescas e fortalezas imponentes, e finalmente num magn\u00edfico casamento com o Elba.&nbsp;<\/p>\n\n\n\n<p>\"O Moldau\" n\u00e3o s\u00f3 ir\u00e1 ressoar entre os checos, mas tamb\u00e9m entre todos os que valorizam a natureza e o fluxo da \u00e1gua, gra\u00e7as \u00e0 utiliza\u00e7\u00e3o de Smetana de uma orquestra\u00e7\u00e3o vibrante e de uma narrativa l\u00edrica.<\/p>\n\n\n\n<h2 id=\"other-famous-works-of-bedrich-smetana\" class=\"wp-block-heading\">Outras obras famosas de Bedrich Smetana&nbsp;<\/h2>\n\n\n\n<p>Embora <strong>compositor Bedrich Smetana<\/strong> \u00e9 sobretudo recordado pelas suas obras de grande envergadura, como \"Ma Vlast\" e \"O Moldau\", mas tamb\u00e9m escreveu v\u00e1rias \u00f3peras, obras de c\u00e2mara, pe\u00e7as para piano e obras orquestrais que pode ver no <a href=\"https:\/\/prague.org\/pt\/black-light-theatre-praga-shows-musicals\/\">Teatro de luz negra em Praga<\/a>. Algumas das suas obras mais conhecidas s\u00e3o as seguintes:<\/p>\n\n\n\n<h3 id=\"the-bartered-bride-prodana-nevesta\" class=\"wp-block-heading\">A noiva trocada (Prodan\u00e1 nev\u011bsta)<\/h3>\n\n\n\n<p>A \u00f3pera mais conhecida e adorada \u00e9 \"A Noiva Trocada\" (Prodan\u00e1 nevsta). \u00c9 uma \u00f3pera alegre sobre uma comunidade na Rep\u00fablica Checa que faz de casamenteiro para os seus residentes. As melodias apelativas e os toques tradicionais da \u00f3pera granjearam-lhe uma aclama\u00e7\u00e3o generalizada.<\/p>\n\n\n\n<h3 id=\"string-quartet-no-2-in-d-minor\" class=\"wp-block-heading\">Quarteto de cordas n\u00ba 2 em R\u00e9 menor<\/h3>\n\n\n\n<p>Da Minha Vida, ou Quarteto de Cordas n.\u00ba 1 em Mi menor (no original checo, Smy\u010dcov\u00fd kvartet \u010d. 1 e moll, \"Z m\u00e9ho ivota\")As refer\u00eancias autobiogr\u00e1ficas s\u00e3o uma carater\u00edstica significativa deste quarteto de cordas. Smetana escreveu sobre as suas lutas contra a surdez e outras situa\u00e7\u00f5es pessoais.<\/p>\n\n\n\n<h3 id=\"smetanas-piano-trio-in-g-minor-op-15\" class=\"wp-block-heading\">Trio para piano em sol menor, op. 15, de Smetana<\/h3>\n\n\n\n<p>Esta \u00e9 uma pe\u00e7a de m\u00fasica de c\u00e2mara impressionante e comovente que demonstra os seus talentos como compositor. \u00c9 conhecida pela sua profundidade de sentimentos e introspe\u00e7\u00e3o.<\/p>\n\n\n\n<h3 id=\"this-string-quartet\" class=\"wp-block-heading\">Este quarteto de cordas<\/h3>\n\n\n\n<p>Vulgarmente conhecido como \"Quarteto n.\u00ba 2 em R\u00e9 menor\", \u00e9 outra importante adi\u00e7\u00e3o ao c\u00e2none da m\u00fasica de c\u00e2mara. Demonstra a tend\u00eancia rom\u00e2ntica que influenciou a m\u00fasica de Smetana.<\/p>\n\n\n\n<h3 id=\"overture-to-the-bartered-bride-prodana-nevesta\" class=\"wp-block-heading\">Abertura de \"A noiva trocada\" (Prodan\u00e1 nev\u011bsta)<\/h3>\n\n\n\n<p>Esta pe\u00e7a orquestral \u00e9 uma abertura da conhecida \u00f3pera de Smetana, \"A Noiva Trocada\" (Prodan\u00e1 nevsta). Esta obra reflecte a ess\u00eancia dos temas da \u00f3pera de uma forma simultaneamente vibrante e espirituosa.<\/p>\n\n\n\n<h3 id=\"these-six-piano-pieces\" class=\"wp-block-heading\">Estas seis pe\u00e7as para piano<\/h3>\n\n\n\n<p>Intituladas \u0160est charakteristick\u00fdch skladeb, ou \"Seis pe\u00e7as caracter\u00edsticas\", s\u00e3o uma compila\u00e7\u00e3o de composi\u00e7\u00f5es de car\u00e1cter. Estas pe\u00e7as revelam a variedade de estilos que Smetana utilizava nas suas composi\u00e7\u00f5es.<\/p>\n\n\n\n<h3 id=\"czech-dances-ceske-tance\" class=\"wp-block-heading\">Dan\u00e7as checas (\u010cesk\u00e9 tance)<\/h3>\n\n\n\n<p>Smetana captou os costumes coloridos e animados das dan\u00e7as da sua Rep\u00fablica Checa natal numa s\u00e9rie de composi\u00e7\u00f5es para piano intituladas Dan\u00e7as Checas (esk\u00e9 tance).<\/p>\n\n\n\n<h3 id=\"the-two-widows-dve-vdovy\" class=\"wp-block-heading\">As duas vi\u00favas (Dv\u0115 vdovy)&nbsp;<\/h3>\n\n\n\n<p>Outra obra encantadora de Smetana, \"As Duas Vi\u00favas\" (Dv\u0115 vdovy) \u00e9 uma \u00f3pera c\u00f3mica. Os seus temas de amor, casamento e costumes sociais fazem com que seja um prazer ouvi-la.<\/p>\n\n\n\n<h3 id=\"richard-iii\" class=\"wp-block-heading\">Ricardo III&nbsp;<\/h3>\n\n\n\n<p>A abertura de Smetana para \"Ricardo III\", baseada na pe\u00e7a de Shakespeare, \u00e9 um exemplo cl\u00e1ssico da sua habilidade sinf\u00f3nica.<\/p>\n\n\n\n<h2 id=\"a-visit-to-the-bedrich-smetana-museum-in-prague\" class=\"wp-block-heading\">Uma visita ao Museu Bedrich Smetana em Praga&nbsp;<\/h2>\n\n\n\n<p>Uma viagem ao<strong> Museu Bedrich Smetana em Praga<\/strong> \u00e9 uma excelente forma de conhecer a vida e a obra deste famoso compositor checo e de mergulhar na rica tradi\u00e7\u00e3o musical do pa\u00eds. \u00c9 uma visita obrigat\u00f3ria para os aficionados da m\u00fasica e da hist\u00f3ria em Praga, uma vez que leva os visitantes ao universo de Bedich Smetana e ao cen\u00e1rio cultural que moldou a sua obra.<\/p>\n\n\n\n<p>O museu em Praga homenageia <strong>Obra famosa de Bedrich Smetana; <\/strong>Trata-se de um tesouro cultural que esclarece a vida do compositor e as suas importantes contribui\u00e7\u00f5es para o desenvolvimento da m\u00fasica checa.&nbsp;<\/p>\n\n\n\n<h2 id=\"enchanting-prague-classical-concert-at-st-nicholas-church\" class=\"wp-block-heading\">Concerto Cl\u00e1ssico de Praga na Igreja de S\u00e3o Nicolau<\/h2>\n\n\n\n<div data-gyg-href=\"https:\/\/widget.getyourguide.com\/default\/activities.frame\" data-gyg-locale-code=\"en-US\" data-gyg-widget=\"activities\" data-gyg-number-of-items=\"1\" data-gyg-partner-id=\"U94OQGQ\" data-gyg-tour-ids=\"399599\"><\/div>\n\n\n\n<p>Descubra o esplendor da m\u00fasica cl\u00e1ssica nos limites cativantes de um dos mais magn\u00edficos santu\u00e1rios barrocos de Praga. Aninhada no cora\u00e7\u00e3o da Cidade Velha, a Igreja de S\u00e3o Nicolau \u00e9 palco de uma s\u00e9rie de espect\u00e1culos hipnotizantes que contam com o virtuosismo de m\u00fasicos talentosos do estimado Teatro Nacional e da Orquestra Filarm\u00f3nica Checa.<\/p>\n\n\n\n<h3 id=\"highlights\" class=\"wp-block-heading\">Destaques<\/h3>\n\n\n\n<ul>\n<li>Deleite-se com um repert\u00f3rio diversificado de obras-primas cl\u00e1ssicas interpretadas pelos maiores talentos musicais de Praga.<\/li>\n\n\n\n<li>Mergulhe no ambiente \u00fanico de uma igreja barroca enquanto \u00e9 serenado pelas harmoniosas melodias de composi\u00e7\u00f5es cl\u00e1ssicas.<\/li>\n\n\n\n<li>Deixe-se transportar pelo interior et\u00e9reo e pela ac\u00fastica impec\u00e1vel da Igreja de S\u00e3o Nicolau.<\/li>\n\n\n\n<li>Contemple o \u00f3rg\u00e3o barroco que, em 1787, foi agraciado pelo lend\u00e1rio Mozart.<\/li>\n<\/ul>\n\n\n\n<h3 id=\"included\" class=\"wp-block-heading\">Inclu\u00eddo<\/h3>\n\n\n\n<ul>\n<li>Bilhete de entrada para o espet\u00e1culo.<\/li>\n\n\n\n<li>Programa impresso gratuito em ingl\u00eas.<\/li>\n<\/ul>\n\n\n\n<div class=\"wp-block-buttons is-layout-flex wp-block-buttons-is-layout-flex\">\n<div class=\"wp-block-button is-style-cs-button-block\"><a class=\"wp-block-button__link wp-element-button\" href=\"https:\/\/www.getyourguide.com\/st-nicholas-church-prague-l4922\/prague-classical-concert-in-st-nicholas-church-t399599\/?partner_id=U94OQGQ&amp;utm_medium=online_publisher\" rel=\"nofollow noopener\">\u2192 Experimente a magia da m\u00fasica cl\u00e1ssica na Igreja de S\u00e3o Nicolau<\/a><\/div>\n<\/div>\n\n\n\n<div data-gyg-href=\"https:\/\/widget.getyourguide.com\/default\/city.frame\" data-gyg-location-id=\"10\" data-gyg-locale-code=\"en-US\" data-gyg-widget=\"city\" data-gyg-partner-id=\"U94OQGQ\"><\/div>","protected":false},"excerpt":{"rendered":"As famosas obras do mestre da m\u00fasica checa Bedrich Smetana deixaram uma influ\u00eancia inconfund\u00edvel no mundo da m\u00fasica cl\u00e1ssica,...","protected":false},"author":2,"featured_media":11829,"comment_status":"closed","ping_status":"closed","sticky":false,"template":"","format":"standard","meta":{"footnotes":""},"categories":[1],"tags":[],"table_tags":[],"_links":{"self":[{"href":"https:\/\/prague.org\/pt\/wp-json\/wp\/v2\/posts\/11769"}],"collection":[{"href":"https:\/\/prague.org\/pt\/wp-json\/wp\/v2\/posts"}],"about":[{"href":"https:\/\/prague.org\/pt\/wp-json\/wp\/v2\/types\/post"}],"author":[{"embeddable":true,"href":"https:\/\/prague.org\/pt\/wp-json\/wp\/v2\/users\/2"}],"replies":[{"embeddable":true,"href":"https:\/\/prague.org\/pt\/wp-json\/wp\/v2\/comments?post=11769"}],"version-history":[{"count":3,"href":"https:\/\/prague.org\/pt\/wp-json\/wp\/v2\/posts\/11769\/revisions"}],"predecessor-version":[{"id":11832,"href":"https:\/\/prague.org\/pt\/wp-json\/wp\/v2\/posts\/11769\/revisions\/11832"}],"wp:featuredmedia":[{"embeddable":true,"href":"https:\/\/prague.org\/pt\/wp-json\/wp\/v2\/media\/11829"}],"wp:attachment":[{"href":"https:\/\/prague.org\/pt\/wp-json\/wp\/v2\/media?parent=11769"}],"wp:term":[{"taxonomy":"category","embeddable":true,"href":"https:\/\/prague.org\/pt\/wp-json\/wp\/v2\/categories?post=11769"},{"taxonomy":"post_tag","embeddable":true,"href":"https:\/\/prague.org\/pt\/wp-json\/wp\/v2\/tags?post=11769"},{"taxonomy":"table_tags","embeddable":true,"href":"https:\/\/prague.org\/pt\/wp-json\/wp\/v2\/table_tags?post=11769"}],"curies":[{"name":"wp","href":"https:\/\/api.w.org\/{rel}","templated":true}]}}