{"id":11908,"date":"2023-11-03T09:26:01","date_gmt":"2023-11-03T07:26:01","guid":{"rendered":"https:\/\/prague.org\/?p=11908"},"modified":"2023-11-03T09:35:01","modified_gmt":"2023-11-03T07:35:01","slug":"czechoslovakia-country","status":"publish","type":"post","link":"https:\/\/prague.org\/pt\/checoslovaquia-pais\/","title":{"rendered":"Pa\u00eds da Checoslov\u00e1quia: Um pa\u00eds de rica hist\u00f3ria, cultura e beleza natural"},"content":{"rendered":"<p>O<strong> Pa\u00eds da Checoslov\u00e1quia<\/strong> O antigo pa\u00eds da Europa Central era rico em hist\u00f3ria, repleto de cultura e aben\u00e7oado com paisagens naturais deslumbrantes. A Checoslov\u00e1quia pode j\u00e1 n\u00e3o ser uma entidade \u00fanica, mas a Rep\u00fablica Checa e a Eslov\u00e1quia, que a compunham anteriormente, continuam a manter as tradi\u00e7\u00f5es do pa\u00eds. Vamos mergulhar no mundo diversificado da<strong> Pa\u00eds da Checoslov\u00e1quia<\/strong>A hist\u00f3ria, a cultura e as paisagens deslumbrantes que distinguem esta regi\u00e3o.<\/p>\n\n\n\n<p>Ap\u00f3s a Primeira Guerra Mundial, a regi\u00e3o assistiu ao nascimento da Checoslov\u00e1quia, um pa\u00eds que viria a desempenhar um papel importante na hist\u00f3ria da regi\u00e3o. Tom\u00e1 Garrigue Masaryk, o primeiro presidente do pa\u00eds, era um ac\u00e9rrimo defensor da liberdade e da igualdade para todas as pessoas. <a href=\"https:\/\/prague.org\/pt\/praga-capital\/\">Praga<\/a>A \"Cidade dos Cem Pin\u00e1culos\" foi a capital da Checoslov\u00e1quia e \u00e9 um monumento vivo ao legado hist\u00f3rico do pa\u00eds.<\/p>\n\n\n\n<h2 id=\"discover-the-former-czechoslovakia-country\" class=\"wp-block-heading\">Descobrir o pa\u00eds da antiga Checoslov\u00e1quia\u00a0<\/h2>\n\n\n\n<figure class=\"wp-block-image size-full\"><img decoding=\"async\" width=\"1024\" height=\"466\" src=\"https:\/\/prague.org\/wp-content\/uploads\/2023\/11\/czechoslovakia1927-e07f83-1.png\" alt=\"Checoslov\u00e1quia Pa\u00eds\" class=\"wp-image-11915\" srcset=\"https:\/\/prague.org\/wp-content\/uploads\/2023\/11\/czechoslovakia1927-e07f83-1.png 1024w, https:\/\/prague.org\/wp-content\/uploads\/2023\/11\/czechoslovakia1927-e07f83-1-300x137.png 300w, https:\/\/prague.org\/wp-content\/uploads\/2023\/11\/czechoslovakia1927-e07f83-1-768x350.png 768w, https:\/\/prague.org\/wp-content\/uploads\/2023\/11\/czechoslovakia1927-e07f83-1-18x8.png 18w, https:\/\/prague.org\/wp-content\/uploads\/2023\/11\/czechoslovakia1927-e07f83-1-380x173.png 380w, https:\/\/prague.org\/wp-content\/uploads\/2023\/11\/czechoslovakia1927-e07f83-1-800x364.png 800w, https:\/\/prague.org\/wp-content\/uploads\/2023\/11\/czechoslovakia1927-e07f83-1-600x273.png 600w\" sizes=\"(max-width: 1024px) 100vw, 1024px\" \/><figcaption class=\"wp-element-caption\">Checoslov\u00e1quia Pa\u00eds<\/figcaption><\/figure>\n\n\n\n<p>Tanto a Rep\u00fablica Checa como a Eslov\u00e1quia s\u00e3o independentes desde o desmembramento pac\u00edfico da Checoslov\u00e1quia em 1993. Os dois pa\u00edses separaram-se amigavelmente, da\u00ed o nome \"Div\u00f3rcio de Veludo\", e cada um seguiu uma dire\u00e7\u00e3o diferente, embora mantendo la\u00e7os hist\u00f3ricos e culturais com o outro.<\/p>\n\n\n\n<p>Tanto a Rep\u00fablica Checa como a Eslov\u00e1quia desenvolveram as suas pr\u00f3prias hist\u00f3rias e culturas \u00fanicas e existem atualmente como dois pa\u00edses distintos. Embora a Checoslov\u00e1quia possa ser agora uma coisa do passado distante, o seu legado continua vivo atrav\u00e9s destes dois pa\u00edses e das mem\u00f3rias de um per\u00edodo passado.<\/p>\n\n\n\n<h2 id=\"getting-oriented-in-czechoslovakia-with-the-country-map\" class=\"wp-block-heading\">Orientar-se na Checoslov\u00e1quia com o mapa do pa\u00eds<\/h2>\n\n\n\n<p>Apesar de a Rep\u00fablica da Checoslov\u00e1quia, tal como era conhecida, j\u00e1 n\u00e3o existir, o mapa hist\u00f3rico funciona como uma indica\u00e7\u00e3o da variedade geogr\u00e1fica e cultural do pa\u00eds. Os fascinados pela rica hist\u00f3ria do pa\u00eds e pelas rel\u00edquias que deixou podem utilizar o <strong>Mapa do pa\u00eds da Checoslov\u00e1quia <\/strong>Inclui:<\/p>\n\n\n\n<h3 id=\"position-on-the-map\" class=\"wp-block-heading\">Posi\u00e7\u00e3o no mapa<\/h3>\n\n\n\n<p>A Rep\u00fablica da Checoslov\u00e1quia tinha uma localiza\u00e7\u00e3o central na Europa. Estava completamente rodeada por terra: a oeste, a Alemanha; a sul, a \u00c1ustria; a sul, a Hungria; a norte, a Pol\u00f3nia; e a leste, a Uni\u00e3o Sovi\u00e9tica.<\/p>\n\n\n\n<h3 id=\"capital-and-other-major-cities\" class=\"wp-block-heading\">Capital e outras cidades importantes:<\/h3>\n\n\n\n<p><a href=\"https:\/\/prague.org\/pt\/onde-e-praga-em-que-pais\/\">Onde fica Praga?<\/a> Praga situa-se na regi\u00e3o ocidental do pa\u00eds e serviu como<strong> Capital da Checoslov\u00e1quia<\/strong> durante toda essa \u00e9poca.<\/p>\n\n\n\n<p>Havia tamb\u00e9m centros urbanos importantes, como Bratislava (atual capital da Eslov\u00e1quia), Brno, Ostrava, Ko\u0161ice e Plze\u0148.&nbsp;<\/p>\n\n\n\n<h3 id=\"mountain-ranges\" class=\"wp-block-heading\">Cordilheiras<\/h3>\n\n\n\n<p>Os C\u00e1rpatos, situados no leste da Eslov\u00e1quia, eram apenas uma das muitas cadeias montanhosas de todo o pa\u00eds.<\/p>\n\n\n\n<p>Os Sudetas constitu\u00edam a fronteira de facto entre a Checoslov\u00e1quia e a Alemanha.<\/p>\n\n\n\n<h3 id=\"rivers-and-other-waterways\" class=\"wp-block-heading\">Rios e outros cursos de \u00e1gua<\/h3>\n\n\n\n<p>Um dos rios mais importantes do pa\u00eds era o Vltava (Moldau), que corria mesmo no cora\u00e7\u00e3o de Praga.<\/p>\n\n\n\n<p>O rio Morava servia de fronteira de facto entre a Checoslov\u00e1quia e a \u00c1ustria, bem como entre a Eslov\u00e1quia e a \u00c1ustria.<\/p>\n\n\n\n<h3 id=\"cultural-and-historical-attractions\" class=\"wp-block-heading\">Atrac\u00e7\u00f5es culturais e hist\u00f3ricas<\/h3>\n\n\n\n<p>O Castelo de Praga, a popular Ponte Carlos e a deslumbrante Pra\u00e7a da Cidade Velha foram alguns dos marcos culturais mais famosos da cidade inclu\u00eddos no mapa.<\/p>\n\n\n\n<p>Em Bratislava, a capital da Eslov\u00e1quia, os visitantes podem ver o Castelo de Bratislava e a Cidade Velha.<\/p>\n\n\n\n<h2 id=\"exploring-the-diverse-and-vibrant-culture-of-czechoslovakian-people\" class=\"wp-block-heading\">Explorar a cultura diversificada e vibrante do povo checoslovaco<\/h2>\n\n\n\n<p>A fus\u00e3o <strong>pa\u00edses da antiga Checoslov\u00e1quia<\/strong>A cultura da Europa, combinada com as contribui\u00e7\u00f5es de diversos grupos \u00e9tnicos, formou uma mistura cultural \u00fanica. Vejamos o que fez com que <strong>Povo checoslovaco<\/strong> \u00fanico:<\/p>\n\n\n\n<h3 id=\"language-and-the-variety-of-languages\" class=\"wp-block-heading\">A l\u00edngua e a variedade das l\u00ednguas<\/h3>\n\n\n\n<p>O eslovaco e o checo foram reconhecidos como l\u00ednguas oficiais. Os habitantes da parte ocidental do pa\u00eds utilizavam o checo, uma l\u00edngua eslava ocidental, enquanto os da parte oriental utilizavam o eslovaco, uma l\u00edngua eslava oriental.<\/p>\n\n\n\n<p>Os alem\u00e3es e os h\u00fangaros s\u00e3o apenas dois exemplos das minorias \u00e9tnicas que enriqueceram a j\u00e1 rica paisagem lingu\u00edstica da regi\u00e3o.<\/p>\n\n\n\n<h3 id=\"the-visual-arts-and-buildings\" class=\"wp-block-heading\">As artes visuais e os edif\u00edcios<\/h3>\n\n\n\n<p>A hist\u00f3ria cultural da Checoslov\u00e1quia era famosa. Belos exemplos de arquitetura g\u00f3tica, barroca e renascentista fizeram de Praga um centro de arte e aprendizagem.<\/p>\n\n\n\n<p>Pioneiros art\u00edsticos como Alphonse Mucha e Franti\u0161ek Kupka, da Rep\u00fablica Checa, foram aclamados pelas suas obras de arte inovadoras.<\/p>\n\n\n\n<h3 id=\"music-and-dance\" class=\"wp-block-heading\">M\u00fasica e dan\u00e7a<\/h3>\n\n\n\n<p>A m\u00fasica dos checos e eslovacos era parte integrante da sua cultura. Anton\u00edn Dvo\u0159\u00e1k e Bed\u0159ich Smetana s\u00e3o apenas dois exemplos de compositores que deixaram uma marca indel\u00e9vel na m\u00fasica cl\u00e1ssica.<\/p>\n\n\n\n<p>A m\u00fasica e a dan\u00e7a tradicionais s\u00e3o express\u00f5es culturais importantes na Eslov\u00e1quia.<\/p>\n\n\n\n<h3 id=\"literature-and-authors\" class=\"wp-block-heading\">Literatura e autores<\/h3>\n\n\n\n<p>A literatura nas Rep\u00fablicas Checa e Eslovaca prosperou, com autores de renome como Franz Kafka, Milan Kundera e Jaroslav Ha\u0161ek .<\/p>\n\n\n\n<p>A complicada identidade da Checoslov\u00e1quia reflecte-se frequentemente na literatura do pa\u00eds.<\/p>\n\n\n\n<h3 id=\"classical-dishes\" class=\"wp-block-heading\">Pratos cl\u00e1ssicos<\/h3>\n\n\n\n<p>As refei\u00e7\u00f5es tradicionais da Checoslov\u00e1quia eram fartas e saborosas. Goulash, schnitzel, porco assado, bolinhos de massa e chucrute estavam entre os itens do menu.<\/p>\n\n\n\n<p>A cerveja era uma bebida popular e a na\u00e7\u00e3o em geral era conhecida pela sua grande cultura cervejeira.<\/p>\n\n\n\n<h2 id=\"unveiling-the-hidden-gems-of-former-czechoslovakias-countries\" class=\"wp-block-heading\">Revelar as j\u00f3ias escondidas dos pa\u00edses da antiga Checoslov\u00e1quia<\/h2>\n\n\n\n<p>Apesar de o pa\u00eds se ter dividido em dois, estes artefactos m\u00e1gicos ainda podem ser encontrados em ambos os novos pa\u00edses. Vamos dar a conhecer algumas das j\u00f3ias mais bem guardadas da Rep\u00fablica Checa e da Eslov\u00e1quia:<\/p>\n\n\n\n<h3 id=\"cesky-krumlov-czech-republic\" class=\"wp-block-heading\">Cesk\u00fd Krumlov, Rep\u00fablica Checa<\/h3>\n\n\n\n<p>Cesk\u00fd Krumlov, no cora\u00e7\u00e3o da Bo\u00e9mia do Sul, possui um bairro hist\u00f3rico que foi designado Patrim\u00f3nio Mundial pela UNESCO.<\/p>\n\n\n\n<p>Veja os belos jardins e p\u00e1tios do Castelo de Cesk\u00fd Krumlov enquanto passeia pelas suas ruas pitorescas e aprecia os edif\u00edcios vibrantes.<\/p>\n\n\n\n<h4 id=\"high-tatras-slovakia\" class=\"wp-block-heading\">Altos Tatras, Eslov\u00e1quia<\/h4>\n\n\n\n<p>Tanto os caminhantes como os esquiadores encontrar\u00e3o o para\u00edso nas montanhas de High Tatras, no norte da Eslov\u00e1quia.<\/p>\n\n\n\n<p>Visite \u0160trbsk\u00e9 Pleso, um lago glaciar rodeado pela beleza agreste dos Altos Tatras.<\/p>\n\n\n\n<p>Explore as pitorescas povoa\u00e7\u00f5es eslovacas escondidas nas montanhas circundantes.<\/p>\n\n\n\n<h3 id=\"karlovy-vary-czech-republic\" class=\"wp-block-heading\">Karlovy Vary, Rep\u00fablica Checa<\/h3>\n\n\n\n<p>Karlovy Vary \u00e9 uma cidade de bem-estar na Bo\u00e9mia Ocidental, famosa pelas suas fontes termais.<\/p>\n\n\n\n<p>Aprecie as colunatas e a tranquilidade do rio Tepl\u00e1 durante um passeio.<\/p>\n\n\n\n<p>Beba um gole de \u00e1gua mineral no spa e relaxe.<\/p>\n\n\n\n<h3 id=\"spis-castle-slovakia\" class=\"wp-block-heading\">Castelo de Spi\u0161, Eslov\u00e1quia<\/h3>\n\n\n\n<p>O distrito de Spi\u0161, no leste da Eslov\u00e1quia, \u00e9 o lar do Castelo de Spi\u0161, que est\u00e1 entre as maiores estruturas de castelo da Europa.<\/p>\n\n\n\n<p>Descubra os vest\u00edgios do castelo enquanto aprecia a paisagem pitoresca.<\/p>\n\n\n\n<p>Explore Spi\u0161sk\u00e1 Kapitula, uma aldeia pitoresca com igrejas medievais e ruelas estreitas.<\/p>\n\n\n\n<h3 id=\"telc-czech-republic\" class=\"wp-block-heading\">Telc, Rep\u00fablica Checa<\/h3>\n\n\n\n<p>Telc, situada na regi\u00e3o de Vysoina, \u00e9 uma cidade pitoresca que faz parte da lista do Patrim\u00f3nio Mundial da UNESCO.<\/p>\n\n\n\n<p>Explore a pra\u00e7a da cidade e maravilhe-se com os edif\u00edcios medievais e barrocos bem preservados.<\/p>\n\n\n\n<p>Ver os belos jardins do Castelo de Telc.<\/p>\n\n\n\n<h3 id=\"national-park-of-the-slovak-paradise-slovakia\" class=\"wp-block-heading\">Parque Nacional do Para\u00edso Eslovaco, Eslov\u00e1quia<\/h3>\n\n\n\n<p>Os caminhantes e os entusiastas do ambiente encontrar\u00e3o o seu destino de sonho no Parque Nacional Slovak Paradise, no leste da Eslov\u00e1quia.<\/p>\n\n\n\n<p>Descubra os cantos e recantos escondidos do parque enquanto atravessa escadas e pontes de madeira e passa por cascatas.<\/p>\n\n\n\n<p>A Gruta de Gelo de Dobinsk\u00e1 \u00e9 Patrim\u00f3nio Mundial da UNESCO e n\u00e3o deve ser perdida.<\/p>\n\n\n\n<h3 id=\"olomouc-czech-republic\" class=\"wp-block-heading\">Olomouc, Rep\u00fablica Checa<\/h3>\n\n\n\n<p>Em Olomouc, no centro da Mor\u00e1via, ergue-se a impressionante Coluna da Sant\u00edssima Trindade, Patrim\u00f3nio da Humanidade.<\/p>\n\n\n\n<p>A hist\u00f3ria da cidade, os seus edif\u00edcios barrocos e a sua cultura florescente est\u00e3o \u00e0 espera de serem explorados.<\/p>\n\n\n\n<p>Passeie tranquilamente pelos belos Jardins Smetana.<\/p>\n\n\n\n<h3 id=\"spis-castle-in-slovakia\" class=\"wp-block-heading\">Castelo de Spis na Eslov\u00e1quia<\/h3>\n\n\n\n<p>O Castelo de Spis, um monumento da UNESCO, \u00e9 uma ru\u00edna deslumbrante que domina a aldeia de Spi\u0161sk\u00e9 Podhradie.<\/p>\n\n\n\n<p>Explore as suas torres e corredores para sentir o sabor da Idade M\u00e9dia e as vistas deslumbrantes do campo.<\/p>\n\n\n\n<div data-gyg-href=\"https:\/\/widget.getyourguide.com\/default\/city.frame\" data-gyg-location-id=\"10\" data-gyg-locale-code=\"en-US\" data-gyg-widget=\"city\" data-gyg-partner-id=\"U94OQGQ\"><\/div>","protected":false},"excerpt":{"rendered":"O pa\u00eds da Checoslov\u00e1quia, anteriormente situado na Europa Central, era rico em hist\u00f3ria, repleto de cultura e aben\u00e7oado com...","protected":false},"author":2,"featured_media":11913,"comment_status":"closed","ping_status":"closed","sticky":false,"template":"","format":"standard","meta":{"footnotes":""},"categories":[15,204,39],"tags":[49],"table_tags":[],"_links":{"self":[{"href":"https:\/\/prague.org\/pt\/wp-json\/wp\/v2\/posts\/11908"}],"collection":[{"href":"https:\/\/prague.org\/pt\/wp-json\/wp\/v2\/posts"}],"about":[{"href":"https:\/\/prague.org\/pt\/wp-json\/wp\/v2\/types\/post"}],"author":[{"embeddable":true,"href":"https:\/\/prague.org\/pt\/wp-json\/wp\/v2\/users\/2"}],"replies":[{"embeddable":true,"href":"https:\/\/prague.org\/pt\/wp-json\/wp\/v2\/comments?post=11908"}],"version-history":[{"count":3,"href":"https:\/\/prague.org\/pt\/wp-json\/wp\/v2\/posts\/11908\/revisions"}],"predecessor-version":[{"id":11916,"href":"https:\/\/prague.org\/pt\/wp-json\/wp\/v2\/posts\/11908\/revisions\/11916"}],"wp:featuredmedia":[{"embeddable":true,"href":"https:\/\/prague.org\/pt\/wp-json\/wp\/v2\/media\/11913"}],"wp:attachment":[{"href":"https:\/\/prague.org\/pt\/wp-json\/wp\/v2\/media?parent=11908"}],"wp:term":[{"taxonomy":"category","embeddable":true,"href":"https:\/\/prague.org\/pt\/wp-json\/wp\/v2\/categories?post=11908"},{"taxonomy":"post_tag","embeddable":true,"href":"https:\/\/prague.org\/pt\/wp-json\/wp\/v2\/tags?post=11908"},{"taxonomy":"table_tags","embeddable":true,"href":"https:\/\/prague.org\/pt\/wp-json\/wp\/v2\/table_tags?post=11908"}],"curies":[{"name":"wp","href":"https:\/\/api.w.org\/{rel}","templated":true}]}}