{"id":11983,"date":"2023-11-15T11:28:09","date_gmt":"2023-11-15T09:28:09","guid":{"rendered":"https:\/\/prague.org\/?p=11983"},"modified":"2023-11-15T15:43:42","modified_gmt":"2023-11-15T13:43:42","slug":"czech-photographer-josef-sudek","status":"publish","type":"post","link":"https:\/\/prague.org\/pt\/fotografo-checo-josef-sudek\/","title":{"rendered":"O mundo luminoso de Josef Sudek"},"content":{"rendered":"<p><strong>O fot\u00f3grafo checo Josef Sudek<\/strong>O fot\u00f3grafo de fotografia, frequentemente apelidado de \"Poeta de Praga\", foi um fot\u00f3grafo cuja arte deixou um efeito indel\u00e9vel no mundo da fotografia. As suas fotografias t\u00eam uma qualidade surrealista, de outro mundo, e tem a reputa\u00e7\u00e3o de ter um olhar po\u00e9tico. Devido \u00e0 sua capacidade de elevar o mundano ao sublime, <strong>O fot\u00f3grafo checo Josef Sudek<\/strong> \u00e9 considerado uma figura lend\u00e1ria na hist\u00f3ria da fotografia, especialmente no dom\u00ednio da arte checa.<\/p>\n\n\n\n<p>Somos convidados a mergulhar na beleza misteriosa que Sudek captou e esculpiu perpetuamente atrav\u00e9s da sua abordagem invulgar da fotografia e da experi\u00eancia imersiva proporcionada pela sua galeria.<\/p>\n\n\n\n<p>Atualmente, os fot\u00f3grafos continuam a inspirar-se em Josef Sudek, cujo trabalho inspirou gera\u00e7\u00f5es a ver o mundo atrav\u00e9s de lentes mais l\u00edricas e a encontrar a maravilha no mundano.<\/p>\n\n\n\n<h2 id=\"the-artistic-vision-of-josef-sudek\" class=\"wp-block-heading\">A vis\u00e3o art\u00edstica de Josef Sudek&nbsp;<\/h2>\n\n\n\n<p>A vis\u00e3o art\u00edstica de Josef Sudek era t\u00e3o expansiva que ia muito para al\u00e9m das normas da fotografia. A vida de Sudek, especialmente a Primeira Guerra Mundial, moldou a sua arte. O seu bra\u00e7o direito foi amputado durante o conflito, o que pode ter dissuadido outros. A paix\u00e3o fotogr\u00e1fica e a determina\u00e7\u00e3o de Sudek prevaleceram. Reagiu \u00e0s suas restri\u00e7\u00f5es f\u00edsicas para criar o seu pr\u00f3prio estilo fotogr\u00e1fico.<\/p>\n\n\n\n<p><strong>O fot\u00f3grafo checo Josef Sudek<\/strong>A capacidade de tornar o quotidiano extraordin\u00e1rio foi fundamental para a sua arte. As suas pinturas apresentavam geralmente coisas comuns, naturezas mortas e cen\u00e1rios locais. Sudek era conhecido pela sua meticulosidade e capacidade de encontrar beleza no quotidiano. Sudek encontrou magia em objectos do quotidiano, como fruteiras, vasos e objectos de bancada.<\/p>\n\n\n\n<p>O amor de Sudek por <a href=\"http:\/\/prague.org\/pt\/\" data-type=\"link\" data-id=\"http:\/\/prague.org\/\">Praga<\/a>Praga, onde viveu a maior parte da sua vida, moldou a sua arte. As suas fotografias de Praga s\u00e3o poemas visuais que captam a alma da cidade. Sudek captou na perfei\u00e7\u00e3o os estados de esp\u00edrito e as atmosferas em constante mudan\u00e7a de Praga. Fotografou a capital em diferentes condi\u00e7\u00f5es climat\u00e9ricas e alturas do dia para demonstrar a sua beleza eterna. As suas fotografias de Praga, que utilizavam a luz natural para produzir uma sensa\u00e7\u00e3o et\u00e9rea, mostraram as suas capacidades de luz e sombra.<\/p>\n\n\n\n<h2 id=\"josef-sudek-and-the-art-of-capturing-light\" class=\"wp-block-heading\">Josef Sudek e a arte de captar a luz<\/h2>\n\n\n\n<p>O efeito transformador da luz era fundamental para a arte de Sudek. Vamos discutir como \u00e9 que ele o captou.<\/p>\n\n\n\n<h3 id=\"the-play-of-natural-light\" class=\"wp-block-heading\">O jogo da luz natural<\/h3>\n\n\n\n<p><strong>Fotografia de Josef Sudek<\/strong> A sua per\u00edcia resultava do seu interesse pela luz natural. Adorava observar a <a href=\"https:\/\/prague.org\/pt\/guia-para-praga-tempo-por-mes\/\" data-type=\"link\" data-id=\"https:\/\/prague.org\/guide-to-prague-weather-by-month\/\">esta\u00e7\u00f5es<\/a> e como a luz do sol passava atrav\u00e9s das \u00e1rvores, lan\u00e7ava sombras e iluminava os objectos. As suas primeiras fotografias eram surreais devido \u00e0 luz suave e difusa das \u00e1rvores ou dos cortinados.<\/p>\n\n\n\n<h3 id=\"window-panes-as-signatures\" class=\"wp-block-heading\">Os vidros das janelas como assinaturas<\/h3>\n\n\n\n<p>As obras de Sudek apresentavam o motivo da vidra\u00e7a, que ele explorou eficazmente. As suas imagens mostram os vidros das janelas como obst\u00e1culos e condutas de luz. Estes padr\u00f5es de sombra elaborados permitem-lhe captar a cena fora do vidro. A s\u00e9rie de vidra\u00e7as de Sudek simbolizava as rela\u00e7\u00f5es interior-exterior, vis\u00edvel-oculto.<\/p>\n\n\n\n<h3 id=\"magic-in-the-dark\" class=\"wp-block-heading\">Magia no escuro<\/h3>\n\n\n\n<p>Sudek era um especialista em c\u00e2mara escura e fot\u00f3grafo. Os seus conhecimentos de impress\u00e3o permitiam-lhe gerir a luz e a sombra nas suas fotografias. A sua vasta gama de tons e a riqueza visual eram conseguidas utilizando v\u00e1rios m\u00e9todos de impress\u00e3o. O seu trabalho meticuloso na c\u00e2mara escura reflectia as suas pinturas.<\/p>\n\n\n\n<h3 id=\"the-sparkling-city-of-prague\" class=\"wp-block-heading\">A cidade cintilante de Praga<\/h3>\n\n\n\n<p>Praga, a cidade onde viveu durante toda a sua vida, inspirou Sudek. Sudek captou os v\u00e1rios estados de esp\u00edrito e atmosferas de Praga nas suas fotografias. Tirou fotografias da cidade em diferentes alturas do dia, deixando que a luz definisse cada imagem. A Praga de Sudek era iluminada pelas ruas calmas do amanhecer e pelos et\u00e9reos candeeiros de rua da noite.<\/p>\n\n\n\n<h2 id=\"elegance-in-enigmatic-still-life-photography\" class=\"wp-block-heading\">Eleg\u00e2ncia na fotografia de naturezas mortas enigm\u00e1ticas&nbsp;<\/h2>\n\n\n\n<p>A capacidade de Josef Sudek para captar a beleza misteriosa de objectos comuns nas suas fotografias de naturezas mortas \u00e9 prova da sua gra\u00e7a art\u00edstica. Quem tiver a sorte de ver <strong>O filme de Josef Sudek<\/strong><strong> natureza morta <\/strong>As composi\u00e7\u00f5es s\u00e3o continuamente cativadas e inspiradas pelas suas imagens, que desafiam os espectadores a apreciar a beleza e o mist\u00e9rio que existem no mundo que nos rodeia.<\/p>\n\n\n\n<h2 id=\"exploring-sudeks-lens-and-gallery\" class=\"wp-block-heading\">Explorando a lente e a galeria de Sudek<\/h2>\n\n\n\n<p><strong>O fot\u00f3grafo checo Josef Sudek<\/strong> utilizou a sua objetiva para tornar o mundano espetacular. V\u00e1rias caracter\u00edsticas importantes distinguiram a sua abordagem \u00e0 fotografia:<\/p>\n\n\n\n<ul>\n<li>Dom\u00ednio da luz<\/li>\n\n\n\n<li>Aten\u00e7\u00e3o aos pormenores<\/li>\n\n\n\n<li>Eleg\u00e2ncia e poesia<\/li>\n<\/ul>\n\n\n\n<p>Aqueles que visitam o <strong>Galeria Josef Sudek<\/strong> em Praga, s\u00e3o acolhidos numa atmosfera et\u00e9rea, onde podem experimentar plenamente o trabalho do fot\u00f3grafo.<\/p>","protected":false},"excerpt":{"rendered":"O fot\u00f3grafo checo Josef Sudek, frequentemente apelidado de \"Poeta de Praga\", foi um fot\u00f3grafo cuja arte deixou uma marca indel\u00e9vel...","protected":false},"author":2,"featured_media":11984,"comment_status":"closed","ping_status":"closed","sticky":false,"template":"","format":"standard","meta":{"footnotes":""},"categories":[15,204,39],"tags":[49],"table_tags":[],"_links":{"self":[{"href":"https:\/\/prague.org\/pt\/wp-json\/wp\/v2\/posts\/11983"}],"collection":[{"href":"https:\/\/prague.org\/pt\/wp-json\/wp\/v2\/posts"}],"about":[{"href":"https:\/\/prague.org\/pt\/wp-json\/wp\/v2\/types\/post"}],"author":[{"embeddable":true,"href":"https:\/\/prague.org\/pt\/wp-json\/wp\/v2\/users\/2"}],"replies":[{"embeddable":true,"href":"https:\/\/prague.org\/pt\/wp-json\/wp\/v2\/comments?post=11983"}],"version-history":[{"count":4,"href":"https:\/\/prague.org\/pt\/wp-json\/wp\/v2\/posts\/11983\/revisions"}],"predecessor-version":[{"id":12038,"href":"https:\/\/prague.org\/pt\/wp-json\/wp\/v2\/posts\/11983\/revisions\/12038"}],"wp:featuredmedia":[{"embeddable":true,"href":"https:\/\/prague.org\/pt\/wp-json\/wp\/v2\/media\/11984"}],"wp:attachment":[{"href":"https:\/\/prague.org\/pt\/wp-json\/wp\/v2\/media?parent=11983"}],"wp:term":[{"taxonomy":"category","embeddable":true,"href":"https:\/\/prague.org\/pt\/wp-json\/wp\/v2\/categories?post=11983"},{"taxonomy":"post_tag","embeddable":true,"href":"https:\/\/prague.org\/pt\/wp-json\/wp\/v2\/tags?post=11983"},{"taxonomy":"table_tags","embeddable":true,"href":"https:\/\/prague.org\/pt\/wp-json\/wp\/v2\/table_tags?post=11983"}],"curies":[{"name":"wp","href":"https:\/\/api.w.org\/{rel}","templated":true}]}}