{"id":12570,"date":"2024-01-17T16:08:19","date_gmt":"2024-01-17T14:08:19","guid":{"rendered":"https:\/\/prague.org\/?p=12570"},"modified":"2024-02-16T11:52:29","modified_gmt":"2024-02-16T09:52:29","slug":"17-november-1989","status":"publish","type":"post","link":"https:\/\/prague.org\/pt\/17-novembro-1989\/","title":{"rendered":"17 de novembro de 1989: Um momento crucial na hist\u00f3ria da Checoslov\u00e1quia"},"content":{"rendered":"<p>O <strong>17 de novembro de 1989<\/strong>A guerra do Vietname, que teve lugar no dia 1 de janeiro de 1945, marca o ponto de viragem na hist\u00f3ria da Checoslov\u00e1quia, dando in\u00edcio a uma s\u00e9rie de acontecimentos que acabariam por conduzir ao colapso do governo comunista e ao in\u00edcio de uma era inteiramente nova. O <strong>17 de novembro de 1989<\/strong> est\u00e1 inscrito na consci\u00eancia colectiva como um emblema da luta do povo pela liberdade e pela democracia, que culminou na <a href=\"https:\/\/prague.org\/pt\/1989-revolucao-checa-velvet\/\">Revolu\u00e7\u00e3o de Veludo.<\/a><\/p>\n\n\n\n<p>Para compreender realmente a import\u00e2ncia do dia 17 de novembro de 1989, \u00e9 preciso olhar primeiro para a atmosfera sociopol\u00edtica que o precedeu. Ap\u00f3s a tomada da Checoslov\u00e1quia pela Uni\u00e3o Sovi\u00e9tica em 1968, apelidada de primavera de Praga, a na\u00e7\u00e3o ficou sob a estrita autoridade comunista. Esta persegui\u00e7\u00e3o impediu as liberdades individuais, silenciou as cr\u00edticas e alimentou um descontentamento generalizado entre o p\u00fablico, o que resultou numa resist\u00eancia fumegante ao regime.<\/p>\n\n\n\n<p>Os acontecimentos que tiveram lugar no<strong> 17 de novembro de 1989 em Bratislava <\/strong>deixou uma impress\u00e3o duradoura, assim como toda a Checoslov\u00e1quia.&nbsp;<\/p>\n\n\n\n<h2 id=\"chronicles-of-change-november-1989-in-czechoslovakia-bratislavas\" class=\"wp-block-heading\">Cr\u00f3nicas da mudan\u00e7a novembro de 1989 na Checoslov\u00e1quia Bratislava<\/h2>\n\n\n\n<figure class=\"wp-block-image size-large\"><img decoding=\"async\" width=\"1024\" height=\"683\" src=\"https:\/\/prague.org\/wp-content\/uploads\/2024\/01\/oleh-morhun-8gEXxhCS0rE-unsplash-1024x683.jpg\" alt=\"Vista de Praga\" class=\"wp-image-12571\" srcset=\"https:\/\/prague.org\/wp-content\/uploads\/2024\/01\/oleh-morhun-8gEXxhCS0rE-unsplash-1024x683.jpg 1024w, https:\/\/prague.org\/wp-content\/uploads\/2024\/01\/oleh-morhun-8gEXxhCS0rE-unsplash-300x200.jpg 300w, https:\/\/prague.org\/wp-content\/uploads\/2024\/01\/oleh-morhun-8gEXxhCS0rE-unsplash-768x512.jpg 768w, https:\/\/prague.org\/wp-content\/uploads\/2024\/01\/oleh-morhun-8gEXxhCS0rE-unsplash-1536x1024.jpg 1536w, https:\/\/prague.org\/wp-content\/uploads\/2024\/01\/oleh-morhun-8gEXxhCS0rE-unsplash-2048x1365.jpg 2048w, https:\/\/prague.org\/wp-content\/uploads\/2024\/01\/oleh-morhun-8gEXxhCS0rE-unsplash-18x12.jpg 18w, https:\/\/prague.org\/wp-content\/uploads\/2024\/01\/oleh-morhun-8gEXxhCS0rE-unsplash-380x253.jpg 380w, https:\/\/prague.org\/wp-content\/uploads\/2024\/01\/oleh-morhun-8gEXxhCS0rE-unsplash-800x533.jpg 800w, https:\/\/prague.org\/wp-content\/uploads\/2024\/01\/oleh-morhun-8gEXxhCS0rE-unsplash-1160x773.jpg 1160w, https:\/\/prague.org\/wp-content\/uploads\/2024\/01\/oleh-morhun-8gEXxhCS0rE-unsplash-600x400.jpg 600w, https:\/\/prague.org\/wp-content\/uploads\/2024\/01\/oleh-morhun-8gEXxhCS0rE-unsplash-scaled.jpg 2560w\" sizes=\"(max-width: 1024px) 100vw, 1024px\" \/><figcaption class=\"wp-element-caption\">Vista de Praga<\/figcaption><\/figure>\n\n\n\n<p><strong>O que aconteceu em 17 de novembro de 1989? <\/strong>Vejamos as cr\u00f3nicas da mudan\u00e7a durante esse importante m\u00eas, com especial destaque para Bratislava, a capital da Eslov\u00e1quia, e o seu envolvimento nas revoltas que transformaram a hist\u00f3ria da Checoslov\u00e1quia.<\/p>\n\n\n\n<h3 id=\"the-spark-that-started-the-flame\" class=\"wp-block-heading\">A fa\u00edsca que iniciou a chama&nbsp;<\/h3>\n\n\n\n<p>Bratislava, a obscura capital da Checoslov\u00e1quia, tornou-se um centro de rebeli\u00e3o contra o regime comunista. Ap\u00f3s o assassinato do manifestante estudantil Martin \u0160m\u00edd numa manifesta\u00e7\u00e3o em Praga, em <strong>novembro de 1989<\/strong>Em 1945, os habitantes de Bratislava revoltaram-se contra o governo autorit\u00e1rio. A queda de \u0160m\u00edd inspirou a juventude de Bratislava a promover a mudan\u00e7a e a transformar a sua cidade.<\/p>\n\n\n\n<h3 id=\"the-streets-awaken\" class=\"wp-block-heading\">As ruas despertam<\/h3>\n\n\n\n<p>O ativismo cresceu nas ruas de Bratislava. Centenas de estudantes, trabalhadores e intelectuais cantaram pela liberdade, pela democracia e pelo fim do comunismo nas pra\u00e7as. A Pra\u00e7a da Liberdade, antiga Pra\u00e7a do Pal\u00e1cio da Justi\u00e7a, assistiu a discursos apaixonados, argumentos ardentes e uma na\u00e7\u00e3o unida.<\/p>\n\n\n\n<h3 id=\"the-power-of-unity\" class=\"wp-block-heading\">O poder da unidade<\/h3>\n\n\n\n<p>A Revolu\u00e7\u00e3o de Veludo demonstrou o incr\u00edvel potencial da unidade. Todos se juntaram em prol da emancipa\u00e7\u00e3o, desde os oper\u00e1rios aos acad\u00e9micos e artistas de cabelo encaracolado. A cadeia humana entre Bratislava e Viena significou a unidade da Europa Oriental e Ocidental e a universalidade da mudan\u00e7a.<\/p>\n\n\n\n<h3 id=\"bratislavas-bloodless-uprising\" class=\"wp-block-heading\">A revolta sem sangue de Bratislava<\/h3>\n\n\n\n<p>A Revolu\u00e7\u00e3o de Veludo foi pac\u00edfica. Os cidad\u00e3os de Bratislava ajudaram a manter a revolu\u00e7\u00e3o sem derramamento de sangue. A poesia, o teatro e as manifesta\u00e7\u00f5es n\u00e3o violentas substitu\u00edram a viol\u00eancia para protestar contra o regime tir\u00e2nico. O mundo ficou maravilhado com o facto de Bratislava ter inspirado futuras revoltas.<\/p>\n\n\n\n<h2 id=\"turning-point-tracing-17-november-1989-events\" class=\"wp-block-heading\">Turning Point Tracing 17 de novembro de 1989 Eventos<\/h2>\n\n\n\n<p>Em 17 de novembro de 1989, verificou-se uma mudan\u00e7a dram\u00e1tica no clima pol\u00edtico da Checoslov\u00e1quia, que \u00e9 considerada um ponto de viragem na hist\u00f3ria do pa\u00eds. Vejamos o que aconteceu nesse dia e como preparou o terreno para a Revolu\u00e7\u00e3o de Veludo, que p\u00f4s fim ao controlo comunista na Checoslov\u00e1quia.<\/p>\n\n\n\n<h3 id=\"background-of-repression\" class=\"wp-block-heading\">Antecedentes da repress\u00e3o<\/h3>\n\n\n\n<p>Durante o reinado comunista de Gust\u00e1v Hus\u00e1k na <a href=\"https:\/\/prague.org\/pt\/checoslovaquia-pais\/\">pa\u00eds da Checoslov\u00e1quia<\/a>A ditadura foi um per\u00edodo de transi\u00e7\u00e3o, em que prevaleceram a repress\u00e3o pol\u00edtica, a censura e a restri\u00e7\u00e3o das liberdades civis. A ditadura manteve o poder atrav\u00e9s da implementa\u00e7\u00e3o de uma economia sob controlo centralizado e de uma forte conformidade ideol\u00f3gica.<\/p>\n\n\n\n<h3 id=\"november-17-uprising\" class=\"wp-block-heading\">Revolta de 17 de novembro<\/h3>\n\n\n\n<p>O <strong>17 de novembro de 1989 <\/strong>A revolta come\u00e7ou durante um protesto de estudantes em Praga. O selvagem ataque policial \u00e0 manifesta\u00e7\u00e3o pac\u00edfica alimentou a indigna\u00e7\u00e3o popular e desencadeou uma onda de agita\u00e7\u00e3o que rapidamente se espalhou por todo o pa\u00eds, incluindo Bratislava.<\/p>\n\n\n\n<h3 id=\"bratislavas-response\" class=\"wp-block-heading\">Resposta de Bratislava<\/h3>\n\n\n\n<p>Os cidad\u00e3os da capital da Eslov\u00e1quia, Bratislava, responderam a uma exig\u00eancia de mudan\u00e7a a n\u00edvel nacional. A cidade de Bratislava foi palco de manifesta\u00e7\u00f5es maci\u00e7as que exigiam o fim do regime de partido \u00fanico e a introdu\u00e7\u00e3o da democracia. As pra\u00e7as e os monumentos da cidade reflectiam a voz colectiva do povo que se erguia contra anos de tirania comunista.<\/p>\n\n\n\n<h3 id=\"emergence-of-civic-forum-in-bratislava\" class=\"wp-block-heading\">Surgimento do F\u00f3rum C\u00edvico em Bratislava<\/h3>\n\n\n\n<p>O F\u00f3rum C\u00edvico, uma combina\u00e7\u00e3o de dissidentes e acad\u00e9micos, emergiu como uma for\u00e7a significativa de reforma durante as manifesta\u00e7\u00f5es de Bratislava. O F\u00f3rum C\u00edvico de Bratislava tornou-se um local de encontro das opini\u00f5es da oposi\u00e7\u00e3o, que apelava \u00e0 reforma pol\u00edtica, \u00e0 realiza\u00e7\u00e3o de elei\u00e7\u00f5es livres e ao fim do governo comunista.<\/p>\n\n\n\n<h3 id=\"solidarity-across-borders\" class=\"wp-block-heading\">Solidariedade para al\u00e9m das fronteiras<\/h3>\n\n\n\n<p>Bratislava promoveu a unidade transfronteiri\u00e7a, tanto na Eslov\u00e1quia como entre eslovacos e checos. O esfor\u00e7o comum contra o regime comunista refor\u00e7ou os la\u00e7os entre os dois pa\u00edses, abrindo caminho \u00e0 desintegra\u00e7\u00e3o pac\u00edfica da Checoslov\u00e1quia em 1993.<\/p>\n\n\n\n<h3 id=\"resignation-of-the-communist-government\" class=\"wp-block-heading\">Demiss\u00e3o do Governo Comunista<\/h3>\n\n\n\n<p>A administra\u00e7\u00e3o comunista demitiu-se devido \u00e0 press\u00e3o dos manifestantes em Bratislava e aos protestos a n\u00edvel nacional. No meio de uma oposi\u00e7\u00e3o generalizada, o Governo, incluindo o Presidente Gust\u00e1v Hus\u00e1k, demitiu-se no in\u00edcio de dezembro de 1989, assinalando uma viragem importante no panorama pol\u00edtico.<\/p>\n\n\n\n<h3 id=\"vaclav-havels-presidency\" class=\"wp-block-heading\">Presid\u00eancia de V\u00e1clav Havel<\/h3>\n\n\n\n<p>V\u00e1clav Havel tornou-se presidente em 29 de dezembro de 1989, ap\u00f3s o fim do governo comunista. Este acontecimento hist\u00f3rico marcou o triunfo da Revolu\u00e7\u00e3o de Veludo e o in\u00edcio de um per\u00edodo democr\u00e1tico na Checoslov\u00e1quia.<\/p>\n\n\n\n<h2 id=\"discover-a-month-of-transformation-from-the-velvet-revolution-on-november-17-1989\" class=\"wp-block-heading\">Descubra um m\u00eas de transforma\u00e7\u00e3o a partir da Revolu\u00e7\u00e3o de Veludo de 17 de novembro de 1989<\/h2>\n\n\n\n<p>O <strong>17 de novembro 1989 Revolu\u00e7\u00e3o de Veludo <\/strong>mudou o pa\u00eds e o mundo. Este momento revolucion\u00e1rio teve efeitos pol\u00edticos, sociais e culturais que ultrapassaram o fim da ditadura comunista.<\/p>\n\n\n\n<h3 id=\"political-change-and-democratization\" class=\"wp-block-heading\">Mudan\u00e7a pol\u00edtica e democratiza\u00e7\u00e3o<\/h3>\n\n\n\n<p>Este foi o resultado mais \u00f3bvio e tang\u00edvel. A democracia emergiu ap\u00f3s a demiss\u00e3o da administra\u00e7\u00e3o comunista e o estabelecimento de um novo sistema.<\/p>\n\n\n\n<p>Al\u00e9m disso, a Revolta de Veludo p\u00f4s termo a anos de regime autorit\u00e1rio, estabelecendo institui\u00e7\u00f5es democr\u00e1ticas como elei\u00e7\u00f5es livres e justas.<\/p>\n\n\n\n<h3 id=\"civic-society-and-activism-birth\" class=\"wp-block-heading\">Nascimento da Sociedade C\u00edvica e do Ativismo<\/h3>\n\n\n\n<p>O F\u00f3rum C\u00edvico simbolizou a rebeli\u00e3o contra a autoridade. O movimento mostrou como uma sociedade civil unida pode exigir reformas pol\u00edticas e lutar contra a opress\u00e3o.<\/p>\n\n\n\n<p>Al\u00e9m disso, a Revolu\u00e7\u00e3o de Veludo deu aos cidad\u00e3os uma palavra a dizer sobre o futuro do seu pa\u00eds. A participa\u00e7\u00e3o c\u00edvica e o servi\u00e7o c\u00edvico tornaram-se valores nacionais.<\/p>\n\n\n\n<h3 id=\"nonviolent-resistance-symbol\" class=\"wp-block-heading\">S\u00edmbolo da Resist\u00eancia N\u00e3o-Violenta<\/h3>\n\n\n\n<p>A n\u00e3o-viol\u00eancia da Revolu\u00e7\u00e3o de Veludo inspirou a resist\u00eancia aos regimes autorit\u00e1rios em todo o mundo. Este m\u00e9todo inspirou revolu\u00e7\u00f5es pela liberdade e pelos direitos humanos ap\u00f3s o seu \u00eaxito.<\/p>\n\n\n\n<h3 id=\"cultural-and-intellectual-renaissance\" class=\"wp-block-heading\">Renascimento cultural e intelectual<\/h3>\n\n\n\n<p>Ap\u00f3s as restri\u00e7\u00f5es, a arte e o pensamento floresceram. A liberdade de express\u00e3o promoveu um renascimento das obras liter\u00e1rias, das artes e dos meios de comunica\u00e7\u00e3o social, mostrando a cultura viva da na\u00e7\u00e3o.<\/p>\n\n\n\n<p>Lideran\u00e7a intelectual: O dramaturgo dissidente que se tornou l\u00edder V\u00e1clav Havel foi o exemplo da lideran\u00e7a intelectual da Revolu\u00e7\u00e3o de Veludo. Os intelectuais moldaram a sociedade p\u00f3s-revolucion\u00e1ria.<\/p>\n\n\n\n<h3 id=\"restructuring-and-modernizing-the-economy\" class=\"wp-block-heading\">Reestrutura\u00e7\u00e3o e moderniza\u00e7\u00e3o da economia<\/h3>\n\n\n\n<p>Ap\u00f3s a revolu\u00e7\u00e3o, foram implementadas reformas econ\u00f3micas orientadas para o mercado. A Checoslov\u00e1quia cresceu e modernizou-se, passando de um sistema rigidamente controlado para uma economia orientada para o mercado.<\/p>\n\n\n\n<h2 id=\"remembering-november-17-1989-in-czechoslovakia\" class=\"wp-block-heading\">Recordar o 17 de novembro de 1989 na Checoslov\u00e1quia<\/h2>\n\n\n\n<p>O <strong>17 de novembro de 1989<\/strong>A Uni\u00e3o Europeia \u00e9 um testemunho vivo da for\u00e7a da solidariedade, da tenacidade da alma humana e da busca obstinada da igualdade e da liberdade.&nbsp;<\/p>\n\n\n\n<p>A hist\u00f3ria e a <a href=\"https:\/\/prague.org\/pt\/tudo-o-que-precisa-de-saber-sobre-a-cultura-checa\/\">a rica cultura checa<\/a> A Rep\u00fablica Checa e a Eslov\u00e1quia foram transformadas no que s\u00e3o atualmente a Rep\u00fablica Checa e a Eslov\u00e1quia durante este m\u00eas de mudan\u00e7a.&nbsp;<\/p>\n\n\n\n<p>Ao recordarmos este dia hist\u00f3rico, temos de honrar os sacrif\u00edcios feitos por aqueles que lutaram corajosamente pela nossa liberdade; eles inspiraram-nos a manter vivos os fogos da liberdade que foram acesos nesse dia nas nossas vidas e nas vidas daqueles que nos rodeiam.&nbsp;<\/p>\n\n\n\n<div data-gyg-href=\"https:\/\/widget.getyourguide.com\/default\/city.frame\" data-gyg-location-id=\"10\" data-gyg-locale-code=\"en-US\" data-gyg-widget=\"city\" data-gyg-partner-id=\"U94OQGQ\"><\/div>","protected":false},"excerpt":{"rendered":"O dia 17 de novembro de 1989 marca o ponto de viragem na hist\u00f3ria da Checoslov\u00e1quia, dando in\u00edcio a uma s\u00e9rie de acontecimentos...","protected":false},"author":2,"featured_media":12572,"comment_status":"closed","ping_status":"closed","sticky":false,"template":"","format":"standard","meta":{"footnotes":""},"categories":[39,15,204],"tags":[49],"table_tags":[],"_links":{"self":[{"href":"https:\/\/prague.org\/pt\/wp-json\/wp\/v2\/posts\/12570"}],"collection":[{"href":"https:\/\/prague.org\/pt\/wp-json\/wp\/v2\/posts"}],"about":[{"href":"https:\/\/prague.org\/pt\/wp-json\/wp\/v2\/types\/post"}],"author":[{"embeddable":true,"href":"https:\/\/prague.org\/pt\/wp-json\/wp\/v2\/users\/2"}],"replies":[{"embeddable":true,"href":"https:\/\/prague.org\/pt\/wp-json\/wp\/v2\/comments?post=12570"}],"version-history":[{"count":4,"href":"https:\/\/prague.org\/pt\/wp-json\/wp\/v2\/posts\/12570\/revisions"}],"predecessor-version":[{"id":12595,"href":"https:\/\/prague.org\/pt\/wp-json\/wp\/v2\/posts\/12570\/revisions\/12595"}],"wp:featuredmedia":[{"embeddable":true,"href":"https:\/\/prague.org\/pt\/wp-json\/wp\/v2\/media\/12572"}],"wp:attachment":[{"href":"https:\/\/prague.org\/pt\/wp-json\/wp\/v2\/media?parent=12570"}],"wp:term":[{"taxonomy":"category","embeddable":true,"href":"https:\/\/prague.org\/pt\/wp-json\/wp\/v2\/categories?post=12570"},{"taxonomy":"post_tag","embeddable":true,"href":"https:\/\/prague.org\/pt\/wp-json\/wp\/v2\/tags?post=12570"},{"taxonomy":"table_tags","embeddable":true,"href":"https:\/\/prague.org\/pt\/wp-json\/wp\/v2\/table_tags?post=12570"}],"curies":[{"name":"wp","href":"https:\/\/api.w.org\/{rel}","templated":true}]}}