{"id":13324,"date":"2024-05-03T08:14:32","date_gmt":"2024-05-03T06:14:32","guid":{"rendered":"https:\/\/prague.org\/?p=13324"},"modified":"2024-05-03T08:14:36","modified_gmt":"2024-05-03T06:14:36","slug":"may-8th-in-czech-history-and-events","status":"publish","type":"post","link":"https:\/\/prague.org\/pt\/8-de-maio-na-historia-e-eventos-da-republica-checa\/","title":{"rendered":"8 de maio na Rep\u00fablica Checa: Comemora\u00e7\u00e3o do fim da Segunda Guerra Mundial"},"content":{"rendered":"<p>O<strong> 8\u00aa<\/strong> <strong>Feriado de maio na Rep\u00fablica Checa, <\/strong>conhecido como o Dia da Vit\u00f3ria na Europa (V-E Day), assinala o fim da Segunda Guerra Mundial na Europa e a liberta\u00e7\u00e3o da Rep\u00fablica Checa do dom\u00ednio nazi. No artigo que se segue, analisaremos o significado hist\u00f3rico do <strong>8\u00aa<\/strong> <strong>Feriado de maio na Rep\u00fablica Checa<\/strong>e a forma como \u00e9 celebrado.<\/p>\n\n\n\n<p>No Dia da Vit\u00f3ria, os checos recordam as dezenas de milhares de vidas perdidas na guerra pela liberdade e prestam homenagem aos her\u00f3is que lutaram por ela. Este \u00e9 um dia para recordar a tenacidade e a perseveran\u00e7a do povo checo em tempos dif\u00edceis e para celebrar o seu empenho na paz, na justi\u00e7a e na unidade nacional.<\/p>\n\n\n\n<p>Enquanto <strong>8 de maio<\/strong> n\u00e3o \u00e9 um oficial <a href=\"https:\/\/prague.org\/pt\/czech-republic-public-holidays\/\" data-type=\"link\" data-id=\"https:\/\/prague.org\/czech-republic-public-holidays\/\">feriado<\/a>O Dia da Vit\u00f3ria \u00e9 assinalado com uma reflex\u00e3o solene e eventos comemorativos em todo o pa\u00eds. O Dia da Vit\u00f3ria \u00e9 um momento para honrar os sacrif\u00edcios feitos pelos antepassados checos e honrar a sua mem\u00f3ria com concertos musicais, desfiles e rituais de coloca\u00e7\u00e3o de coroas de flores em memoriais de guerra.<\/p>\n\n\n\n<h2 id=\"the-historical-significance-of-may-8th-in-the-czech-republic\" class=\"wp-block-heading\">O significado hist\u00f3rico do 8 de maio na Rep\u00fablica Checa<\/h2>\n\n\n\n<p>Para os checos, o dia 8 de maio de 1945 \u00e9 um importante ponto de viragem na hist\u00f3ria, uma vez que marca o fim da <strong>Data de fim da 2\u00aa Guerra Mundial <\/strong>e a eventual liberta\u00e7\u00e3o da Checoslov\u00e1quia do dom\u00ednio nazi. O Dia V-E, ou Dia da Vit\u00f3ria na Europa, \u00e9 celebrado anualmente nesta data para comemorar o fim da longa e \u00e1rdua luta do povo checoslovaco pela <a href=\"https:\/\/prague.org\/pt\/a-ocupacao-nazi-de-praga-entao-e-agora\/\">liberta\u00e7\u00e3o da ocupa\u00e7\u00e3o nazi<\/a> da sua p\u00e1tria. V\u00e1rias considera\u00e7\u00f5es importantes esclarecem o significado do 8 de maio:<\/p>\n\n\n\n<h3 id=\"evacuation-from-nazi-control\" class=\"wp-block-heading\">Evacua\u00e7\u00e3o do controlo nazi<\/h3>\n\n\n\n<p>A entrega formal de <a href=\"https:\/\/prague.org\/pt\/a-ocupacao-nazi-de-praga-entao-e-agora\/\" data-type=\"link\" data-id=\"https:\/\/prague.org\/the-nazi-occupation-of-prague-then-and-now\/\">Nazi <\/a>A Alemanha teve lugar em <strong>8 de maio de 1945,<\/strong> que assinala o fim da Segunda Guerra Mundial na Europa. Este dia assinala o restabelecimento da soberania e da autodetermina\u00e7\u00e3o da Checoslov\u00e1quia, bem como a liberta\u00e7\u00e3o de Praga e de outras cidades do dom\u00ednio nazi.<\/p>\n\n\n\n<h3 id=\"end-of-wwii\" class=\"wp-block-heading\">Fim da Segunda Guerra Mundial<\/h3>\n\n\n\n<p>Para os cidad\u00e3os checoslovacos, que tinham sofrido durante anos de opress\u00e3o e sofrimento, a <strong>Data de fim da 2\u00aa Guerra Mundial <\/strong>foi uma fonte de al\u00edvio e otimismo. Depois de os Aliados terem derrotado os nazis a 8 de maio, deram in\u00edcio a um per\u00edodo de relativa calma e estabilidade. Ap\u00f3s a rendi\u00e7\u00e3o da Alemanha nazi, a 8 de maio de 1945, a Rep\u00fablica Checa e o resto do continente europeu come\u00e7aram a recuperar, a reconciliar-se e a reconstruir-se.<\/p>\n\n\n\n<figure class=\"wp-block-image size-large\"><img decoding=\"async\" width=\"1024\" height=\"771\" src=\"https:\/\/prague.org\/wp-content\/uploads\/2024\/05\/austrian-national-library-nZ-gHiVtFWE-unsplash-1-1024x771.jpg\" alt=\"\" class=\"wp-image-13325\" srcset=\"https:\/\/prague.org\/wp-content\/uploads\/2024\/05\/austrian-national-library-nZ-gHiVtFWE-unsplash-1-1024x771.jpg 1024w, https:\/\/prague.org\/wp-content\/uploads\/2024\/05\/austrian-national-library-nZ-gHiVtFWE-unsplash-1-300x225.jpg 300w, https:\/\/prague.org\/wp-content\/uploads\/2024\/05\/austrian-national-library-nZ-gHiVtFWE-unsplash-1-768x578.jpg 768w, https:\/\/prague.org\/wp-content\/uploads\/2024\/05\/austrian-national-library-nZ-gHiVtFWE-unsplash-1-1536x1156.jpg 1536w, https:\/\/prague.org\/wp-content\/uploads\/2024\/05\/austrian-national-library-nZ-gHiVtFWE-unsplash-1-2048x1542.jpg 2048w, https:\/\/prague.org\/wp-content\/uploads\/2024\/05\/austrian-national-library-nZ-gHiVtFWE-unsplash-1-16x12.jpg 16w, https:\/\/prague.org\/wp-content\/uploads\/2024\/05\/austrian-national-library-nZ-gHiVtFWE-unsplash-1-200x150.jpg 200w, https:\/\/prague.org\/wp-content\/uploads\/2024\/05\/austrian-national-library-nZ-gHiVtFWE-unsplash-1-260x195.jpg 260w, https:\/\/prague.org\/wp-content\/uploads\/2024\/05\/austrian-national-library-nZ-gHiVtFWE-unsplash-1-380x286.jpg 380w, https:\/\/prague.org\/wp-content\/uploads\/2024\/05\/austrian-national-library-nZ-gHiVtFWE-unsplash-1-800x602.jpg 800w, https:\/\/prague.org\/wp-content\/uploads\/2024\/05\/austrian-national-library-nZ-gHiVtFWE-unsplash-1-1160x873.jpg 1160w, https:\/\/prague.org\/wp-content\/uploads\/2024\/05\/austrian-national-library-nZ-gHiVtFWE-unsplash-1-600x452.jpg 600w, https:\/\/prague.org\/wp-content\/uploads\/2024\/05\/austrian-national-library-nZ-gHiVtFWE-unsplash-1-scaled.jpg 2560w\" sizes=\"(max-width: 1024px) 100vw, 1024px\" \/><figcaption class=\"wp-element-caption\">Fotografia da Segunda Guerra Mundial<\/figcaption><\/figure>\n\n\n\n<h3 id=\"sacrifices-and-struggle\" class=\"wp-block-heading\">Sacrif\u00edcios e lutas<\/h3>\n\n\n\n<p>Para recordar a coragem e o altru\u00edsmo do povo checoslovaco face \u00e0 opress\u00e3o nazi, o dia 8 de maio \u00e9 considerado feriado nacional. Na luta contra a ocupa\u00e7\u00e3o nazi, centenas de milhares de checos morreram e muitos mais foram presos, perseguidos e sofreram. Neste sombrio dia 8 de maio, os checos recordam a coragem, a for\u00e7a e a determina\u00e7\u00e3o do seu povo em tempos dif\u00edceis.<\/p>\n\n\n\n<h3 id=\"restoration-to-self-sufficiency\" class=\"wp-block-heading\">Restaura\u00e7\u00e3o da autossufici\u00eancia<\/h3>\n\n\n\n<p>O regresso ao seu antigo estatuto de soberania em<strong> 8 de maio<\/strong>A Checoslov\u00e1quia esteve sob dom\u00ednio estrangeiro durante muitos anos. A reconstru\u00e7\u00e3o da Rep\u00fablica Checa como uma sociedade democr\u00e1tica, livre e orientada para os direitos humanos foi poss\u00edvel gra\u00e7as ao fim da Segunda Guerra Mundial. A tenacidade e a determina\u00e7\u00e3o do povo checo em restaurar a sua independ\u00eancia e identidade s\u00e3o celebradas a 8 de maio.<\/p>\n\n\n\n<h2 id=\"may-8-1945-the-end-of-world-war-ii-in-the-czech-lands\" class=\"wp-block-heading\">8 de maio de 1945: O fim da Segunda Guerra Mundial em terras checas<\/h2>\n\n\n\n<p>Para a Rep\u00fablica Checa, \"O fim da Segunda Guerra Mundial em territ\u00f3rio checo\" representa um momento decisivo na sua hist\u00f3ria. Em reconhecimento do fim da Segunda Guerra Mundial na Europa e da liberta\u00e7\u00e3o da Checoslov\u00e1quia do dom\u00ednio nazi, esta data \u00e9 conhecida como o Dia da Vit\u00f3ria na Europa (V-E Day).&nbsp;<\/p>\n\n\n\n<p>Anos de resist\u00eancia, sacrif\u00edcio e perseveran\u00e7a do povo checo contra a tirania nazi chegaram ao fim no dia 8 de maio. Este dia marca o in\u00edcio de uma nova era de liberdade e tranquilidade e o regresso da independ\u00eancia e da soberania.&nbsp;<\/p>\n\n\n\n<p>Os esfor\u00e7os her\u00f3icos e os sacrif\u00edcios altru\u00edstas do povo checoslovaco que lutou pela sua liberdade s\u00e3o recordados com profundo respeito e apre\u00e7o na <strong>8\u00aa<\/strong> <strong>Feriado de maio na Rep\u00fablica Checa<\/strong>. \u00c9 uma recorda\u00e7\u00e3o pungente do valor de recordar a sua hist\u00f3ria e reafirmar a sua dedica\u00e7\u00e3o \u00e0 democracia, aos direitos humanos e \u00e0 paz.&nbsp;<\/p>\n\n\n\n<p>A Rep\u00fablica Checa recorda os sacrif\u00edcios feitos por aqueles que lutaram pela liberdade e pela justi\u00e7a em 8 de maio de 1945, atrav\u00e9s de v\u00e1rias comemora\u00e7\u00f5es e eventos memoriais.<\/p>\n\n\n\n<h2 id=\"public-celebrations-and-events-on-may-8th-in-the-czech-republic\" class=\"wp-block-heading\">Celebra\u00e7\u00f5es p\u00fablicas e eventos a 8 de maio na Rep\u00fablica Checa<\/h2>\n\n\n\n<p>Os eventos culturais, as cerim\u00f3nias f\u00fanebres e as comemora\u00e7\u00f5es que t\u00eam lugar no <strong>8\u00aa<\/strong> <strong>Feriado de maio na Rep\u00fablica Checa<\/strong> honrar a mem\u00f3ria daqueles que deram a vida durante a Segunda Guerra Mundial. A Rep\u00fablica Checa acolher\u00e1 uma s\u00e9rie de actividades p\u00fablicas e celebra\u00e7\u00f5es no dia 8 de maio, incluindo<\/p>\n\n\n\n<h3 id=\"commemorations-by-the-officials\" class=\"wp-block-heading\">Comemora\u00e7\u00f5es dos funcion\u00e1rios<\/h3>\n\n\n\n<p>Nas vilas e cidades de todo o pa\u00eds, as comemora\u00e7\u00f5es oficiais re\u00fanem funcion\u00e1rios do governo, dignit\u00e1rios e membros do p\u00fablico. Durante estas cerim\u00f3nias, s\u00e3o colocadas coroas de flores e proferidos discursos em mem\u00f3ria dos sacrif\u00edcios feitos pelos soldados e cidad\u00e3os checoslovacos durante a Segunda Guerra Mundial em memoriais de guerra, monumentos e locais hist\u00f3ricos.<\/p>\n\n\n\n<h3 id=\"ceremonies-for-laying-wreaths\" class=\"wp-block-heading\">Cerim\u00f3nias de coloca\u00e7\u00e3o de coroas de flores<\/h3>\n\n\n\n<p>Como forma de honrar a mem\u00f3ria daqueles que deram a vida para resistir \u00e0 ocupa\u00e7\u00e3o nazi, as cerim\u00f3nias de coloca\u00e7\u00e3o de coroas de flores s\u00e3o um aspeto integrante da<strong> 8 de maio <\/strong>comemora\u00e7\u00f5es. Como forma de recordar os corajosos e de agradecer o seu sacrif\u00edcio, os participantes deixam flores e coroas de flores nos memoriais de guerra e nas sepulturas.<\/p>\n\n\n\n<h3 id=\"memorial-services\" class=\"wp-block-heading\">Servi\u00e7os f\u00fanebres<\/h3>\n\n\n\n<p>As igrejas, sinagogas e outros locais de culto comemoram as vidas perdidas na Segunda Guerra Mundial atrav\u00e9s da realiza\u00e7\u00e3o de cerim\u00f3nias f\u00fanebres. Em mem\u00f3ria dos que partiram e na expetativa de um futuro de paz e reconcilia\u00e7\u00e3o, s\u00e3o proferidas leituras, hinos e ora\u00e7\u00f5es espec\u00edficas.<\/p>\n\n\n\n<h3 id=\"cultural-events-and-exhibitions\" class=\"wp-block-heading\">Eventos culturais e exposi\u00e7\u00f5es&nbsp;<\/h3>\n\n\n\n<p>Para homenagear o dia 8 de maio e chamar a aten\u00e7\u00e3o para o significado hist\u00f3rico da Segunda Guerra Mundial, est\u00e3o previstos eventos culturais, exposi\u00e7\u00f5es e programas educativos. A liberta\u00e7\u00e3o da Checoslov\u00e1quia e as experi\u00eancias do pa\u00eds durante a guerra podem ser objeto de exposi\u00e7\u00f5es especiais organizadas por museus, galerias e outras organiza\u00e7\u00f5es culturais.<\/p>\n\n\n\n<h3 id=\"parades-by-the-armies\" class=\"wp-block-heading\">Desfiles dos ex\u00e9rcitos<\/h3>\n\n\n\n<p>Em certas cidades, podem realizar-se desfiles militares e paradas em honra dos soldados checoslovacos e aliados que ajudaram a derrotar a Alemanha nazi. Veteranos, bandas militares e encena\u00e7\u00f5es hist\u00f3ricas s\u00e3o comuns nestes desfiles, que honram a liberta\u00e7\u00e3o que veio com o fim da guerra.<\/p>\n\n\n\n<h2 id=\"educational-and-memorial-activities-on-may-8th-across-the-czech-republic\" class=\"wp-block-heading\">Actividades educativas e comemorativas do 8 de maio em toda a Rep\u00fablica Checa<\/h2>\n\n\n\n<p>O fim da Segunda Guerra Mundial na Europa \u00e9 comemorado no dia <strong>8\u00aa<\/strong> de <strong>Feriado de maio na Rep\u00fablica Checa<\/strong>O dia de hoje \u00e9 um dia particularmente significativo na Rep\u00fablica Checa. Neste dia, as pessoas re\u00fanem-se para refletir sobre o impacto da guerra, prestar homenagem \u00e0queles que deram as suas vidas e ensinar \u00e0 pr\u00f3xima gera\u00e7\u00e3o o valor da mem\u00f3ria e da paz. Em toda a Rep\u00fablica Checa, o dia 8 de maio ser\u00e1 assinalado com os seguintes eventos educativos e comemorativos:<\/p>\n\n\n\n<h3 id=\"commemoration-of-the-holocaust\" class=\"wp-block-heading\">Comemora\u00e7\u00e3o do Holocausto<\/h3>\n\n\n\n<p>O<strong> 8\u00aa<\/strong> <strong>Feriado de maio na Rep\u00fablica Checa<\/strong> \u00e9 um dia para recordar o Holocausto. Em mem\u00f3ria dos milh\u00f5es de v\u00edtimas do Holocausto e num esfor\u00e7o de sensibiliza\u00e7\u00e3o para os horrores que ocorreram, as comunidades juntam-se. Para garantir que o Holocausto nunca \u00e9 esquecido, numerosas institui\u00e7\u00f5es e grupos educativos organizam cerim\u00f3nias memoriais, exposi\u00e7\u00f5es e palestras.<\/p>\n\n\n\n<h3 id=\"celebrations-of-liberation-day\" class=\"wp-block-heading\">Celebra\u00e7\u00f5es do Dia da Liberta\u00e7\u00e3o<\/h3>\n\n\n\n<p>Na Rep\u00fablica Checa, o dia 8 de maio \u00e9 um dia de comemora\u00e7\u00e3o e de alegria. \u00c9 celebrado no anivers\u00e1rio da liberta\u00e7\u00e3o da Checoslov\u00e1quia da ocupa\u00e7\u00e3o nazi e do fim da Segunda Guerra Mundial. Em todo o pa\u00eds, as pessoas juntam-se para honrar este marco hist\u00f3rico significativo com v\u00e1rias cerim\u00f3nias, marchas e outras actividades.<\/p>\n\n\n\n<h3 id=\"educational-workshops-and-seminars\" class=\"wp-block-heading\">Workshops e semin\u00e1rios educativos<\/h3>\n\n\n\n<p>A import\u00e2ncia educativa do 8 de maio e dos acontecimentos da Segunda Guerra Mundial \u00e9 ensinada por numerosas escolas e institui\u00e7\u00f5es atrav\u00e9s de workshops e semin\u00e1rios que se realizam nesse dia. O significado da mem\u00f3ria e da paz \u00e9 normalmente discutido nestes workshops, que contam frequentemente com palestras de historiadores, sobreviventes e especialistas sobre as consequ\u00eancias do conflito.<\/p>\n\n\n\n<h3 id=\"paying-tribute\" class=\"wp-block-heading\">Presta\u00e7\u00e3o de homenagem<\/h3>\n\n\n\n<p>No dia 8 de maio, um grande n\u00famero de pessoas ir\u00e1 prestar homenagem aos mortos da Segunda Guerra Mundial. Muitas pessoas deslocam-se a marcos hist\u00f3ricos, memoriais e campos de concentra\u00e7\u00e3o para honrar o passado e contemplar o presente.<\/p>\n\n\n\n<h3 id=\"documentaries-and-film-screenings\" class=\"wp-block-heading\">Document\u00e1rios e projec\u00e7\u00f5es de filmes<\/h3>\n\n\n\n<p>No <strong>8\u00aa<\/strong> <strong>Feriado de maio na Rep\u00fablica Checa<\/strong>Muitos tamb\u00e9m v\u00e3o ver document\u00e1rios e filmes sobre o Holocausto e a Segunda Guerra Mundial. Estas projec\u00e7\u00f5es s\u00e3o uma excelente forma de ensinar as pessoas sobre a hist\u00f3ria e os acontecimentos que ocorreram durante esse per\u00edodo.<\/p>\n\n\n\n<div data-gyg-href=\"https:\/\/widget.getyourguide.com\/default\/city.frame\" data-gyg-location-id=\"10\" data-gyg-locale-code=\"en-US\" data-gyg-widget=\"city\" data-gyg-partner-id=\"U94OQGQ\"><\/div>","protected":false},"excerpt":{"rendered":"O feriado de 8 de maio na Rep\u00fablica Checa, conhecido como Dia da Vit\u00f3ria na Europa (V-E Day), assinala...","protected":false},"author":19,"featured_media":13326,"comment_status":"closed","ping_status":"closed","sticky":false,"template":"","format":"standard","meta":{"footnotes":""},"categories":[15,204,39],"tags":[],"table_tags":[],"_links":{"self":[{"href":"https:\/\/prague.org\/pt\/wp-json\/wp\/v2\/posts\/13324"}],"collection":[{"href":"https:\/\/prague.org\/pt\/wp-json\/wp\/v2\/posts"}],"about":[{"href":"https:\/\/prague.org\/pt\/wp-json\/wp\/v2\/types\/post"}],"author":[{"embeddable":true,"href":"https:\/\/prague.org\/pt\/wp-json\/wp\/v2\/users\/19"}],"replies":[{"embeddable":true,"href":"https:\/\/prague.org\/pt\/wp-json\/wp\/v2\/comments?post=13324"}],"version-history":[{"count":2,"href":"https:\/\/prague.org\/pt\/wp-json\/wp\/v2\/posts\/13324\/revisions"}],"predecessor-version":[{"id":13341,"href":"https:\/\/prague.org\/pt\/wp-json\/wp\/v2\/posts\/13324\/revisions\/13341"}],"wp:featuredmedia":[{"embeddable":true,"href":"https:\/\/prague.org\/pt\/wp-json\/wp\/v2\/media\/13326"}],"wp:attachment":[{"href":"https:\/\/prague.org\/pt\/wp-json\/wp\/v2\/media?parent=13324"}],"wp:term":[{"taxonomy":"category","embeddable":true,"href":"https:\/\/prague.org\/pt\/wp-json\/wp\/v2\/categories?post=13324"},{"taxonomy":"post_tag","embeddable":true,"href":"https:\/\/prague.org\/pt\/wp-json\/wp\/v2\/tags?post=13324"},{"taxonomy":"table_tags","embeddable":true,"href":"https:\/\/prague.org\/pt\/wp-json\/wp\/v2\/table_tags?post=13324"}],"curies":[{"name":"wp","href":"https:\/\/api.w.org\/{rel}","templated":true}]}}