{"id":14323,"date":"2025-06-30T09:04:05","date_gmt":"2025-06-30T07:04:05","guid":{"rendered":"https:\/\/prague.org\/?p=14323"},"modified":"2025-07-02T18:40:51","modified_gmt":"2025-07-02T16:40:51","slug":"franz-kafka-exhibition-prague","status":"publish","type":"post","link":"https:\/\/prague.org\/pt\/exposicao-franz-kafka-em-praga\/","title":{"rendered":"Exposi\u00e7\u00e3o de Franz Kafka em Praga - Um vislumbre do seu mundo interior"},"content":{"rendered":"<p><span style=\"font-weight: 400;\">O<\/span><b> Exposi\u00e7\u00e3o de Franz Kafka em Praga<\/b><span style=\"font-weight: 400;\"> \u00e9 uma viagem imersiva e estimulante \u00e0 vida e aos pensamentos de uma das figuras mais famosas da literatura. O<\/span><b> Exposi\u00e7\u00e3o de Franz Kafka em Praga<\/b><span style=\"font-weight: 400;\">A exposi\u00e7\u00e3o, situada no interior da antiga f\u00e1brica de tijolos Herget (Hergetova Cihelna), junto ao rio Vltava, em Mal\u00e1 Strana, combina um design sombrio e atmosf\u00e9rico com uma narrativa audiovisual para revelar o mundo interior de Kafka e os seus la\u00e7os profundos com Praga.<\/span><\/p>\n<p>&nbsp;<\/p>\n<h2 id=\"inside-the-franz-kafka-museum\"><span style=\"font-weight: 400;\">O interior do Museu Franz Kafka<\/span><\/h2>\n<p><span style=\"font-weight: 400;\">O <\/span><b>Exposi\u00e7\u00e3o de Franz Kafka em Praga<\/b><span style=\"font-weight: 400;\"> est\u00e1 instalada na hist\u00f3rica Hergetova Cihelna, uma antiga f\u00e1brica de tijolos no centro de Mal\u00e1 Strana. A exposi\u00e7\u00e3o foi inicialmente organizada para mostras em Barcelona e Nova Iorque antes de encontrar uma casa permanente em Praga, em 2005.  A exposi\u00e7\u00e3o est\u00e1 dividida em duas sec\u00e7\u00f5es tem\u00e1ticas:<\/span><\/p>\n<h3 id=\"existential-space\"><span style=\"font-weight: 400;\">Espa\u00e7o existencial<\/span><\/h3>\n<p><span style=\"font-weight: 400;\">Esta sec\u00e7\u00e3o centra-se nos problemas pessoais de Kafka atrav\u00e9s de exposi\u00e7\u00f5es de cartas, manuscritos e primeiras edi\u00e7\u00f5es.<\/span><\/p>\n<h3 id=\"imaginary-topography\"><span style=\"font-weight: 400;\">Topografia imagin\u00e1ria<\/span><\/h3>\n<p><span style=\"font-weight: 400;\">Este \u00e9 um mapa surrealista da Praga de Kafka que combina locais f\u00edsicos com a paisagem emocional dos seus romances.<\/span><\/p>\n<p><span style=\"font-weight: 400;\">Os visitantes encontrar\u00e3o di\u00e1rios, imagens, publica\u00e7\u00f5es aut\u00eanticas, modelos 3D e paisagens sonoras personalizadas que os transportam para o universo de Kafka. Todos os pormenores, desde a ilumina\u00e7\u00e3o \u00e0 disposi\u00e7\u00e3o, ajudam a criar um ambiente desconcertante, mas po\u00e9tico, que faz lembrar a escrita de Kafka.<\/span><\/p>\n<p>&nbsp;<\/p>\n<h2 id=\"franz-kafka-and-prague\"><span style=\"font-weight: 400;\">Franz Kafka e Praga<\/span><\/h2>\n<p><span style=\"font-weight: 400;\">Franz Kafka nasceu em Praga, em 1883, no seio de uma fam\u00edlia judia de l\u00edngua alem\u00e3, e a cidade teve uma profunda influ\u00eancia na sua identidade e imagina\u00e7\u00e3o. As suas obras-primas, incluindo O Julgamento, O Castelo e A Metamorfose, retratam a aliena\u00e7\u00e3o, a burocracia e a ang\u00fastia existencial que experimentou.<\/span><\/p>\n<p><span style=\"font-weight: 400;\">Este museu evoca a vida de Kafka em vez de a exibir simplesmente. Praga, com as suas torres g\u00f3ticas e a sua hist\u00f3ria rica, torna-se parte da exposi\u00e7\u00e3o, sublinhando a forma como a cidade encheu as obras de Kafka de tens\u00e3o e melancolia.<\/span><\/p>\n<figure id=\"attachment_14335\" aria-describedby=\"caption-attachment-14335\" style=\"width: 1510px\" class=\"wp-caption alignnone\"><img decoding=\"async\" class=\"wp-image-14335\" src=\"https:\/\/prague.org\/wp-content\/uploads\/2025\/06\/Franz-Kafka-Exhibition-Prague-01-1-300x172.jpg\" alt=\"Franz Kafka nasceu em Praga em 1883, no seio de uma fam\u00edlia judia de l\u00edngua alem\u00e3, e a cidade teve uma profunda influ\u00eancia na sua identidade e imagina\u00e7\u00e3o. \" width=\"1510\" height=\"866\" srcset=\"https:\/\/prague.org\/wp-content\/uploads\/2025\/06\/Franz-Kafka-Exhibition-Prague-01-1-300x172.jpg 300w, https:\/\/prague.org\/wp-content\/uploads\/2025\/06\/Franz-Kafka-Exhibition-Prague-01-1-768x439.jpg 768w, https:\/\/prague.org\/wp-content\/uploads\/2025\/06\/Franz-Kafka-Exhibition-Prague-01-1-18x10.jpg 18w, https:\/\/prague.org\/wp-content\/uploads\/2025\/06\/Franz-Kafka-Exhibition-Prague-01-1-380x217.jpg 380w, https:\/\/prague.org\/wp-content\/uploads\/2025\/06\/Franz-Kafka-Exhibition-Prague-01-1-600x343.jpg 600w\" sizes=\"(max-width: 1510px) 100vw, 1510px\" \/><figcaption id=\"caption-attachment-14335\" class=\"wp-caption-text\">Fonte Freepik<\/figcaption><\/figure>\n<h2 id=\"plan-your-visit-to-the-kafka-exhibition\"><span style=\"font-weight: 400;\">Planear a sua visita \u00e0 Exposi\u00e7\u00e3o Kafka<\/span><\/h2>\n<p><span style=\"font-weight: 400;\">Para ver a exposi\u00e7\u00e3o Franz Kafka em Praga, eis o que precisa de saber:<\/span><\/p>\n<h3 id=\"%f0%9f%93%8d-address\"><span style=\"font-weight: 400;\">\ud83d\udccd Endere\u00e7o<\/span><\/h3>\n<p><span style=\"font-weight: 400;\">Ciheln\u00e1 2b, Praga 1 - Mal\u00e1 Strana<\/span><\/p>\n<h3 id=\"%f0%9f%95%99-opening-hours\"><span style=\"font-weight: 400;\">\ud83d\udd59 Hor\u00e1rio de funcionamento<\/span><\/h3>\n<p><span style=\"font-weight: 400;\">Diariamente das 10:00 \u00e0s 18:00<\/span><\/p>\n<h3 id=\"%f0%9f%8e%9f%ef%b8%8f-ticket-prices\"><span style=\"font-weight: 400;\">\ud83c\udf9f\ufe0f Pre\u00e7os dos bilhetes<\/span><\/h3>\n<ul>\n<li style=\"font-weight: 400;\" aria-level=\"1\"><span style=\"font-weight: 400;\">Adultos: 300 CZK<\/span><\/li>\n<li style=\"font-weight: 400;\" aria-level=\"1\"><span style=\"font-weight: 400;\">Estudantes\/Seniores: 220 CZK<\/span><\/li>\n<li style=\"font-weight: 400;\" aria-level=\"1\"><span style=\"font-weight: 400;\">Fam\u00edlias: 800 CZK<\/span><\/li>\n<\/ul>\n<h3 id=\"%f0%9f%97%a3%ef%b8%8f-guided-tours\"><span style=\"font-weight: 400;\">\ud83d\udde3\ufe0f Visitas guiadas<\/span><\/h3>\n<ul>\n<li style=\"font-weight: 400;\" aria-level=\"1\"><span style=\"font-weight: 400;\">Est\u00e3o dispon\u00edveis visitas privadas opcionais em v\u00e1rias l\u00ednguas:<\/span><\/li>\n<li style=\"font-weight: 400;\" aria-level=\"1\"><span style=\"font-weight: 400;\">Checo, ingl\u00eas, alem\u00e3o, franc\u00eas e russo<\/span><\/li>\n<\/ul>\n<h3 id=\"%f0%9f%97%ba%ef%b8%8f-bonus-map-of-kafkas-prague\"><span style=\"font-weight: 400;\">\ud83d\uddfa\ufe0f B\u00f3nus: Mapa da Praga de Kafka<\/span><\/h3>\n<p><span style=\"font-weight: 400;\">\u00c9 fornecido um mapa completo em mais de 12 l\u00ednguas, permitindo aos visitantes explorar a vida de Kafka em Praga.<\/span><\/p>\n<p>&nbsp;<\/p>\n<h2 id=\"how-to-get-there-nearby-sights\"><span style=\"font-weight: 400;\">Como chegar e pontos de interesse pr\u00f3ximos<\/span><\/h2>\n<p><span style=\"font-weight: 400;\">O <\/span><b>Exposi\u00e7\u00e3o de Franz Kafka em Praga<\/b><span style=\"font-weight: 400;\"> est\u00e1 convenientemente localizado perto das paragens de metro e el\u00e9trico de Malostransk\u00e1. Est\u00e1 convenientemente localizado perto da Ponte Carlos e pode ser facilmente combinado com outros locais hist\u00f3ricos em <\/span><a href=\"https:\/\/prague.org\/pt\/cidade-menor-2\/\"><span style=\"font-weight: 400;\">Cidade Baixa<\/span><\/a><span style=\"font-weight: 400;\">.<\/span><\/p>\n<p><span style=\"font-weight: 400;\">Depois disso, d\u00ea um passeio na Ilha de Kampa, tome um caf\u00e9 no Caf\u00e9 Savoy ou explore as pequenas estradas que levam a <\/span><a href=\"https:\/\/prague.org\/pt\/castelo-de-praga-2\/\"><span style=\"font-weight: 400;\">Castelo de Praga<\/span><\/a><span style=\"font-weight: 400;\">. Os amantes da cultura tamb\u00e9m podem gostar:<\/span><\/p>\n<h3 id=\"kafkas-prague-walking-tour\"><span style=\"font-weight: 400;\">Visita guiada a Praga de Kafka<\/span><\/h3>\n<p><span style=\"font-weight: 400;\">Descubra a profunda liga\u00e7\u00e3o de Franz Kafka a Praga, enquanto v\u00ea os monumentos que influenciaram a sua vida e escrita. Visite os locais que inspiraram os seus romances, passeie pelas antigas casas da sua fam\u00edlia e descontraia num caf\u00e9 que ele frequentava. Ao longo do percurso, descubra como o ambiente e a hist\u00f3ria da cidade influenciaram a voz liter\u00e1ria distinta de Kafka, proporcionando um conhecimento mais profundo tanto do autor como do patrim\u00f3nio cultural de Praga.<\/span><\/p>\n<div data-gyg-href=\"https:\/\/widget.getyourguide.com\/default\/activities.frame\" data-gyg-locale-code=\"en-US\" data-gyg-widget=\"activities\" data-gyg-number-of-items=\"1\" data-gyg-partner-id=\"U94OQGQ\" data-gyg-tour-ids=\"56180\">Alimentado por <a href=\"https:\/\/www.getyourguide.com\/prague-l10\/\" target=\"_blank\" rel=\"noopener sponsored nofollow\">Obter o seu guia<\/a><\/div>\n<p>&nbsp;<\/p>\n<h3 id=\"skip-the-queue-prague-castle-tour\"><span style=\"font-weight: 400;\">Excurs\u00e3o ao Castelo de Praga sem filas<\/span><\/h3>\n<p><span style=\"font-weight: 400;\">Evite a fila dos bilhetes e percorra o deslumbrante complexo do Castelo de Praga ao seu pr\u00f3prio ritmo. Visite locais de destaque como a Catedral de S\u00e3o Vito, o Antigo Pal\u00e1cio Real, a Bas\u00edlica de S\u00e3o Jorge e a Golden Lane. Comece com uma introdu\u00e7\u00e3o de 20 minutos em ingl\u00eas e depois aprofunde-se com um audioguia m\u00f3vel opcional. Um guia online melhora a sua experi\u00eancia, destacando os principais pontos de refer\u00eancia, personalidades hist\u00f3ricas e tesouros art\u00edsticos ao longo da sua visita.<\/span><span style=\"font-weight: 400;\"><br \/>\n<\/span><\/p>\n<div data-gyg-href=\"https:\/\/widget.getyourguide.com\/default\/activities.frame\" data-gyg-locale-code=\"en-US\" data-gyg-widget=\"activities\" data-gyg-number-of-items=\"1\" data-gyg-partner-id=\"U94OQGQ\" data-gyg-tour-ids=\"53490\">Alimentado por <a href=\"https:\/\/www.getyourguide.com\/prague-castle-l2720\/\" target=\"_blank\" rel=\"noopener sponsored nofollow\">Obter o seu guia<\/a><\/div>\n<p>&nbsp;<\/p>\n<h2 id=\"why-visit-the-franz-kafka-museum-in-prague\"><span style=\"font-weight: 400;\">Porqu\u00ea visitar o Museu Franz Kafka em Praga<\/span><\/h2>\n<p><span style=\"font-weight: 400;\">O<\/span><b> Exposi\u00e7\u00e3o de Franz Kafka em Praga<\/b><span style=\"font-weight: 400;\"> oferece algo \u00fanico: um museu liter\u00e1rio que parece uma obra de arte. Sem um percurso linear ou exposi\u00e7\u00f5es instrutivas, o espa\u00e7o exige que os visitantes participem de forma emocional e intuitiva.<\/span><\/p>\n<p><span style=\"font-weight: 400;\">\u00c9 \u00f3timo para leitores, intelectuais e viajantes que procuram explorar os cantos mais obscuros de Praga. Enquanto a tradi\u00e7\u00e3o musical de Praga \u00e9 celebrada pela Orquestra Sinf\u00f3nica Nacional Checa e outras institui\u00e7\u00f5es culturais, o museu de Kafka fala em tons mais calmos e \u00edntimos. \u00c9 sobre o mundo interior, a tens\u00e3o silenciosa e a procura de significado num labirinto de espelhos.<\/span><\/p>\n<p><span style=\"font-weight: 400;\">Deixe que o Museu Franz Kafka lhe sirva de ponto de entrada para esse mundo, que \u00e9 simultaneamente inquietante e surpreendentemente familiar.<\/span><\/p>\n<p>&nbsp;<\/p>\n<p>Fonte das imagens: <a href=\"https:\/\/freepik.com\/\" rel=\"nofollow noopener\">Freepik <\/a>e <a href=\"https:\/\/cs.wikipedia.org\/\" target=\"_blank\" rel=\"nofollow noopener\">Wikip\u00e9dia<\/a><\/p>\n<div data-gyg-href=\"https:\/\/widget.getyourguide.com\/default\/city.frame\" data-gyg-location-id=\"10\" data-gyg-locale-code=\"en-US\" data-gyg-widget=\"city\" data-gyg-partner-id=\"U94OQGQ\"><\/div>","protected":false},"excerpt":{"rendered":"A Exposi\u00e7\u00e3o Franz Kafka em Praga \u00e9 uma viagem imersiva e estimulante \u00e0 vida e aos pensamentos de...","protected":false},"author":21,"featured_media":14336,"comment_status":"closed","ping_status":"closed","sticky":false,"template":"","format":"standard","meta":{"footnotes":""},"categories":[204,19,1],"tags":[66],"table_tags":[],"_links":{"self":[{"href":"https:\/\/prague.org\/pt\/wp-json\/wp\/v2\/posts\/14323"}],"collection":[{"href":"https:\/\/prague.org\/pt\/wp-json\/wp\/v2\/posts"}],"about":[{"href":"https:\/\/prague.org\/pt\/wp-json\/wp\/v2\/types\/post"}],"author":[{"embeddable":true,"href":"https:\/\/prague.org\/pt\/wp-json\/wp\/v2\/users\/21"}],"replies":[{"embeddable":true,"href":"https:\/\/prague.org\/pt\/wp-json\/wp\/v2\/comments?post=14323"}],"version-history":[{"count":3,"href":"https:\/\/prague.org\/pt\/wp-json\/wp\/v2\/posts\/14323\/revisions"}],"predecessor-version":[{"id":14337,"href":"https:\/\/prague.org\/pt\/wp-json\/wp\/v2\/posts\/14323\/revisions\/14337"}],"wp:featuredmedia":[{"embeddable":true,"href":"https:\/\/prague.org\/pt\/wp-json\/wp\/v2\/media\/14336"}],"wp:attachment":[{"href":"https:\/\/prague.org\/pt\/wp-json\/wp\/v2\/media?parent=14323"}],"wp:term":[{"taxonomy":"category","embeddable":true,"href":"https:\/\/prague.org\/pt\/wp-json\/wp\/v2\/categories?post=14323"},{"taxonomy":"post_tag","embeddable":true,"href":"https:\/\/prague.org\/pt\/wp-json\/wp\/v2\/tags?post=14323"},{"taxonomy":"table_tags","embeddable":true,"href":"https:\/\/prague.org\/pt\/wp-json\/wp\/v2\/table_tags?post=14323"}],"curies":[{"name":"wp","href":"https:\/\/api.w.org\/{rel}","templated":true}]}}