{"id":3093,"date":"2022-06-07T12:00:52","date_gmt":"2022-06-07T10:00:52","guid":{"rendered":"https:\/\/prague.org\/?p=3093"},"modified":"2023-08-03T15:20:57","modified_gmt":"2023-08-03T13:20:57","slug":"age-of-the-prague-astronomical-clock","status":"publish","type":"post","link":"https:\/\/prague.org\/pt\/idade-do-relogio-astronomico-de-praga\/","title":{"rendered":"Idade do Rel\u00f3gio Astron\u00f3mico de Praga"},"content":{"rendered":"<h2 id=\"age-of-the-astronomical-clock\" class=\"wp-block-heading\">Idade do rel\u00f3gio astron\u00f3mico<\/h2>\n\n\n\n<p>Muito provavelmente j\u00e1 ouviu falar das 7 maravilhas do mundo. Mas, j\u00e1 ouviu falar da maravilha mec\u00e2nica da Bo\u00e9mia? Muitas vezes, os arque\u00f3logos desvendam coisas maravilhosas que datam de centenas e milhares de anos no passado. Atrav\u00e9s da lente de arque\u00f3logos e historiadores, podemos ver a imagem de civiliza\u00e7\u00f5es antigas. Apesar destas descobertas, n\u00e3o h\u00e1 praticamente nenhum objeto da antiguidade que ainda esteja funcional hoje em dia. Bem, essa hist\u00f3ria muda com a antiga maravilha mec\u00e2nica da Bo\u00e9mia - o rel\u00f3gio de Praga&nbsp;<a href=\"https:\/\/prague.org\/pt\/relogio-astronomico-de-praga\/\">Rel\u00f3gio astron\u00f3mico<\/a>.<\/p>\n\n\n\n<p>O Rel\u00f3gio Astron\u00f3mico de Praga \u00e9 um dos patrim\u00f3nios culturais mais valiosos, sendo uma maravilha mundial por si s\u00f3. Milh\u00f5es de turistas chegam a Praga todos os anos para visitar e aprender sobre esta antiga maravilha chamada Rel\u00f3gio Astron\u00f3mico da Cidade de Praga. A carater\u00edstica mais surpreendente deste rel\u00f3gio \u00e9 o facto de ainda estar totalmente funcional, apesar de ter mais de seis s\u00e9culos de idade.<\/p>\n\n\n\n<div class=\"gyg-iframe-container\" style=\"margin-bottom:1.5em\"><iframe style=\"border:0;height:100%;width:100%\" title=\"Widget de actividades GetYourGuide\" src=\"https:\/\/widget.getyourguide.com\/default\/activities.frame?widget=wp_activities&amp;currency=EUR&amp;locale_code=en-GB&amp;number_of_items=3&amp;partner_id=U94OQGQ&amp;q=astronomical%20clock%20prague\"><\/iframe><\/div>\n\n\n\n<h2 id=\"the-story-of-the-prague-astronomical-clock\" class=\"wp-block-heading\"><strong>A hist\u00f3ria do rel\u00f3gio astron\u00f3mico de Praga<\/strong><\/h2>\n\n\n\n<figure class=\"wp-block-image\"><img decoding=\"async\" src=\"https:\/\/i0.wp.com\/prague.org\/wp-content\/uploads\/2022\/01\/Clock-Astronomical-1-1.png?resize=1024%2C576&amp;ssl=1\" alt=\"Idade Rel\u00f3gio Astron\u00f3mico\" class=\"wp-image-6003\"\/><figcaption class=\"wp-element-caption\">Rel\u00f3gio Astron\u00f3mico de Praga<\/figcaption><\/figure>\n\n\n\n<p>A hist\u00f3ria deste rel\u00f3gio antigo remonta a 1410. Por volta de outubro de 1410, o magistral relojoeiro Mikulas de Kadan come\u00e7ou a trabalhar na cria\u00e7\u00e3o deste magn\u00edfico rel\u00f3gio. Gra\u00e7as ao seu engenhoso design, o rel\u00f3gio foi capaz de servir tanto como um rel\u00f3gio b\u00e1sico, bem como um mostrador astron\u00f3mico. Para al\u00e9m do facto de o rel\u00f3gio ter sido concebido basicamente para contar as horas, era perfeitamente funcional na monitoriza\u00e7\u00e3o dos movimentos celestes. Com o Rel\u00f3gio Astron\u00f3mico de Praga, \u00e9 poss\u00edvel ver a posi\u00e7\u00e3o, o alinhamento e o movimento das estrelas e dos planetas.<\/p>\n\n\n\n<p>Mas, como seria de esperar, esta monstruosidade de rel\u00f3gio n\u00e3o foi constru\u00edda num ano. Na verdade, muitos atribuem a cria\u00e7\u00e3o do Rel\u00f3gio Astron\u00f3mico de Praga ao segundo relojoeiro, Jan Ruze. Porqu\u00ea? O primeiro relojoeiro, Mikulas de Kadan, apenas trabalhou no mecanismo do rel\u00f3gio e no seu mostrador astron\u00f3mico. Mas o trabalho principal no Rel\u00f3gio Astron\u00f3mico de Praga come\u00e7ou em 1490 por Jan Ruze, que era sobretudo conhecido como Mestre Hanus. Gra\u00e7as ao Mestre Hanus, foram acrescentadas ao rel\u00f3gio belas esculturas g\u00f3ticas e um mostrador de calend\u00e1rio. Isto ampliou a sua funcionalidade, uma vez que passou a servir 3 objectivos principais.<\/p>\n\n\n\n<p>Eis uma pequena hist\u00f3ria obscura sobre o Rel\u00f3gio Astron\u00f3mico de Praga: depois de terminado o rel\u00f3gio, o Conselho de Praga mandou cegar o Mestre Hanus. Porqu\u00ea? N\u00e3o queriam que ele recriasse a maravilha mec\u00e2nica noutro local.<\/p>\n\n\n\n<h2 id=\"when-was-the-prague-astronomical-clock-built\" class=\"wp-block-heading\"><strong>Quando foi constru\u00eddo o Rel\u00f3gio Astron\u00f3mico de Praga?<\/strong><\/h2>\n\n\n\n<p>A constru\u00e7\u00e3o do Rel\u00f3gio Astron\u00f3mico de Praga n\u00e3o foi feita de uma s\u00f3 vez, do princ\u00edpio ao fim. Pelo contr\u00e1rio, a sua constru\u00e7\u00e3o foi-se dispersando ao longo dos anos. A constru\u00e7\u00e3o do Rel\u00f3gio Astron\u00f3mico teve in\u00edcio em 1410, sob as m\u00e3os magistrais do relojoeiro Mikulas de Kadan. Este foi apoiado por Jan Sindel, que era professor de matem\u00e1tica e astronomia. A sua engenhosa cria\u00e7\u00e3o foi posteriormente melhorada por Jan Ruze em 1490, passando a incluir esculturas g\u00f3ticas ornamentadas e um mostrador de calend\u00e1rio. Ap\u00f3s a dura decis\u00e3o do Conselho de o cegar, Jan Ruze estragou o rel\u00f3gio de tal forma que s\u00f3 p\u00f4de ser reparado em 1552.<\/p>\n\n\n\n\n\n<p>Depois de 1552, o Rel\u00f3gio Astron\u00f3mico de Praga continuou a estragar-se e a ser reparado v\u00e1rias vezes at\u00e9 cerca de 1791. Nesta altura, foram acrescentadas est\u00e1tuas de madeira dos Santos Ap\u00f3stolos a toda a estrutura. Em 1866, foi acrescentado um galo dourado ao magn\u00edfico rel\u00f3gio, que come\u00e7ou a ganhar aten\u00e7\u00e3o mundial. Infelizmente, o Rel\u00f3gio Astron\u00f3mico de Praga foi gravemente destru\u00eddo pelos nazis em 1945, tendo permanecido praticamente desfigurado at\u00e9 2005, altura em que foi totalmente restaurado. Em 2018, foi feita uma renova\u00e7\u00e3o adicional ao rel\u00f3gio, que se manteve funcional e bem conservado at\u00e9 hoje.<\/p>\n\n\n\n<h2 id=\"is-it-possible-to-visit-the-prague-astronomical-clock\" class=\"wp-block-heading\"><strong>\u00c9 poss\u00edvel visitar o Rel\u00f3gio Astron\u00f3mico de Praga?<\/strong><\/h2>\n\n\n\n<figure class=\"wp-block-image size-full\"><img decoding=\"async\" width=\"1024\" height=\"683\" src=\"https:\/\/prague.org\/wp-content\/uploads\/2022\/06\/image-76.png\" alt=\"Rel\u00f3gio astron\u00f3mico de Praga\" class=\"wp-image-4444\" srcset=\"https:\/\/prague.org\/wp-content\/uploads\/2022\/06\/image-76.png 1024w, https:\/\/prague.org\/wp-content\/uploads\/2022\/06\/image-76-600x400.png 600w, https:\/\/prague.org\/wp-content\/uploads\/2022\/06\/image-76-300x200.png 300w, https:\/\/prague.org\/wp-content\/uploads\/2022\/06\/image-76-768x512.png 768w, https:\/\/prague.org\/wp-content\/uploads\/2022\/06\/image-76-380x253.png 380w, https:\/\/prague.org\/wp-content\/uploads\/2022\/06\/image-76-800x534.png 800w\" sizes=\"(max-width: 1024px) 100vw, 1024px\" \/><figcaption class=\"wp-element-caption\">Rel\u00f3gio astron\u00f3mico de Praga<\/figcaption><\/figure>\n\n\n\n<p>A leitura desta maravilhosa cria\u00e7\u00e3o leva-o sem d\u00favida a querer visit\u00e1-la. Mas o problema \u00e9 que s\u00f3 pode visitar o Rel\u00f3gio Astron\u00f3mico de Praga durante os seguintes hor\u00e1rios de funcionamento:<\/p>\n\n\n\n<p>Das 11:00 \u00e0s 19:00 horas, \u00e0s segundas-feiras, de janeiro a setembro.<\/p>\n\n\n\n<p>Das 11:00 \u00e0s 20:00 horas, \u00e0s segundas-feiras, de outubro a dezembro.<\/p>\n\n\n\n<p>Das 9:00 \u00e0s 19:00 horas, de ter\u00e7a a domingo, de janeiro a setembro.<\/p>\n\n\n\n<p>Das 9:00 \u00e0s 20:00 horas, de ter\u00e7a a domingo, de outubro a dezembro.<\/p>\n\n\n\n<p>\u00c9 necess\u00e1rio pagar uma taxa de entrada de 250 CZK para a entrada b\u00e1sica ou 500 CZK para a entrada familiar.<\/p>\n\n\n\n<h3 id=\"explore-the-astronomical-clock\" class=\"wp-block-heading\">Explorar o rel\u00f3gio astron\u00f3mico<\/h3>\n\n\n\n<div data-gyg-href=\"https:\/\/widget.getyourguide.com\/default\/activities.frame\" data-gyg-locale-code=\"en-US\" data-gyg-widget=\"activities\" data-gyg-number-of-items=\"1\" data-gyg-partner-id=\"U94OQGQ\" data-gyg-tour-ids=\"57519\"><\/div>\n\n\n\n<p>Descubra a hist\u00f3ria cativante e as maravilhas arquitect\u00f3nicas de Praga numa visita guiada a p\u00e9 que o leva da encantadora Cidade Velha \u00e0 vibrante Cidade Nova. Mergulhe em s\u00e9culos de hist\u00f3ria checa, maravilhe-se com marcos emblem\u00e1ticos e desfrute de vistas panor\u00e2micas da cidade a partir da Torre do Rel\u00f3gio Astron\u00f3mico.<\/p>\n\n\n\n<h4 id=\"highlights\" class=\"wp-block-heading\">Destaques<\/h4>\n\n\n\n<ul>\n<li>Explore a magn\u00edfica Torre do Rel\u00f3gio Astron\u00f3mico, de estilo g\u00f3tico, e desfrute de vistas panor\u00e2micas deslumbrantes de Praga a partir do seu ponto de vista. <\/li>\n\n\n\n<li>Embarque numa visita guiada a p\u00e9 que o levar\u00e1 da hist\u00f3rica Pra\u00e7a da Cidade Velha \u00e0 moderna Cidade Nova, mergulhando na rica hist\u00f3ria da cidade. <\/li>\n\n\n\n<li>Aprenda conhecimentos fascinantes sobre a hist\u00f3ria checa e o desenvolvimento de Praga desde o s\u00e9culo IX at\u00e9 ao s\u00e9culo XX. <\/li>\n\n\n\n<li>Maravilhe-se com as maravilhas arquitect\u00f3nicas de casas hist\u00f3ricas, pal\u00e1cios, igrejas, teatros e muito mais, cada um com as suas pr\u00f3prias hist\u00f3rias para contar. <\/li>\n\n\n\n<li>Aventure-se na zona da Cidade Nova, onde se desenrolaram acontecimentos importantes da hist\u00f3ria moderna de Praga, oferecendo um vislumbre do passado vibrante da cidade.<\/li>\n<\/ul>\n\n\n\n<h4 id=\"included\" class=\"wp-block-heading\">Inclu\u00eddo<\/h4>\n\n\n\n<ul>\n<li>Guia tur\u00edstico conhecedor que o conduzir\u00e1 pela cidade, fornecendo valiosos coment\u00e1rios hist\u00f3ricos e culturais. - Bilhete de entrada que d\u00e1 acesso \u00e0 Torre do Rel\u00f3gio Astron\u00f3mico, permitindo-lhe admirar o seu esplendor g\u00f3tico e desfrutar de vistas panor\u00e2micas.<\/li>\n\n\n\n<li>Recue no tempo e descubra os segredos da Cidade Velha e da Cidade Nova de Praga enquanto explora os marcos emblem\u00e1ticos da cidade e mergulha na sua fascinante hist\u00f3ria. Reserve j\u00e1 a sua visita guiada a p\u00e9 e embarque numa viagem atrav\u00e9s de s\u00e9culos de heran\u00e7a checa, enquanto desfruta de vistas panor\u00e2micas do topo da Torre do Rel\u00f3gio Astron\u00f3mico.<\/li>\n<\/ul>\n\n\n\n<div class=\"wp-block-buttons is-layout-flex wp-block-buttons-is-layout-flex\">\n<div class=\"wp-block-button is-style-cs-button-block\"><a class=\"wp-block-button__link wp-element-button\" href=\"https:\/\/www.getyourguide.com\/prague-astronomical-clock-l3554\/prague-tour-with-astronomical-clock-admission-ticket-t57519\/?partner_id=U94OQGQ&amp;utm_medium=online_publisher&amp;placement=button-cta\" target=\"_blank\" rel=\"noreferrer noopener nofollow\">\u2192 Verificar<\/a><\/div>\n<\/div>\n\n\n\n<p>Embora seja poss\u00edvel visitar o Rel\u00f3gio Astron\u00f3mico de Praga, \u00e9 preciso preparar-se. Chegue cedo \u00e0 entrada para n\u00e3o ter de esperar muito tempo na fila para comprar o seu bilhete. N\u00e3o te esque\u00e7as de reservar o teu alojamento perto do&nbsp;<a href=\"https:\/\/prague.org\/pt\/perder-se-na-beleza-historica-da-cidade-velha\/\">Antiga C\u00e2mara Municipal<\/a>&nbsp;onde se encontra o Rel\u00f3gio Astron\u00f3mico de Praga.<\/p>\n\n\n\n<div class=\"gyg-iframe-container\" style=\"margin-bottom:1.5em\"><iframe style=\"border:0;height:100%;width:100%\" title=\"Widget de cidade GetYourGuide\" src=\"https:\/\/widget.getyourguide.com\/default\/city.frame?widget=wp_city&amp;iata=PRG&amp;locale_code=en-US&amp;partner_id=U94OQGQ\"><\/iframe><\/div>","protected":false},"excerpt":{"rendered":"Idade do Rel\u00f3gio Astron\u00f3mico Muito provavelmente j\u00e1 ouviu falar das 7 maravilhas do mundo. Mas, ser\u00e1 que...","protected":false},"author":2,"featured_media":3097,"comment_status":"closed","ping_status":"closed","sticky":false,"template":"","format":"standard","meta":{"footnotes":""},"categories":[1,204,19],"tags":[30,63],"table_tags":[],"_links":{"self":[{"href":"https:\/\/prague.org\/pt\/wp-json\/wp\/v2\/posts\/3093"}],"collection":[{"href":"https:\/\/prague.org\/pt\/wp-json\/wp\/v2\/posts"}],"about":[{"href":"https:\/\/prague.org\/pt\/wp-json\/wp\/v2\/types\/post"}],"author":[{"embeddable":true,"href":"https:\/\/prague.org\/pt\/wp-json\/wp\/v2\/users\/2"}],"replies":[{"embeddable":true,"href":"https:\/\/prague.org\/pt\/wp-json\/wp\/v2\/comments?post=3093"}],"version-history":[{"count":13,"href":"https:\/\/prague.org\/pt\/wp-json\/wp\/v2\/posts\/3093\/revisions"}],"predecessor-version":[{"id":10021,"href":"https:\/\/prague.org\/pt\/wp-json\/wp\/v2\/posts\/3093\/revisions\/10021"}],"wp:featuredmedia":[{"embeddable":true,"href":"https:\/\/prague.org\/pt\/wp-json\/wp\/v2\/media\/3097"}],"wp:attachment":[{"href":"https:\/\/prague.org\/pt\/wp-json\/wp\/v2\/media?parent=3093"}],"wp:term":[{"taxonomy":"category","embeddable":true,"href":"https:\/\/prague.org\/pt\/wp-json\/wp\/v2\/categories?post=3093"},{"taxonomy":"post_tag","embeddable":true,"href":"https:\/\/prague.org\/pt\/wp-json\/wp\/v2\/tags?post=3093"},{"taxonomy":"table_tags","embeddable":true,"href":"https:\/\/prague.org\/pt\/wp-json\/wp\/v2\/table_tags?post=3093"}],"curies":[{"name":"wp","href":"https:\/\/api.w.org\/{rel}","templated":true}]}}