{"id":3388,"date":"2022-06-08T12:33:17","date_gmt":"2022-06-08T10:33:17","guid":{"rendered":"https:\/\/prague.org\/?p=3388"},"modified":"2024-05-29T14:06:50","modified_gmt":"2024-05-29T12:06:50","slug":"st-matthews-fair","status":"publish","type":"post","link":"https:\/\/prague.org\/pt\/st-matthews-fair\/","title":{"rendered":"Feira de S\u00e3o Mateus, Praga"},"content":{"rendered":"<h2 id=\"st-matthews-fair\" class=\"wp-block-heading\">Feira de S\u00e3o Mateus<\/h2>\n\n\n\n<p>Considerada como a mais conhecida e maior feira de Praga, a divertida Feira de S\u00e3o Mateus de Praga, ou Mat\u011bjsk\u00e1 Pou\u0165 , \u00e9 um evento anual que tem lugar todas as primaveras. \u00c9 um festival hist\u00f3rico que tem sido observado h\u00e1 mais de 400 anos. Embora o festival de hoje seja extremamente diferente de como era celebrado h\u00e1 s\u00e9culos atr\u00e1s, continua a ser uma tradi\u00e7\u00e3o checa profundamente honrada.<\/p>\n\n\n\n\n\n<h2 id=\"a-brief-history-of-st-matthews-fair-prague\" class=\"wp-block-heading\"><strong>Uma breve hist\u00f3ria da Feira de S\u00e3o Mateus em Praga<\/strong><\/h2>\n\n\n\n<figure class=\"wp-block-image size-full\"><img decoding=\"async\" width=\"720\" height=\"480\" src=\"https:\/\/prague.org\/wp-content\/uploads\/2022\/06\/image-30.png\" alt=\"A C\u00e2mara Municipal com o rel\u00f3gio astron\u00f3mico, a pra\u00e7a da cidade com a \u00e1rvore de Natal e a igreja de conto de fadas de Nossa Senhora Tyn na cidade m\u00e1gica de Praga \u00e0 noite, Rep\u00fablica Checa\" class=\"wp-image-4287\" srcset=\"https:\/\/prague.org\/wp-content\/uploads\/2022\/06\/image-30.png 720w, https:\/\/prague.org\/wp-content\/uploads\/2022\/06\/image-30-600x400.png 600w, https:\/\/prague.org\/wp-content\/uploads\/2022\/06\/image-30-300x200.png 300w, https:\/\/prague.org\/wp-content\/uploads\/2022\/06\/image-30-380x253.png 380w\" sizes=\"(max-width: 720px) 100vw, 720px\" \/><figcaption class=\"wp-element-caption\">A C\u00e2mara Municipal com o rel\u00f3gio astron\u00f3mico, a pra\u00e7a da cidade com a \u00e1rvore de Natal e a igreja de conto de fadas de Nossa Senhora Tyn na cidade m\u00e1gica de Praga \u00e0 noite, Rep\u00fablica Checa<\/figcaption><\/figure>\n\n\n\n<p>A Mat\u011bjsk\u00e1 Pou\u0165 tem uma longa hist\u00f3ria. \u00c9 uma celebra\u00e7\u00e3o da festa de S\u00e3o Mateus, que tem lugar a 24 de fevereiro.<\/p>\n\n\n\n<p>O registo mais antigo da celebra\u00e7\u00e3o remonta a 1595, e \u00e9 por esta raz\u00e3o que a Feira de S\u00e3o Mateus \u00e9 considerada como a primeira Feira da primavera, n\u00e3o s\u00f3 em Praga mas tamb\u00e9m na Europa. Quando come\u00e7ou, a Feira era celebrada em diferentes partes da cidade devido \u00e0s peregrina\u00e7\u00f5es \u00e0s igrejas. S\u00f3 em 1963 \u00e9 que foi transferida para a sua localiza\u00e7\u00e3o atual, que \u00e9 no V\u00fdstavi\u0161t\u011b Praha.<\/p>\n\n\n\n<h2 id=\"what-to-expect-during-the-st-matthew-fun-fair-prague\" class=\"wp-block-heading\"><strong>O que esperar da Feira de Divers\u00f5es de S\u00e3o Mateus em Praga<\/strong><\/h2>\n\n\n\n<figure class=\"wp-block-image size-full\"><img decoding=\"async\" width=\"1024\" height=\"768\" src=\"https:\/\/prague.org\/wp-content\/uploads\/2022\/06\/image-31.png\" alt=\"Praga Lunapark\" class=\"wp-image-4289\" srcset=\"https:\/\/prague.org\/wp-content\/uploads\/2022\/06\/image-31.png 1024w, https:\/\/prague.org\/wp-content\/uploads\/2022\/06\/image-31-600x450.png 600w, https:\/\/prague.org\/wp-content\/uploads\/2022\/06\/image-31-300x225.png 300w, https:\/\/prague.org\/wp-content\/uploads\/2022\/06\/image-31-768x576.png 768w, https:\/\/prague.org\/wp-content\/uploads\/2022\/06\/image-31-200x150.png 200w, https:\/\/prague.org\/wp-content\/uploads\/2022\/06\/image-31-260x195.png 260w, https:\/\/prague.org\/wp-content\/uploads\/2022\/06\/image-31-380x285.png 380w, https:\/\/prague.org\/wp-content\/uploads\/2022\/06\/image-31-800x600.png 800w\" sizes=\"(max-width: 1024px) 100vw, 1024px\" \/><figcaption class=\"wp-element-caption\">Praga Lunapark<\/figcaption><\/figure>\n\n\n\n<p>Todos os anos, h\u00e1 sempre algo por que ansiar, quer seja um habitante local ou um turista. Lembre-se de que a data de abertura da Feira varia todos os anos, mas normalmente come\u00e7a em fevereiro e termina em mar\u00e7o.&nbsp;<\/p>\n\n\n\n<p>Durante a Feira de S. Mateus, pode encontrar mais de 100 atrac\u00e7\u00f5es nacionais e estrangeiras no&nbsp;<a href=\"https:\/\/prague.org\/pt\/parque-de-diversoes-praga\/\">Lunapark<\/a>. Estas atrac\u00e7\u00f5es populares, incluindo montanhas-russas, carrinhos de choque, carross\u00e9is e uma roda gigante, para citar algumas, agradam tanto a crian\u00e7as como a adultos. Note-se que algumas atrac\u00e7\u00f5es t\u00eam restri\u00e7\u00f5es de idade.&nbsp;<\/p>\n\n\n\n<p>Al\u00e9m disso, durante a divertida Feira de S\u00e3o Mateus em Praga, pode desfrutar de snacks de v\u00e1rias bancas de fast food que oferecem uma grande variedade de guloseimas, como o tradicional p\u00e3o de gengibre checo, mel turco, gelo raspado, algod\u00e3o doce e at\u00e9 cerveja checa. H\u00e1 tamb\u00e9m bancas que vendem artigos de recorda\u00e7\u00e3o e bugigangas, para que tenha algo para recordar da sua experi\u00eancia na Feira de S\u00e3o Mateus.&nbsp;<\/p>\n\n\n\n<p>A Mat\u011bjsk\u00e1 Pou\u0165 realiza-se no V\u00fdstavi\u0161t\u011b Praha, ou recinto de exposi\u00e7\u00f5es de Praga. Dentro do&nbsp;<a href=\"https:\/\/prague.org\/pt\/vystaviste\/\">Recinto de exposi\u00e7\u00f5es<\/a>No Parque de Campismo de K\u0159i\u017e\u00edk, tamb\u00e9m encontrar\u00e1 uma s\u00e9rie de atrac\u00e7\u00f5es e comodidades emocionantes, como a Fonte K\u0159i\u017e\u00edk, que exibe obras de \u00e1gua acompanhadas de efeitos luminosos e musicais, um parque infantil de parkour, um parque infantil de cordas e um parque de bicicletas para crian\u00e7as.&nbsp;<\/p>\n\n\n\n<h2 id=\"how-to-get-to-the-st-matthews-fair-prague\" class=\"wp-block-heading\"><strong>Como chegar \u00e0 Feira de S\u00e3o Mateus em Praga<\/strong><\/h2>\n\n\n\n\n\n<p>Ver\u00e1 que a Feira de S\u00e3o Mateus \u00e9 de f\u00e1cil acesso, mesmo que esteja a utilizar transportes p\u00fablicos. Para chegar \u00e0 feira, que est\u00e1 localizada dentro do V\u00fdstavi\u0161t\u011b Praha, \u00e9 preciso apanhar o Metro C (linha vermelha) para chegar a Nadrazi Holesovice. A partir da\u00ed, apanhe um el\u00e9trico (escolha entre os el\u00e9ctricos n\u00ba 5, 12, 14, 15 ou 17) e pare em V\u00fdstavi\u0161t\u011b.&nbsp;<\/p>\n\n\n\n<p>Se se deslocar ao recinto de exposi\u00e7\u00f5es de carro, existem v\u00e1rios parques de estacionamento no recinto. O estacionamento \u00e9 gratuito durante os primeiros 45 minutos. Depois disso, ser\u00e1 cobrada uma taxa em fun\u00e7\u00e3o do tamanho e do tipo do seu ve\u00edculo.&nbsp;<\/p>\n\n\n\n<p>Note-se que ter\u00e1 de pagar uma taxa de admiss\u00e3o geral e que cada atra\u00e7\u00e3o cobra uma taxa separada. <\/p>\n\n\n\n<h2 id=\"faq\" class=\"cnvs-block-section-heading cnvs-block-section-heading-1710856516628 is-style-cnvs-block-section-heading-2 halignleft\" >\n\t<span class=\"cnvs-section-title\">\n\t\t<span>FAQ<\/span>\n\t<\/span>\n<\/h2>\n\n\n\n<div class=\"cnvs-block-collapsibles cnvs-block-collapsibles-1710856446798 cnvs-block-collapsibles-5\" >\n\t\n<div class=\"cnvs-block-collapsible cnvs-block-collapsible-1710856446894 cnvs-block-collapsible-opened\" >\n\t<div class=\"cnvs-block-collapsible-title\">\n\t\t<h6 id=\"what-are-the-ticket-prices-for-st-matthews-fair\" class=\"cnvs-block-collapsible-heading\">\n\t\t\t<a href=\"#\">Quais s\u00e3o os pre\u00e7os dos bilhetes para a Feira de S. Mateus?<\/a>\n\t\t<\/h6>\n\t<\/div>\n\t<div class=\"cnvs-block-collapsible-content\">\n\t\t\n\n<p>Os pre\u00e7os dos bilhetes para a Feira de S\u00e3o Mateus variam, com tarifas normais e poss\u00edveis descontos para <a href=\"https:\/\/prague.org\/pt\/guia-para-expatriados-em-praga\/\" data-type=\"link\" data-id=\"https:\/\/prague.org\/expat-guide-in-prague\/\">estudantes<\/a>, idosos e fam\u00edlias. Consulte o s\u00edtio Web da feira ou a bilheteira diretamente para obter pre\u00e7os exactos.<\/p>\n\n\t<\/div>\n<\/div>\n\n\n<div class=\"cnvs-block-collapsible cnvs-block-collapsible-1710856446899 cnvs-block-collapsible-opened\" >\n\t<div class=\"cnvs-block-collapsible-title\">\n\t\t<h6 id=\"are-there-any-discounts-available-such-as-for-students-seniors-or-family-packages\" class=\"cnvs-block-collapsible-heading\">\n\t\t\t<a href=\"#\">Existem descontos dispon\u00edveis, por exemplo para estudantes, idosos ou pacotes familiares?<\/a>\n\t\t<\/h6>\n\t<\/div>\n\t<div class=\"cnvs-block-collapsible-content\">\n\t\t\n\n<p>Existem frequentemente descontos para estudantes, idosos e fam\u00edlias. Estes descontos podem ser anunciados mais perto do evento ou na bilheteira.<\/p>\n\n\t<\/div>\n<\/div>\n\n\n<div class=\"cnvs-block-collapsible cnvs-block-collapsible-1710856454072 cnvs-block-collapsible-opened\" >\n\t<div class=\"cnvs-block-collapsible-title\">\n\t\t<h6 id=\"what-are-the-operational-hours-of-the-fair-and-do-they-vary-by-day-of-the-week\" class=\"cnvs-block-collapsible-heading\">\n\t\t\t<a href=\"#\">Qual \u00e9 o hor\u00e1rio de funcionamento da feira e se varia consoante o dia da semana?<\/a>\n\t\t<\/h6>\n\t<\/div>\n\t<div class=\"cnvs-block-collapsible-content\">\n\t\t\n\n<p>O hor\u00e1rio de funcionamento come\u00e7a normalmente ao fim da manh\u00e3 e prolonga-se at\u00e9 \u00e0 noite, com varia\u00e7\u00f5es aos fins-de-semana e feriados. Consulte o s\u00edtio Web da feira para se informar sobre os hor\u00e1rios espec\u00edficos.<\/p>\n\n\t<\/div>\n<\/div>\n\n\n<div class=\"cnvs-block-collapsible cnvs-block-collapsible-1710856454237 cnvs-block-collapsible-opened\" >\n\t<div class=\"cnvs-block-collapsible-title\">\n\t\t<h6 id=\"what-types-of-food-and-beverages-are-available-at-the-fair\" class=\"cnvs-block-collapsible-heading\">\n\t\t\t<a href=\"#\">Que tipos de alimentos e bebidas est\u00e3o dispon\u00edveis na feira?<\/a>\n\t\t<\/h6>\n\t<\/div>\n\t<div class=\"cnvs-block-collapsible-content\">\n\t\t\n\n<p>A feira oferece uma mistura de alimentos locais e internacionais, desde snacks r\u00e1pidos a refei\u00e7\u00f5es substanciais, juntamente com uma variedade de bebidas, incluindo refrigerantes e <a href=\"https:\/\/prague.org\/pt\/a-melhor-cerveja-em-praga\/\" data-type=\"link\" data-id=\"https:\/\/prague.org\/best-beer-in-prague\/\">cerveja<\/a>.<\/p>\n\n\t<\/div>\n<\/div>\n\n\n<div class=\"cnvs-block-collapsible cnvs-block-collapsible-1710856454377 cnvs-block-collapsible-opened\" >\n\t<div class=\"cnvs-block-collapsible-title\">\n\t\t<h6 id=\"are-there-any-specific-attractions-or-rides-that-are-new-to-the-fair-this-year\" class=\"cnvs-block-collapsible-heading\">\n\t\t\t<a href=\"#\">Existem algumas atrac\u00e7\u00f5es ou passeios espec\u00edficos que sejam novos na feira este ano?<\/a>\n\t\t<\/h6>\n\t<\/div>\n\t<div class=\"cnvs-block-collapsible-content\">\n\t\t\n\n<p>Novo <a href=\"https:\/\/www.getyourguide.fr\/prague-l10\/prague-city-card-2-3-ou-4-jours-t66055\/?partner_id=U94OQGQ&amp;utm_medium=online_publisher\" data-type=\"link\" data-id=\"https:\/\/www.getyourguide.fr\/prague-l10\/prague-city-card-2-3-ou-4-jours-t66055\/?partner_id=U94OQGQ&amp;utm_medium=online_publisher\" rel=\"nofollow noopener\">atrac\u00e7\u00f5es<\/a> ou passeios s\u00e3o normalmente introduzidos todos os anos. Os pormenores podem ser consultados no s\u00edtio Web da feira ou nos materiais promocionais.<\/p>\n\n\t<\/div>\n<\/div>\n\n<\/div>\n\n\n\n<blockquote class=\"wp-block-quote\">\n<p>A feira est\u00e1 aberta das 13:00 \u00e0s 21:00 durante a semana e das 10:00 \u00e0s 22:00 durante os fins-de-semana.<\/p>\n<\/blockquote>\n\n\n\n<div class=\"gyg-iframe-container\" style=\"margin-bottom:1.5em\"><iframe style=\"border:0;height:100%;width:100%\" title=\"Widget de cidade GetYourGuide\" src=\"https:\/\/widget.getyourguide.com\/default\/city.frame?widget=wp_city&amp;iata=PRG&amp;locale_code=en-US&amp;partner_id=U94OQGQ\"><\/iframe><\/div>","protected":false},"excerpt":{"rendered":"Feira de S\u00e3o Mateus Considerada a maior e mais conhecida feira de Praga, a divertida Feira de S\u00e3o Mateus de Praga,...","protected":false},"author":2,"featured_media":3392,"comment_status":"closed","ping_status":"closed","sticky":false,"template":"","format":"standard","meta":{"footnotes":""},"categories":[1,204,19],"tags":[93,78],"table_tags":[],"_links":{"self":[{"href":"https:\/\/prague.org\/pt\/wp-json\/wp\/v2\/posts\/3388"}],"collection":[{"href":"https:\/\/prague.org\/pt\/wp-json\/wp\/v2\/posts"}],"about":[{"href":"https:\/\/prague.org\/pt\/wp-json\/wp\/v2\/types\/post"}],"author":[{"embeddable":true,"href":"https:\/\/prague.org\/pt\/wp-json\/wp\/v2\/users\/2"}],"replies":[{"embeddable":true,"href":"https:\/\/prague.org\/pt\/wp-json\/wp\/v2\/comments?post=3388"}],"version-history":[{"count":14,"href":"https:\/\/prague.org\/pt\/wp-json\/wp\/v2\/posts\/3388\/revisions"}],"predecessor-version":[{"id":13501,"href":"https:\/\/prague.org\/pt\/wp-json\/wp\/v2\/posts\/3388\/revisions\/13501"}],"wp:featuredmedia":[{"embeddable":true,"href":"https:\/\/prague.org\/pt\/wp-json\/wp\/v2\/media\/3392"}],"wp:attachment":[{"href":"https:\/\/prague.org\/pt\/wp-json\/wp\/v2\/media?parent=3388"}],"wp:term":[{"taxonomy":"category","embeddable":true,"href":"https:\/\/prague.org\/pt\/wp-json\/wp\/v2\/categories?post=3388"},{"taxonomy":"post_tag","embeddable":true,"href":"https:\/\/prague.org\/pt\/wp-json\/wp\/v2\/tags?post=3388"},{"taxonomy":"table_tags","embeddable":true,"href":"https:\/\/prague.org\/pt\/wp-json\/wp\/v2\/table_tags?post=3388"}],"curies":[{"name":"wp","href":"https:\/\/api.w.org\/{rel}","templated":true}]}}