{"id":6150,"date":"2022-10-20T10:00:00","date_gmt":"2022-10-20T08:00:00","guid":{"rendered":"https:\/\/prague.org\/?p=6150"},"modified":"2024-01-02T18:51:11","modified_gmt":"2024-01-02T16:51:11","slug":"greatest-czech-fairy-tales-for-christmas","status":"publish","type":"post","link":"https:\/\/prague.org\/pt\/os-maiores-contos-de-fadas-checos-para-o-natal\/","title":{"rendered":"Os melhores contos de fadas checos para o Natal"},"content":{"rendered":"<p>Com o Natal \u00e0 porta, <a href=\"https:\/\/prague.org\/pt\/\">Praga<\/a> transforma-se num pa\u00eds das maravilhas de inverno com muitas hist\u00f3rias. Sugerimos-lhe que descubra o encantador <a href=\"https:\/\/prague.org\/pt\/parque-de-diversoes-praga\/\">parque de divers\u00f5es<\/a> durante a \u00e9poca natal\u00edcia.<\/p>\n\n\n\n<p> Os contos de fadas checos s\u00e3o contados \u00e0s crian\u00e7as durante toda a \u00e9poca natal\u00edcia, na esperan\u00e7a de transmitir a moral e os segredos profundos da cultura checa. Alguns destes contos de fadas foram adaptados a filmes reais que v\u00e3o para o ar especialmente no Natal. Sem d\u00favida, a cultura de contar hist\u00f3rias e ver filmes que giram em torno do Natal durante a \u00e9poca festiva \u00e9 algo que se pratica em todo o mundo. E, na maioria das vezes, estes contos de fadas de Natal, independentemente da diferen\u00e7a de personagens, passam a mesma mensagem de amor, bondade e outras virtudes nobres.<\/p>\n\n\n\n<h2 id=\"top-3-czech-fairy-tales-for-christmas\" class=\"wp-block-heading\">Os 3 melhores contos de fadas checos para o Natal<\/h2>\n\n\n\n<p>H\u00e1 muitos contos de fadas checos fant\u00e1sticos para o Natal. Embora a maioria dos contos de fadas de Natal sejam feitos para crian\u00e7as, os contos de fadas de Natal checos s\u00e3o feitos para serem vistos em fam\u00edlia. Assim, \u00e9 muito mais f\u00e1cil para as crian\u00e7as e os adultos relacionarem-se com estas hist\u00f3rias. Aqui est\u00e3o os 3 principais contos de fadas checos para o Natal que deve ver:<\/p>\n\n\n\n<h3 id=\"tri-orisky-pro-popelku-three-wishes-for-cinderella\" class=\"wp-block-heading\">T\u0159i o\u0159\u00ed\u0161ky pro Popelku \/ Tr\u00eas desejos para a Cinderela<\/h3>\n\n\n\n<figure class=\"wp-block-image size-large\"><img decoding=\"async\" width=\"1024\" height=\"576\" src=\"https:\/\/prague.org\/wp-content\/uploads\/2022\/10\/Three-Wishes-for-Cinderella-1024x576.webp\" alt=\"Tr\u00eas desejos para a Cinderela\" class=\"wp-image-6275\" srcset=\"https:\/\/prague.org\/wp-content\/uploads\/2022\/10\/Three-Wishes-for-Cinderella-1024x576.webp 1024w, https:\/\/prague.org\/wp-content\/uploads\/2022\/10\/Three-Wishes-for-Cinderella-600x338.webp 600w, https:\/\/prague.org\/wp-content\/uploads\/2022\/10\/Three-Wishes-for-Cinderella-300x169.webp 300w, https:\/\/prague.org\/wp-content\/uploads\/2022\/10\/Three-Wishes-for-Cinderella-768x432.webp 768w, https:\/\/prague.org\/wp-content\/uploads\/2022\/10\/Three-Wishes-for-Cinderella-380x214.webp 380w, https:\/\/prague.org\/wp-content\/uploads\/2022\/10\/Three-Wishes-for-Cinderella-800x450.webp 800w, https:\/\/prague.org\/wp-content\/uploads\/2022\/10\/Three-Wishes-for-Cinderella-1160x653.webp 1160w, https:\/\/prague.org\/wp-content\/uploads\/2022\/10\/Three-Wishes-for-Cinderella.webp 1280w\" sizes=\"(max-width: 1024px) 100vw, 1024px\" \/><figcaption class=\"wp-element-caption\">Tr\u00eas desejos para a Cinderela<\/figcaption><\/figure>\n\n\n\n<p>Este \u00e9 um dos melhores contos de fadas checos para o Natal - tem estado literalmente em todas as listas de contos de fadas de Natal desde o seu lan\u00e7amento em 1973. Esta fant\u00e1stica hist\u00f3ria checa e alem\u00e3 fala de uma jovem que chegou ao pal\u00e1cio gra\u00e7as \u00e0 sua intelig\u00eancia e \u00e0s suas capacidades. Nesta hist\u00f3ria, Popelka\/Cinderela n\u00e3o \u00e9 retratada como uma donzela em perigo que est\u00e1 sempre a pedir ajuda. Pelo contr\u00e1rio, Popelka\/Cinderela \u00e9 retratada como uma rapariga forte que n\u00e3o tem medo de enfrentar qualquer desafio que surja no seu caminho. Ensina uma mensagem de for\u00e7a e de esperan\u00e7a \u00e0s jovens raparigas de que, de facto, os seus sonhos s\u00e3o v\u00e1lidos.<\/p>\n\n\n\n<h3 id=\"byl-jednou-jeden-kral-once-upon-a-time-there-was-a-king-1954\" class=\"wp-block-heading\">Byl jednou jeden kr\u00e1l \/ Era uma vez um rei... (1954)<\/h3>\n\n\n\n<figure class=\"wp-block-image size-large\"><img decoding=\"async\" width=\"1024\" height=\"755\" src=\"https:\/\/prague.org\/wp-content\/uploads\/2022\/10\/Once-Upon-a-Time-There-Was-a-King-1024x755.webp\" alt=\"Era uma vez\" class=\"wp-image-6273\" srcset=\"https:\/\/prague.org\/wp-content\/uploads\/2022\/10\/Once-Upon-a-Time-There-Was-a-King-1024x755.webp 1024w, https:\/\/prague.org\/wp-content\/uploads\/2022\/10\/Once-Upon-a-Time-There-Was-a-King-600x442.webp 600w, https:\/\/prague.org\/wp-content\/uploads\/2022\/10\/Once-Upon-a-Time-There-Was-a-King-300x221.webp 300w, https:\/\/prague.org\/wp-content\/uploads\/2022\/10\/Once-Upon-a-Time-There-Was-a-King-768x566.webp 768w, https:\/\/prague.org\/wp-content\/uploads\/2022\/10\/Once-Upon-a-Time-There-Was-a-King-380x280.webp 380w, https:\/\/prague.org\/wp-content\/uploads\/2022\/10\/Once-Upon-a-Time-There-Was-a-King-800x590.webp 800w, https:\/\/prague.org\/wp-content\/uploads\/2022\/10\/Once-Upon-a-Time-There-Was-a-King.webp 1134w\" sizes=\"(max-width: 1024px) 100vw, 1024px\" \/><figcaption class=\"wp-element-caption\">Era uma vez<\/figcaption><\/figure>\n\n\n\n<p>O Natal \u00e9 uma \u00e9poca de alegria, e o que \u00e9 a alegria sem as gargalhadas de um bom filme? Este cl\u00e1ssico conto de fadas fala de um rei que perguntou \u00e0s suas filhas o quanto elas o amavam. Enquanto as suas outras filhas comparavam o seu amor por ele com coisas doces, ele ficou chocado com a sua filha mais nova que comparou o seu amor por ele com o seu amor pelo sal. Para provar que a sua filha n\u00e3o estava a ser razo\u00e1vel, decidiu viver sem sal. Em breve, tanto ele como os seus cortes\u00e3os desistiram da farsa, pois a sua comida n\u00e3o tinha sabor sem sal. Este filme c\u00f3mico foi adaptado do conto de fadas checo \"O sal sobre o ouro\" e sempre fez sorrir as pessoas.<\/p>\n\n\n\n<h3 id=\"the-twelve-months-dvanact-mesicku\" class=\"wp-block-heading\">Os Doze Meses\/Dvanact Mesicku<\/h3>\n\n\n\n<figure class=\"wp-block-image size-large\"><img decoding=\"async\" width=\"683\" height=\"1024\" src=\"https:\/\/prague.org\/wp-content\/uploads\/2022\/10\/The-Twelve-Months-683x1024.webp\" alt=\"Os Doze Meses\" class=\"wp-image-6274\" srcset=\"https:\/\/prague.org\/wp-content\/uploads\/2022\/10\/The-Twelve-Months-683x1024.webp 683w, https:\/\/prague.org\/wp-content\/uploads\/2022\/10\/The-Twelve-Months-600x900.webp 600w, https:\/\/prague.org\/wp-content\/uploads\/2022\/10\/The-Twelve-Months-200x300.webp 200w, https:\/\/prague.org\/wp-content\/uploads\/2022\/10\/The-Twelve-Months-768x1152.webp 768w, https:\/\/prague.org\/wp-content\/uploads\/2022\/10\/The-Twelve-Months-380x570.webp 380w, https:\/\/prague.org\/wp-content\/uploads\/2022\/10\/The-Twelve-Months.webp 780w\" sizes=\"(max-width: 683px) 100vw, 683px\" \/><figcaption class=\"wp-element-caption\">Os Doze Meses<\/figcaption><\/figure>\n\n\n\n<p>Esta \u00e9 outra adapta\u00e7\u00e3o do conto de fadas checo Cinderela. \u00c9 a hist\u00f3ria de Maruska, que sofreu muito \u00e0s m\u00e3os da madrasta malvada e da meia-irm\u00e3 Kveta, ap\u00f3s a morte do pai. Mas a sua sorte estava prestes a mudar. Um jovem rico, Karel, regressa \u00e0 sua terra natal e promete casar apenas com a donzela que lhe trouxer tr\u00eas presentes estranhos: violetas perfumadas, morangos sumarentos e uma \u00e1rvore com ma\u00e7\u00e3s vermelhas. O seu pedido era imposs\u00edvel, pois est\u00e1vamos em pleno inverno. No entanto, Maruska \u00e9 for\u00e7ada pela madrasta a encontrar estes presentes imposs\u00edveis. O seu encontro com doze velhos sobrenaturais na floresta nevada mudou totalmente o rumo da sua vida.<\/p>\n\n\n\n<h2 id=\"watch-now-a-czech-christmas-fairy-tale\" class=\"wp-block-heading\">Assista agora a um conto de fadas de Natal checo<\/h2>\n\n\n\n<p>H\u00e1 muitos contos de fadas checos fant\u00e1sticos que s\u00e3o perfeitos para o Natal. Estes contos de fadas foram adaptados a filmes de anima\u00e7\u00e3o para crian\u00e7as, bem como a filmes de a\u00e7\u00e3o ao vivo para adultos. Tudo o que precisa de fazer \u00e9 sintonizar e apreciar a hist\u00f3ria. \u00c9 uma parte especial da celebra\u00e7\u00e3o do Natal em Praga.<\/p>","protected":false},"excerpt":{"rendered":"Com o Natal \u00e0 porta, Praga transforma-se num pa\u00eds das maravilhas de inverno com muitas hist\u00f3rias. Sugerimos-lhe que descubra...","protected":false},"author":2,"featured_media":6276,"comment_status":"closed","ping_status":"closed","sticky":false,"template":"","format":"standard","meta":{"footnotes":""},"categories":[15,204,39],"tags":[202],"table_tags":[],"_links":{"self":[{"href":"https:\/\/prague.org\/pt\/wp-json\/wp\/v2\/posts\/6150"}],"collection":[{"href":"https:\/\/prague.org\/pt\/wp-json\/wp\/v2\/posts"}],"about":[{"href":"https:\/\/prague.org\/pt\/wp-json\/wp\/v2\/types\/post"}],"author":[{"embeddable":true,"href":"https:\/\/prague.org\/pt\/wp-json\/wp\/v2\/users\/2"}],"replies":[{"embeddable":true,"href":"https:\/\/prague.org\/pt\/wp-json\/wp\/v2\/comments?post=6150"}],"version-history":[{"count":5,"href":"https:\/\/prague.org\/pt\/wp-json\/wp\/v2\/posts\/6150\/revisions"}],"predecessor-version":[{"id":12476,"href":"https:\/\/prague.org\/pt\/wp-json\/wp\/v2\/posts\/6150\/revisions\/12476"}],"wp:featuredmedia":[{"embeddable":true,"href":"https:\/\/prague.org\/pt\/wp-json\/wp\/v2\/media\/6276"}],"wp:attachment":[{"href":"https:\/\/prague.org\/pt\/wp-json\/wp\/v2\/media?parent=6150"}],"wp:term":[{"taxonomy":"category","embeddable":true,"href":"https:\/\/prague.org\/pt\/wp-json\/wp\/v2\/categories?post=6150"},{"taxonomy":"post_tag","embeddable":true,"href":"https:\/\/prague.org\/pt\/wp-json\/wp\/v2\/tags?post=6150"},{"taxonomy":"table_tags","embeddable":true,"href":"https:\/\/prague.org\/pt\/wp-json\/wp\/v2\/table_tags?post=6150"}],"curies":[{"name":"wp","href":"https:\/\/api.w.org\/{rel}","templated":true}]}}