{"id":10644,"date":"2023-08-18T10:24:59","date_gmt":"2023-08-18T08:24:59","guid":{"rendered":"https:\/\/prague.org\/?p=10644"},"modified":"2024-01-02T18:34:41","modified_gmt":"2024-01-02T16:34:41","slug":"where-to-stay-in-prague-iceman-conference","status":"publish","type":"post","link":"https:\/\/prague.org\/ro\/unde-sa-stai-in-prague-iceman-conference\/","title":{"rendered":"Hoteluri \u0219i activit\u0103\u021bi \u00een vecin\u0103tatea Conferin\u021ba ICEMAN 2024"},"content":{"rendered":"<p>Inten\u021biona\u021bi s\u0103 participa\u021bi la Conferin\u021ba Interna\u021bional\u0103 de Economie \u0219i Management (ICEMAN) de la Praga din 21 august 2023? Conferin\u021ba Interna\u021bional\u0103 de Economie \u0219i Management se preg\u0103te\u0219te s\u0103 g\u0103zduiasc\u0103 academicieni, cercet\u0103tori, studen\u021bi \u0219i profesioni\u0219ti \u00een activitate pentru a da startul dezbaterilor pe orice subiect legat de economie \u0219i management, a\u0219a c\u0103 pune\u021bi-v\u0103 cel mai bun costum pentru c\u0103 conferin\u021ba ICEMAN este aproape aici!<\/p>\n\n\n\n<p>Pentru a v\u0103 ajuta s\u0103 profita\u021bi la maximum de timpul petrecut \u00een fascinantul ora\u0219 ceh, am compilat \u00eentr-un ghid util o list\u0103 cu cele mai bune op\u021biuni de hoteluri recomandate de noi (la orice pre\u021b!) \u0219i alte sugestii utile.<\/p>\n\n\n\n<figure class=\"wp-block-image size-full\"><img decoding=\"async\" width=\"1024\" height=\"603\" src=\"https:\/\/prague.org\/wp-content\/uploads\/2023\/08\/image-6.png\" alt=\"Noaptea \u00een Praga\" class=\"wp-image-10645\" srcset=\"https:\/\/prague.org\/wp-content\/uploads\/2023\/08\/image-6.png 1024w, https:\/\/prague.org\/wp-content\/uploads\/2023\/08\/image-6-300x177.png 300w, https:\/\/prague.org\/wp-content\/uploads\/2023\/08\/image-6-768x452.png 768w, https:\/\/prague.org\/wp-content\/uploads\/2023\/08\/image-6-18x12.png 18w, https:\/\/prague.org\/wp-content\/uploads\/2023\/08\/image-6-380x224.png 380w, https:\/\/prague.org\/wp-content\/uploads\/2023\/08\/image-6-800x471.png 800w, https:\/\/prague.org\/wp-content\/uploads\/2023\/08\/image-6-600x353.png 600w\" sizes=\"(max-width: 1024px) 100vw, 1024px\" \/><figcaption class=\"wp-element-caption\">Noaptea \u00een Praga<\/figcaption><\/figure>\n\n\n\n<h2 id=\"about-the-international-iceman-conference-2024\" class=\"wp-block-heading\">Despre Conferin\u021ba Interna\u021bional\u0103 ICEMAN 2024<\/h2>\n\n\n\n<p>The <strong>Conferin\u021ba ICEMAN<\/strong> promoveaz\u0103 o \u00een\u021belegere cuprinz\u0103toare a <strong>economie \u0219i management contemporan <\/strong>prin gama larg\u0103 de teme, prin prezentatorii de marc\u0103 \u0219i prin participarea interna\u021bional\u0103. Participan\u021bii de la Praga contribuie la conturarea viitorului teoriei economice \u0219i al artei managementului \u00eentr-o lume global\u0103 \u00een schimbare rapid\u0103, pe m\u0103sur\u0103 ce lucreaz\u0103 \u00eempreun\u0103 pentru a desc\u00e2lci nodurile din aceste domenii.<\/p>\n\n\n\n<p>Pentru a ob\u021bine cele mai actualizate \u0219i fiabile detalii despre <strong>Conferin\u021ba ICEMAN 2023<\/strong>e, care va avea loc la Praga, \u00een Republica Ceh\u0103, v\u0103 sf\u0103tuim s\u0103 vizita\u021bi pagina web a conferin\u021bei <a href=\"https:\/\/internationalconferencealerts.com\/eventdetails.php?id=2004801\" rel=\"nofollow noopener\">site oficial<\/a><\/p>\n\n\n\n<h2 id=\"why-prague\" class=\"wp-block-heading\">De ce Praga?<\/h2>\n\n\n\n<p>Praga este loca\u021bia perfect\u0103 pentru orice turist \u00een c\u0103utarea unei aventuri de neuitat, indiferent de motivul vizitei sale.<\/p>\n\n\n\n<p>Un ora\u0219 ca <strong>bogat din punct de vedere artistic ca Praga<\/strong> este o loca\u021bie potrivit\u0103 pentru <strong>Conferin\u021ba ICEMAN<\/strong>. Praga ofer\u0103 cadrul perfect pentru dezvoltarea <strong>creativitate \u0219i conversa\u021bie intelectual\u0103<\/strong> datorit\u0103 trecutului s\u0103u ilustru, colec\u021biei de art\u0103 vaste \u0219i arhitecturii uimitoare. Participan\u021bii la aceast\u0103 conferin\u021b\u0103 nu numai c\u0103 iau parte la conversa\u021bii provocatoare, dar au ocazia de a experimenta un ora\u0219 care \u00eembin\u0103 cu gra\u021bie trecutul cu modernul.<\/p>\n\n\n\n<h2 id=\"where-to-stay-when-you-attend-the-iceman-conference-2024\" class=\"wp-block-heading\"><a href=\"https:\/\/prague.org\/ro\/hoteluri-in-praga-10\/\">Unde s\u0103 stai<\/a> c\u00e2nd participa\u021bi la Conferin\u021ba ICEMAN 2024<\/h2>\n\n\n\n<ins class=\"bookingaff\" data-aid=\"2250729\" data-target_aid=\"2250729\" data-prod=\"map\" data-width=\"100%\" data-height=\"590\" data-lang=\"ualng\" data-dest_id=\"0\" data-dest_type=\"landmark\" data-latitude=\"50.0755381\" data-longitude=\"14.4378005\" data-mwhsb=\"0\" data-address=\"Prague, Czechia\">\n    <!-- Anything inside will go away once widget is loaded. -->\n        <a href=\"\/\/www.booking.com?aid=2250729\">Booking.com<\/a>\n<\/ins>\n<script type=\"text\/javascript\">\n    (function(d, sc, u) {\n      var s = d.createElement(sc), p = d.getElementsByTagName(sc)[0];\n      s.type = 'text\/javascript';\n      s.async = true;\n      s.src = u + '?v=' + (+new Date());\n      p.parentNode.insertBefore(s,p);\n      })(document, 'script', '\/\/cf.bstatic.com\/static\/affiliate_base\/js\/flexiproduct.js');\n<\/script>\n\n\n\n<h3 id=\"top-high-range-hotels-near-the-iceman-conference-2024\" class=\"wp-block-heading\">Hoteluri de lux \u00een apropierea Conferin\u021bei ICEMAN 2024<\/h3>\n\n\n\n<ul>\n<li><a href=\"https:\/\/www.booking.com\/hotel\/cz\/the-augustine.en.html?aid=7905235&amp;no_rooms=1&amp;group_adults=2\" data-type=\"link\" data-id=\"https:\/\/www.booking.com\/hotel\/cz\/the-augustine.en.html?aid=7905235&amp;no_rooms=1&amp;group_adults=2\" rel=\"nofollow noopener\">Hotelul Augustine<\/a><\/li>\n\n\n\n<li><a href=\"https:\/\/www.booking.com\/hotel\/cz\/four-seasons-prague.en.html?aid=7905235&amp;no_rooms=1&amp;group_adults=2\" data-type=\"link\" data-id=\"https:\/\/www.booking.com\/hotel\/cz\/four-seasons-prague.en.html?aid=7905235&amp;no_rooms=1&amp;group_adults=2\" rel=\"nofollow noopener\">Hotel Four Seasons Praga<\/a><\/li>\n\n\n\n<li><a href=\"https:\/\/www.booking.com\/hotel\/cz\/kempinski-hybernska-prague.en.html?aid=7905235&amp;no_rooms=1&amp;group_adults=2\" data-type=\"link\" data-id=\"https:\/\/www.booking.com\/hotel\/cz\/kempinski-hybernska-prague.en.html?aid=7905235&amp;no_rooms=1&amp;group_adults=2\" rel=\"nofollow noopener\">Grand Mark Praga<\/a><\/li>\n\n\n\n<li><a href=\"https:\/\/www.booking.com\/hotel\/cz\/hotelsavoyprague.en.html?aid=7905235&amp;no_rooms=1&amp;group_adults=2\" data-type=\"link\" data-id=\"https:\/\/www.booking.com\/hotel\/cz\/hotelsavoyprague.en.html?aid=7905235&amp;no_rooms=1&amp;group_adults=2\" rel=\"nofollow noopener\">Hotel Savoy Praga<\/a><\/li>\n\n\n\n<li><a href=\"https:\/\/www.booking.com\/hotel\/cz\/mandarin-oriental-prague.en.html?aid=7905235&amp;no_rooms=1&amp;group_adults=2\" data-type=\"link\" data-id=\"https:\/\/www.booking.com\/hotel\/cz\/mandarin-oriental-prague.en.html?aid=7905235&amp;no_rooms=1&amp;group_adults=2\" rel=\"nofollow noopener\">Mandarin Oriental, Praga<\/a><\/li>\n<\/ul>\n\n\n\n<h3 id=\"mid-range-accommodation-close-to-the-iceman-conference-2024\" class=\"wp-block-heading\">Cazare \u00een regim mediu \u00een apropiere de Conferin\u021ba ICEMAN 2024<\/h3>\n\n\n\n<ul>\n<li><a href=\"https:\/\/www.booking.com\/hotel\/cz\/hoteladria.en.html?aid=7905235&amp;no_rooms=1&amp;group_adults=2\" data-type=\"link\" data-id=\"https:\/\/www.booking.com\/hotel\/cz\/hoteladria.en.html?aid=7905235&amp;no_rooms=1&amp;group_adults=2\" rel=\"nofollow noopener\">Hotel Adria<\/a><\/li>\n\n\n\n<li><a href=\"https:\/\/www.booking.com\/hotel\/cz\/archibald-city.en.html?aid=7905235&amp;no_rooms=1&amp;group_adults=2\" rel=\"nofollow noopener\">Archibald City Hotel<\/a><\/li>\n\n\n\n<li><a href=\"https:\/\/www.booking.com\/hotel\/cz\/maximilian-hlavni-mesto-praha.en.html?aid=7905235&amp;no_rooms=1&amp;group_adults=2\" data-type=\"link\" data-id=\"https:\/\/www.booking.com\/hotel\/cz\/maximilian-hlavni-mesto-praha.en.html?aid=7905235&amp;no_rooms=1&amp;group_adults=2\" rel=\"nofollow noopener\">Hotel Maximilian<\/a><\/li>\n\n\n\n<li><a href=\"https:\/\/www.booking.com\/hotel\/cz\/julian.en.html?aid=7905235&amp;no_rooms=1&amp;group_adults=2\" data-type=\"link\" data-id=\"https:\/\/www.booking.com\/hotel\/cz\/julian.en.html?aid=7905235&amp;no_rooms=1&amp;group_adults=2\" rel=\"nofollow noopener\">Hotel Julian<\/a><\/li>\n\n\n\n<li><a href=\"https:\/\/www.booking.com\/hotel\/cz\/citypartnerhotelatospra.en.html?aid=7905235&amp;no_rooms=1&amp;group_adults=2\" data-type=\"link\" data-id=\"https:\/\/www.booking.com\/hotel\/cz\/citypartnerhotelatospra.en.html?aid=7905235&amp;no_rooms=1&amp;group_adults=2\" rel=\"nofollow noopener\">Hotel Atos<\/a><\/li>\n<\/ul>\n\n\n\n<h3 id=\"budget-friendly-stays-near-the-iceman-conference-2024\" class=\"wp-block-heading\">Sejururi cu buget redus \u00een apropierea Conferin\u021bei ICEMAN 2024<\/h3>\n\n\n\n<ul>\n<li><a href=\"https:\/\/www.booking.com\/hotel\/cz\/ahoy-hostel.en.html?aid=7905235&amp;no_rooms=1&amp;group_adults=2\" data-type=\"link\" data-id=\"https:\/\/www.booking.com\/hotel\/cz\/ahoy-hostel.en.html?aid=7905235&amp;no_rooms=1&amp;group_adults=2\" rel=\"nofollow noopener\">Ahoy! Hostel<\/a><\/li>\n\n\n\n<li><a href=\"https:\/\/www.booking.com\/hotel\/cz\/czech-inn.en.html?aid=7905235&amp;no_rooms=1&amp;group_adults=2\" data-type=\"link\" data-id=\"https:\/\/www.booking.com\/hotel\/cz\/czech-inn.en.html?aid=7905235&amp;no_rooms=1&amp;group_adults=2\" rel=\"nofollow noopener\">Hanul ceh<\/a><\/li>\n\n\n\n<li><a href=\"https:\/\/www.booking.com\/hotel\/cz\/old-royal-post-apartments.en.html?aid=7905235&amp;no_rooms=1&amp;group_adults=2\" data-type=\"link\" data-id=\"https:\/\/www.booking.com\/hotel\/cz\/old-royal-post-apartments.en.html?aid=7905235&amp;no_rooms=1&amp;group_adults=2\" rel=\"nofollow noopener\">Post Hostel Praga<\/a><\/li>\n<\/ul>\n\n\n\n<h2 id=\"while-in-prague\" class=\"wp-block-heading\">\u00cen timp ce \u00een Praga...<\/h2>\n\n\n\n<p>Vizita\u021bi cele mai bune atrac\u021bii ale ora\u0219ului:<\/p>\n\n\n\n<p>\u25cf <a href=\"https:\/\/prague.org\/ro\/praga-castle-2\/\">Castelul Praga<\/a><\/p>\n\n\n\n<p>\u25cf <a href=\"https:\/\/prague.org\/ro\/charles-bridge\/\">Podul Charles<\/a><\/p>\n\n\n\n<p>\u25cf <a href=\"https:\/\/prague.org\/ro\/piata-veche\/\">Pia\u021ba Ora\u0219ului Vechi<\/a><\/p>\n\n\n\n<p>\u25cf <a href=\"https:\/\/prague.org\/ro\/vysehrad-2\/\">Vy\u0161ehrad<\/a><\/p>\n\n\n\n<p>\u25cf <a href=\"https:\/\/prague.org\/ro\/casa-de-dans\/\">Casa de dans<\/a><\/p>\n\n\n\n<p>\u25cf <a href=\"https:\/\/prague.org\/ro\/lesser-town-square\/\">Ora\u0219ul Lesser<\/a><\/p>\n\n\n\n<p>\u25cf <a href=\"https:\/\/www.getyourguide.fr\/musee-du-communisme-prague-l26117\/prague-billet-d-entree-au-musee-du-communisme-t235062\/?partner_id=U94OQGQ&amp;utm_medium=online_publisher\" data-type=\"link\" data-id=\"https:\/\/www.getyourguide.fr\/musee-du-communisme-prague-l26117\/prague-billet-d-entree-au-musee-du-communisme-t235062\/?partner_id=U94OQGQ&amp;utm_medium=online_publisher\" rel=\"nofollow noopener\">Muzeul Comunismului<\/a><\/p>\n\n\n\n<p><a href=\"https:\/\/www.getyourguide.fr\/prague-l10\/prague-diner-croisiere-touristique-en-bateau-a-toit-ouvert-t390094\/?partner_id=U94OQGQ&amp;utm_medium=online_publisher\" data-type=\"link\" data-id=\"https:\/\/www.getyourguide.fr\/prague-l10\/prague-diner-croisiere-touristique-en-bateau-a-toit-ouvert-t390094\/?partner_id=U94OQGQ&amp;utm_medium=online_publisher\" rel=\"nofollow noopener\">\u25cf Croazier\u0103 de sear\u0103<\/a><\/p>\n\n\n\n<div data-gyg-href=\"https:\/\/widget.getyourguide.com\/default\/activities.frame\" data-gyg-locale-code=\"en-US\" data-gyg-widget=\"activities\" data-gyg-number-of-items=\"3\" data-gyg-cmp=\"sky8\" data-gyg-partner-id=\"U94OQGQ\" data-gyg-tour-ids=\"53490,209055,357390\"><\/div>\n\n\n\n<h2 id=\"drink-and-dine-like-a-local-near-the-iceman-conference-2024\" class=\"wp-block-heading\">Be\u021bi \u0219i lua\u021bi masa ca un localnic \u00een apropierea Conferin\u021bei ICEMAN 2024<\/h2>\n\n\n\n<ul>\n<li>Barul Lavi\u010dka Pivn\u00ed<\/li>\n\n\n\n<li>Cafeneaua Louvre<\/li>\n\n\n\n<li>\u00cenc\u0103rc\u0103tur\u0103 de mas\u0103<\/li>\n\n\n\n<li>Havelsk\u00e1 Koruna<\/li>\n\n\n\n<li>Restaurace Mlejnice<\/li>\n<\/ul>\n\n\n\n<h2 id=\"things-to-keep-in-mind-while-attending-the-iceman-conference-2024\" class=\"wp-block-heading\">Lucruri de care trebuie s\u0103 \u021bine\u021bi cont \u00een timpul particip\u0103rii la Conferin\u021ba ICEMAN 2024<\/h2>\n\n\n\n<p><strong>Deplasare<\/strong><\/p>\n\n\n\n<p>Cele mai bune modalit\u0103\u021bi de a v\u0103 deplasa \u00een Praga sunt pe jos sau folosind <strong>sistem de transport public superb<\/strong>.<\/p>\n\n\n\n<p>Pe jos<\/p>\n\n\n\n<p><a href=\"https:\/\/prague.org\/ro\/un-ghid-cu-cele-mai-bune-excursii-de-o-zi-de-la-prague\/\" data-type=\"link\" data-id=\"https:\/\/prague.org\/fr\/un-guide-pour-les-meilleurs-voyages-de-prague\/\">Plimbare pe str\u0103zile din Praga<\/a> v\u0103 va permite s\u0103 vizita\u021bi toate atrac\u021biile ora\u0219ului. Pune\u021bi-v\u0103 \u00eenc\u0103l\u021b\u0103minte confortabil\u0103 \u0219i plimba\u021bi-v\u0103 printre<strong> obiectivele de neratat din ora\u0219<\/strong>; cele mai multe atrac\u021bii turistice majore se afl\u0103 la distan\u021b\u0103 de mers pe jos una de alta!<\/p>\n\n\n\n<p>Lu\u00e2nd metroul<\/p>\n\n\n\n<p><strong>Sistemul de metrou din Praga<\/strong> este recunoscut ca fiind unul dintre cele mai bune din lume. Metroul din Praga este un<strong> atrac\u021bie de neratat<\/strong>. Acesta este <strong>curat, ieftin, eficient<\/strong>, \u0219i u\u0219or de utilizat. Nu uita\u021bi s\u0103 v\u0103 valida\u021bi biletul \u00eenainte de a-l folosi pentru a evita amenzile!<\/p>\n\n\n\n<p><a href=\"https:\/\/www.dpp.cz\/en\/fares\/fare-pricelist\" rel=\"nofollow noopener\">Click aici<\/a> pentru a vedea toate biletele \u0219i t\u00e2rgurile disponibile.<\/p>\n\n\n\n<p><strong>Supravegheaz\u0103-\u021bi bunurile.<\/strong><\/p>\n\n\n\n<p>Praga este o <strong>ora\u0219 foarte sigur<\/strong>. Ho\u021bii de buzunare exist\u0103, ca \u00een orice ora\u0219 mare.<\/p>\n\n\n\n<p>Dar nu trebuie s\u0103 v\u0103 face\u021bi griji. Tot ce trebuie s\u0103 face\u021bi este s\u0103 v\u0103 supraveghea\u021bi bunurile, mai ales \u00een locurile aglomerate.<\/p>\n\n\n\n<p>Iat\u0103 c\u00e2teva m\u0103suri de precau\u021bie pe care ar trebui s\u0103 le lua\u021bi pentru a v\u0103 p\u0103stra lucrurile \u00een siguran\u021b\u0103:<\/p>\n\n\n\n<ul>\n<li>Nu purta\u021bi niciodat\u0103 bagajele \u00een spate.&nbsp;<\/li>\n\n\n\n<li>P\u0103stra\u021bi obiectele de valoare \u00een buzunarele de la spate.<\/li>\n\n\n\n<li>&nbsp;Evita\u021bi s\u0103 purta\u021bi po\u0219ete \u0219i gen\u021bi care nu au fermoare.&nbsp;<\/li>\n\n\n\n<li>Apuca\u021bi-v\u0103 de lucrurile pe care le de\u021bine\u021bi dac\u0103 al\u021bii se apropie prea mult de dumneavoastr\u0103, se lovesc de dumneavoastr\u0103 din gre\u0219eal\u0103 sau \u00eencearc\u0103 s\u0103 v\u0103 distrag\u0103 aten\u021bia.&nbsp;<\/li>\n\n\n\n<li>Mai presus de toate, fi\u021bi foarte aten\u021bi! Ho\u021bii de buzunare vizeaz\u0103 de obicei \u021binte u\u0219oare, cum ar fi persoanele neatente. Ve\u021bi fi \u00een regul\u0103 dac\u0103 ve\u021bi fi cu ochii \u00een patru \u0219i ve\u021bi preveni disconfortul.<\/li>\n<\/ul>\n\n\n\n<h2 id=\"final-thoughts\" class=\"wp-block-heading\">G\u00e2nduri finale<\/h2>\n\n\n\n<figure class=\"wp-block-image size-full\"><img decoding=\"async\" width=\"1024\" height=\"513\" src=\"https:\/\/prague.org\/wp-content\/uploads\/2023\/08\/image-7.png\" alt=\"Vedere din Praga\" class=\"wp-image-10646\" srcset=\"https:\/\/prague.org\/wp-content\/uploads\/2023\/08\/image-7.png 1024w, https:\/\/prague.org\/wp-content\/uploads\/2023\/08\/image-7-300x150.png 300w, https:\/\/prague.org\/wp-content\/uploads\/2023\/08\/image-7-768x385.png 768w, https:\/\/prague.org\/wp-content\/uploads\/2023\/08\/image-7-18x9.png 18w, https:\/\/prague.org\/wp-content\/uploads\/2023\/08\/image-7-380x190.png 380w, https:\/\/prague.org\/wp-content\/uploads\/2023\/08\/image-7-800x401.png 800w, https:\/\/prague.org\/wp-content\/uploads\/2023\/08\/image-7-600x301.png 600w\" sizes=\"(max-width: 1024px) 100vw, 1024px\" \/><figcaption class=\"wp-element-caption\">Vedere din Praga<\/figcaption><\/figure>\n\n\n\n<p>F\u0103-\u021bi timp pentru activit\u0103\u021bi \u0219i plimb\u0103ri nea\u0219teptate!<\/p>\n\n\n\n<p>Recunoa\u0219tem c\u0103 exist\u0103<strong> multe de v\u0103zut \u0219i de f\u0103cut \u00een Praga<\/strong>, iar tenta\u021bia de a vedea totul ar putea fi cople\u0219itoare. Cu toate acestea, noi credem c\u0103 una dintre cele mai bune modalit\u0103\u021bi de a \u00eenv\u0103\u021ba un ora\u0219 (sau orice ora\u0219!) este s\u0103 v\u0103 l\u0103sa\u021bi o parte din timp neplanificat.<\/p>\n\n\n\n<p>Intra\u021bi \u00eentr-un bar pentru o bere, intra\u021bi \u00een acel magazin care v-a st\u00e2rnit interesul \u0219i g\u0103si\u021bi un loc l\u00e2ng\u0103 o pia\u021b\u0103 pentru a privi cum se desf\u0103\u0219oar\u0103 ora\u0219ul. A lua parte la banal este probabil cel mai bun mod de a experimenta cu adev\u0103rat o loca\u021bie!<\/p>\n\n\n\n<div class=\"gyg-iframe-container\" style=\"margin-bottom:1.5em\"><iframe style=\"border:0;height:100%;width:100%\" title=\"Widgetul ora\u0219ului GetYourGuide\" src=\"https:\/\/widget.getyourguide.com\/default\/city.frame?widget=wp_city&amp;iata=PRG&amp;locale_code=en-GB&amp;partner_id=U94OQGQ\"><\/iframe><\/div>","protected":false},"excerpt":{"rendered":"Inten\u021biona\u021bi s\u0103 participa\u021bi la Conferin\u021ba Interna\u021bional\u0103 de Economie \u0219i Management (ICEMAN) care va avea loc la Praga \u00een data de 21 august,...","protected":false},"author":2,"featured_media":10720,"comment_status":"closed","ping_status":"closed","sticky":false,"template":"","format":"standard","meta":{"footnotes":""},"categories":[204,220,18],"tags":[31],"table_tags":[],"_links":{"self":[{"href":"https:\/\/prague.org\/ro\/wp-json\/wp\/v2\/posts\/10644"}],"collection":[{"href":"https:\/\/prague.org\/ro\/wp-json\/wp\/v2\/posts"}],"about":[{"href":"https:\/\/prague.org\/ro\/wp-json\/wp\/v2\/types\/post"}],"author":[{"embeddable":true,"href":"https:\/\/prague.org\/ro\/wp-json\/wp\/v2\/users\/2"}],"replies":[{"embeddable":true,"href":"https:\/\/prague.org\/ro\/wp-json\/wp\/v2\/comments?post=10644"}],"version-history":[{"count":8,"href":"https:\/\/prague.org\/ro\/wp-json\/wp\/v2\/posts\/10644\/revisions"}],"predecessor-version":[{"id":12444,"href":"https:\/\/prague.org\/ro\/wp-json\/wp\/v2\/posts\/10644\/revisions\/12444"}],"wp:featuredmedia":[{"embeddable":true,"href":"https:\/\/prague.org\/ro\/wp-json\/wp\/v2\/media\/10720"}],"wp:attachment":[{"href":"https:\/\/prague.org\/ro\/wp-json\/wp\/v2\/media?parent=10644"}],"wp:term":[{"taxonomy":"category","embeddable":true,"href":"https:\/\/prague.org\/ro\/wp-json\/wp\/v2\/categories?post=10644"},{"taxonomy":"post_tag","embeddable":true,"href":"https:\/\/prague.org\/ro\/wp-json\/wp\/v2\/tags?post=10644"},{"taxonomy":"table_tags","embeddable":true,"href":"https:\/\/prague.org\/ro\/wp-json\/wp\/v2\/table_tags?post=10644"}],"curies":[{"name":"wp","href":"https:\/\/api.w.org\/{rel}","templated":true}]}}