{"id":11702,"date":"2023-10-20T16:54:25","date_gmt":"2023-10-20T14:54:25","guid":{"rendered":"https:\/\/prague.org\/?p=11702"},"modified":"2023-11-10T12:14:53","modified_gmt":"2023-11-10T10:14:53","slug":"what-is-the-time-in-prague","status":"publish","type":"post","link":"https:\/\/prague.org\/ro\/ce-este-timpul-in-prague\/","title":{"rendered":"Care este ora \u00een Praga: Afla\u021bi ora curent\u0103 \u00een Republica Ceh\u0103"},"content":{"rendered":"<p>Cunosc\u00e2nd <strong>c\u00e2t este ora \u00een Praga<\/strong> este esen\u021bial\u0103 dac\u0103 v\u0103 face\u021bi planuri de vizitare a ora\u0219ului sau dac\u0103 trebuie s\u0103 v\u0103 coordona\u021bi cu colegii de munc\u0103. Istoria, arhitectura \u0219i oamenii din aceast\u0103 bijuterie a Europei Centrale sunt cu adev\u0103rat remarcabile. Cunoa\u0219te\u021bi <strong>c\u00e2t este ora \u00een Praga<\/strong> \u00eenainte de a ajunge acolo, astfel \u00eenc\u00e2t s\u0103 v\u0103 pute\u021bi folosi c\u00e2t mai bine timpul petrecut \u00een ora\u0219.<\/p>\n\n\n\n<p>Fie c\u0103 sunte\u021bi un localnic, un vizitator sau un om de afaceri, \u021binerea la zi a <strong>timp la Praga<\/strong> este esen\u021bial\u0103 pentru a respecta programul, pentru a te deplasa, pentru a \u0219ti<a href=\"https:\/\/prague.org\/ro\/vremea-in-praga\/\"> cum este vremea \u00een Praga,<\/a> \u0219i de a r\u0103m\u00e2ne \u00een contact cu restul lumii. Aceasta v\u0103 va ajuta s\u0103 profita\u021bi la maximum de timpul petrecut \u00een acest ora\u0219 european uimitor \u0219i va face din c\u0103l\u0103toria dumneavoastr\u0103 la Praga mai mult dec\u00e2t un simplu interes trec\u0103tor.<\/p>\n\n\n\n<p>\u00cen zilele noastre, r\u0103m\u00e2ne\u021bi f\u0103r\u0103 efort \u00een sincronizare cu <strong>Ora de Praga<\/strong> prin intermediul dispozitivului dvs. inteligent preferat, deoarece majoritatea telefoanelor inteligente, tabletelor \u0219i PC-urilor se adapteaz\u0103 automat la ora local\u0103. Fie c\u0103 se bazeaz\u0103 pe instrumente web, aplica\u021bii pentru smartphone sau metode tradi\u021bionale precum ceasurile de perete \u0219i ceasurile de m\u00e2n\u0103, \"C\u00e2t este ora \u00een Praga?\" v\u0103 asigur\u0103 c\u0103 descoperi\u021bi ora actual\u0103 \u00een Republica Ceh\u0103, dezv\u0103luind \u00een acela\u0219i timp esen\u021bialul <a href=\"https:\/\/prague.org\/ro\/czech-republic-code-phone\/\" data-type=\"link\" data-id=\"https:\/\/prague.org\/czech-republic-code-phone\/\">Indicativul de apelare pentru apelarea Cehiei<\/a>.<\/p>\n\n\n\n<h2 id=\"what-is-the-time-zone-of-prague\" class=\"wp-block-heading\">Care este fusul orar al ora\u0219ului Praga?<\/h2>\n\n\n\n<figure class=\"wp-block-image size-large\"><img decoding=\"async\" width=\"1024\" height=\"683\" src=\"https:\/\/prague.org\/wp-content\/uploads\/2023\/10\/luke-chesser-rCOWMC8qf8A-unsplash-1-1-1024x683.jpg\" alt=\"Timp \u00een Praga\" class=\"wp-image-11704\" srcset=\"https:\/\/prague.org\/wp-content\/uploads\/2023\/10\/luke-chesser-rCOWMC8qf8A-unsplash-1-1-1024x683.jpg 1024w, https:\/\/prague.org\/wp-content\/uploads\/2023\/10\/luke-chesser-rCOWMC8qf8A-unsplash-1-1-300x200.jpg 300w, https:\/\/prague.org\/wp-content\/uploads\/2023\/10\/luke-chesser-rCOWMC8qf8A-unsplash-1-1-768x512.jpg 768w, https:\/\/prague.org\/wp-content\/uploads\/2023\/10\/luke-chesser-rCOWMC8qf8A-unsplash-1-1-1536x1024.jpg 1536w, https:\/\/prague.org\/wp-content\/uploads\/2023\/10\/luke-chesser-rCOWMC8qf8A-unsplash-1-1-2048x1365.jpg 2048w, https:\/\/prague.org\/wp-content\/uploads\/2023\/10\/luke-chesser-rCOWMC8qf8A-unsplash-1-1-18x12.jpg 18w, https:\/\/prague.org\/wp-content\/uploads\/2023\/10\/luke-chesser-rCOWMC8qf8A-unsplash-1-1-380x253.jpg 380w, https:\/\/prague.org\/wp-content\/uploads\/2023\/10\/luke-chesser-rCOWMC8qf8A-unsplash-1-1-800x533.jpg 800w, https:\/\/prague.org\/wp-content\/uploads\/2023\/10\/luke-chesser-rCOWMC8qf8A-unsplash-1-1-1160x773.jpg 1160w, https:\/\/prague.org\/wp-content\/uploads\/2023\/10\/luke-chesser-rCOWMC8qf8A-unsplash-1-1-600x400.jpg 600w, https:\/\/prague.org\/wp-content\/uploads\/2023\/10\/luke-chesser-rCOWMC8qf8A-unsplash-1-1-scaled.jpg 2560w\" sizes=\"(max-width: 1024px) 100vw, 1024px\" \/><figcaption class=\"wp-element-caption\">Timp \u00een Praga<\/figcaption><\/figure>\n\n\n\n<p>Din cauza pozi\u021biei sale centrale \u00een Europa, Republica Ceh\u0103 respect\u0103 ora Europei Centrale (CET) atunci c\u00e2nd nu este \u00een vigoare DST. Pentru a profita de lumina suplimentar\u0103 din timpul nop\u021bii \u00een timpul orei de var\u0103 (DST), na\u021biunea trece la ora de var\u0103 a Europei Centrale (CEST) \u00eentre ultima duminic\u0103 din martie \u0219i ultima duminic\u0103 din octombrie. Prin aceast\u0103 schimbare, Praga r\u0103m\u00e2ne sincronizat\u0103 cu restul lumii, care urmeaz\u0103 aceast\u0103 abordare pentru a maximiza eficien\u021ba.<\/p>\n\n\n\n<p>\u00centruc\u00e2t este capitala \u0219i cel mai mare ora\u0219 din Republica Ceh\u0103, Praga folose\u0219te acela\u0219i fus orar ca \u0219i restul \u021b\u0103rii. Este important s\u0103 \u0219ti\u021bi c\u0103 <strong>c\u00e2t este ceasul \u00een Czech Republic<\/strong> fie c\u0103 vizita\u021bi situri istorice, face\u021bi afaceri sau pur \u0219i simplu v\u0103 bucura\u021bi de ofertele culturale ale ora\u0219ului.\u0218tiind la ce s\u0103 v\u0103 a\u0219tepta\u021bi de la <a href=\"https:\/\/prague.org\/ro\/cum-e-vremea-in-octombrie-in-praga\/\">Vremea \u00een octombrie<\/a> este esen\u021bial\u0103, mai ales dac\u0103 pl\u0103nui\u021bi o c\u0103l\u0103torie \u00een aceast\u0103 lun\u0103.<\/p>\n\n\n\n<h2 id=\"what-time-is-it-in-prague-czech-republic-prague-time-now\" class=\"wp-block-heading\">C\u00e2t este ceasul \u00een Praga, Republica Ceh\u0103 - Ora Praga acum?<\/h2>\n\n\n\n\n\t\t\t\t\n\t\t\t\t<div class=\"mx-localize-time\">\n\n\t\t\t\t\t\t\t\t\t\n\t\t\t\t\t\t<div class='mx-clock-europe-prague686 mx-clock-live-el'\n\t\t\t\t\t\t\tdata-bg-img-url='https:\/\/prague.org\/wp-content\/plugins\/mx-time-zone-clocks\/includes\/admin\/assets\/img\/clock-face21.png'\n\t\t\t\t\t\t\tdata-time_zone='Europe\/Prague'\n\t\t\t\t\t\t\tdata-city_name='Prague'\n\t\t\t\t\t\t\tdata-date_format='24'\n\t\t\t\t\t\t\tdata-digital_clock='false'\n\t\t\t\t\t\t\tdata-lang='en'\n\t\t\t\t\t\t\tdata-lang_for_date='en'\n\t\t\t\t\t\t\tdata-show_days='true'\n\t\t\t\t\t\t\tdata-showsecondhand='true'\n\t\t\t\t\t\t\tdata-arrow_type='classical'\n\t\t\t\t\t\t\tdata-super_simple='false'\n\t\t\t\t\t\t\tdata-arrows_color='white'\n\t\t\t\t\t\t><\/div>\n\n\t\t\t\t\t\n\t\t\t\t<\/div>\n\n\t\t\t\n\n\n\n<p>Situat\u0103 \u00een mijlocul Europei, Republica Ceh\u0103 se \u00eenvecineaz\u0103 cu Germania la vest, Austria la sud, Slovacia la est \u0219i Polonia la nord-est. Capitala na\u021biunii, Praga, este situat\u0103 \u00een inima Bazinului Boemiei, aproximativ la aceea\u0219i latitudine ca \u0219i Frankfurt sau Paris. Bine\u00een\u021beles, loca\u021bia sa fizic\u0103 este un factor determinant \u00een stabilirea standardului de timp.<\/p>\n\n\n\n<p>V\u0103 rug\u0103m s\u0103 re\u021bine\u021bi c\u0103 autorit\u0103\u021bile locale<strong> timp la Praga<\/strong>\u00cen Republica Ceh\u0103, ora standard a Europei Centrale sau ora de var\u0103 a Europei Centrale. De asemenea, formatul de 24 de ore este mai frecvent dec\u00e2t cel de 12 ore. A\u0219adar, dac\u0103 sunte\u021bi obi\u0219nui\u021bi cu metoda \"a.m. \/ p.m.\", nu v\u0103 face\u021bi griji c\u0103 ve\u021bi fi deruta\u021bi. \u00cen sistemul de 24 de ore, ora 1 p.m. devine 13:00, iar ora 1 a.m. devine 01:00.<\/p>\n\n\n\n<div data-gyg-href=\"https:\/\/widget.getyourguide.com\/default\/city.frame\" data-gyg-location-id=\"10\" data-gyg-locale-code=\"en-US\" data-gyg-widget=\"city\" data-gyg-partner-id=\"U94OQGQ\"><\/div>","protected":false},"excerpt":{"rendered":"S\u0103 \u0219tii c\u00e2t este ora \u00een Praga este esen\u021bial dac\u0103 \u00ee\u021bi faci planuri de vizitare a ora\u0219ului sau dac\u0103 vrei s\u0103...","protected":false},"author":2,"featured_media":11703,"comment_status":"closed","ping_status":"closed","sticky":false,"template":"","format":"standard","meta":{"footnotes":""},"categories":[204,14,46],"tags":[49],"table_tags":[],"_links":{"self":[{"href":"https:\/\/prague.org\/ro\/wp-json\/wp\/v2\/posts\/11702"}],"collection":[{"href":"https:\/\/prague.org\/ro\/wp-json\/wp\/v2\/posts"}],"about":[{"href":"https:\/\/prague.org\/ro\/wp-json\/wp\/v2\/types\/post"}],"author":[{"embeddable":true,"href":"https:\/\/prague.org\/ro\/wp-json\/wp\/v2\/users\/2"}],"replies":[{"embeddable":true,"href":"https:\/\/prague.org\/ro\/wp-json\/wp\/v2\/comments?post=11702"}],"version-history":[{"count":8,"href":"https:\/\/prague.org\/ro\/wp-json\/wp\/v2\/posts\/11702\/revisions"}],"predecessor-version":[{"id":12017,"href":"https:\/\/prague.org\/ro\/wp-json\/wp\/v2\/posts\/11702\/revisions\/12017"}],"wp:featuredmedia":[{"embeddable":true,"href":"https:\/\/prague.org\/ro\/wp-json\/wp\/v2\/media\/11703"}],"wp:attachment":[{"href":"https:\/\/prague.org\/ro\/wp-json\/wp\/v2\/media?parent=11702"}],"wp:term":[{"taxonomy":"category","embeddable":true,"href":"https:\/\/prague.org\/ro\/wp-json\/wp\/v2\/categories?post=11702"},{"taxonomy":"post_tag","embeddable":true,"href":"https:\/\/prague.org\/ro\/wp-json\/wp\/v2\/tags?post=11702"},{"taxonomy":"table_tags","embeddable":true,"href":"https:\/\/prague.org\/ro\/wp-json\/wp\/v2\/table_tags?post=11702"}],"curies":[{"name":"wp","href":"https:\/\/api.w.org\/{rel}","templated":true}]}}