{"id":11822,"date":"2023-10-26T10:26:33","date_gmt":"2023-10-26T08:26:33","guid":{"rendered":"https:\/\/prague.org\/?p=11822"},"modified":"2023-10-27T08:15:30","modified_gmt":"2023-10-27T06:15:30","slug":"when-did-czechoslovakia-split","status":"publish","type":"post","link":"https:\/\/prague.org\/ro\/cand-s-a-despartit-cehoslovacia\/","title":{"rendered":"C\u00e2nd s-a divizat Cehoslovacia? Explora\u021bi momentul istoric al diviz\u0103rii sale"},"content":{"rendered":"<p><strong>C\u00e2nd s-a divizat Cehoslovacia?<\/strong> La 1 ianuarie 1993, Cehoslovacia, na\u021biune central-european\u0103, s-a dezintegrat \u00een dou\u0103 state separate: Republica Ceh\u0103 \u0219i Slovacia. Aceasta a fost divizarea pa\u0219nic\u0103 a unui stat federal care a dus la crearea a dou\u0103 state independente \u0219i suverane. Continua\u021bi s\u0103 citi\u021bi pentru a afla <strong>c\u00e2nd Cehoslovacia s-a divizat<\/strong>.<\/p>\n\n\n\n<p>\"Divor\u021bul de catifea\", a\u0219a cum a ajuns s\u0103 fie cunoscut, a fost un contrast puternic fa\u021b\u0103 de scind\u0103rile violente \u00eenregistrate \u00een alte \u021b\u0103ri la acea vreme. A fost marcat\u0103 de o dedicare pentru non-violen\u021b\u0103 \u0219i diploma\u021bie, care a reflectat aspira\u021biile cet\u0103\u021benilor cehi \u0219i slovaci pentru independen\u021b\u0103 na\u021bional\u0103 \u0219i recunoa\u0219terea culturilor lor distincte.<\/p>\n\n\n\n<p>Factori precum <strong>Cehoslovacia <\/strong><strong>istorie<\/strong>, cultura \u0219i politica, toate au contribuit la aceast\u0103 ruptur\u0103. Zonele cehe \u0219i slovace ale \u021b\u0103rii au dezvoltat de-a lungul timpului interese politice \u0219i economice distincte. Din cauza acestor diferen\u021be \u0219i a credin\u021bei comune \u00een democra\u021bie, s-a decis s\u0103 se despart\u0103 pe cale amiabil\u0103.<\/p>\n\n\n\n<p>\u00cen prezent, Bratislava este capitala Slovaciei, \u00een timp ce<a href=\"https:\/\/prague.org\/ro\/explore-the-rich-prague-history\/\"> Praga, inima istoric\u0103 a Republicii Cehe<\/a>Capitala este ora\u0219ul, care este capitala.<\/p>\n\n\n\n<h2 id=\"when-was-czechoslovakia-formed-tracing-the-birth-of-a-nation\" class=\"wp-block-heading\">C\u00e2nd a fost \u00eenfiin\u021bat\u0103 Cehoslovacia? Urm\u0103rind na\u0219terea unei na\u021biuni<\/h2>\n\n\n\n<p><strong>C\u00e2nd s-a format Cehoslovacia? <\/strong>La 28 octombrie 1918, \u00een cadrul unei ceremonii oficiale, Cehoslovacia a luat fiin\u021b\u0103. \u00cen prezent, \u00een Republica Ceh\u0103 este o s\u0103rb\u0103toare na\u021bional\u0103 important\u0103 pentru a comemora ziua independen\u021bei Cehoslovaciei. \u00cen urma Primului R\u0103zboi Mondial \u0219i a semn\u0103rii Acordului de la Pittsburgh \u00een Statele Unite, care a deschis calea pentru un stat cehoslovac unificat, s-a n\u0103scut o nou\u0103 na\u021biune.<\/p>\n\n\n\n<p>Tom\u00e1 Garrigue Masaryk a fost cel care a condus transformarea Cehoslovaciei \u00eentr-o republic\u0103 democratic\u0103. Cehii, slovacii \u0219i alte minorit\u0103\u021bi au tr\u0103it \u00eempreun\u0103 \u00een pace \u0219i armonie \u00een noul stat. Acesta a fost fondat pe baza ideilor de democra\u021bie \u0219i ca r\u0103spuns la aspira\u021biile de independen\u021b\u0103 na\u021bional\u0103 ale cehilor \u0219i slovacilor.<\/p>\n\n\n\n<h2 id=\"when-did-czechoslovakia-split-exploring-the-divisive-turning-point-in-history\" class=\"wp-block-heading\">C\u00e2nd s-a divizat Cehoslovacia? Explorarea punctului de cotitur\u0103 divizoriu din istorie&nbsp;<\/h2>\n\n\n\n<div data-gyg-href=\"https:\/\/widget.getyourguide.com\/default\/activities.frame\" data-gyg-locale-code=\"en-US\" data-gyg-widget=\"activities\" data-gyg-number-of-items=\"3\" data-gyg-partner-id=\"U94OQGQ\" data-gyg-q=\"prague%20Czechoslovakia\"><\/div>\n\n\n\n<p>Ca entitate suveran\u0103, Cehoslovacia a existat p\u00e2n\u0103 la 1 ianuarie 1993, c\u00e2nd s-a divizat \u00een mod pa\u0219nic \u00een Republica Ceh\u0103 \u0219i Slovacia. \u00cen timp ce acest lucru a \u00eensemnat sf\u00e2r\u0219itul federa\u021biei, a pus fiecare \u021bar\u0103 pe propriul drum spre cre\u0219tere \u0219i progres.<\/p>\n\n\n\n<p>Ca na\u021biuni separate, Republica Ceh\u0103 \u0219i Slovacia au fost libere s\u0103 \u00ee\u0219i urm\u0103reasc\u0103 propriile interese dup\u0103 <strong>Divizarea Cehoslovaciei<\/strong>. Ambele \u021b\u0103ri s-au angajat \u00een favoarea democra\u021biei \u0219i a autodetermin\u0103rii, iar separarea lor este considerat\u0103 un caz neobi\u0219nuit de separare pa\u0219nic\u0103 \u0219i consensual\u0103.<\/p>\n\n\n\n<h2 id=\"why-was-czechoslovakia-split-unraveling-the-causes-of-division\" class=\"wp-block-heading\">De ce a fost divizat\u0103 Cehoslovacia? Deslu\u0219irea cauzelor diviz\u0103rii<\/h2>\n\n\n\n<p><strong>De ce a fost divizat\u0103 Cehoslovacia? <\/strong>\"Divor\u021bul de catifea\", a\u0219a cum este cunoscut\u0103 \u00een mod obi\u0219nuit divizarea Cehoslovaciei \u00een Republica Ceh\u0103 \u0219i Slovacia, a avut loc din mai multe motive interdependente. Alegerea de a dizolva statul federal Cehoslovacia nu a fost f\u0103cut\u0103 \u00eent\u00e2mpl\u0103tor, dar au existat motive de baz\u0103 pentru ca aceasta s\u0103 fie pa\u0219nic\u0103 \u0219i caracterizat\u0103 de un acord reciproc:<\/p>\n\n\n\n<h3 id=\"divergent-political-and-economic-systems\" class=\"wp-block-heading\">Sisteme politice \u0219i economice divergente<\/h3>\n\n\n\n<p>Republica Ceh\u0103 \u0219i Slovacia au dezvoltat de-a lungul timpului identit\u0103\u021bi politice \u0219i economice distincte. La \u00eenceputul anilor 1990, c\u00e2nd ambele zone \u00eencercau s\u0103 \u00ee\u0219i modeleze sistemele politice \u0219i economice postcomuniste, aceste distinc\u021bii au fost deosebit de evidente. Cehii din Praga preferau schimb\u0103ri mai rapide ale pie\u021bei \u0219i o adoptare mai deplin\u0103 a capitalismului, \u00een timp ce slovacii din Bratislava erau mai precau\u021bi.<\/p>\n\n\n\n<h3 id=\"desire-for-self-determination\" class=\"wp-block-heading\">Dorin\u021ba de autodeterminare<\/h3>\n\n\n\n<p>Conceptul de libertate individual\u0103 a fost un factor determinant \u00een aceast\u0103 separare. \u00cen r\u00e2ndul locuitorilor din zonele cehe \u0219i slovace s-a dezvoltat un sentiment de identitate na\u021bional\u0103 \u0219i de m\u00e2ndrie na\u021bional\u0103 \u0219i a existat o dorin\u021b\u0103 de a se autoguverna. Principiul libert\u0103\u021bii individuale a jucat un rol major \u00een solu\u021bionarea amiabil\u0103 a diferendelor noastre.<\/p>\n\n\n\n<h3 id=\"the-dissolution-legal-structure\" class=\"wp-block-heading\">Structura juridic\u0103 a dizolv\u0103rii<\/h3>\n\n\n\n<p>Structura constitu\u021bional\u0103 \u0219i juridic\u0103 stabilit\u0103 \u00een documentele fondatoare ale statului federal a permis dezintegrarea Cehoslovaciei. At\u00e2ta timp c\u00e2t decizia de separare a fost luat\u0103 pe cale amiabil\u0103 de c\u0103tre ambele p\u0103r\u021bi, acest cadru a sprijinit acest lucru.<\/p>\n\n\n\n<h3 id=\"the-velvet-revolution\" class=\"wp-block-heading\">Revolu\u021bia de catifea<\/h3>\n\n\n\n<p>Dictatura comunist\u0103 din Cehoslovacia s-a pr\u0103bu\u0219it, iar drumul spre democra\u021bie a \u00eenceput odat\u0103 cu <strong>Revolu\u021bia de catifea din 1989<\/strong>, condus\u0103 de personalit\u0103\u021bi precum<strong> V\u00e1clav Havel.<\/strong> A marcat un punct de cotitur\u0103 care a preg\u0103tit terenul pentru o eventual\u0103 separare.<\/p>\n\n\n\n<h3 id=\"political-leadership\" class=\"wp-block-heading\">Conducerea politic\u0103<\/h3>\n\n\n\n<p>Liderii politici au avut un rol crucial \u00een c\u0103l\u0103uzirea \u021b\u0103rii prin dificilul proces de fragmentare. Separarea de catifea a fost facilitat\u0103 \u00een mare m\u0103sur\u0103 de eforturile lui V\u00e1clav Havel, pre\u0219edintele Cehoslovaciei, \u0219i Vladimr Meiar, prim-ministrul Slovaciei.<\/p>\n\n\n\n<h3 id=\"public-approval\" class=\"wp-block-heading\">Aprobare public\u0103<\/h3>\n\n\n\n<p>\u00cen cele din urm\u0103, majoritatea oamenilor din ambele regiuni au fost de acord c\u0103 era mai bine s\u0103 se dizolve Cehoslovacia. At\u00e2t Republica Ceh\u0103, c\u00e2t \u0219i Slovacia au organizat referendumuri privind independen\u021ba, iar rezultatele au ar\u0103tat un sprijin cov\u00e2r\u0219itor pentru desprindere.<\/p>\n\n\n\n<h2 id=\"czechoslovakias-legacy-after-the-split\" class=\"wp-block-heading\">Mo\u0219tenirea Cehoslovaciei: Dup\u0103 divizare<\/h2>\n\n\n\n<p>1993 <a href=\"https:\/\/prague.org\/ro\/praga-primavara\/\">divizarea Cehoslovaciei<\/a>, care a creat Republica Ceh\u0103 \u0219i Slovacia, a l\u0103sat o mo\u0219tenire pentru ambele state \u0219i pentru zon\u0103. Principalele componente ale mo\u0219tenirii cehoslovace de dup\u0103 scindare:<\/p>\n\n\n\n<p><strong>Dizolvare pa\u0219nic\u0103:<\/strong> Spre deosebire de alte \u021b\u0103ri de dup\u0103 R\u0103zboiul Rece, Cehoslovacia s-a divizat \u00een mod pa\u0219nic.&nbsp;<\/p>\n\n\n\n<p><strong>Tradi\u021bii democratice puternice<\/strong>: Cehoslovacia a oferit at\u00e2t Republicii Cehe, c\u00e2t \u0219i Slovaciei valori democratice.<\/p>\n\n\n\n<p><strong>Identit\u0103\u021bi na\u021bionale diferite: <\/strong>Divizarea a permis Republicii Cehe \u0219i Slovaciei s\u0103 \u00ee\u0219i dezvolte \u0219i s\u0103 \u00ee\u0219i exprime identitatea na\u021bional\u0103.<\/p>\n\n\n\n<p><strong>Tranzi\u021bia economic\u0103:<\/strong> Ambele \u021b\u0103ri au trecut de la economii planificate la economii de pia\u021b\u0103 \u00een ritmuri diferite.<\/p>\n\n\n\n<p><strong>Integrarea european\u0103:<\/strong> Separarea nu a \u00eempiedicat integrarea european\u0103 a ambelor \u021b\u0103ri. At\u00e2t Republica Ceh\u0103, c\u00e2t \u0219i Slovacia au aderat la UE \u00een 2004, aliniindu-se la Europa de Vest.<\/p>\n\n\n\n<p><strong>Leg\u0103turi diplomatice:<\/strong> De la desp\u0103r\u021bire, cele dou\u0103 \u021b\u0103ri au men\u021binut leg\u0103turi diplomatice \u0219i s-au bucurat de rela\u021bii pa\u0219nice. Ele sunt parteneri apropia\u021bi ai UE \u0219i colaboreaz\u0103 la problemele regionale \u0219i interna\u021bionale.<\/p>\n\n\n\n<p><strong>Leg\u0103turi culturale \u0219i istorice:<\/strong> \u00cen ciuda identit\u0103\u021bilor lor na\u021bionale, Republica Ceh\u0103 \u0219i Slovacia au leg\u0103turi culturale \u0219i istorice comune. Slovacii \u0219i cehii \u00ee\u0219i s\u0103rb\u0103toresc istoria \u0219i tradi\u021biile comune \u0219i vorbesc limbi similare.<\/p>\n\n\n\n<div data-gyg-href=\"https:\/\/widget.getyourguide.com\/default\/city.frame\" data-gyg-location-id=\"10\" data-gyg-locale-code=\"en-US\" data-gyg-widget=\"city\" data-gyg-partner-id=\"U94OQGQ\"><\/div>","protected":false},"excerpt":{"rendered":"C\u00e2nd s-a divizat Cehoslovacia? La 1 ianuarie 1993, na\u021biunea central-european\u0103 Cehoslovacia s-a destr\u0103mat \u00een dou\u0103 \u021b\u0103ri separate: Cehoslovacia \u0219i...","protected":false},"author":2,"featured_media":11824,"comment_status":"closed","ping_status":"closed","sticky":false,"template":"","format":"standard","meta":{"footnotes":""},"categories":[15,204,39],"tags":[49],"table_tags":[],"_links":{"self":[{"href":"https:\/\/prague.org\/ro\/wp-json\/wp\/v2\/posts\/11822"}],"collection":[{"href":"https:\/\/prague.org\/ro\/wp-json\/wp\/v2\/posts"}],"about":[{"href":"https:\/\/prague.org\/ro\/wp-json\/wp\/v2\/types\/post"}],"author":[{"embeddable":true,"href":"https:\/\/prague.org\/ro\/wp-json\/wp\/v2\/users\/2"}],"replies":[{"embeddable":true,"href":"https:\/\/prague.org\/ro\/wp-json\/wp\/v2\/comments?post=11822"}],"version-history":[{"count":2,"href":"https:\/\/prague.org\/ro\/wp-json\/wp\/v2\/posts\/11822\/revisions"}],"predecessor-version":[{"id":11864,"href":"https:\/\/prague.org\/ro\/wp-json\/wp\/v2\/posts\/11822\/revisions\/11864"}],"wp:featuredmedia":[{"embeddable":true,"href":"https:\/\/prague.org\/ro\/wp-json\/wp\/v2\/media\/11824"}],"wp:attachment":[{"href":"https:\/\/prague.org\/ro\/wp-json\/wp\/v2\/media?parent=11822"}],"wp:term":[{"taxonomy":"category","embeddable":true,"href":"https:\/\/prague.org\/ro\/wp-json\/wp\/v2\/categories?post=11822"},{"taxonomy":"post_tag","embeddable":true,"href":"https:\/\/prague.org\/ro\/wp-json\/wp\/v2\/tags?post=11822"},{"taxonomy":"table_tags","embeddable":true,"href":"https:\/\/prague.org\/ro\/wp-json\/wp\/v2\/table_tags?post=11822"}],"curies":[{"name":"wp","href":"https:\/\/api.w.org\/{rel}","templated":true}]}}