{"id":12570,"date":"2024-01-17T16:08:19","date_gmt":"2024-01-17T14:08:19","guid":{"rendered":"https:\/\/prague.org\/?p=12570"},"modified":"2024-02-16T11:52:29","modified_gmt":"2024-02-16T09:52:29","slug":"17-november-1989","status":"publish","type":"post","link":"https:\/\/prague.org\/ro\/17-noiembrie-1989\/","title":{"rendered":"17 noiembrie 1989: Un moment crucial \u00een istoria Cehoslovaciei"},"content":{"rendered":"<p>The <strong>17 noiembrie 1989<\/strong>, marcheaz\u0103 un punct de cotitur\u0103 \u00een istoria Cehoslovaciei, deschiz\u00e2nd o serie de evenimente care vor duce \u00een cele din urm\u0103 la pr\u0103bu\u0219irea guvernului comunist \u0219i la \u00eenceputul unei ere complet noi. Site-ul <strong>17 noiembrie 1989<\/strong> este \u00eenscris\u0103 \u00een con\u0219tiin\u021ba colectiv\u0103 ca o emblem\u0103 a luptei poporului pentru libertate \u0219i democra\u021bie, care a culminat cu <a href=\"https:\/\/prague.org\/ro\/1989-revolutia-ceha-velvet-revolutia\/\">Revolu\u021bia de catifea.<\/a><\/p>\n\n\n\n<p>Pentru a \u00een\u021belege cu adev\u0103rat importan\u021ba zilei de 17 noiembrie 1989, trebuie s\u0103 analiz\u0103m mai \u00eent\u00e2i atmosfera sociopolitic\u0103 care a precedat-o. \u00cen urma prelu\u0103rii Cehoslovaciei de c\u0103tre sovietici \u00een 1968, numit\u0103 Prim\u0103vara de la Praga, na\u021biunea a c\u0103zut sub o autoritate comunist\u0103 strict\u0103. Aceast\u0103 persecu\u021bie a \u00eempiedicat libert\u0103\u021bile individuale, a redus la t\u0103cere criticile \u0219i a alimentat o nemul\u021bumire generalizat\u0103 \u00een r\u00e2ndul publicului, ceea ce a dus la o rezisten\u021b\u0103 \u00een\u0103bu\u0219itoare la guvernare.<\/p>\n\n\n\n<p>Evenimentele care au avut loc pe<strong> 17 noiembrie 1989 la Bratislava <\/strong>a f\u0103cut o impresie de durat\u0103, precum \u0219i \u00eentreaga Cehoslovacie.&nbsp;<\/p>\n\n\n\n<h2 id=\"chronicles-of-change-november-1989-in-czechoslovakia-bratislavas\" class=\"wp-block-heading\">Cronici ale schimb\u0103rii Noiembrie 1989 \u00een Cehoslovacia Bratislava<\/h2>\n\n\n\n<figure class=\"wp-block-image size-large\"><img decoding=\"async\" width=\"1024\" height=\"683\" src=\"https:\/\/prague.org\/wp-content\/uploads\/2024\/01\/oleh-morhun-8gEXxhCS0rE-unsplash-1024x683.jpg\" alt=\"Vedere din Praga\" class=\"wp-image-12571\" srcset=\"https:\/\/prague.org\/wp-content\/uploads\/2024\/01\/oleh-morhun-8gEXxhCS0rE-unsplash-1024x683.jpg 1024w, https:\/\/prague.org\/wp-content\/uploads\/2024\/01\/oleh-morhun-8gEXxhCS0rE-unsplash-300x200.jpg 300w, https:\/\/prague.org\/wp-content\/uploads\/2024\/01\/oleh-morhun-8gEXxhCS0rE-unsplash-768x512.jpg 768w, https:\/\/prague.org\/wp-content\/uploads\/2024\/01\/oleh-morhun-8gEXxhCS0rE-unsplash-1536x1024.jpg 1536w, https:\/\/prague.org\/wp-content\/uploads\/2024\/01\/oleh-morhun-8gEXxhCS0rE-unsplash-2048x1365.jpg 2048w, https:\/\/prague.org\/wp-content\/uploads\/2024\/01\/oleh-morhun-8gEXxhCS0rE-unsplash-18x12.jpg 18w, https:\/\/prague.org\/wp-content\/uploads\/2024\/01\/oleh-morhun-8gEXxhCS0rE-unsplash-380x253.jpg 380w, https:\/\/prague.org\/wp-content\/uploads\/2024\/01\/oleh-morhun-8gEXxhCS0rE-unsplash-800x533.jpg 800w, https:\/\/prague.org\/wp-content\/uploads\/2024\/01\/oleh-morhun-8gEXxhCS0rE-unsplash-1160x773.jpg 1160w, https:\/\/prague.org\/wp-content\/uploads\/2024\/01\/oleh-morhun-8gEXxhCS0rE-unsplash-600x400.jpg 600w, https:\/\/prague.org\/wp-content\/uploads\/2024\/01\/oleh-morhun-8gEXxhCS0rE-unsplash-scaled.jpg 2560w\" sizes=\"(max-width: 1024px) 100vw, 1024px\" \/><figcaption class=\"wp-element-caption\">Vedere din Praga<\/figcaption><\/figure>\n\n\n\n<p><strong>Ce s-a \u00eent\u00e2mplat pe 17 noiembrie 1989? <\/strong>S\u0103 ne uit\u0103m la cronicile schimb\u0103rii din acea lun\u0103 important\u0103, cu un accent deosebit pe Bratislava, capitala Slovaciei, \u0219i pe implicarea sa \u00een revoltele care au transformat istoria Cehoslovaciei.<\/p>\n\n\n\n<h3 id=\"the-spark-that-started-the-flame\" class=\"wp-block-heading\">Sc\u00e2nteia care a aprins flac\u0103ra&nbsp;<\/h3>\n\n\n\n<p>Bratislava, capitala obscur\u0103 a Cehoslovaciei, a devenit un centru de rebeliune \u00eempotriva regimului comunist. Dup\u0103 uciderea studentului Martin \u0160m\u00edd \u00een cadrul unei demonstra\u021bii la Praga \u00een <strong>Noiembrie 1989<\/strong>, locuitorii Bratislavei s-au ridicat \u00eempotriva guvernului autoritar. C\u0103derea lui \u0160m\u00edd i-a inspirat pe tinerii din Bratislava s\u0103 impulsioneze schimbarea \u0219i s\u0103-\u0219i transforme ora\u0219ul.<\/p>\n\n\n\n<h3 id=\"the-streets-awaken\" class=\"wp-block-heading\">Str\u0103zile se trezesc<\/h3>\n\n\n\n<p>Activismul a crescut pe str\u0103zile din Bratislava. Sute de elevi, muncitori \u0219i intelectuali au c\u00e2ntat \u00een pie\u021be pentru libertate, democra\u021bie \u0219i sf\u00e2r\u0219itul comunismului. Pia\u021ba Libert\u0103\u021bii, fosta Pia\u021b\u0103 a Palatului de Justi\u021bie, a fost martora unor discursuri pasionale, a unor argumente \u00eenfl\u0103c\u0103rate \u0219i a unei na\u021biuni unite.<\/p>\n\n\n\n<h3 id=\"the-power-of-unity\" class=\"wp-block-heading\">Puterea unit\u0103\u021bii<\/h3>\n\n\n\n<p>Revolu\u021bia de catifea a demonstrat poten\u021bialul incredibil al unit\u0103\u021bii. Toat\u0103 lumea s-a al\u0103turat pentru emancipare, de la angaja\u021bii cu gulere albastre la academicieni \u0219i arti\u0219ti cu p\u0103rul cre\u021b. Lan\u021bul uman dintre Bratislava \u0219i Viena a \u00eensemnat unitatea Europei de Est \u0219i de Vest \u0219i universalitatea schimb\u0103rii.<\/p>\n\n\n\n<h3 id=\"bratislavas-bloodless-uprising\" class=\"wp-block-heading\">Revolta s\u00e2ngeroas\u0103 de la Bratislava<\/h3>\n\n\n\n<p>Revolu\u021bia de catifea a fost pa\u0219nic\u0103. Cet\u0103\u021benii din Bratislava au ajutat ca revolu\u021bia s\u0103 nu fie s\u00e2ngeroas\u0103. Poezia, teatrul \u0219i sit-in-urile nonviolente au \u00eenlocuit violen\u021ba pentru a protesta \u00eempotriva regimului tiranic. Lumea s-a minunat c\u00e2nd Bratislava a inspirat viitoarele revolte.<\/p>\n\n\n\n<h2 id=\"turning-point-tracing-17-november-1989-events\" class=\"wp-block-heading\">Punct de cotitur\u0103 Urm\u0103rirea evenimentelor din 17 noiembrie 1989<\/h2>\n\n\n\n<p>La 17 noiembrie 1989 a avut loc o schimbare dramatic\u0103 \u00een climatul politic din Cehoslovacia, care este considerat\u0103 a fi un moment de cotitur\u0103 \u00een istoria \u021b\u0103rii. S\u0103 arunc\u0103m o privire asupra a ceea ce s-a \u00eent\u00e2mplat \u00een acea zi \u0219i a modului \u00een care a preg\u0103tit terenul pentru Revolu\u021bia de catifea, care a pus cap\u0103t controlului comunist \u00een Cehoslovacia.<\/p>\n\n\n\n<h3 id=\"background-of-repression\" class=\"wp-block-heading\">Contextul represiunii<\/h3>\n\n\n\n<p>\u00cen timpul domniei comuniste a lui Gust\u00e1v Hus\u00e1k \u00een <a href=\"https:\/\/prague.org\/ro\/cehoslovacia-tara\/\">\u021bar\u0103 din Cehoslovacia<\/a>, represiunea politic\u0103, cenzura \u0219i libert\u0103\u021bile civile restr\u00e2nse erau predominante. Dictatura \u0219i-a men\u021binut puterea prin implementarea unei economii sub control centralizat \u0219i o puternic\u0103 conformitate ideologic\u0103.<\/p>\n\n\n\n<h3 id=\"november-17-uprising\" class=\"wp-block-heading\">Revolta din 17 noiembrie<\/h3>\n\n\n\n<p>The <strong>17 noiembrie 1989 <\/strong>a \u00eenceput \u00een timpul unui protest studen\u021besc din Praga. Atacul s\u0103lbatic al poli\u021biei asupra mitingului pa\u0219nic a alimentat indignarea popular\u0103 \u0219i a declan\u0219at un val de tulbur\u0103ri care s-a r\u0103sp\u00e2ndit rapid \u00een \u00eentreaga \u021bar\u0103, inclusiv \u00een Bratislava.<\/p>\n\n\n\n<h3 id=\"bratislavas-response\" class=\"wp-block-heading\">R\u0103spunsul Bratislavei<\/h3>\n\n\n\n<p>Cet\u0103\u021benii din capitala Slovaciei, Bratislava, au r\u0103spuns la o cerere de schimbare la nivel na\u021bional. Ora\u0219ul Bratislava a devenit o p\u00e2nz\u0103 pentru demonstra\u021bii masive \u00een care se cerea \u00eencetarea regimului partidului unic \u0219i introducerea democra\u021biei. Pie\u021bele \u0219i reperele ora\u0219ului au reflectat vocea colectiv\u0103 a poporului care se ridica \u00eempotriva anilor de tiranie comunist\u0103.<\/p>\n\n\n\n<h3 id=\"emergence-of-civic-forum-in-bratislava\" class=\"wp-block-heading\">Apari\u021bia Forumului Civic la Bratislava<\/h3>\n\n\n\n<p>Forumul Civic, o combina\u021bie de disiden\u021bi \u0219i cercet\u0103tori, a ap\u0103rut ca o for\u021b\u0103 semnificativ\u0103 pentru reform\u0103 \u00een timpul demonstra\u021biilor de la Bratislava. Forumul Civic din Bratislava a devenit un loc de exprimare a opiniilor opozi\u021biei, subliniind apelurile pentru reform\u0103 politic\u0103, alegeri libere \u0219i sf\u00e2r\u0219itul guvernului comunist.<\/p>\n\n\n\n<h3 id=\"solidarity-across-borders\" class=\"wp-block-heading\">Solidaritate dincolo de frontiere<\/h3>\n\n\n\n<p>Bratislava a promovat unitatea transfrontalier\u0103, at\u00e2t \u00een Slovacia, c\u00e2t \u0219i \u00eentre slovaci \u0219i cehi. Efortul comun \u00eempotriva regimului comunist a sporit leg\u0103turile dintre cele dou\u0103 \u021b\u0103ri, deschiz\u00e2nd calea pentru dezintegrarea pa\u0219nic\u0103 a Cehoslovaciei \u00een 1993.<\/p>\n\n\n\n<h3 id=\"resignation-of-the-communist-government\" class=\"wp-block-heading\">Demisia guvernului comunist<\/h3>\n\n\n\n<p>Administra\u021bia comunist\u0103 a demisionat ca urmare a presiunii exercitate de protestatarii din Bratislava \u0219i a protestelor la nivel na\u021bional. Pe fondul unei opozi\u021bii generalizate, cabinetul, inclusiv pre\u0219edintele Gust\u00e1v Hus\u00e1k, a demisionat la \u00eenceputul lunii decembrie 1989, marc\u00e2nd un punct de cotitur\u0103 important \u00een peisajul politic.<\/p>\n\n\n\n<h3 id=\"vaclav-havels-presidency\" class=\"wp-block-heading\">Pre\u0219edin\u021bia lui V\u00e1clav Havel<\/h3>\n\n\n\n<p>V\u00e1clav Havel a devenit pre\u0219edinte la 29 decembrie 1989, dup\u0103 ce guvernul comunist a luat sf\u00e2r\u0219it. Acest eveniment istoric a marcat triumful Revolu\u021biei de catifea \u0219i \u00eenceputul unei perioade democratice \u00een Cehoslovacia.<\/p>\n\n\n\n<h2 id=\"discover-a-month-of-transformation-from-the-velvet-revolution-on-november-17-1989\" class=\"wp-block-heading\">Descoperi\u021bi o lun\u0103 de transformare de la Revolu\u021bia de Catifea din 17 noiembrie 1989<\/h2>\n\n\n\n<p>The <strong>17 noiembrie 1989 Revolu\u021bia de catifea <\/strong>a schimbat \u021bara \u0219i lumea. Acest moment revolu\u021bionar a avut efecte politice, sociale \u0219i culturale dincolo de dispari\u021bia dictaturii comuniste.<\/p>\n\n\n\n<h3 id=\"political-change-and-democratization\" class=\"wp-block-heading\">Schimb\u0103ri politice \u0219i democratizare<\/h3>\n\n\n\n<p>Acesta a fost rezultatul cel mai evident \u0219i tangibil. Democra\u021bia a ap\u0103rut dup\u0103 ce administra\u021bia comunist\u0103 a demisionat \u0219i a fost stabilit un nou sistem.<\/p>\n\n\n\n<p>De asemenea, revolta de catifea a pus cap\u0103t unor ani de regim autoritar prin crearea unor institu\u021bii democratice, cum ar fi alegerile libere \u0219i corecte.<\/p>\n\n\n\n<h3 id=\"civic-society-and-activism-birth\" class=\"wp-block-heading\">Societate civic\u0103 \u0219i activism Na\u0219tere<\/h3>\n\n\n\n<p>Forumul Civic a simbolizat revolta \u00eempotriva autorit\u0103\u021bii. Mi\u0219carea a ar\u0103tat cum o societate civil\u0103 unit\u0103 poate cere reforme politice \u0219i poate lupta \u00eempotriva opresiunii.<\/p>\n\n\n\n<p>\u00cen plus, Revolu\u021bia de catifea a oferit cet\u0103\u021benilor un cuv\u00e2nt de spus \u00een ceea ce prive\u0219te viitorul \u021b\u0103rii lor. Angajamentul civic \u0219i serviciul civic au devenit valori na\u021bionale.<\/p>\n\n\n\n<h3 id=\"nonviolent-resistance-symbol\" class=\"wp-block-heading\">Simbolul rezisten\u021bei nonviolente<\/h3>\n\n\n\n<p>Nonviolen\u021ba Revolu\u021biei de catifea a inspirat rezisten\u021ba la regimurile autoritare din \u00eentreaga lume. Aceast\u0103 metod\u0103 a inspirat revolu\u021bii pentru libertate \u0219i drepturile omului dup\u0103 succesul s\u0103u.<\/p>\n\n\n\n<h3 id=\"cultural-and-intellectual-renaissance\" class=\"wp-block-heading\">Rena\u0219terea cultural\u0103 \u0219i intelectual\u0103<\/h3>\n\n\n\n<p>Dup\u0103 restric\u021bie, arta \u0219i g\u00e2ndirea au \u00eenflorit. Libertatea de exprimare a promovat o rena\u0219tere a operelor literare, a artelor \u0219i a mijloacelor de comunicare \u00een mas\u0103, pun\u00e2nd \u00een eviden\u021b\u0103 cultura plin\u0103 de via\u021b\u0103 a na\u021biunii.<\/p>\n\n\n\n<p>Leadership intelectual: Dramaturgul disident devenit lider V\u00e1clav Havel a \u00eentruchipat conducerea intelectual\u0103 a Revolu\u021biei de catifea. Intelectualii au modelat societatea postrevolu\u021bionar\u0103.<\/p>\n\n\n\n<h3 id=\"restructuring-and-modernizing-the-economy\" class=\"wp-block-heading\">Restructurarea \u0219i modernizarea economiei<\/h3>\n\n\n\n<p>Dup\u0103 revolu\u021bie, au fost implementate reforme economice orientate spre pia\u021b\u0103. De la un sistem strict controlat la o economie de pia\u021b\u0103, Cehoslovacia a crescut \u0219i s-a modernizat.<\/p>\n\n\n\n<h2 id=\"remembering-november-17-1989-in-czechoslovakia\" class=\"wp-block-heading\">Amintirea zilei de 17 noiembrie 1989 \u00een Cehoslovacia<\/h2>\n\n\n\n<p>The <strong>17 noiembrie 1989<\/strong>, este o m\u0103rturie vie a for\u021bei solidarit\u0103\u021bii, a tenacit\u0103\u021bii sufletului uman \u0219i a c\u0103ut\u0103rii perseverente a egalit\u0103\u021bii \u0219i a libert\u0103\u021bii.&nbsp;<\/p>\n\n\n\n<p>Istoria \u0219i <a href=\"https:\/\/prague.org\/ro\/tot-ce-trebuie-sa-stii-despre-cultura-ceha\/\">cultura bogat\u0103 a Cehiei<\/a> \u0219i Slovacia a fost transformat\u0103 \u00een ceea ce este ast\u0103zi Republica Ceh\u0103 \u0219i Slovacia \u00een timpul acestei luni de schimbare.&nbsp;<\/p>\n\n\n\n<p>\u00cen timp ce ne g\u00e2ndim la aceast\u0103 zi istoric\u0103, trebuie s\u0103 onor\u0103m sacrificiile f\u0103cute de cei care au luptat cu vitejie pentru libertatea noastr\u0103; ei ne-au inspirat s\u0103 men\u021binem vie \u00een vie\u021bile noastre \u0219i ale celor din jurul nostru flac\u0103ra libert\u0103\u021bii care a fost aprins\u0103 \u00een acea zi.&nbsp;<\/p>\n\n\n\n<div data-gyg-href=\"https:\/\/widget.getyourguide.com\/default\/city.frame\" data-gyg-location-id=\"10\" data-gyg-locale-code=\"en-US\" data-gyg-widget=\"city\" data-gyg-partner-id=\"U94OQGQ\"><\/div>","protected":false},"excerpt":{"rendered":"Ziua de 17 noiembrie 1989 marcheaz\u0103 un moment de cotitur\u0103 \u00een istoria Cehoslovaciei, deschiz\u00e2nd o serie de evenimente...","protected":false},"author":2,"featured_media":12572,"comment_status":"closed","ping_status":"closed","sticky":false,"template":"","format":"standard","meta":{"footnotes":""},"categories":[39,15,204],"tags":[49],"table_tags":[],"_links":{"self":[{"href":"https:\/\/prague.org\/ro\/wp-json\/wp\/v2\/posts\/12570"}],"collection":[{"href":"https:\/\/prague.org\/ro\/wp-json\/wp\/v2\/posts"}],"about":[{"href":"https:\/\/prague.org\/ro\/wp-json\/wp\/v2\/types\/post"}],"author":[{"embeddable":true,"href":"https:\/\/prague.org\/ro\/wp-json\/wp\/v2\/users\/2"}],"replies":[{"embeddable":true,"href":"https:\/\/prague.org\/ro\/wp-json\/wp\/v2\/comments?post=12570"}],"version-history":[{"count":4,"href":"https:\/\/prague.org\/ro\/wp-json\/wp\/v2\/posts\/12570\/revisions"}],"predecessor-version":[{"id":12595,"href":"https:\/\/prague.org\/ro\/wp-json\/wp\/v2\/posts\/12570\/revisions\/12595"}],"wp:featuredmedia":[{"embeddable":true,"href":"https:\/\/prague.org\/ro\/wp-json\/wp\/v2\/media\/12572"}],"wp:attachment":[{"href":"https:\/\/prague.org\/ro\/wp-json\/wp\/v2\/media?parent=12570"}],"wp:term":[{"taxonomy":"category","embeddable":true,"href":"https:\/\/prague.org\/ro\/wp-json\/wp\/v2\/categories?post=12570"},{"taxonomy":"post_tag","embeddable":true,"href":"https:\/\/prague.org\/ro\/wp-json\/wp\/v2\/tags?post=12570"},{"taxonomy":"table_tags","embeddable":true,"href":"https:\/\/prague.org\/ro\/wp-json\/wp\/v2\/table_tags?post=12570"}],"curies":[{"name":"wp","href":"https:\/\/api.w.org\/{rel}","templated":true}]}}