{"id":12982,"date":"2024-03-07T10:08:17","date_gmt":"2024-03-07T08:08:17","guid":{"rendered":"https:\/\/prague.org\/?p=12982"},"modified":"2024-03-18T17:03:10","modified_gmt":"2024-03-18T15:03:10","slug":"prague-easter-festival","status":"publish","type":"post","link":"https:\/\/prague.org\/ro\/praga-festivalul-de-paste\/","title":{"rendered":"Bucura\u021bi-v\u0103 de Festivalul de Pa\u0219te de la Praga: o s\u0103rb\u0103toare a muzicii \u0219i culturii"},"content":{"rendered":"<p>The <strong>Festivalul de Pa\u0219te de la Praga<\/strong>, care are loc \u00een frumosul ora\u0219 Praga, Republica Ceh\u0103, celebreaz\u0103 muzica tradi\u021bional\u0103 \u0219i contemporan\u0103 \u0219i bogata mo\u0219tenire cultural\u0103 a poporului ceh. Acest festival plin de via\u021b\u0103 ofer\u0103 ceva pentru toat\u0103 lumea, de la concerte clasice la spectacole de muzic\u0103 popular\u0103.<\/p>\n\n\n\n<p>Una dintre atrac\u021biile <strong>Festivalul de Pa\u0219te de la Praga<\/strong> este Parada anual\u0103 de Pa\u0219te, o procesiune colorat\u0103 pe str\u0103zile din Praga, care include costume tradi\u021bionale, dansuri \u0219i muzic\u0103. Aceast\u0103 experien\u021b\u0103 unic\u0103 \u00eei cufund\u0103 pe deplin pe oaspe\u021bi \u00een cultura \u0219i tradi\u021biile cehe.<\/p>\n\n\n\n<p>Pe l\u00e2ng\u0103 evenimentele muzicale \u0219i culturale, Festivalul de Pa\u0219te de la Praga le ofer\u0103 turi\u0219tilor o serie de pl\u0103ceri culinare. Bucura\u021bi-v\u0103 de buc\u0103t\u0103ria ceh\u0103 clasic\u0103, cum ar fi porcul fript cu g\u0103lu\u0219te \u0219i varz\u0103 murat\u0103, sau r\u0103sf\u0103\u021ba\u021bi-v\u0103 cu delicatese dulci, cum ar fi <a href=\"https:\/\/prague.org\/ro\/trdelnik-the-amazing-pastry-of-prague\/\">faimoasa patiserie Trdeln\u00edk<\/a>.<\/p>\n\n\n\n<p>Fie c\u0103 v\u0103 place muzica, m\u00e2ncarea sau pur \u0219i simplu dori\u021bi s\u0103 v\u0103 cufunda\u021bi \u00eentr-o alt\u0103 cultur\u0103, Festivalul de Pa\u0219te de la Praga ofer\u0103 ceva pentru toat\u0103 lumea.&nbsp;<\/p>\n\n\n\n<h2 id=\"prague-easter-festival-origin-and-history\" class=\"wp-block-heading\">Festivalul de Pa\u0219te de la Praga: origine \u0219i istorie&nbsp;<\/h2>\n\n\n\n<p>Praga organizeaz\u0103 anual un festival de Pa\u0219te care comemoreaz\u0103 prim\u0103vara \u0219i <a href=\"https:\/\/prague.org\/ro\/easter-2024-in-prague\/\" data-type=\"link\" data-id=\"https:\/\/prague.org\/easter-in-prague\/\">Pa\u0219tele \u00een Republica Ceh\u0103<\/a>. \u00cenceput cu zeci de ani \u00een urm\u0103 \u00een bogatele tradi\u021bii muzicale \u0219i culturale ale ora\u0219ului Praga, acest festival are o istorie bogat\u0103.<\/p>\n\n\n\n<p>The <strong>Festivalul de Pa\u0219te de la Praga <\/strong>\u00ee\u0219i are originea la mijlocul secolului al XX-lea, c\u00e2nd Praga a \u00eenceput s\u0103 prezinte concerte \u0219i spectacole cu tematic\u0103 pascal\u0103. C\u00e2nt\u0103re\u021bii \u0219i interpre\u021bii locali au fost inclu\u0219i \u00een aceste evenimente timpurii, care au avut loc \u00een biserici \u0219i s\u0103li de concerte vechi.<\/p>\n\n\n\n<p>Festivalul de Pa\u0219te de la Praga a c\u00e2\u0219tigat popularitate \u0219i a fost l\u0103udat la nivel interna\u021bional. Organizatorii au \u00eenceput s\u0103 invite la festival orchestre, coruri \u0219i soli\u0219ti de renume mondial, transform\u00e2ndu-l \u00eentr-un eveniment cultural global.<\/p>\n\n\n\n<p>Festivalul de Pa\u0219te de la Praga a celebrat \u00eentotdeauna bogata mo\u0219tenire muzical\u0103 a Republicii Cehe \u0219i diferitele genuri muzicale. Festivalul prezint\u0103 simfonii clasice, lucr\u0103ri corale, muzic\u0103 de camer\u0103 contemporan\u0103 \u0219i spectacole experimentale pentru toate gusturile muzicale.<\/p>\n\n\n\n<h2 id=\"your-guide-to-attending-the-prague-easter-festival-dates-and-venues\" class=\"wp-block-heading\">Ghidul dumneavoastr\u0103 pentru a participa la Festivalul de Pa\u0219te de la Praga: date \u0219i locuri de desf\u0103\u0219urare<\/h2>\n\n\n\n<p><strong>Cum s\u0103rb\u0103tore\u0219te Praga Pa\u0219tele?<\/strong> Praga s\u0103rb\u0103tore\u0219te Pa\u0219tele printr-o varietate de tradi\u021bii religioase, activit\u0103\u021bi culturale \u0219i ritualuri de sezon care reprezint\u0103 istoria \u0219i mo\u0219tenirea bogat\u0103 a ora\u0219ului, inclusiv Festivalul de Pa\u0219te de la Praga, care este o experien\u021b\u0103 fantastic\u0103, plin\u0103 de muzic\u0103 clasic\u0103 \u0219i o atmosfer\u0103 festiv\u0103. Acest ghid cuprinz\u0103tor acoper\u0103 acest festival cultural apreciat, cu date \u0219i locuri de desf\u0103\u0219urare pe care s\u0103 le marca\u021bi \u00een calendar.&nbsp;<\/p>\n\n\n\n<h3 id=\"dates\" class=\"wp-block-heading\">Date<\/h3>\n\n\n\n<p>\u00cen mod normal, Festivalul de Pa\u0219te de la Praga se \u00eentinde pe parcursul mai multor zile \u00eenainte \u0219i dup\u0103 Pa\u0219te. Programat\u0103 pentru perioada 5 - 21 aprilie \u00een 2024, s\u0103rb\u0103toarea va avea loc \u00een s\u0103pt\u0103m\u00e2nile dinaintea duminicii de Pa\u0219te, oferindu-le turi\u0219tilor suficient timp pentru a se bucura de atrac\u021biile sale extinse.<\/p>\n\n\n\n<h3 id=\"venues\" class=\"wp-block-heading\">Locuri de desf\u0103\u0219urare<\/h3>\n\n\n\n<p><strong>Rudolfinum: <\/strong>Fiind o sal\u0103 de muzic\u0103 renumit\u0103 din Praga, este principala loca\u021bie a Festivalului de Pa\u0219te din Praga. Acest edificiu istoric are vedere spre r\u00e2ul Vltava \u0219i g\u0103zduie\u0219te evenimente orchestrale, camerale \u0219i corale.<\/p>\n\n\n\n<p><strong>Casa Municipal\u0103<\/strong>: O loca\u021bie emblematic\u0103 \u00een ora\u0219ul vechi din Praga, hotelul <a href=\"https:\/\/prague.org\/ro\/casa-municipala\/\">Casa Municipal\u0103 <\/a>organizeaz\u0103 evenimente pentru s\u0103rb\u0103torirea Pa\u0219telui. Cunoscut\u0103 pentru arhitectura Art Nouveau \u0219i interioarele sale luxoase, aceast\u0103 structur\u0103 vast\u0103 g\u0103zduie\u0219te spectacole muzicale legendare ale unor ansambluri \u0219i c\u00e2nt\u0103re\u021bi.<\/p>\n\n\n\n<p><strong>Biserica Sf\u00e2ntul Simon \u0219i Sf\u00e2ntul Iuda:<\/strong> Aceste biserici ofer\u0103 un loc unic pentru concerte de muzic\u0103 sacr\u0103 \u0219i interpret\u0103ri vocale, cu o istorie bogat\u0103 \u0219i o arhitectur\u0103 m\u0103rea\u021b\u0103. Aceast\u0103 biseric\u0103 veche de secole din cartierul Ora\u0219ul Mic din Praga ofer\u0103 un cadru intim \u0219i reveren\u021bios pentru semnifica\u021bia spiritual\u0103 \u0219i cultural\u0103 a Pa\u0219telui.<\/p>\n\n\n\n<p><strong>Alte locuri de desf\u0103\u0219urare: <\/strong>\u00cen afar\u0103 de locurile principale, Festivalul de Pa\u0219te de la Praga poate oferi spectacole \u00een biserici, s\u0103li de concert \u0219i institute culturale din ora\u0219. Consulta\u021bi programul festivalului pentru a afla toate locurile \u0219i evenimentele.<\/p>\n\n\n\n<h3 id=\"attendee-tips\" class=\"wp-block-heading\">Sfaturi pentru participan\u021bi<\/h3>\n\n\n\n<ul>\n<li>Popular <strong>Festivalul de Pa\u0219te de la Praga<\/strong> spectacolele se epuizeaz\u0103 rapid. Precump\u0103ra\u021bi biletele prin canalele oficiale de v\u00e2nzare a biletelor sau prin comercian\u021bii autoriza\u021bi pentru a v\u0103 asigura un loc.<\/li>\n\n\n\n<li>Ajunge\u021bi din timp pentru a avea timp pentru parcare, colectarea biletelor \u0219i ocuparea locurilor. Acest lucru elimin\u0103 stresul \u0219i v\u0103 permite s\u0103 vizita\u021bi localul \u00eenainte de spectacol.<\/li>\n\n\n\n<li>Festivit\u0103\u021bile nu au un cod vestimentar, dar mul\u021bi patroni se \u00eembrac\u0103 semi-formal pentru a aprecia ocazia \u0219i arti\u0219tii. \u00cembr\u0103ca\u021bi-v\u0103 confortabil, dar elegant, pentru a v\u0103 potrivi cu evenimentul.<\/li>\n<\/ul>\n\n\n\n<p>Urm\u00e2nd acest ghid \u0219i bucur\u00e2ndu-v\u0103 de <strong>Festivalul de Pa\u0219te de la Praga<\/strong>Activit\u0103\u021bile culturale extinse ale hotelului v\u0103 vor ajuta s\u0103 v\u0103 crea\u021bi amintiri \u0219i s\u0103 experimenta\u021bi acest obicei de vacan\u021b\u0103 at\u00e2t de \u00eendr\u0103git.<\/p>\n\n\n\n<div data-gyg-href=\"https:\/\/widget.getyourguide.com\/default\/city.frame\" data-gyg-location-id=\"10\" data-gyg-locale-code=\"en-US\" data-gyg-widget=\"city\" data-gyg-partner-id=\"U94OQGQ\"><\/div>\n\n\n\n<p><\/p>","protected":false},"excerpt":{"rendered":"Festivalul de Pa\u0219te de la Praga, care are loc \u00een frumosul ora\u0219 Praga, Republica Ceh\u0103, celebreaz\u0103 muzica tradi\u021bional\u0103 \u0219i contemporan\u0103...","protected":false},"author":19,"featured_media":12990,"comment_status":"closed","ping_status":"closed","sticky":false,"template":"","format":"standard","meta":{"footnotes":""},"categories":[15,204,208,19,39,1],"tags":[49],"table_tags":[],"_links":{"self":[{"href":"https:\/\/prague.org\/ro\/wp-json\/wp\/v2\/posts\/12982"}],"collection":[{"href":"https:\/\/prague.org\/ro\/wp-json\/wp\/v2\/posts"}],"about":[{"href":"https:\/\/prague.org\/ro\/wp-json\/wp\/v2\/types\/post"}],"author":[{"embeddable":true,"href":"https:\/\/prague.org\/ro\/wp-json\/wp\/v2\/users\/19"}],"replies":[{"embeddable":true,"href":"https:\/\/prague.org\/ro\/wp-json\/wp\/v2\/comments?post=12982"}],"version-history":[{"count":2,"href":"https:\/\/prague.org\/ro\/wp-json\/wp\/v2\/posts\/12982\/revisions"}],"predecessor-version":[{"id":12987,"href":"https:\/\/prague.org\/ro\/wp-json\/wp\/v2\/posts\/12982\/revisions\/12987"}],"wp:featuredmedia":[{"embeddable":true,"href":"https:\/\/prague.org\/ro\/wp-json\/wp\/v2\/media\/12990"}],"wp:attachment":[{"href":"https:\/\/prague.org\/ro\/wp-json\/wp\/v2\/media?parent=12982"}],"wp:term":[{"taxonomy":"category","embeddable":true,"href":"https:\/\/prague.org\/ro\/wp-json\/wp\/v2\/categories?post=12982"},{"taxonomy":"post_tag","embeddable":true,"href":"https:\/\/prague.org\/ro\/wp-json\/wp\/v2\/tags?post=12982"},{"taxonomy":"table_tags","embeddable":true,"href":"https:\/\/prague.org\/ro\/wp-json\/wp\/v2\/table_tags?post=12982"}],"curies":[{"name":"wp","href":"https:\/\/api.w.org\/{rel}","templated":true}]}}