{"id":14396,"date":"2025-08-08T09:20:26","date_gmt":"2025-08-08T07:20:26","guid":{"rendered":"https:\/\/prague.org\/?p=14396"},"modified":"2025-08-12T23:04:33","modified_gmt":"2025-08-12T21:04:33","slug":"bila-hora-prague","status":"publish","type":"post","link":"https:\/\/prague.org\/ro\/bila-hora-prague\/","title":{"rendered":"Bitva na B\u00edl\u00e9 ho\u0159e 2025 - istoria prinde via\u021b\u0103"},"content":{"rendered":"<p><b>\ud83d\udcc5 Date:<\/b><span style=\"font-weight: 400;\"> 20-21 septembrie 2025<\/span><\/p>\n<p><b>\ud83d\udccd Loca\u021bie:<\/b><span style=\"font-weight: 400;\"> C\u00e2mpia B\u011blohorsk\u00e1 de l\u00e2ng\u0103 Rezerva\u021bia de v\u00e2nat Hv\u011bzda, Praga<\/span><\/p>\n<p><b>\ud83d\udd5b Por\u021bile se deschid:<\/b><span style=\"font-weight: 400;\"> 12:00<\/span><\/p>\n<p><b>\u2694\ufe0f B\u0103t\u0103lia \u00eencepe:<\/b><span style=\"font-weight: 400;\"> 15:00 (ambele zile)<\/span><\/p>\n<p><span style=\"font-weight: 400;\">\u00cen fiecare an, \u00een <\/span><b>bitva na B\u00edl\u00e9 ho\u0159e 2025<\/b><span style=\"font-weight: 400;\"> viraje <\/span><b>Muntele Alb Praga<\/b><span style=\"font-weight: 400;\"> \u00eentr-un vibrant muzeu \u00een aer liber. Sute de reconstituitori istorici din \u00eentreaga Europ\u0103 se reunesc aici, \u00eembr\u0103ca\u021bi \u00een haine autentice din secolul al XVII-lea, pentru a descrie b\u0103t\u0103lia spectaculoas\u0103 dintre armata rebel\u0103 boem\u0103 \u0219i armatele combinate ale Sf\u00e2ntului Imperiu Roman \u0219i ale Ligii Catolice.<\/span><\/p>\n<h3 id=\"what-visitors-should-expect\"><span style=\"font-weight: 400;\">La ce ar trebui s\u0103 se a\u0219tepte vizitatorii<\/span><\/h3>\n<ul>\n<li style=\"font-weight: 400;\" aria-level=\"1\"><span style=\"font-weight: 400;\">\u00eenc\u0103rc\u0103turi de cavalerie \u0219i focuri de artilerie, inclusiv fum \u0219i efecte pirotehnice.<\/span><\/li>\n<li style=\"font-weight: 400;\" aria-level=\"1\"><span style=\"font-weight: 400;\">Pia\u021b\u0103 istoric\u0103 care include produse alimentare, b\u0103uturi, artizanat \u0219i suveniruri \u00een stil de epoc\u0103.<\/span><\/li>\n<li style=\"font-weight: 400;\" aria-level=\"1\"><span style=\"font-weight: 400;\">Muzica, demonstra\u021biile de scrim\u0103 \u0219i programele pentru copii vor atrage \u00eentreaga familie.<\/span><\/li>\n<li style=\"font-weight: 400;\" aria-level=\"1\"><span style=\"font-weight: 400;\">Oportunitatea de a interac\u021biona cu reconstituitorii \u0219i de a \u00eenv\u0103\u021ba direct despre via\u021ba din secolul al XVII-lea.<\/span><\/li>\n<\/ul>\n<p><span style=\"font-weight: 400;\">Dac\u0103 dori\u021bi s\u0103 experimenta\u021bi istoria ca pe un spectacol viu, care respir\u0103, mai degrab\u0103 dec\u00e2t ca pe cuvintele dintr-o carte, acesta este un eveniment pe care trebuie s\u0103 \u00eel vede\u021bi. Ob\u021bine\u021bi mai multe informa\u021bii despre eveniment. Vizita\u021bi site-ul oficial pentru mai multe informa\u021bii despre eveniment: <a class=\"\" href=\"https:\/\/bilahora.eu\/\" target=\"_blank\" rel=\"nofollow noopener\" data-start=\"356\" data-end=\"400\">Bilahora.eu<\/a><\/span><b><br \/>\n<\/b><\/p>\n<div data-gyg-widget=\"auto\" data-gyg-partner-id=\"U94OQGQ\" data-gyg-cmp=\"prague\"><\/div>\n<p>&nbsp;<\/p>\n<h2 id=\"what-was-the-battle-of-white-mountain\"><span style=\"font-weight: 400;\">Ce a fost b\u0103t\u0103lia de la White Mountain?<\/span><\/h2>\n<p><span style=\"font-weight: 400;\">B\u0103t\u0103lia de la Muntele Alb a avut loc pe 8 noiembrie 1620, \u00een primele etape ale R\u0103zboiului de treizeci de ani. A fost o confruntare crucial\u0103 \u00eentre mo\u0219iile protestante boeme \u0219i for\u021bele catolice ale Imperiului Habsburgic. Insurgen\u021bii boemi au suferit o pierdere catastrofal\u0103 \u00een lupt\u0103, care a durat doar aproximativ dou\u0103 ore.<\/span><\/p>\n<h3 id=\"the-implications-of-the-battle\"><span style=\"font-weight: 400;\">Implica\u021biile b\u0103t\u0103liei<\/span><\/h3>\n<ul>\n<li style=\"font-weight: 400;\" aria-level=\"1\"><span style=\"font-weight: 400;\">Sf\u00e2r\u0219itul Revoltei Boemiei.<\/span><\/li>\n<li style=\"font-weight: 400;\" aria-level=\"1\"><span style=\"font-weight: 400;\">\u00cenceputul re-catoliciz\u0103rii for\u021bate \u00een teritoriile cehe<\/span><\/li>\n<li style=\"font-weight: 400;\" aria-level=\"1\"><span style=\"font-weight: 400;\">Repercusiunile dure au inclus execu\u021bia a 27 de lideri aristocra\u021bi cehi \u00een Pia\u021ba Ora\u0219ului Vechi din Praga.<\/span><\/li>\n<li style=\"font-weight: 400;\" aria-level=\"1\"><span style=\"font-weight: 400;\">Ast\u0103zi, lupta este v\u0103zut\u0103 ca un punct de cotitur\u0103 important \u00een istoria Cehiei, simboliz\u00e2nd libertatea pierdut\u0103, precum \u0219i rezisten\u021ba \u0219i identitatea.\u00a0<\/span><\/li>\n<\/ul>\n<p><span style=\"font-weight: 400;\">\ud83d\udc49 Citi\u021bi mai multe aici:<\/span><a href=\"https:\/\/prague.org\/ro\/batalia-de-la-muntele-alb\/\"> <span style=\"font-weight: 400;\">B\u0103t\u0103lia de la White Mountain - Istoria complet\u0103<\/span><\/a><\/p>\n<p>&nbsp;<\/p>\n<h2 id=\"more-historical-experiences-in-prague\"><span style=\"font-weight: 400;\">Mai multe experien\u021be istorice \u00een Praga<\/span><\/h2>\n<p><span style=\"font-weight: 400;\">\u00cen timp ce sunte\u021bi aici pentru reconstituirea Praga Muntelui Alb, de ce s\u0103 nu afla\u021bi mai multe despre trecutul ora\u0219ului Praga? Acest ora\u0219 seam\u0103n\u0103 cu un mare muzeu \u00een aer liber. Iat\u0103 c\u00e2teva op\u021biuni de top:<\/span><\/p>\n<h3 id=\"prague-castle-tour\">Turul Castelului Praga<\/h3>\n<ul>\n<li style=\"font-weight: 400;\" aria-level=\"1\"><span style=\"font-weight: 400;\">Bucura\u021bi-v\u0103 de un tur ghidat pe jos de 2,5 ore al Castelului Praga \u0219i afla\u021bi despre istoria sa bogat\u0103.\u00a0<\/span><\/li>\n<li style=\"font-weight: 400;\" aria-level=\"1\"><span style=\"font-weight: 400;\">\u00cencepe\u021bi cu o scurt\u0103 istorie a Podului Charles \u00eenainte de a trece la Pia\u021ba Ora\u0219ului Mic.\u00a0<\/span><\/li>\n<li style=\"font-weight: 400;\" aria-level=\"1\"><span style=\"font-weight: 400;\">Lua\u021bi un tramvai p\u00e2n\u0103 la Castel \u0219i vede\u021bi Catedrala Sf\u00e2ntul Vitus, unde ve\u021bi auzi pove\u0219ti despre monarhi, \u00eemp\u0103ra\u021bi \u0219i s\u0103rb\u0103tori spectaculoase.\u00a0<\/span><\/li>\n<li style=\"font-weight: 400;\" aria-level=\"1\"><span style=\"font-weight: 400;\">Vizita\u021bi Palatul Regal Vechi, Sala Vladislav \u0219i Bazilica Sf\u00e2ntul Gheorghe pentru a afla mai multe despre sfin\u021bii cehi.\u00a0<\/span><\/li>\n<li style=\"font-weight: 400;\" aria-level=\"1\"><span style=\"font-weight: 400;\">Termina\u021bi la Golden Lane, unde anecdote interesante descriu via\u021ba obi\u0219nuit\u0103 a fo\u0219tilor locuitori.<\/span><\/li>\n<\/ul>\n<div data-gyg-href=\"https:\/\/widget.getyourguide.com\/default\/activities.frame\" data-gyg-locale-code=\"en-US\" data-gyg-widget=\"activities\" data-gyg-number-of-items=\"1\" data-gyg-partner-id=\"U94OQGQ\" data-gyg-tour-ids=\"50046\">Alimentat de <a href=\"https:\/\/www.getyourguide.com\/prague-l10\/\" target=\"_blank\" rel=\"noopener sponsored nofollow\">GetYourGuide<\/a><\/div>\n<h3 id=\"old-town-walking-tour\"><span style=\"font-weight: 400;\">Tur pe jos al ora\u0219ului vechi<\/span><\/h3>\n<ul>\n<li><span style=\"font-weight: 400;\">Face\u021bi o c\u0103l\u0103torie fascinant\u0103 pe jos prin Praga veche, Podul Charles \u0219i magnificul Castel Praga.\u00a0<\/span><\/li>\n<li><span style=\"font-weight: 400;\">\u00cencep\u00e2nd de la Ceasul Astronomic, afla\u021bi despre pove\u0219tile ora\u0219ului vechi \u00eenainte de a traversa Podul Charles, unde mitologia \u0219i istoria se intersecteaz\u0103.\u00a0<\/span><\/li>\n<li><span style=\"font-weight: 400;\">Descoperi\u021bi semnifica\u021biile ascunse din spatele monumentelor \u00eenainte de a lua tramvaiul spre Hrad\u010dany \u0219i Cartierul Castelului.\u00a0<\/span><\/li>\n<li><span style=\"font-weight: 400;\">Explora\u021bi exteriorul Complexului Castelului Praga \u00een timp ce admira\u021bi priveli\u0219ti uluitoare ale ora\u0219ului \u0219i asculta\u021bi pove\u0219ti intrigante care dau via\u021b\u0103 celor mai emblematice obiective turistice din Praga.<\/span><\/li>\n<\/ul>\n<div data-gyg-href=\"https:\/\/widget.getyourguide.com\/default\/activities.frame\" data-gyg-locale-code=\"en-US\" data-gyg-widget=\"activities\" data-gyg-number-of-items=\"1\" data-gyg-partner-id=\"U94OQGQ\" data-gyg-tour-ids=\"42322\">Alimentat de <a href=\"https:\/\/www.getyourguide.com\/prague-l10\/\" target=\"_blank\" rel=\"noopener sponsored nofollow\">GetYourGuide<\/a><\/div>\n<h3 id=\"ww2-bunker-tour\"><span style=\"font-weight: 400;\">Turul bunc\u0103rului WW2<\/span><\/h3>\n<ul>\n<li style=\"font-weight: 400;\" aria-level=\"1\"><span style=\"font-weight: 400;\">Un tur pietonal ghidat al ora\u0219ului Praga v\u0103 va purta prin istoria sa din cel de-al Doilea R\u0103zboi Mondial \u0219i prin \u00eendr\u0103znea\u021ba Opera\u021biune Anthropoid.\u00a0<\/span><\/li>\n<li style=\"font-weight: 400;\" aria-level=\"1\"><span style=\"font-weight: 400;\">Explora\u021bi str\u0103zile ora\u0219ului vechi distrus de r\u0103zboi \u0219i vizita\u021bi bol\u021bile palatului U Kun\u0161t\u00e1t\u016f din secolul al XII-lea, care au fost folosite ca ad\u0103posturi \u0219i care acum g\u0103zduiesc o colec\u021bie privat\u0103 de artefacte din cel de-al Doilea R\u0103zboi Mondial.\u00a0<\/span><\/li>\n<li style=\"font-weight: 400;\" aria-level=\"1\"><span style=\"font-weight: 400;\">Vizita\u021bi cripta \u0219i muzeul de sub Catedrala Sfin\u021bii Chiril \u0219i Metodiu, unde rezisten\u021ba ceh\u0103 \u0219i-a f\u0103cut ultima demonstra\u021bie.\u00a0<\/span><\/li>\n<li style=\"font-weight: 400;\" aria-level=\"1\"><span style=\"font-weight: 400;\">Asculta\u021bi pove\u0219ti emo\u021bionante despre curaj, sacrificiu \u0219i sfidare care demonstreaz\u0103 rezisten\u021ba ora\u0219ului \u00een timpul uneia dintre cele mai grele perioade din istorie.<\/span><\/li>\n<\/ul>\n<div data-gyg-href=\"https:\/\/widget.getyourguide.com\/default\/activities.frame\" data-gyg-locale-code=\"en-US\" data-gyg-widget=\"activities\" data-gyg-number-of-items=\"1\" data-gyg-partner-id=\"U94OQGQ\" data-gyg-tour-ids=\"14170\">Alimentat de <a href=\"https:\/\/www.getyourguide.com\/prague-l10\/\" target=\"_blank\" rel=\"noopener sponsored nofollow\">GetYourGuide<\/a><\/div>\n<h3 id=\"legends-ghosts-night-tour\"><span style=\"font-weight: 400;\">Tur de noapte cu legende \u0219i fantome<\/span><\/h3>\n<ul>\n<li style=\"font-weight: 400;\" aria-level=\"1\"><span style=\"font-weight: 400;\">Explora\u021bi trecutul \u00eenfrico\u0219\u0103tor al Prag\u0103i cu un tur ghidat pe jos prin pasaje umbroase b\u00e2ntuite anterior de alchimi\u0219ti, criminali \u0219i fantome nelini\u0219tite.\u00a0<\/span><\/li>\n<li style=\"font-weight: 400;\" aria-level=\"1\"><span style=\"font-weight: 400;\">\u00cendep\u0103rta\u021bi-v\u0103 de Pia\u021ba Ora\u0219ului Vechi aglomerat\u0103 \u0219i p\u0103trunde\u021bi \u00een locuri uitate, marcate de cium\u0103, s\u0103r\u0103cie \u0219i mister.\u00a0<\/span><\/li>\n<li style=\"font-weight: 400;\" aria-level=\"1\"><span style=\"font-weight: 400;\">Asculta\u021bi pove\u0219ti reale despre tr\u0103dare, arte \u00eentunecate \u0219i folclor \u00eenfrico\u0219\u0103tor legate de str\u0103zile \u0219i arhitectura veche de secole a ora\u0219ului.\u00a0<\/span><\/li>\n<li style=\"font-weight: 400;\" aria-level=\"1\"><span style=\"font-weight: 400;\">F\u0103r\u0103 sperieturi mortale sau efecte produse, acest tur se concentreaz\u0103 pe o nara\u021biune autentic\u0103, oferind at\u00e2t scepticilor, c\u00e2t \u0219i credincio\u0219ilor o privire tulbur\u0103toare, dar fascinant\u0103 \u00een istoria \u00eentunecat\u0103 a Prag\u0103i.<\/span><\/li>\n<\/ul>\n<p>Le pute\u021bi rezerva cu u\u0219urin\u021b\u0103 online \u0219i le pute\u021bi include \u00een ziua dumneavoastr\u0103 pe c\u00e2mpul de lupt\u0103.<\/p>\n<div data-gyg-href=\"https:\/\/widget.getyourguide.com\/default\/activities.frame\" data-gyg-locale-code=\"en-US\" data-gyg-widget=\"activities\" data-gyg-number-of-items=\"1\" data-gyg-partner-id=\"U94OQGQ\" data-gyg-tour-ids=\"6845\"><\/div>\n<p>&nbsp;<\/p>\n<p>&nbsp;<\/p>\n<div data-gyg-href=\"https:\/\/widget.getyourguide.com\/default\/city.frame\" data-gyg-location-id=\"10\" data-gyg-locale-code=\"en-US\" data-gyg-widget=\"city\" data-gyg-partner-id=\"U94OQGQ\"><\/div>","protected":false},"excerpt":{"rendered":"\ud83d\udcc5 Date: 20-21 septembrie 2025 \ud83d\udccd Loca\u021bie: C\u00e2mpia B\u011blohorsk\u00e1 l\u00e2ng\u0103 Rezerva\u021bia de v\u00e2nat Hv\u011bzda, Praga \ud83d\udd5b Por\u021bile se deschid: 12:00...","protected":false},"author":21,"featured_media":14400,"comment_status":"closed","ping_status":"closed","sticky":false,"template":"","format":"standard","meta":{"footnotes":""},"categories":[204,19,1],"tags":[66],"table_tags":[],"_links":{"self":[{"href":"https:\/\/prague.org\/ro\/wp-json\/wp\/v2\/posts\/14396"}],"collection":[{"href":"https:\/\/prague.org\/ro\/wp-json\/wp\/v2\/posts"}],"about":[{"href":"https:\/\/prague.org\/ro\/wp-json\/wp\/v2\/types\/post"}],"author":[{"embeddable":true,"href":"https:\/\/prague.org\/ro\/wp-json\/wp\/v2\/users\/21"}],"replies":[{"embeddable":true,"href":"https:\/\/prague.org\/ro\/wp-json\/wp\/v2\/comments?post=14396"}],"version-history":[{"count":6,"href":"https:\/\/prague.org\/ro\/wp-json\/wp\/v2\/posts\/14396\/revisions"}],"predecessor-version":[{"id":14404,"href":"https:\/\/prague.org\/ro\/wp-json\/wp\/v2\/posts\/14396\/revisions\/14404"}],"wp:featuredmedia":[{"embeddable":true,"href":"https:\/\/prague.org\/ro\/wp-json\/wp\/v2\/media\/14400"}],"wp:attachment":[{"href":"https:\/\/prague.org\/ro\/wp-json\/wp\/v2\/media?parent=14396"}],"wp:term":[{"taxonomy":"category","embeddable":true,"href":"https:\/\/prague.org\/ro\/wp-json\/wp\/v2\/categories?post=14396"},{"taxonomy":"post_tag","embeddable":true,"href":"https:\/\/prague.org\/ro\/wp-json\/wp\/v2\/tags?post=14396"},{"taxonomy":"table_tags","embeddable":true,"href":"https:\/\/prague.org\/ro\/wp-json\/wp\/v2\/table_tags?post=14396"}],"curies":[{"name":"wp","href":"https:\/\/api.w.org\/{rel}","templated":true}]}}