{"id":3375,"date":"2022-06-15T09:42:37","date_gmt":"2022-06-15T07:42:37","guid":{"rendered":"https:\/\/prague.org\/?p=3375"},"modified":"2023-08-03T15:27:40","modified_gmt":"2023-08-03T13:27:40","slug":"saint-wenceslas-statue","status":"publish","type":"post","link":"https:\/\/prague.org\/ro\/saint-wenceslas-statuia\/","title":{"rendered":"Statuia Sf\u00e2ntului Venceslas, Praga"},"content":{"rendered":"<h2 id=\"saint-wenceslas-statue\" class=\"wp-block-heading\">Statuia Sf\u00e2ntului Wenceslas<\/h2>\n\n\n\n<p>Numele ceh:&nbsp;<strong>V\u00e2lcea<\/strong><\/p>\n\n\n\n<p>Praga, capitala Republicii Cehe, este recunoscut\u0103 ca fiind unul dintre cele mai frumoase ora\u0219e din Europa. Fondat \u00een urm\u0103 cu peste o mie de ani, istoria, legendele \u0219i basmele planeaz\u0103 \u00een fiecare col\u021b de strad\u0103 \u0219i cl\u0103dire. Multe dintre aceste pove\u0219ti \u00eel implic\u0103 pe Sf\u00e2ntul Venceslas, patronul cehilor. Statuia Sf\u00e2ntului Venceslas (pomn\u00edk svat\u00e9ho v\u00e1clava \u00een limba ceh\u0103) este un loc de atrac\u021bie turistic\u0103 popular\u0103 \u00een Praga.<\/p>\n\n\n\n<div class=\"gyg-iframe-container\" style=\"margin-bottom:1.5em\"><iframe style=\"border:0;height:100%;width:100%\" title=\"Widgetul activit\u0103\u021bilor GetYourGuide\" src=\"https:\/\/widget.getyourguide.com\/default\/activities.frame?widget=wp_activities&amp;currency=EUR&amp;locale_code=en-GB&amp;number_of_items=3&amp;partner_id=U94OQGQ&amp;q=Saint%20Wenceslas%20Statue%20prague\"><\/iframe><\/div>\n\n\n\n<h2 id=\"location-how-to-get-to-the-saint-wenceslas-statue\" class=\"wp-block-heading\"><strong>Loca\u021bie \u0219i cum s\u0103 ajungi la Statuia Sf\u00e2ntului Venceslas<\/strong><\/h2>\n\n\n\n<p>Statuia Sf\u00e2ntului Venceslas se afl\u0103 la cap\u0103tul superior al\u00a0<a href=\"https:\/\/prague.org\/ro\/piata-venceslas\/\">Pia\u021ba Wenceslas<\/a>\u00a0\u00een fa\u021ba Muzeului Na\u021bional.<\/p>\n\n\n\n<p>Cum se ajunge la statuia Sf\u00e2ntului Wenceslas:<\/p>\n\n\n\n<ul><li>Pute\u021bi ajunge acolo cu metroul. Sta\u021bia Muzeum (liniile A \u0219i C) este situat\u0103 \u00een apropierea statuii. Trenurile circul\u0103 la fiecare 2-4 minute \u00een orele cele mai aglomerate.&nbsp;<\/li><li>De asemenea, pute\u021bi lua tramvaiul num\u0103rul 3, 5, 6, 9, 14 sau 24 p\u00e2n\u0103 la sta\u021bia V\u00e1clavsk\u00e9 n\u00e1m\u011bst\u00ed \u0219i pute\u021bi merge pe jos timp de maximum 5 minute p\u00e2n\u0103 la statuie.<\/li><li>Dac\u0103 vizita\u021bi obiectivele turistice din Praga \u0219i vizita\u021bi Castelul Praga, pute\u021bi merge pe jos p\u00e2n\u0103 \u00een pia\u021b\u0103. Traversa\u021bi Podul istoric Charles Bridge spre Ora\u0219ul Nou \u0219i urma\u021bi indicatoarele. Este o plimbare de aproximativ o jum\u0103tate de or\u0103.<\/li><\/ul>\n\n\n\n<h2 id=\"opening-hours-entry-into-the-statue-of-saint-wenceslas\" class=\"wp-block-heading\"><strong>Orele de deschidere \u0219i intrarea \u00een Statuia Sf\u00e2ntului Wenceslas<\/strong><\/h2>\n\n\n\n<blockquote class=\"wp-block-quote\"><p>Pia\u021ba este deschis\u0103 la orice or\u0103 din zi \u0219i din noapte. Nu se percepe nicio tax\u0103 pentru intrare sau pentru a vedea celebra statuie din Praga.<\/p><\/blockquote>\n\n\n\n<h2 id=\"what-to-do-what-to-see-at-the-saint-wenceslas-statue\" class=\"wp-block-heading\"><strong>Ce s\u0103 faci \u0219i ce s\u0103 vezi la Statuia Sf\u00e2ntului Wenceslas<\/strong><\/h2>\n\n\n\n<p>O statuie uria\u0219\u0103 din bronz a Sf\u00e2ntului Venceslas din Pia\u021ba Wenceslas, montat\u0103 pe un cal de r\u0103zboi, a fost creat\u0103 de sculptorul ceh Josef V\u00e1clav Myslbek \u0219i dezvelit\u0103 \u00een 1913. Statuia Sf\u00e2ntului Venceslas din Praga are o \u00een\u0103l\u021bime de 5,5 m. Pica pe care o poart\u0103 atinge 7,2 m. La baz\u0103 se afl\u0103 patru statui mai mici ale altor sfin\u021bi cehi: Sf\u00e2nta Ludmila, Sf\u00e2nta Agnes a Boemiei, Sf\u00e2ntul Prokop \u0219i Sf\u00e2ntul Adalbert din Praga. Inscrip\u021bia de pe Monumentul Statuia Sf\u00e2ntului Venceslas din Praga spune a\u0219a: \"Statuia Sf\u00e2ntului Venceslau:&nbsp;<em>\"Sfinte Venceslas, Duce de Boemia, prin\u021bul nostru, nu ne l\u0103sa s\u0103 murim nici pe noi, nici pe cei din viitor.\"<\/em><\/p>\n\n\n\n<h2 id=\"what-is-there-to-do-at-the-wenceslas-square\" class=\"wp-block-heading\"><strong>Ce este de f\u0103cut \u00een Pia\u021ba Wenceslas?<\/strong><\/h2>\n\n\n\n<p>De c\u00e2nd a fost construit\u0103, la \u00eenceputul anilor 1300, Pia\u021ba Wenceslas a fost inima administrativ\u0103 \u0219i comercial\u0103 a ora\u0219ului. Aici se adun\u0103 oamenii pentru evenimente importante. Este o oprire turistic\u0103 major\u0103. Din cauza popularit\u0103\u021bii sale, zeci de cl\u0103diri au fost ad\u0103ugate de-a lungul secolelor.<\/p>\n\n\n\n<p>The&nbsp;<a href=\"https:\/\/prague.org\/ro\/muzeul-national-2\/\">Muzeul Na\u021bional<\/a>&nbsp;ocup\u0103 toat\u0103 partea superioar\u0103 a p\u0103tratului. Construit \u00eentre 1885 \u0219i 1891, muzeul con\u021bine peste 14 milioane de obiecte din istoria ceh\u0103.<\/p>\n\n\n\n<p>Arhitectura cl\u0103dirilor din jurul Pie\u021bei Wenceslas este mixt\u0103. De la stilul neogrecesc al Casei b\u0103c\u0103uanilor la neoclasicismul hotelului Jalta \u0219i stilul Art Nouveau al hotelului Golden Goose, fiecare cl\u0103dire este unic\u0103 \u0219i are o istorie.<\/p>\n\n\n\n<p>\u00cen Pia\u021ba Wenceslas ve\u021bi g\u0103si cinematografe, teatre, magazine, at\u00e2t magazine mari, c\u00e2t \u0219i buticuri mici, restaurante \u0219i cafenele, hoteluri \u0219i birouri administrative.&nbsp;<\/p>\n\n\n\n<h2 id=\"history-of-the-statue-of-saint-wenceslas-at-wenceslas-square\" class=\"wp-block-heading\"><strong>Istoria statuii Sf\u00e2ntului Wenceslas din Pia\u021ba Wenceslas&nbsp;<\/strong><\/h2>\n\n\n\n<p>Venceslas a fost duce de Boemia \u00eentre 924 \u0219i 929, c\u00e2nd a fost ucis de fratele s\u0103u mai mic. A fost cunoscut pentru pietatea \u0219i bun\u0103tatea sa \u0219i este subiectul unui colind celebru de Cr\u0103ciun. Dup\u0103 moartea sa, la locul \u00eenmorm\u00e2nt\u0103rii sale au avut loc mai multe miracole \u0219i a fost canonizat \u00een c\u00e2\u021biva ani.<\/p>\n\n\n\n<p>Unele dintre&nbsp;<strong>cele mai importante evenimente din istoria Cehiei au fost celebrate \u00een jurul monumentului din Praga<\/strong>, inclusiv mitingul de la momentul independen\u021bei Cehiei \u00een 1918 \u0219i redob\u00e2ndirea independen\u021bei \u00een 1989.&nbsp;<\/p>\n\n\n\n<p>Dac\u0103 ave\u021bi posibilitatea s\u0103 merge\u021bi \u00een acest ora\u0219 frumos, planifica\u021bi-v\u0103 s\u0103 petrece\u021bi ceva timp \u00een pia\u021ba de l\u00e2ng\u0103 Statuia Sf\u00e2ntului Venceslas, Praga.<\/p>\n\n\n\n<div class=\"gyg-iframe-container\" style=\"margin-bottom:1.5em\"><iframe style=\"border:0;height:100%;width:100%\" title=\"Widgetul ora\u0219ului GetYourGuide\" src=\"https:\/\/widget.getyourguide.com\/default\/city.frame?widget=wp_city&amp;iata=PRG&amp;locale_code=en-US&amp;partner_id=U94OQGQ\"><\/iframe><\/div>","protected":false},"excerpt":{"rendered":"Statuia Sf\u00e2ntului Venceslas Numele ceh: V\u00e1clavsk\u00e9 n\u00e1m\u011bst\u00ed Praga, capitala Republicii Cehe, este cunoscut\u0103 pentru c\u0103 este una dintre cele mai...","protected":false},"author":2,"featured_media":3380,"comment_status":"closed","ping_status":"closed","sticky":false,"template":"","format":"standard","meta":{"footnotes":""},"categories":[1,204,19],"tags":[92,70],"table_tags":[],"_links":{"self":[{"href":"https:\/\/prague.org\/ro\/wp-json\/wp\/v2\/posts\/3375"}],"collection":[{"href":"https:\/\/prague.org\/ro\/wp-json\/wp\/v2\/posts"}],"about":[{"href":"https:\/\/prague.org\/ro\/wp-json\/wp\/v2\/types\/post"}],"author":[{"embeddable":true,"href":"https:\/\/prague.org\/ro\/wp-json\/wp\/v2\/users\/2"}],"replies":[{"embeddable":true,"href":"https:\/\/prague.org\/ro\/wp-json\/wp\/v2\/comments?post=3375"}],"version-history":[{"count":7,"href":"https:\/\/prague.org\/ro\/wp-json\/wp\/v2\/posts\/3375\/revisions"}],"predecessor-version":[{"id":5801,"href":"https:\/\/prague.org\/ro\/wp-json\/wp\/v2\/posts\/3375\/revisions\/5801"}],"wp:featuredmedia":[{"embeddable":true,"href":"https:\/\/prague.org\/ro\/wp-json\/wp\/v2\/media\/3380"}],"wp:attachment":[{"href":"https:\/\/prague.org\/ro\/wp-json\/wp\/v2\/media?parent=3375"}],"wp:term":[{"taxonomy":"category","embeddable":true,"href":"https:\/\/prague.org\/ro\/wp-json\/wp\/v2\/categories?post=3375"},{"taxonomy":"post_tag","embeddable":true,"href":"https:\/\/prague.org\/ro\/wp-json\/wp\/v2\/tags?post=3375"},{"taxonomy":"table_tags","embeddable":true,"href":"https:\/\/prague.org\/ro\/wp-json\/wp\/v2\/table_tags?post=3375"}],"curies":[{"name":"wp","href":"https:\/\/api.w.org\/{rel}","templated":true}]}}