{"id":4717,"date":"2022-08-25T08:45:58","date_gmt":"2022-08-25T06:45:58","guid":{"rendered":"https:\/\/prague.org\/?p=4717"},"modified":"2023-08-03T15:32:32","modified_gmt":"2023-08-03T13:32:32","slug":"hotels-with-balconies-in-prague","status":"publish","type":"post","link":"https:\/\/prague.org\/ro\/hoteluri-cu-balcoane-in-prague\/","title":{"rendered":"Top 10 hoteluri cu balcoane \u00een Praga - vacan\u021be cu vedere"},"content":{"rendered":"<p>Praga nu este considerat\u0103 una dintre cele mai bune destina\u021bii din Europa. <a href=\"https:\/\/prague.org\/ro\/a-complete-guide-to-the-accomodation-in-prague\/\">loca\u021bii turistice de top<\/a> pentru nimic. Ora\u0219ul este cu adev\u0103rat frumos \u0219i are multe de oferit. Din fericire, multe dintre hotelurile sale faciliteaz\u0103 turi\u0219tilor aprecierea frumuse\u021bii ora\u0219ului, ad\u0103ug\u00e2nd balcoanele la numeroasele lor dot\u0103ri de lux. \u00cen timp ce multe hoteluri din Praga dispun de balcoane pentru a v\u0103 ajuta s\u0103 experimenta\u021bi atmosfera unic\u0103 a ora\u0219ului, unele o fac mai bine dec\u00e2t altele. A\u0219adar, ast\u0103zi, iat\u0103 cele mai bune 10 hoteluri din Praga cu balcoane, selectate de noi.<\/p>\n\n\n\n<h2 id=\"top-luxurious-hotels-with-balconies-in-prague\" class=\"wp-block-heading\">Top hoteluri de lux cu balcoane \u00een Praga<\/h2>\n\n\n\n<h3 id=\"hotel-josef\" class=\"wp-block-heading\">Hotel Josef&nbsp;<\/h3>\n\n\n\n<figure class=\"wp-block-image size-large\"><img decoding=\"async\" width=\"1024\" height=\"682\" src=\"https:\/\/prague.org\/wp-content\/uploads\/2022\/07\/Hotel-Josef-1-1024x682.jpg\" alt=\"Hotel Josef\" class=\"wp-image-5060\" srcset=\"https:\/\/prague.org\/wp-content\/uploads\/2022\/07\/Hotel-Josef-1-1024x682.jpg 1024w, https:\/\/prague.org\/wp-content\/uploads\/2022\/07\/Hotel-Josef-1-600x400.jpg 600w, https:\/\/prague.org\/wp-content\/uploads\/2022\/07\/Hotel-Josef-1-300x200.jpg 300w, https:\/\/prague.org\/wp-content\/uploads\/2022\/07\/Hotel-Josef-1-768x512.jpg 768w, https:\/\/prague.org\/wp-content\/uploads\/2022\/07\/Hotel-Josef-1-380x253.jpg 380w, https:\/\/prague.org\/wp-content\/uploads\/2022\/07\/Hotel-Josef-1-800x533.jpg 800w, https:\/\/prague.org\/wp-content\/uploads\/2022\/07\/Hotel-Josef-1-1160x773.jpg 1160w, https:\/\/prague.org\/wp-content\/uploads\/2022\/07\/Hotel-Josef-1.jpg 1280w\" sizes=\"(max-width: 1024px) 100vw, 1024px\" \/><figcaption class=\"wp-element-caption\">Hotel Josef<\/figcaption><\/figure>\n\n\n\n<p>Hotelul Josef se afl\u0103 \u00eentr-o zon\u0103 lini\u0219tit\u0103 a ora\u0219ului vechi, la doar c\u00e2teva minute de mers pe jos de pia\u021ba ora\u0219ului vechi din Praga \u0219i de emblematicul pod Charles. De asemenea, hotelul este \u00eenconjurat de mai multe restaurante, baruri \u0219i magazine, de care ave\u021bi nevoie atunci c\u00e2nd sunte\u021bi nou \u00een Praga. Hotelul are un design modern \u0219i elegant, iar hotelul are \u00een total 109 camere. Acestea vin \u00een diferite categorii. Single, camere cu canapea extensibil\u0103, camere cu semn\u0103tur\u0103 \u0219i camere de lux cu balcon. Indiferent de categorie, toate camerele au clase excep\u021bionale, doar c\u0103 au niveluri de curs diferite.<\/p>\n\n\n\n<div class=\"wp-block-buttons is-layout-flex wp-block-buttons-is-layout-flex\">\n<div class=\"wp-block-button is-style-cs-button-block\"><a class=\"wp-block-button__link wp-element-button\" href=\"https:\/\/www.booking.com\/hotel\/cz\/josef-praha-1.en.html?aid=7905235&amp;no_rooms=1&amp;group_adults=2\" target=\"_blank\" rel=\"noreferrer noopener nofollow\">Vezi pre\u021burile \u0219i recenziile<\/a><\/div>\n<\/div>\n\n\n\n<h3 id=\"the-residence-trafick-prague\" class=\"wp-block-heading\">Re\u0219edin\u021ba Trafick Praga<\/h3>\n\n\n\n<figure class=\"wp-block-image size-large\"><img decoding=\"async\" width=\"1024\" height=\"682\" src=\"https:\/\/prague.org\/wp-content\/uploads\/2022\/07\/The-Residence-Traffic-Prague-1024x682.jpg\" alt=\"Re\u0219edin\u021ba Traffic Praga\" class=\"wp-image-5062\" srcset=\"https:\/\/prague.org\/wp-content\/uploads\/2022\/07\/The-Residence-Traffic-Prague-1024x682.jpg 1024w, https:\/\/prague.org\/wp-content\/uploads\/2022\/07\/The-Residence-Traffic-Prague-600x400.jpg 600w, https:\/\/prague.org\/wp-content\/uploads\/2022\/07\/The-Residence-Traffic-Prague-300x200.jpg 300w, https:\/\/prague.org\/wp-content\/uploads\/2022\/07\/The-Residence-Traffic-Prague-768x512.jpg 768w, https:\/\/prague.org\/wp-content\/uploads\/2022\/07\/The-Residence-Traffic-Prague-380x253.jpg 380w, https:\/\/prague.org\/wp-content\/uploads\/2022\/07\/The-Residence-Traffic-Prague-800x533.jpg 800w, https:\/\/prague.org\/wp-content\/uploads\/2022\/07\/The-Residence-Traffic-Prague-1160x773.jpg 1160w, https:\/\/prague.org\/wp-content\/uploads\/2022\/07\/The-Residence-Traffic-Prague.jpg 1280w\" sizes=\"(max-width: 1024px) 100vw, 1024px\" \/><figcaption class=\"wp-element-caption\">Re\u0219edin\u021ba Trafick Praga<\/figcaption><\/figure>\n\n\n\n<p>Residence traffic Praga \u0219i-a deschis por\u021bile pentru prima dat\u0103 \u00een 2018 \u0219i de atunci a fost o binecuv\u00e2ntare at\u00e2t pentru localnici, c\u00e2t \u0219i pentru turi\u0219ti. Are 26 de apartamente \u00een total, iar acestea se \u00eencadreaz\u0103 \u00een diferite categorii \u0219i au fost proiectate pentru a se potrivi cu diferite gusturi. Hotelul de apartamente ofer\u0103 oaspe\u021bilor o parcare securizat\u0103, aer condi\u021bionat, un televizor, o buc\u0103t\u0103rie \u0219i multe altele. Dac\u0103 nu dori\u021bi s\u0103 folosi\u021bi buc\u0103t\u0103ria \u0219i prefera\u021bi ni\u0219te mese rafinate, ve\u021bi fi ferici\u021bi s\u0103 \u0219ti\u021bi; c\u0103 traficul de re\u0219edin\u021b\u0103 are, de asemenea, un restaurant. De asemenea, dispune de camere la ultimul etaj, cu vedere minunat\u0103 \u0219i balcoane sau terase pentru a merge cu ea.<\/p>\n\n\n\n<div class=\"wp-block-buttons is-layout-flex wp-block-buttons-is-layout-flex\">\n<div class=\"wp-block-button is-style-cs-button-block\"><a class=\"wp-block-button__link wp-element-button\" href=\"https:\/\/www.booking.com\/hotel\/cz\/residence-trafick-prague123.en.html?aid=7905235&amp;no_rooms=1&amp;group_adults=2\" target=\"_blank\" rel=\"noreferrer noopener nofollow\">Vezi pre\u021burile \u0219i recenziile<\/a><\/div>\n<\/div>\n\n\n\n<h3 id=\"the-jalta-boutique-hotel\" class=\"wp-block-heading\">Jalta Boutique Hotel&nbsp;<\/h3>\n\n\n\n<figure class=\"wp-block-image size-full\"><img decoding=\"async\" width=\"1024\" height=\"683\" src=\"https:\/\/prague.org\/wp-content\/uploads\/2022\/07\/Jalta-Boutique-Hotel-1-1.jpg\" alt=\"Jalta Boutique Hotel\u00a0\" class=\"wp-image-5061\" srcset=\"https:\/\/prague.org\/wp-content\/uploads\/2022\/07\/Jalta-Boutique-Hotel-1-1.jpg 1024w, https:\/\/prague.org\/wp-content\/uploads\/2022\/07\/Jalta-Boutique-Hotel-1-1-600x400.jpg 600w, https:\/\/prague.org\/wp-content\/uploads\/2022\/07\/Jalta-Boutique-Hotel-1-1-300x200.jpg 300w, https:\/\/prague.org\/wp-content\/uploads\/2022\/07\/Jalta-Boutique-Hotel-1-1-768x512.jpg 768w, https:\/\/prague.org\/wp-content\/uploads\/2022\/07\/Jalta-Boutique-Hotel-1-1-380x253.jpg 380w, https:\/\/prague.org\/wp-content\/uploads\/2022\/07\/Jalta-Boutique-Hotel-1-1-800x534.jpg 800w\" sizes=\"(max-width: 1024px) 100vw, 1024px\" \/><figcaption class=\"wp-element-caption\">Jalta Boutique Hotel&nbsp;<\/figcaption><\/figure>\n\n\n\n<p>Jalta Boutique Hotel se afl\u0103 chiar \u00een centrul ora\u0219ului Praga. Acesta are 94 de camere \u00een total, toate aceste camere sunt de diferite tipuri \u0219i stiluri de design, cu siguran\u021b\u0103 ve\u021bi g\u0103si ceva pentru dumneavoastr\u0103. Camerele sunt dotate cu TV prin satelit, minibar, acces u\u0219or pentru scaune cu rotile, seifuri \u00een camer\u0103, b\u0103i moderne \u0219i multe altele. La restaurantul \u0219i cafeneaua COMO pute\u021bi g\u0103si m\u00e2nc\u0103ruri locale \u0219i interna\u021bionale excelente. De asemenea, hotelul Boutique dispune de camere cu balcoane care surprind perfect frumuse\u021bea zonei. IT ofer\u0103, de asemenea, acces u\u0219or la unele dintre cele mai importante p\u0103r\u021bi ale ora\u0219ului, dac\u0103 dori\u021bi s\u0103 explora\u021bi pe jos.<\/p>\n\n\n\n<div class=\"wp-block-buttons is-layout-flex wp-block-buttons-is-layout-flex\">\n<div class=\"wp-block-button is-style-cs-button-block\"><a class=\"wp-block-button__link wp-element-button\" href=\"https:\/\/www.booking.com\/hotel\/cz\/jalta.en.html?aid=7905235&amp;no_rooms=1&amp;group_adults=2\" target=\"_blank\" rel=\"noreferrer noopener nofollow\">Vezi pre\u021burile \u0219i recenziile<\/a><\/div>\n<\/div>\n\n\n\n<h2 id=\"best-budget-friendly-hotels-with-balconies-in-prague\" class=\"wp-block-heading\">Cele mai bune hoteluri cu buget redus cu balcon din Praga<\/h2>\n\n\n\n<h3 id=\"the-wellness-hotel-step\" class=\"wp-block-heading\">Hotelul Wellness Step<\/h3>\n\n\n\n<figure class=\"wp-block-image size-full\"><img decoding=\"async\" width=\"1000\" height=\"562\" src=\"https:\/\/prague.org\/wp-content\/uploads\/2022\/07\/The-Wellness-Hotel-Step.webp\" alt=\"Hotelul Wellness Step\" class=\"wp-image-5064\" srcset=\"https:\/\/prague.org\/wp-content\/uploads\/2022\/07\/The-Wellness-Hotel-Step.webp 1000w, https:\/\/prague.org\/wp-content\/uploads\/2022\/07\/The-Wellness-Hotel-Step-600x337.webp 600w, https:\/\/prague.org\/wp-content\/uploads\/2022\/07\/The-Wellness-Hotel-Step-300x169.webp 300w, https:\/\/prague.org\/wp-content\/uploads\/2022\/07\/The-Wellness-Hotel-Step-768x432.webp 768w, https:\/\/prague.org\/wp-content\/uploads\/2022\/07\/The-Wellness-Hotel-Step-380x214.webp 380w, https:\/\/prague.org\/wp-content\/uploads\/2022\/07\/The-Wellness-Hotel-Step-800x450.webp 800w\" sizes=\"(max-width: 1000px) 100vw, 1000px\" \/><figcaption class=\"wp-element-caption\">Hotelul Wellness Step<\/figcaption><\/figure>\n\n\n\n<p>Hotelul Wellness Step este situat la mai pu\u021bin de 3 km de centrul ora\u0219ului Praga. Hotelul are 206 camere \u00een total \u0219i dou\u0103 categorii: Economy, standard \u0219i deluxe. Camerele de tip economic sunt concepute pentru cei care doresc s\u0103 experimenteze luxul cu un buget redus. Acestea sunt dotate cu seif, aer condi\u021bionat, minibar, TV prin satelit etc. Camerele de tip deluxe sunt proiectate la cele mai \u00eenalte standarde ale hotelului \u0219i ofer\u0103 cele mai multe facilit\u0103\u021bi \u0219i lux, inclusiv balcoane. De asemenea, sunt dotate cu echipamente standard ale camerei, cum ar fi frigider, aer condi\u021bionat, TV prin satelit etc. \u0218i acestea sunt doar camerele. Hotelul are, de asemenea, diferite pachete care v\u0103 ofer\u0103 diferite niveluri de acces la numeroasele facilit\u0103\u021bi ale hotelului.&nbsp;<\/p>\n\n\n\n<div class=\"wp-block-buttons is-layout-flex wp-block-buttons-is-layout-flex\">\n<div class=\"wp-block-button is-style-cs-button-block\"><a class=\"wp-block-button__link wp-element-button\" href=\"https:\/\/www.booking.com\/hotel\/cz\/step.en.html?aid=7905235&amp;no_rooms=1&amp;group_adults=2\" target=\"_blank\" rel=\"noreferrer noopener nofollow\">Vezi pre\u021burile \u0219i recenziile<\/a><\/div>\n<\/div>\n\n\n\n<h3 id=\"my-hotel-apollon\" class=\"wp-block-heading\">Hotelul meu Apollon<\/h3>\n\n\n\n<figure class=\"wp-block-image size-large\"><img decoding=\"async\" width=\"1024\" height=\"682\" src=\"https:\/\/prague.org\/wp-content\/uploads\/2022\/07\/My-Hotel-Apollon-1024x682.jpg\" alt=\"Hotelul meu Apollon\" class=\"wp-image-5065\" srcset=\"https:\/\/prague.org\/wp-content\/uploads\/2022\/07\/My-Hotel-Apollon-1024x682.jpg 1024w, https:\/\/prague.org\/wp-content\/uploads\/2022\/07\/My-Hotel-Apollon-600x400.jpg 600w, https:\/\/prague.org\/wp-content\/uploads\/2022\/07\/My-Hotel-Apollon-300x200.jpg 300w, https:\/\/prague.org\/wp-content\/uploads\/2022\/07\/My-Hotel-Apollon-768x512.jpg 768w, https:\/\/prague.org\/wp-content\/uploads\/2022\/07\/My-Hotel-Apollon-380x253.jpg 380w, https:\/\/prague.org\/wp-content\/uploads\/2022\/07\/My-Hotel-Apollon-800x533.jpg 800w, https:\/\/prague.org\/wp-content\/uploads\/2022\/07\/My-Hotel-Apollon-1160x773.jpg 1160w, https:\/\/prague.org\/wp-content\/uploads\/2022\/07\/My-Hotel-Apollon.jpg 1280w\" sizes=\"(max-width: 1024px) 100vw, 1024px\" \/><figcaption class=\"wp-element-caption\">Hotelul meu Apollon<\/figcaption><\/figure>\n\n\n\n<p>My Hotel Apollon este situat chiar \u00een centrul ora\u0219ului \u017di\u017ekov, un cartier popular din Praga. Acesta se afl\u0103 la mai pu\u021bin de 30 de minute cu ma\u0219ina de faimoasa aren\u0103 O2 \u0219i de vila Flora. Hotelul ofer\u0103 WiFi gratuit \u0219i parcare securizat\u0103, iar camerele sale au un stil de design excelent. Din fericire, personalul este bine versat \u00een limba englez\u0103, a\u0219a c\u0103 nu ar trebui s\u0103 ave\u021bi nicio problem\u0103 \u00een a ob\u021bine informa\u021bii sau servicii utile.<\/p>\n\n\n\n<div class=\"wp-block-buttons is-layout-flex wp-block-buttons-is-layout-flex\">\n<div class=\"wp-block-button is-style-cs-button-block\"><a class=\"wp-block-button__link wp-element-button\" href=\"https:\/\/www.booking.com\/hotel\/cz\/apollon-prague.en.html?aid=7905235&amp;no_rooms=1&amp;group_adults=2\" target=\"_blank\" rel=\"noreferrer noopener nofollow\">Vezi pre\u021burile \u0219i recenziile<\/a><\/div>\n<\/div>\n\n\n\n<h3 id=\"rezidence-vysehrad\" class=\"wp-block-heading\">Rezidence Vysehrad&nbsp;<\/h3>\n\n\n\n<figure class=\"wp-block-image size-large\"><img decoding=\"async\" width=\"1024\" height=\"681\" src=\"https:\/\/prague.org\/wp-content\/uploads\/2022\/07\/Rezidence-Vysehrad--1024x681.jpg\" alt=\"Rezidence Vysehrad\u00a0\" class=\"wp-image-5066\" srcset=\"https:\/\/prague.org\/wp-content\/uploads\/2022\/07\/Rezidence-Vysehrad--1024x681.jpg 1024w, https:\/\/prague.org\/wp-content\/uploads\/2022\/07\/Rezidence-Vysehrad--600x399.jpg 600w, https:\/\/prague.org\/wp-content\/uploads\/2022\/07\/Rezidence-Vysehrad--300x200.jpg 300w, https:\/\/prague.org\/wp-content\/uploads\/2022\/07\/Rezidence-Vysehrad--768x511.jpg 768w, https:\/\/prague.org\/wp-content\/uploads\/2022\/07\/Rezidence-Vysehrad--380x253.jpg 380w, https:\/\/prague.org\/wp-content\/uploads\/2022\/07\/Rezidence-Vysehrad--800x532.jpg 800w, https:\/\/prague.org\/wp-content\/uploads\/2022\/07\/Rezidence-Vysehrad--1160x771.jpg 1160w, https:\/\/prague.org\/wp-content\/uploads\/2022\/07\/Rezidence-Vysehrad-.jpg 1200w\" sizes=\"(max-width: 1024px) 100vw, 1024px\" \/><figcaption class=\"wp-element-caption\">Rezidence Vysehrad&nbsp;<\/figcaption><\/figure>\n\n\n\n<p>Rezidence Vysehrad ocup\u0103 un loc bun \u00een ora\u0219, chiar vizavi de faimosul centru de congrese. Restaurantul s\u0103u are o teras\u0103 pe acoperi\u0219 \u0219i serve\u0219te m\u00e2nc\u0103ruri italiene \u0219i unele preparate locale.&nbsp;<\/p>\n\n\n\n<p>Apartamentul hotelului are parcare securizat\u0103, WiFi gratuit \u0219i multe altele. \u00cen plus, apartamentele sale ofer\u0103 b\u0103i moderne, aer condi\u021bionat, TV prin satelit \u0219i balcoane cu vedere minunat\u0103.<\/p>\n\n\n\n<p>&nbsp;Rezidence Vysehrad se afl\u0103, de asemenea, aproape de o sta\u021bie de metrou cu acces u\u0219or la locurile \u0219i zonele din jur.&nbsp;<\/p>\n\n\n\n<div class=\"wp-block-buttons is-layout-flex wp-block-buttons-is-layout-flex\">\n<div class=\"wp-block-button is-style-cs-button-block\"><a class=\"wp-block-button__link wp-element-button\" href=\"https:\/\/www.booking.com\/hotel\/cz\/rezidence-vysehrad.en.html?aid=7905235&amp;no_rooms=1&amp;group_adults=2\" target=\"_blank\" rel=\"noreferrer noopener nofollow\">Vezi pre\u021burile \u0219i recenziile<\/a><\/div>\n<\/div>\n\n\n\n<h2 id=\"top-mid-priced-hotels-with-balconies-in-prague\" class=\"wp-block-heading\">Top hoteluri cu pre\u021buri medii cu balcon \u00een Praga<\/h2>\n\n\n\n<h3 id=\"castle-residence-praha\" class=\"wp-block-heading\">Castle Residence Praha<\/h3>\n\n\n\n<figure class=\"wp-block-image size-full\"><img decoding=\"async\" width=\"900\" height=\"600\" src=\"https:\/\/prague.org\/wp-content\/uploads\/2022\/07\/Castle-Residence-Praha.jpg\" alt=\"Castle Residence Praha\" class=\"wp-image-5067\" srcset=\"https:\/\/prague.org\/wp-content\/uploads\/2022\/07\/Castle-Residence-Praha.jpg 900w, https:\/\/prague.org\/wp-content\/uploads\/2022\/07\/Castle-Residence-Praha-600x400.jpg 600w, https:\/\/prague.org\/wp-content\/uploads\/2022\/07\/Castle-Residence-Praha-300x200.jpg 300w, https:\/\/prague.org\/wp-content\/uploads\/2022\/07\/Castle-Residence-Praha-768x512.jpg 768w, https:\/\/prague.org\/wp-content\/uploads\/2022\/07\/Castle-Residence-Praha-380x253.jpg 380w, https:\/\/prague.org\/wp-content\/uploads\/2022\/07\/Castle-Residence-Praha-800x533.jpg 800w\" sizes=\"(max-width: 900px) 100vw, 900px\" \/><figcaption class=\"wp-element-caption\">Castle Residence Praha<\/figcaption><\/figure>\n\n\n\n<p>Castle Residence Praha este situat pe o fost\u0103 proprietate viticol\u0103 care dateaz\u0103 din secolul al XVIII-lea. Se afl\u0103 \u00een apropiere de locuri turistice celebre, precum Castelul Praga, ceasul astronomic din Praga \u0219i Podul Charles. Hotelul are o gr\u0103din\u0103, un centru spa, o piscin\u0103, o parcare, piste de bowling, o teras\u0103 \u00een aer liber, un col\u021b pentru copii \u0219i multe altele. De asemenea, hotelul are restaurantul s\u0103u, care serve\u0219te preparate moderne din buc\u0103t\u0103ria ceh\u0103 \u0219i mese doar pentru copii.<\/p>\n\n\n\n<div class=\"wp-block-buttons is-layout-flex wp-block-buttons-is-layout-flex\">\n<div class=\"wp-block-button is-style-cs-button-block\"><a class=\"wp-block-button__link wp-element-button\" href=\"https:\/\/www.booking.com\/hotel\/cz\/castle-residence-praha.en.html?aid=7905235&amp;no_rooms=1&amp;group_adults=2\" target=\"_blank\" rel=\"noreferrer noopener nofollow\">Vezi pre\u021burile \u0219i recenziile<\/a><\/div>\n<\/div>\n\n\n\n<h3 id=\"deminka-palace\" class=\"wp-block-heading\">Palatul Deminka<\/h3>\n\n\n\n<figure class=\"wp-block-image size-large\"><img decoding=\"async\" width=\"1024\" height=\"684\" src=\"https:\/\/prague.org\/wp-content\/uploads\/2022\/07\/Deminka-Palace-1024x684.jpg\" alt=\"Palatul Deminka\" class=\"wp-image-5068\" srcset=\"https:\/\/prague.org\/wp-content\/uploads\/2022\/07\/Deminka-Palace-1024x684.jpg 1024w, https:\/\/prague.org\/wp-content\/uploads\/2022\/07\/Deminka-Palace-600x401.jpg 600w, https:\/\/prague.org\/wp-content\/uploads\/2022\/07\/Deminka-Palace-300x200.jpg 300w, https:\/\/prague.org\/wp-content\/uploads\/2022\/07\/Deminka-Palace-768x513.jpg 768w, https:\/\/prague.org\/wp-content\/uploads\/2022\/07\/Deminka-Palace-380x254.jpg 380w, https:\/\/prague.org\/wp-content\/uploads\/2022\/07\/Deminka-Palace-800x534.jpg 800w, https:\/\/prague.org\/wp-content\/uploads\/2022\/07\/Deminka-Palace-1160x774.jpg 1160w, https:\/\/prague.org\/wp-content\/uploads\/2022\/07\/Deminka-Palace.jpg 1200w\" sizes=\"(max-width: 1024px) 100vw, 1024px\" \/><figcaption class=\"wp-element-caption\">Palatul Deminka<\/figcaption><\/figure>\n\n\n\n<p>&nbsp;Deminka Palace este situat chiar \u00een inima ora\u0219ului Praga, la doar c\u00e2\u021biva pa\u0219i de Pia\u021ba Wenceslas. Hotelul are un total de 31 de camere, toate cu design \u00een stil italian. Fiecare camer\u0103 este izolat\u0103 fonic \u0219i este dotat\u0103 cu TV prin satelit, WiFi gratuit, minibar \u0219i facilit\u0103\u021bi pentru prepararea de cafea sau ceai. Exist\u0103, de asemenea, op\u021biuni de camere mari, care vin cu balcon \u0219i multe altele. The <a href=\"https:\/\/prague.org\/ro\/restaurante-in-prague-care-ofera-vedete-spectaculoase\/\">restaurantul are o priveli\u0219te spectaculoas\u0103<\/a> \u0219i serve\u0219te unele dintre cele mai bune m\u00e2nc\u0103ruri locale.<\/p>\n\n\n\n<div class=\"wp-block-buttons is-layout-flex wp-block-buttons-is-layout-flex\">\n<div class=\"wp-block-button is-style-cs-button-block\"><a class=\"wp-block-button__link wp-element-button\" href=\"https:\/\/www.booking.com\/hotel\/cz\/deminka-palace.en.html?aid=7905235&amp;no_rooms=1&amp;group_adults=2\" target=\"_blank\" rel=\"noreferrer noopener nofollow\">Vezi pre\u021burile \u0219i recenziile<\/a><\/div>\n<\/div>\n\n\n\n<h3 id=\"hotel-clement\" class=\"wp-block-heading\">Hotel Clement<\/h3>\n\n\n\n<figure class=\"wp-block-image size-large\"><img decoding=\"async\" width=\"1024\" height=\"683\" src=\"https:\/\/prague.org\/wp-content\/uploads\/2022\/07\/Hotel-Clement-1024x683.jpg\" alt=\"Hotel Clement\" class=\"wp-image-5069\" srcset=\"https:\/\/prague.org\/wp-content\/uploads\/2022\/07\/Hotel-Clement-1024x683.jpg 1024w, https:\/\/prague.org\/wp-content\/uploads\/2022\/07\/Hotel-Clement-600x400.jpg 600w, https:\/\/prague.org\/wp-content\/uploads\/2022\/07\/Hotel-Clement-300x200.jpg 300w, https:\/\/prague.org\/wp-content\/uploads\/2022\/07\/Hotel-Clement-768x512.jpg 768w, https:\/\/prague.org\/wp-content\/uploads\/2022\/07\/Hotel-Clement-1536x1024.jpg 1536w, https:\/\/prague.org\/wp-content\/uploads\/2022\/07\/Hotel-Clement-380x253.jpg 380w, https:\/\/prague.org\/wp-content\/uploads\/2022\/07\/Hotel-Clement-800x533.jpg 800w, https:\/\/prague.org\/wp-content\/uploads\/2022\/07\/Hotel-Clement-1160x773.jpg 1160w, https:\/\/prague.org\/wp-content\/uploads\/2022\/07\/Hotel-Clement.jpg 1920w\" sizes=\"(max-width: 1024px) 100vw, 1024px\" \/><figcaption class=\"wp-element-caption\">Hotel Clement<\/figcaption><\/figure>\n\n\n\n<p>Hotelul Clement este situat chiar \u00een centrul cartierului Peter's \u0219i la o distan\u021b\u0103 scurt\u0103 de r\u00e2ul Vltava \u0219i de centrul comercial Palladium. Toate cele 76 de camere ale hotelului sunt dotate cu WiFi gratuit, TV prin satelit \u0219i multe altele. Camerele superioare de la ultimul etaj au balcon, aparat de cafea espresso, produse cosmetice de lux \u0219i multe altele.<\/p>\n\n\n\n<div class=\"wp-block-buttons is-layout-flex wp-block-buttons-is-layout-flex\">\n<div class=\"wp-block-button is-style-cs-button-block\"><a class=\"wp-block-button__link wp-element-button\" href=\"https:\/\/www.booking.com\/hotel\/cz\/bellagio-garden.en.html?aid=7905235&amp;no_rooms=1&amp;group_adults=2\" target=\"_blank\" rel=\"noreferrer noopener nofollow\">Vezi pre\u021burile \u0219i recenziile<\/a><\/div>\n<\/div>\n\n\n\n<h2 id=\"high-end-hotel-with-a-balcony-in-prague\" class=\"wp-block-heading\">Hotel de lux cu balcon \u00een Praga<\/h2>\n\n\n\n<h3 id=\"absolutum-wellness-hotel\" class=\"wp-block-heading\">Hotel Absolutum Wellness<\/h3>\n\n\n\n<figure class=\"wp-block-image size-full\"><img decoding=\"async\" width=\"1024\" height=\"676\" src=\"https:\/\/prague.org\/wp-content\/uploads\/2022\/07\/Absolutum-Wellness-Hotel.jpg\" alt=\"Hotel Absolutum Wellness\" class=\"wp-image-5070\" srcset=\"https:\/\/prague.org\/wp-content\/uploads\/2022\/07\/Absolutum-Wellness-Hotel.jpg 1024w, https:\/\/prague.org\/wp-content\/uploads\/2022\/07\/Absolutum-Wellness-Hotel-600x396.jpg 600w, https:\/\/prague.org\/wp-content\/uploads\/2022\/07\/Absolutum-Wellness-Hotel-300x198.jpg 300w, https:\/\/prague.org\/wp-content\/uploads\/2022\/07\/Absolutum-Wellness-Hotel-768x507.jpg 768w, https:\/\/prague.org\/wp-content\/uploads\/2022\/07\/Absolutum-Wellness-Hotel-380x251.jpg 380w, https:\/\/prague.org\/wp-content\/uploads\/2022\/07\/Absolutum-Wellness-Hotel-800x528.jpg 800w\" sizes=\"(max-width: 1024px) 100vw, 1024px\" \/><figcaption class=\"wp-element-caption\">Hotel Absolutum Wellness<\/figcaption><\/figure>\n\n\n\n<p><a href=\"https:\/\/prague.org\/ro\/absolutum-wellness-hotel-interviu\/\">Hotel Absolutum Wellness<\/a> este un hotel uimitor situat \u00een Praga 7. Toate cele 45 de camere au un design excep\u021bional, sunt izolate fonic \u0219i sunt dotate cu WiFi, aer condi\u021bionat, minibar, baie modern\u0103 cu produse cosmetice \u0219i usc\u0103tor de p\u0103r. \u00cen plus, op\u021biunea de suit\u0103 de lux a hotelului vine cu un balcon, o zon\u0103 de relaxare, un televizor cu canale prin satelit \u0219i multe altele.\u00a0<\/p>\n\n\n\n<p>Un hotel cu balcon este perfect pentru dup\u0103-amiezele lene\u0219e \u00een care dori\u021bi s\u0103 v\u0103 relaxa\u021bi, pentru micul dejun cu familia sau pentru o cin\u0103 la lumina lum\u00e2n\u0103rilor.<\/p>\n\n\n\n<div class=\"wp-block-buttons is-layout-flex wp-block-buttons-is-layout-flex\">\n<div class=\"wp-block-button is-style-cs-button-block\"><a class=\"wp-block-button__link wp-element-button\" href=\"https:\/\/www.booking.com\/hotel\/cz\/hotelabsolut.en.html?aid=7905235&amp;no_rooms=1&amp;group_adults=2\" target=\"_blank\" rel=\"noreferrer noopener nofollow\">Vezi pre\u021burile \u0219i recenziile<\/a><\/div>\n<\/div>\n\n\n\n<ins class=\"bookingaff\" data-aid=\"2250729\" data-target_aid=\"2250729\" data-prod=\"map\" data-width=\"100%\" data-height=\"590\" data-lang=\"ualng\" data-dest_id=\"0\" data-dest_type=\"landmark\" data-latitude=\"50.0755381\" data-longitude=\"14.4378005\" data-mwhsb=\"0\" data-address=\"Prague, Czechia\">\n    <!-- Anything inside will go away once widget is loaded. -->\n        <a href=\"\/\/www.booking.com?aid=2250729\">Booking.com<\/a>\n<\/ins>\n<script type=\"text\/javascript\">\n    (function(d, sc, u) {\n      var s = d.createElement(sc), p = d.getElementsByTagName(sc)[0];\n      s.type = 'text\/javascript';\n      s.async = true;\n      s.src = u + '?v=' + (+new Date());\n      p.parentNode.insertBefore(s,p);\n      })(document, 'script', '\/\/cf.bstatic.com\/static\/affiliate_base\/js\/flexiproduct.js');\n<\/script>","protected":false},"excerpt":{"rendered":"Nu degeaba Praga este considerat\u0103 una dintre cele mai bune loca\u021bii turistice din Europa. Ora\u0219ul este cu adev\u0103rat frumos \u0219i are...","protected":false},"author":2,"featured_media":4720,"comment_status":"closed","ping_status":"closed","sticky":false,"template":"","format":"standard","meta":{"footnotes":""},"categories":[18,23,204],"tags":[31],"table_tags":[],"_links":{"self":[{"href":"https:\/\/prague.org\/ro\/wp-json\/wp\/v2\/posts\/4717"}],"collection":[{"href":"https:\/\/prague.org\/ro\/wp-json\/wp\/v2\/posts"}],"about":[{"href":"https:\/\/prague.org\/ro\/wp-json\/wp\/v2\/types\/post"}],"author":[{"embeddable":true,"href":"https:\/\/prague.org\/ro\/wp-json\/wp\/v2\/users\/2"}],"replies":[{"embeddable":true,"href":"https:\/\/prague.org\/ro\/wp-json\/wp\/v2\/comments?post=4717"}],"version-history":[{"count":4,"href":"https:\/\/prague.org\/ro\/wp-json\/wp\/v2\/posts\/4717\/revisions"}],"predecessor-version":[{"id":8878,"href":"https:\/\/prague.org\/ro\/wp-json\/wp\/v2\/posts\/4717\/revisions\/8878"}],"wp:featuredmedia":[{"embeddable":true,"href":"https:\/\/prague.org\/ro\/wp-json\/wp\/v2\/media\/4720"}],"wp:attachment":[{"href":"https:\/\/prague.org\/ro\/wp-json\/wp\/v2\/media?parent=4717"}],"wp:term":[{"taxonomy":"category","embeddable":true,"href":"https:\/\/prague.org\/ro\/wp-json\/wp\/v2\/categories?post=4717"},{"taxonomy":"post_tag","embeddable":true,"href":"https:\/\/prague.org\/ro\/wp-json\/wp\/v2\/tags?post=4717"},{"taxonomy":"table_tags","embeddable":true,"href":"https:\/\/prague.org\/ro\/wp-json\/wp\/v2\/table_tags?post=4717"}],"curies":[{"name":"wp","href":"https:\/\/api.w.org\/{rel}","templated":true}]}}