{"id":8604,"date":"2023-02-28T09:30:59","date_gmt":"2023-02-28T07:30:59","guid":{"rendered":"https:\/\/prague.org\/?p=8604"},"modified":"2023-08-03T15:38:33","modified_gmt":"2023-08-03T13:38:33","slug":"what-is-prague-best-known-for-amongst-other-cities","status":"publish","type":"post","link":"https:\/\/prague.org\/ro\/pentru-ce-este-prague-cel-mai-cunoscut-pentru-printre-alte-orase\/","title":{"rendered":"Pentru ce este Praga cel mai bine cunoscut\u0103 printre alte ora\u0219e?"},"content":{"rendered":"<p>Ora\u0219ul de aur, Ora\u0219ul celor o sut\u0103 de spirite, Inima Europei \u0219i a\u0219a mai departe, dar pentru ce este cunoscut acest ora\u0219 cu nume at\u00e2t de valoroase?&nbsp;<\/p>\n\n\n\n<p><a href=\"https:\/\/prague.org\/ro\/informatii-de-baza-despre-praga\/culture\/\">Via\u021ba cultural\u0103 a ora\u0219ului Praga<\/a> este prima tr\u0103s\u0103tur\u0103 valoroas\u0103 a ora\u0219ului. Privind de-a lungul istoriei sale, Praga a g\u0103zduit at\u00e2t de multe talente de mare valoare \u00een domeniile artei, muzicii \u0219i culturii. Mozart, unul dintre cei mai mari compozitori de muzic\u0103 din vremea sa, a tr\u0103it \u00een ora\u0219. De asemenea, Simfonia din Praga \u0219i Don Giovanni au fost interpretate pentru prima dat\u0103 \u00een ora\u0219. O alt\u0103 tradi\u021bie frumoas\u0103 a ora\u0219ului \u00een ceea ce prive\u0219te cultura sa muzical\u0103 este comemorarea muzicii lirice a marilor compozitori cehi, Bed\u0159ich Smetana, Anton\u00edn Dvor\u00e1k \u0219i Leo\u0161 Jan\u00e1\u010dek, \u00een fiecare an, \u00een cadrul Festivalului Muzical de Prim\u0103var\u0103. Orchestra realizat\u0103 pentru comemorarea compozitorilor arat\u0103 c\u00e2t de m\u00e2ndr\u0103 este Praga \u0219i c\u00e2t de dornic\u0103 este s\u0103 \u00ee\u0219i \u00eenal\u021be istoria \u0219i cultura.<\/p>\n\n\n\n<h2 id=\"what-is-prague-known-for\" class=\"wp-block-heading\">Pentru ce este cunoscut\u0103 Praga?<\/h2>\n\n\n\n<figure class=\"wp-block-image size-large\"><img decoding=\"async\" width=\"1024\" height=\"683\" src=\"https:\/\/prague.org\/wp-content\/uploads\/2023\/02\/dancing-house-building-prague-1-1024x683.jpg\" alt=\"Cl\u0103direa casei de dans\" class=\"wp-image-8607\" srcset=\"https:\/\/prague.org\/wp-content\/uploads\/2023\/02\/dancing-house-building-prague-1-1024x683.jpg 1024w, https:\/\/prague.org\/wp-content\/uploads\/2023\/02\/dancing-house-building-prague-1-scaled-600x400.jpg 600w, https:\/\/prague.org\/wp-content\/uploads\/2023\/02\/dancing-house-building-prague-1-300x200.jpg 300w, https:\/\/prague.org\/wp-content\/uploads\/2023\/02\/dancing-house-building-prague-1-768x512.jpg 768w, https:\/\/prague.org\/wp-content\/uploads\/2023\/02\/dancing-house-building-prague-1-1536x1024.jpg 1536w, https:\/\/prague.org\/wp-content\/uploads\/2023\/02\/dancing-house-building-prague-1-2048x1365.jpg 2048w, https:\/\/prague.org\/wp-content\/uploads\/2023\/02\/dancing-house-building-prague-1-18x12.jpg 18w, https:\/\/prague.org\/wp-content\/uploads\/2023\/02\/dancing-house-building-prague-1-380x253.jpg 380w, https:\/\/prague.org\/wp-content\/uploads\/2023\/02\/dancing-house-building-prague-1-800x533.jpg 800w, https:\/\/prague.org\/wp-content\/uploads\/2023\/02\/dancing-house-building-prague-1-1160x773.jpg 1160w, https:\/\/prague.org\/wp-content\/uploads\/2023\/02\/dancing-house-building-prague-1-scaled.jpg 2560w\" sizes=\"(max-width: 1024px) 100vw, 1024px\" \/><figcaption class=\"wp-element-caption\">Cl\u0103direa casei de dans<\/figcaption><\/figure>\n\n\n\n<p>\u00cen Inima Europei, ve\u021bi g\u0103si multe lucruri care au f\u0103cut <a href=\"https:\/\/prague.org\/ro\/\">Praga<\/a> se remarc\u0103 \u00een diferite domenii. C\u00e2teva dintre acestea sunt num\u0103rul considerabil de elemente istorice care \u00eenc\u0103 se mai p\u0103streaz\u0103 \u00een acest ora\u0219, chiar \u0219i dup\u0103 milenii de la fondarea sa, cum ar fi Biserica Oaselor, precum \u0219i celelalte 2.000 de monumente arhitecturale \u0219i artistice recunoscute oficial. Cantitatea de colec\u021bii artistice din ora\u0219, istoria muzical\u0103 (Wolfgang Amadeus Mozart \u0219i al\u021bi mari compozitori ai vremii lor) \u0219i m\u00e2nc\u0103rurile apetisante pe care le are de oferit. Totul este, \u00een felul s\u0103u, o icoan\u0103, care nu poate fi recunoscut\u0103 dec\u00e2t ca parte din ceea ce Praga are mai bun de oferit.<\/p>\n\n\n\n<p>Pe l\u00e2ng\u0103 istoria sa bogat\u0103, Ora\u0219ul de Aur este cunoscut \u0219i pentru multe alte lucruri, printre care se num\u0103r\u0103 \u0219i stilul s\u0103u de via\u021b\u0103 cultural \u0219i artistic.<\/p>\n\n\n\n<p>\u00cen Praga, orice turist care viziteaz\u0103 ora\u0219ul va ajunge \u00eentotdeauna la aceea\u0219i concluzie atunci c\u00e2nd vine vorba de a judeca alegerile artistice ale stilului de via\u021b\u0103 f\u0103cute \u00een cl\u0103dirile ora\u0219ului.  Modul de via\u021b\u0103 al localnicilor cehi, buc\u0103t\u0103ria ceh\u0103 de prestigiu , muzica pe care o auzi\u021bi, sistemul educa\u021bional praghez, precum \u0219i modelele de transport din ora\u0219. Toate aceste tr\u0103s\u0103turi se sincronizeaz\u0103 perfect pentru a crea frumoasa \u0219i grandioasa demografie numit\u0103 via\u021ba cultural\u0103 a ora\u0219ului Praga.<\/p>\n\n\n\n<h2 id=\"what-food-is-prague-best-known-for\" class=\"wp-block-heading\">Pentru ce fel de m\u00e2ncare este Praga cel mai bine cunoscut\u0103?<\/h2>\n\n\n\n<figure class=\"wp-block-image size-large\"><img decoding=\"async\" width=\"1024\" height=\"683\" src=\"https:\/\/prague.org\/wp-content\/uploads\/2023\/02\/foodiesfeed.com_traditional-czech-trdelnik-sweet-pastry-at-prague-christmas-market-1-1024x683.jpg\" alt=\"\" class=\"wp-image-8605\" srcset=\"https:\/\/prague.org\/wp-content\/uploads\/2023\/02\/foodiesfeed.com_traditional-czech-trdelnik-sweet-pastry-at-prague-christmas-market-1-1024x683.jpg 1024w, https:\/\/prague.org\/wp-content\/uploads\/2023\/02\/foodiesfeed.com_traditional-czech-trdelnik-sweet-pastry-at-prague-christmas-market-1-scaled-600x400.jpg 600w, https:\/\/prague.org\/wp-content\/uploads\/2023\/02\/foodiesfeed.com_traditional-czech-trdelnik-sweet-pastry-at-prague-christmas-market-1-300x200.jpg 300w, https:\/\/prague.org\/wp-content\/uploads\/2023\/02\/foodiesfeed.com_traditional-czech-trdelnik-sweet-pastry-at-prague-christmas-market-1-768x512.jpg 768w, https:\/\/prague.org\/wp-content\/uploads\/2023\/02\/foodiesfeed.com_traditional-czech-trdelnik-sweet-pastry-at-prague-christmas-market-1-1536x1024.jpg 1536w, https:\/\/prague.org\/wp-content\/uploads\/2023\/02\/foodiesfeed.com_traditional-czech-trdelnik-sweet-pastry-at-prague-christmas-market-1-2048x1365.jpg 2048w, https:\/\/prague.org\/wp-content\/uploads\/2023\/02\/foodiesfeed.com_traditional-czech-trdelnik-sweet-pastry-at-prague-christmas-market-1-18x12.jpg 18w, https:\/\/prague.org\/wp-content\/uploads\/2023\/02\/foodiesfeed.com_traditional-czech-trdelnik-sweet-pastry-at-prague-christmas-market-1-380x253.jpg 380w, https:\/\/prague.org\/wp-content\/uploads\/2023\/02\/foodiesfeed.com_traditional-czech-trdelnik-sweet-pastry-at-prague-christmas-market-1-800x533.jpg 800w, https:\/\/prague.org\/wp-content\/uploads\/2023\/02\/foodiesfeed.com_traditional-czech-trdelnik-sweet-pastry-at-prague-christmas-market-1-1160x773.jpg 1160w, https:\/\/prague.org\/wp-content\/uploads\/2023\/02\/foodiesfeed.com_traditional-czech-trdelnik-sweet-pastry-at-prague-christmas-market-1-scaled.jpg 2560w\" sizes=\"(max-width: 1024px) 100vw, 1024px\" \/><\/figure>\n\n\n\n<p>Fiind \u00een Praga ca rezident, la prima vizit\u0103 sau ca vizitator consecutiv, ce fel de m\u00e2ncare sau ce fel de <a href=\"https:\/\/prague.org\/ro\/un-ghid-complet-al-culturii-alimentare-cehe\/\">buc\u0103t\u0103rie local\u0103<\/a> crede\u021bi c\u0103 are cel mai bun farmec? Ei bine, nu ai cum s\u0103 \u0219tii care este cea mai bun\u0103 m\u00e2ncare, pentru c\u0103 Praga este plin\u0103 de cele mai bune m\u00e2nc\u0103ruri \u0219i buc\u0103t\u0103rii din Cehia, \u00eencep\u00e2nd cu linte acr\u0103 cu \u0219unc\u0103, cotlet de porc, gula\u0219 de vit\u0103, br\u00e2nz\u0103 pr\u0103jit\u0103 \u0219i p\u00e2n\u0103 la mu\u0219chiule\u021b de porc, klobasa, carne de vit\u0103 cu sos de m\u0103rar cehesc \u0219i g\u0103lu\u0219te cu fructe, nu te po\u021bi s\u0103tura niciodat\u0103 de ceea ce are Praga de oferit.<\/p>\n\n\n\n<h2 id=\"what-is-prague-known-for-to-buy\" class=\"wp-block-heading\">Pentru ce este cunoscut\u0103 Praga pentru a cump\u0103ra?<\/h2>\n\n\n\n<p>Istoria cultural\u0103 bogat\u0103 a Prag\u0103i las\u0103 turi\u0219tilor o varietate limitat\u0103, dar rafinat\u0103, de obiecte de colec\u021bie sau suveniruri din care s\u0103 aleag\u0103 atunci c\u00e2nd p\u0103r\u0103sesc Praga.&nbsp;<\/p>\n\n\n\n<p>De la faimoasa sticl\u0103rie ceh\u0103, lemn\u0103ria, bijuteriile din cristal, decora\u021biunile, vinurile \u0219i berile, p\u00e2n\u0103 la ceramica tradi\u021bional\u0103 \u0219i juc\u0103riile din lemn, toate acestea sunt suveniruri identificabile oriunde \u00een lume.  Toate acestea servesc ca o form\u0103 de memorabilia pentru amintiri prezentabile \u0219i durabile ale Ora\u0219ului de Aur, care va str\u0103luci mereu \u00een inima dumneavoastr\u0103 ori de c\u00e2te ori le privi\u021bi.<\/p>\n\n\n\n<p>Turi\u0219ti din \u00eentreaga lume au recomandat \u00een mod special bijuteriile din sticl\u0103 \u0219i cristal din Praga pentru a fi expediate \u0219i expuse ca parte a colec\u021biilor chiar \u0219i \u00een propriile locuin\u021be din \u00eentreaga lume.<\/p>\n\n\n\n<h3 id=\"prague-is-basically-living-culture\" class=\"wp-block-heading\">Praga este practic o cultur\u0103 vie<\/h3>\n\n\n\n<p>Vizitarea ora\u0219ului Praga este sinonim\u0103 cu intrarea \u00eentr-o lume a artei \u0219i a muzicii, a\u0219a cum se poate vedea \u00een via\u021ba ora\u0219ului. Cl\u0103dirile, muzica, m\u00e2ncarea, rochiile \u0219i altele, toate atest\u0103 aceea\u0219i \u00eenaintare cultural\u0103 a Prag\u0103i ca fiind una dintre cele mai culturale societ\u0103\u021bi din lume \u00een prezent.&nbsp;<\/p>\n\n\n\n<p>Toate cele de mai sus nu pot descrie dec\u00e2t cele mai bune dintre diferitele lucruri pentru care Praga este cunoscut\u0103. \u0218i, \u00een urma deciziilor economice actuale luate \u00een ora\u0219, este de v\u0103zut c\u0103, continu\u00e2nd pe aceast\u0103 cale, Praga va deveni, peste un mileniu, unul dintre cele mai istorice ora\u0219e din Europa.<\/p>\n\n\n\n<div class=\"gyg-iframe-container\" style=\"margin-bottom:1.5em\"><iframe style=\"border:0;height:100%;width:100%\" title=\"Widgetul ora\u0219ului GetYourGuide\" src=\"https:\/\/widget.getyourguide.com\/default\/city.frame?widget=wp_city&amp;iata=PRG&amp;locale_code=en-GB&amp;partner_id=U94OQGQ\"><\/iframe><\/div>","protected":false},"excerpt":{"rendered":"Ora\u0219ul de aur, Ora\u0219ul celor o sut\u0103 de spirite, Inima Europei \u0219i a\u0219a mai departe...","protected":false},"author":2,"featured_media":8606,"comment_status":"closed","ping_status":"closed","sticky":false,"template":"","format":"standard","meta":{"footnotes":""},"categories":[204,15,39],"tags":[49],"table_tags":[],"_links":{"self":[{"href":"https:\/\/prague.org\/ro\/wp-json\/wp\/v2\/posts\/8604"}],"collection":[{"href":"https:\/\/prague.org\/ro\/wp-json\/wp\/v2\/posts"}],"about":[{"href":"https:\/\/prague.org\/ro\/wp-json\/wp\/v2\/types\/post"}],"author":[{"embeddable":true,"href":"https:\/\/prague.org\/ro\/wp-json\/wp\/v2\/users\/2"}],"replies":[{"embeddable":true,"href":"https:\/\/prague.org\/ro\/wp-json\/wp\/v2\/comments?post=8604"}],"version-history":[{"count":2,"href":"https:\/\/prague.org\/ro\/wp-json\/wp\/v2\/posts\/8604\/revisions"}],"predecessor-version":[{"id":8639,"href":"https:\/\/prague.org\/ro\/wp-json\/wp\/v2\/posts\/8604\/revisions\/8639"}],"wp:featuredmedia":[{"embeddable":true,"href":"https:\/\/prague.org\/ro\/wp-json\/wp\/v2\/media\/8606"}],"wp:attachment":[{"href":"https:\/\/prague.org\/ro\/wp-json\/wp\/v2\/media?parent=8604"}],"wp:term":[{"taxonomy":"category","embeddable":true,"href":"https:\/\/prague.org\/ro\/wp-json\/wp\/v2\/categories?post=8604"},{"taxonomy":"post_tag","embeddable":true,"href":"https:\/\/prague.org\/ro\/wp-json\/wp\/v2\/tags?post=8604"},{"taxonomy":"table_tags","embeddable":true,"href":"https:\/\/prague.org\/ro\/wp-json\/wp\/v2\/table_tags?post=8604"}],"curies":[{"name":"wp","href":"https:\/\/api.w.org\/{rel}","templated":true}]}}