{"id":8667,"date":"2023-03-13T12:43:39","date_gmt":"2023-03-13T10:43:39","guid":{"rendered":"https:\/\/prague.org\/?p=8667"},"modified":"2024-02-05T15:11:31","modified_gmt":"2024-02-05T13:11:31","slug":"apple-museum-in-prague-the-worlds-largest-museum","status":"publish","type":"post","link":"https:\/\/prague.org\/ro\/apple-museum-in-prague-the-worlds-largest-museum\/","title":{"rendered":"Muzeul Apple din Praga: Cel mai mare muzeu din lume"},"content":{"rendered":"<p>Experimenta\u021bi cu ceva diferit! Vizita\u021bi<strong> Muzeul Apple din Praga<\/strong> pentru a afla mai multe despre impactul global al lui Steve Jobs \u0219i despre incredibila c\u0103l\u0103torie de 41 de ani a companiei.<\/p>\n\n\n\n<p>Acest omagiu adus cofondatorului Apple a fost deschis \u00een decembrie 2015 \u00een labirintul de str\u0103du\u021be din jurul Podului Carol \u0219i a celebrei Pie\u021be Wenceslas din Centrul Vechi al ora\u0219ului Praga. Site-ul <strong>Muzeul Apple din Praga<\/strong> este un paradis pentru tocilarii IT \u0219i pentru fanii Apple deopotriv\u0103.<\/p>\n\n\n\n<p>Evolu\u021bia uneia dintre cele mai importante companii de pe planet\u0103 este prezentat\u0103 \u00een prezent\u0103ri elegante, de la Mac-ul ciudat, asem\u0103n\u0103tor cu o juc\u0103rie, fabricat \u00een 1984, la Apple iPod-urile colorate lansate la \u00eenceputul secolului XXI \u0219i p\u00e2n\u0103 la laptopurile Apple lansate \u00een 2012.&nbsp;<\/p>\n\n\n\n<p>\u00cen plus, sunt expuse puloverele negre cu guler \u00eenalt care \u00eel caracterizeaz\u0103 pe Steve Jobs, precum \u0219i anuarele \u0219i \u00eenc\u0103l\u021b\u0103mintea sa de student.<\/p>\n\n\n\n<h2 id=\"a-brief-history-of-the-prague-apple-museum\" class=\"wp-block-heading\">O scurt\u0103 istorie a Muzeului M\u0103rului din Praga<\/h2>\n\n\n\n<p>The <strong>Muzeul Apple din Praga<\/strong>, situat \u00eentr-o cl\u0103dire veche din mijlocul Prag\u0103i de ast\u0103zi, \u0219i-a deschis por\u021bile pentru prima dat\u0103 \u00een 2015.<\/p>\n\n\n\n<p>\u00cen garajul familiei sale, \u00een anii 1970, Steve Jobs \u0219i prietenul s\u0103u apropiat Steve Wozniak au creat primul computer personal \u0219i, \u00een cele din urm\u0103, au \u00eenfiin\u021bat compania Apple Tech. Primul produs care a \u00eencorporat sigla Apple, devenit\u0103 acum iconic\u0103, a fost v\u00e2ndut la pre\u021bul de $666,66 USD. Prototipul original era \u00eenc\u0103 ad\u0103postit \u00een containerul de lemn \u00een care fusese creat.<\/p>\n\n\n\n<p>The <strong>Muzeul M\u0103rului din Praga <\/strong>prezint\u0103 cea mai mare colec\u021bie personal\u0103 de produse Apple din lume, inclusiv unele dintre cele mai costisitoare \u0219i complexe computere produse \u00eentre 1976 \u0219i 2012. Mul\u021bi v\u00e2nz\u0103tori individuali \u00ee\u0219i vor pune la dispozi\u021bie PC-urile, Mac-urile \u0219i alte echipamente hardware din acest motiv.<\/p>\n\n\n\n<p>Se afi\u0219eaz\u0103 \u00een fereastra <strong>Muzeul M\u0103rului din Praga<\/strong> includ expozi\u021bii interactive \u0219i cronologii care prezint\u0103 evolu\u021bia celor mai emblematice produse Apple, inclusiv iPhone, iPod, iPad, iMac \u0219i Power Mac. Se pare c\u0103 lungimea firelor de calculator m\u0103soar\u0103 12.000 de metri.<\/p>\n\n\n\n<div class=\"wp-block-group is-layout-constrained wp-block-group-is-layout-constrained\"><div class=\"wp-block-group__inner-container\"><\/div><\/div>\n\n\n\n<p>De asemenea, sunt expuse c\u0103r\u021bi de vizit\u0103, postere \u0219i alte amintiri de la celelalte dou\u0103 firme cheie ale Apple \u0219i ale lui Jobs, Next \u0219i Pixar.<\/p>\n\n\n\n<p>Muzeul prezint\u0103 pe c\u00e2\u021biva pere\u021bi cuvintele lui Steve Jobs, cum ar fi: \"Designul este mai mult dec\u00e2t ceea ce apare sau ceea ce se simte. Metoda de func\u021bionare este Designul\".<\/p>\n\n\n\n<h2 id=\"the-prague-apple-museum-what-to-see-and-do-there\" class=\"wp-block-heading\">Muzeul M\u0103rului din Praga: Ce s\u0103 vezi \u0219i s\u0103 faci acolo?<\/h2>\n\n\n\n<div data-gyg-widget=\"auto\" data-gyg-partner-id=\"U94OQGQ\"><\/div>\n\n\n\n<h3 id=\"display-of-apple-products\" class=\"wp-block-heading\">Afi\u0219area produselor Apple<\/h3>\n\n\n\n<p>\u00cen expozi\u021bia de mari dimensiuni, care se \u00eentinde pe o suprafa\u021b\u0103 de peste 700 de metri p\u0103tra\u021bi, se afl\u0103<strong> Muzeul M\u0103rului din Praga<\/strong> expune peste 500 de articole ale sale.<\/p>\n\n\n\n<p>Acestea variaz\u0103 de la Lisa, primul Macintosh, la numeroasele modele \u0219i versiuni de iMac, Power Mac, iPhone \u0219i iPod, precum \u0219i la unele dintre produsele mai pu\u021bin cunoscute ale companiei, cum ar fi imprimantele, aparatele foto \u0219i perifericele, cum ar fi tastaturile \u0219i mouse-ul.<\/p>\n\n\n\n<p>\u00cembr\u0103c\u0103mintea preferat\u0103 a lui Steve Jobs este, de asemenea, inclus\u0103 printre comorile expozi\u021biei.<\/p>\n\n\n\n<p>De asemenea, expozi\u021bia prezint\u0103 produse Next \u0219i Pixar.<\/p>\n\n\n\n<h3 id=\"veggie-diner\" class=\"wp-block-heading\">Veggie Diner<\/h3>\n\n\n\n<p>Stevens Food este un restaurant pentru vegani \u0219i vegetarieni. Numele restaurantului a fost inspirat de Steve Jobs, fondatorul emblematic al Apple \u0219i vegan.<\/p>\n\n\n\n<h3 id=\"tickets-tours-and-entrance-fees\" class=\"wp-block-heading\">Bilete, tururi \u0219i taxe de intrare<\/h3>\n\n\n\n<p>The<strong> Muzeul M\u0103rului din Praga<\/strong> este accesibil \u00een orice moment. Pre\u021burile biletelor sunt afi\u0219ate aici, pe site-ul lor.<\/p>\n\n\n\n<h2 id=\"inside-the-prague-apple-museum-5-fun-facts\" class=\"wp-block-heading\">\u00cen interiorul Muzeului M\u0103rului din Praga: 5 fapte amuzante<\/h2>\n\n\n\n<ol>\n<li>Chiar \u0219i exteriorul este acoperit cu ziceri ale lui Steve Jobs.<\/li>\n<\/ol>\n\n\n\n<ol start=\"2\">\n<li>Pre\u021bul de intrare pentru un adult este de aproximativ $9.50<\/li>\n<\/ol>\n\n\n\n<ol start=\"3\">\n<li>Primul lucru pe care \u00eel ve\u021bi observa este o imagine a lui Steve Jobs creat\u0103 din piesele a \u0219ase iMac G3, o serie de computere Apple din 1998 p\u00e2n\u0103 \u00een 2003.<\/li>\n<\/ol>\n\n\n\n<ol start=\"4\">\n<li>\u00cen cadrul muzeului, pute\u021bi parcurge o reprezentare real\u0103 a dispozitivelor \u0219i a dezvolt\u0103rii afacerilor Apple.&nbsp;<\/li>\n<\/ol>\n\n\n\n<ol start=\"5\">\n<li>\u00cen aceast\u0103 galerie, \u00eentreaga linie de produse Apple, care se \u00eentinde pe o perioad\u0103 de peste 40 de ani, este afi\u0219at\u0103 \u00een ordine cronologic\u0103 invers\u0103.<\/li>\n<\/ol>\n\n\n\n<h2 id=\"how-to-get-to-the-apple-museum-in-prague\" class=\"wp-block-heading\">Cum s\u0103 ajungi la Muzeul Apple din Praga<\/h2>\n\n\n\n<p>Spre partea de vest a faimoasei Pie\u021be a Ora\u0219ului Vechi, pe o alee \u00eengust\u0103, ve\u021bi g\u0103si Muzeul M\u0103rului din Praga. Cobor\u00e2\u021bi la populara sta\u021bie Staromstsk\u00e1 de pe linia A a <a href=\"https:\/\/prague.org\/ro\/transport\/\">linie de metrou<\/a> \u0219i ne plimb\u0103m pe o distan\u021b\u0103 scurt\u0103.<\/p>\n\n\n\n<figure class=\"wp-block-image size-large\"><img decoding=\"async\" width=\"1024\" height=\"682\" src=\"https:\/\/prague.org\/wp-content\/uploads\/2022\/10\/old-town-square-g207ddd3df_1920-1-1024x682.jpg\" alt=\"pia\u021ba ora\u0219ului vechi\" class=\"wp-image-6282\" srcset=\"https:\/\/prague.org\/wp-content\/uploads\/2022\/10\/old-town-square-g207ddd3df_1920-1-1024x682.jpg 1024w, https:\/\/prague.org\/wp-content\/uploads\/2022\/10\/old-town-square-g207ddd3df_1920-1-600x399.jpg 600w, https:\/\/prague.org\/wp-content\/uploads\/2022\/10\/old-town-square-g207ddd3df_1920-1-300x200.jpg 300w, https:\/\/prague.org\/wp-content\/uploads\/2022\/10\/old-town-square-g207ddd3df_1920-1-768x511.jpg 768w, https:\/\/prague.org\/wp-content\/uploads\/2022\/10\/old-town-square-g207ddd3df_1920-1-1536x1022.jpg 1536w, https:\/\/prague.org\/wp-content\/uploads\/2022\/10\/old-town-square-g207ddd3df_1920-1-380x253.jpg 380w, https:\/\/prague.org\/wp-content\/uploads\/2022\/10\/old-town-square-g207ddd3df_1920-1-800x533.jpg 800w, https:\/\/prague.org\/wp-content\/uploads\/2022\/10\/old-town-square-g207ddd3df_1920-1-1160x772.jpg 1160w, https:\/\/prague.org\/wp-content\/uploads\/2022\/10\/old-town-square-g207ddd3df_1920-1.jpg 1920w\" sizes=\"(max-width: 1024px) 100vw, 1024px\" \/><figcaption class=\"wp-element-caption\">Pia\u021ba Ora\u0219ului Vechi<\/figcaption><\/figure>\n\n\n\n<h2 id=\"stop-by-prague-apple-museum\" class=\"wp-block-heading\">Oprire la Muzeul M\u0103rului din Praga<\/h2>\n\n\n\n<p>Descoperi\u021bi povestea companiei care a construit cel mai valoros brand din lume pornind de la un singur garaj, vizit\u00e2nd site-ul <strong>Muzeul Apple din Praga<\/strong>. Pute\u021bi afla despre originile companiei examin\u00e2nd dispozitivele Apple expuse.<\/p>\n\n\n\n<blockquote class=\"wp-block-quote\">\n<p>Cufunda\u021bi-v\u0103 \u00een trecutul mistic al ora\u0219ului Praga la <a href=\"https:\/\/prague.org\/ro\/muzeul-de-alchimie-din-prague-ce-i-de-facut-in-prague-2\/\" data-type=\"link\" data-id=\"https:\/\/prague.org\/museum-of-alchemy-in-prague-things-to-do-in-prague-2\/\">Muzeul de Alchimie<\/a>, descoper\u0103 secretele spionajului la<a href=\"https:\/\/prague.org\/ro\/kgb-museum-prague-pe-tot-ce-trebuie-sa-stiti-inainte-de-vizita-ta\/\" data-type=\"link\" data-id=\"https:\/\/prague.org\/kgb-museum-prague-all-you-need-to-know-before-your-visit\/\"> Muzeul KGB<\/a>, \u0219i explora\u021bi lumea intrigant\u0103 a <a href=\"https:\/\/prague.org\/ro\/muzeul-absintului-prague\/\" data-type=\"link\" data-id=\"https:\/\/prague.org\/absinthe-museum-prague\/\">Muzeul Absintului<\/a> pentru o c\u0103l\u0103torie prin istoriile \u0219i culturile ascunse ale ora\u0219ului.<\/p>\n<\/blockquote>\n\n\n\n<div class=\"gyg-iframe-container\" style=\"margin-bottom:1.5em\"><iframe style=\"border:0;height:100%;width:100%\" title=\"Widgetul ora\u0219ului GetYourGuide\" src=\"https:\/\/widget.getyourguide.com\/default\/city.frame?widget=wp_city&amp;iata=PRG&amp;locale_code=en-GB&amp;partner_id=U94OQGQ\"><\/iframe><\/div>","protected":false},"excerpt":{"rendered":"Experimenta\u021bi cu ceva diferit! Vizita\u021bi muzeul Apple din Praga pentru a afla mai multe despre proiectul global al lui Steve Jobs...","protected":false},"author":2,"featured_media":8680,"comment_status":"closed","ping_status":"closed","sticky":false,"template":"","format":"standard","meta":{"footnotes":""},"categories":[1,204,19],"tags":[55],"table_tags":[],"_links":{"self":[{"href":"https:\/\/prague.org\/ro\/wp-json\/wp\/v2\/posts\/8667"}],"collection":[{"href":"https:\/\/prague.org\/ro\/wp-json\/wp\/v2\/posts"}],"about":[{"href":"https:\/\/prague.org\/ro\/wp-json\/wp\/v2\/types\/post"}],"author":[{"embeddable":true,"href":"https:\/\/prague.org\/ro\/wp-json\/wp\/v2\/users\/2"}],"replies":[{"embeddable":true,"href":"https:\/\/prague.org\/ro\/wp-json\/wp\/v2\/comments?post=8667"}],"version-history":[{"count":13,"href":"https:\/\/prague.org\/ro\/wp-json\/wp\/v2\/posts\/8667\/revisions"}],"predecessor-version":[{"id":12793,"href":"https:\/\/prague.org\/ro\/wp-json\/wp\/v2\/posts\/8667\/revisions\/12793"}],"wp:featuredmedia":[{"embeddable":true,"href":"https:\/\/prague.org\/ro\/wp-json\/wp\/v2\/media\/8680"}],"wp:attachment":[{"href":"https:\/\/prague.org\/ro\/wp-json\/wp\/v2\/media?parent=8667"}],"wp:term":[{"taxonomy":"category","embeddable":true,"href":"https:\/\/prague.org\/ro\/wp-json\/wp\/v2\/categories?post=8667"},{"taxonomy":"post_tag","embeddable":true,"href":"https:\/\/prague.org\/ro\/wp-json\/wp\/v2\/tags?post=8667"},{"taxonomy":"table_tags","embeddable":true,"href":"https:\/\/prague.org\/ro\/wp-json\/wp\/v2\/table_tags?post=8667"}],"curies":[{"name":"wp","href":"https:\/\/api.w.org\/{rel}","templated":true}]}}