{"id":10775,"date":"2023-08-23T13:22:34","date_gmt":"2023-08-23T11:22:34","guid":{"rendered":"https:\/\/prague.org\/?p=10775"},"modified":"2024-01-02T18:31:49","modified_gmt":"2024-01-02T16:31:49","slug":"where-to-stay-in-prague-iceidsd","status":"publish","type":"post","link":"https:\/\/prague.org\/sv\/var-i-prague-iceidsd\/","title":{"rendered":"H\u00e5llbarhet i praktiken: En glimt fr\u00e5n ICEIDSD-konferensen"},"content":{"rendered":"<p>Har du funderat p\u00e5 att delta i <strong>ICEIDSD, den internationella konferensen om ekoindustriell utveckling och h\u00e5llbar utveckling, som kommer att h\u00e5llas den 28 augusti i Prag<\/strong>? Experter, akademiker, praktiker och f\u00f6respr\u00e5kare: ICEIDSD-konferensen n\u00e4rmar sig snabbt, och med den m\u00f6jligheten att diskutera f\u00f6rh\u00e5llandet mellan industriella <strong>tillv\u00e4xt<\/strong> och <strong>milj\u00f6skydd<\/strong>.<\/p>\n\n\n\n<p>I denna enkla guide har vi inkluderat <strong>v\u00e5ra mest rekommenderade hotellalternativ<\/strong> (till vilket pris som helst!) samt andra v\u00e4rdefulla rekommendationer som hj\u00e4lper dig att f\u00e5 ut det mesta av ditt bes\u00f6k i den f\u00e4ngslande tjeckiska staden!<\/p>\n\n\n\n<figure class=\"wp-block-image size-large\"><img decoding=\"async\" width=\"1024\" height=\"586\" src=\"https:\/\/prague.org\/wp-content\/uploads\/2023\/08\/noah-buscher-x8ZStukS2PM-unsplash-1024x586.jpg\" alt=\"H\u00e5llbarhet\" class=\"wp-image-10776\" srcset=\"https:\/\/prague.org\/wp-content\/uploads\/2023\/08\/noah-buscher-x8ZStukS2PM-unsplash-1024x586.jpg 1024w, https:\/\/prague.org\/wp-content\/uploads\/2023\/08\/noah-buscher-x8ZStukS2PM-unsplash-300x172.jpg 300w, https:\/\/prague.org\/wp-content\/uploads\/2023\/08\/noah-buscher-x8ZStukS2PM-unsplash-768x440.jpg 768w, https:\/\/prague.org\/wp-content\/uploads\/2023\/08\/noah-buscher-x8ZStukS2PM-unsplash-1536x880.jpg 1536w, https:\/\/prague.org\/wp-content\/uploads\/2023\/08\/noah-buscher-x8ZStukS2PM-unsplash-2048x1173.jpg 2048w, https:\/\/prague.org\/wp-content\/uploads\/2023\/08\/noah-buscher-x8ZStukS2PM-unsplash-18x10.jpg 18w, https:\/\/prague.org\/wp-content\/uploads\/2023\/08\/noah-buscher-x8ZStukS2PM-unsplash-380x218.jpg 380w, https:\/\/prague.org\/wp-content\/uploads\/2023\/08\/noah-buscher-x8ZStukS2PM-unsplash-800x458.jpg 800w, https:\/\/prague.org\/wp-content\/uploads\/2023\/08\/noah-buscher-x8ZStukS2PM-unsplash-1160x664.jpg 1160w, https:\/\/prague.org\/wp-content\/uploads\/2023\/08\/noah-buscher-x8ZStukS2PM-unsplash-600x344.jpg 600w, https:\/\/prague.org\/wp-content\/uploads\/2023\/08\/noah-buscher-x8ZStukS2PM-unsplash-scaled.jpg 2560w\" sizes=\"(max-width: 1024px) 100vw, 1024px\" \/><figcaption class=\"wp-element-caption\">H\u00e5llbarhet<\/figcaption><\/figure>\n\n\n\n<h2 id=\"about-iceidsd-conference-2024\" class=\"wp-block-heading\">Om ICEIDSD-konferensen 2024<\/h2>\n\n\n\n<p>I en tid som pr\u00e4glas av milj\u00f6fr\u00e5gor och ett stort behov av milj\u00f6v\u00e4nliga alternativ \u00e4r&nbsp; <strong>ICEIDSD-konferensen 2023<\/strong> kommer att spela en avg\u00f6rande roll f\u00f6r att stimulera dialoger, samarbeten och id\u00e9er som fr\u00e4mjar positiv f\u00f6r\u00e4ndring.<\/p>\n\n\n\n<p>Genom att delta i denna konferens kommer deltagarna inte bara att bidra till diskussionen om eko-industriell tillv\u00e4xt och h\u00e5llbarhet, utan ocks\u00e5 g\u00f6ra sig sj\u00e4lva till potentiella <strong>f\u00f6r\u00e4ndringsakt\u00f6rer<\/strong> inom sina respektive discipliner. De <strong>ICEIDSD-konferensen i Prag<\/strong> kommer att ge en f\u00e4rdplan f\u00f6r en v\u00e4rld med st\u00f6rre h\u00e5llbarhet n\u00e4r vi tar itu med dagens problem.<\/p>\n\n\n\n<p>Vi f\u00f6resl\u00e5r att du kollar in konferensens <a href=\"https:\/\/allconferencealert.net\/eventdetails.php?id=1993335\" rel=\"nofollow noopener\">officiell webbplats<\/a> f\u00f6r ytterligare information.<\/p>\n\n\n\n<h2 id=\"why-prague\" class=\"wp-block-heading\">Varf\u00f6r Prag?<\/h2>\n\n\n\n<p>Oavsett vem du \u00e4r eller vad som f\u00f6r dig till<a href=\"https:\/\/prague.org\/sv\/prague-sightseeing-must-see-places-in-2022\/\" data-type=\"link\" data-id=\"https:\/\/prague.org\/fr\/prague-sightseeing-must-see-places-in-2022\/\"> Prag<\/a>Om du \u00e4r p\u00e5 v\u00e4g till en av dessa st\u00e4der kommer du garanterat att bli imponerad och f\u00e5 en minnesv\u00e4rd inramning till din resa.<\/p>\n\n\n\n<p>Staden Prag har mycket mer att erbjuda \u00e4n bara konferenssessioner. Bes\u00f6karna kan beundra stadens vackra byggnader, till exempel den antika <strong>Pragborgen<\/strong> och <strong>Karlsbron<\/strong>. Prags blomstrande <strong>konstscenen<\/strong>, <strong>traditionell mat<\/strong>och <strong>livliga marknader<\/strong> erbjuder en m\u00e4ngd m\u00f6jligheter att uppleva det inhemska s\u00e4ttet att leva.<\/p>\n\n\n\n<h2 id=\"where-to-stay-when-you-attend-the-iceidsd-conference-2024\" class=\"wp-block-heading\"><a href=\"https:\/\/prague.org\/sv\/hotell-i-prague-10\/\">Var man kan bo<\/a> n\u00e4r du deltar i ICEIDSD-konferensen 2024<\/h2>\n\n\n\n<ins class=\"bookingaff\" data-aid=\"2250729\" data-target_aid=\"2250729\" data-prod=\"map\" data-width=\"100%\" data-height=\"590\" data-lang=\"ualng\" data-dest_id=\"0\" data-dest_type=\"landmark\" data-latitude=\"50.0755381\" data-longitude=\"14.4378005\" data-mwhsb=\"0\" data-address=\"Prague, Czechia\">\n    <!-- Anything inside will go away once widget is loaded. -->\n        <a href=\"\/\/www.booking.com?aid=2250729\">Booking.com<\/a>\n<\/ins>\n<script type=\"text\/javascript\">\n    (function(d, sc, u) {\n      var s = d.createElement(sc), p = d.getElementsByTagName(sc)[0];\n      s.type = 'text\/javascript';\n      s.async = true;\n      s.src = u + '?v=' + (+new Date());\n      p.parentNode.insertBefore(s,p);\n      })(document, 'script', '\/\/cf.bstatic.com\/static\/affiliate_base\/js\/flexiproduct.js');\n<\/script>\n\n\n\n<h3 id=\"top-high-range-hotels-near-the-iceidsd-conference-2024\" class=\"wp-block-heading\">B\u00e4sta hotell i h\u00f6g prisklass n\u00e4ra ICEIDSD-konferensen 2024<\/h3>\n\n\n\n<ul>\n<li><a href=\"https:\/\/www.booking.com\/hotel\/cz\/mandarin-oriental-prague.en.html?aid=7905235&amp;no_rooms=1&amp;group_adults=2\" data-type=\"link\" data-id=\"https:\/\/www.booking.com\/hotel\/cz\/mandarin-oriental-prague.en.html?aid=7905235&amp;no_rooms=1&amp;group_adults=2\" rel=\"nofollow noopener\">Mandarin Oriental, Prag<\/a><\/li>\n\n\n\n<li><a href=\"https:\/\/www.booking.com\/hotel\/cz\/ariahotelprague.en.html?aid=7905235&amp;no_rooms=1&amp;group_adults=2\" data-type=\"link\" data-id=\"https:\/\/www.booking.com\/hotel\/cz\/ariahotelprague.en.html?aid=7905235&amp;no_rooms=1&amp;group_adults=2\" rel=\"nofollow noopener\">Aria Hotel Prag<\/a><\/li>\n\n\n\n<li><a href=\"https:\/\/www.booking.com\/hotel\/cz\/boho-prague.en.html?aid=7905235&amp;no_rooms=1&amp;group_adults=2\" data-type=\"link\" data-id=\"https:\/\/www.booking.com\/hotel\/cz\/boho-prague.en.html?aid=7905235&amp;no_rooms=1&amp;group_adults=2\" rel=\"nofollow noopener\">BoHo Prague Hotell<\/a><\/li>\n\n\n\n<li><a href=\"https:\/\/www.booking.com\/hotel\/cz\/pariz.en.html?aid=7905235&amp;no_rooms=1&amp;group_adults=2\" data-type=\"link\" data-id=\"https:\/\/www.booking.com\/hotel\/cz\/pariz.en.html?aid=7905235&amp;no_rooms=1&amp;group_adults=2\" rel=\"nofollow noopener\">Hotell Paris Prag<\/a><\/li>\n<\/ul>\n\n\n\n<h3 id=\"mid-range-accommodation-close-to-the-iceidsd-conference-2024\" class=\"wp-block-heading\">Boende i mellanklass n\u00e4ra ICEIDSD-konferensen 2024<\/h3>\n\n\n\n<ul>\n<li><a href=\"https:\/\/www.booking.com\/hotel\/cz\/euroagentur-crystal-palace.en.html?aid=7905235&amp;no_rooms=1&amp;group_adults=2\" data-type=\"link\" data-id=\"https:\/\/www.booking.com\/hotel\/cz\/euroagentur-crystal-palace.en.html?aid=7905235&amp;no_rooms=1&amp;group_adults=2\" rel=\"nofollow noopener\">EA Hotell Crystal Palace<\/a><\/li>\n\n\n\n<li><a href=\"https:\/\/www.booking.com\/hotel\/cz\/cloister-inn.en.html?aid=7905235&amp;no_rooms=1&amp;group_adults=2\" data-type=\"link\" data-id=\"https:\/\/www.booking.com\/hotel\/cz\/cloister-inn.en.html?aid=7905235&amp;no_rooms=1&amp;group_adults=2\" rel=\"nofollow noopener\">Cloister Inn Hotell<\/a><\/li>\n\n\n\n<li><a href=\"https:\/\/www.booking.com\/hotel\/cz\/botel-albatros.en.html?aid=7905235&amp;no_rooms=1&amp;group_adults=2\" data-type=\"link\" data-id=\"https:\/\/www.booking.com\/hotel\/cz\/botel-albatros.en.html?aid=7905235&amp;no_rooms=1&amp;group_adults=2\" rel=\"nofollow noopener\">Botel Albatros<\/a><\/li>\n\n\n\n<li><a href=\"https:\/\/www.booking.com\/hotel\/cz\/residencebologna.en.html?aid=7905235&amp;no_rooms=1&amp;group_adults=2\" data-type=\"link\" data-id=\"https:\/\/www.booking.com\/hotel\/cz\/residencebologna.en.html?aid=7905235&amp;no_rooms=1&amp;group_adults=2\" rel=\"nofollow noopener\">Bostad Bologna<\/a><\/li>\n<\/ul>\n\n\n\n<h3 id=\"budget-friendly-stays-near-the-iceidsd-conference-2024\" class=\"wp-block-heading\">Budgetv\u00e4nliga boenden n\u00e4ra ICEIDSD Conference 2024<\/h3>\n\n\n\n<ul>\n<li><a href=\"https:\/\/www.booking.com\/hotel\/cz\/hostel-elf-s-r-o.en.html?aid=7905235&amp;no_rooms=1&amp;group_adults=2\" data-type=\"link\" data-id=\"https:\/\/www.booking.com\/hotel\/cz\/hostel-elf-s-r-o.en.html?aid=7905235&amp;no_rooms=1&amp;group_adults=2\" rel=\"nofollow noopener\">Vandrarhem ELF<\/a><\/li>\n\n\n\n<li><a href=\"https:\/\/www.booking.com\/hotel\/cz\/hostel-florenc.en.html?aid=7905235&amp;no_rooms=1&amp;group_adults=2\" data-type=\"link\" data-id=\"https:\/\/www.booking.com\/hotel\/cz\/hostel-florenc.en.html?aid=7905235&amp;no_rooms=1&amp;group_adults=2\" rel=\"nofollow noopener\">Vandrarhem Florenc<\/a><\/li>\n\n\n\n<li><a href=\"https:\/\/www.booking.com\/hotel\/cz\/hostel-downtown.en.html?aid=7905235&amp;no_rooms=1&amp;group_adults=2\" data-type=\"link\" data-id=\"https:\/\/www.booking.com\/hotel\/cz\/hostel-downtown.en.html?aid=7905235&amp;no_rooms=1&amp;group_adults=2\" rel=\"nofollow noopener\">Vandrarhem i centrum<\/a><\/li>\n\n\n\n<li><a href=\"https:\/\/www.booking.com\/hotel\/cz\/plus-prague-hostel.en.html?aid=7905235&amp;no_rooms=1&amp;group_adults=2\" data-type=\"link\" data-id=\"https:\/\/www.booking.com\/hotel\/cz\/plus-prague-hostel.en.html?aid=7905235&amp;no_rooms=1&amp;group_adults=2\" rel=\"nofollow noopener\">Vandrarhem PLUS Prag<\/a><\/li>\n<\/ul>\n\n\n\n<h2 id=\"while-in-prague\" class=\"wp-block-heading\">Under tiden i Prag...<\/h2>\n\n\n\n<p>Kolla in stadens b\u00e4sta attraktioner:<\/p>\n\n\n\n<p>\u25cf <a href=\"https:\/\/prague.org\/sv\/prag-slottet-2\/\">Pragborgen<\/a><\/p>\n\n\n\n<p>\u25cf <a href=\"https:\/\/prague.org\/sv\/charles-bridge\/\">Karlsbron<\/a><\/p>\n\n\n\n<p>\u25cf <a href=\"https:\/\/prague.org\/sv\/torg-i-gammal-stad\/\">Gamla stadens torg<\/a><\/p>\n\n\n\n<p>\u25cf <a href=\"https:\/\/prague.org\/sv\/vysehrad-2\/\">Vy\u0161ehrad<\/a><\/p>\n\n\n\n<p>\u25cf <a href=\"https:\/\/prague.org\/sv\/dansstalle\/\">Dansande hus<\/a><\/p>\n\n\n\n<p>\u25cf <a href=\"https:\/\/prague.org\/sv\/mindre-stad-kvadrat\/\">Mindre stad<\/a><\/p>\n\n\n\n<p>\u25cf <a href=\"https:\/\/www.getyourguide.fr\/musee-du-communisme-prague-l26117\/prague-billet-d-entree-au-musee-du-communisme-t235062\/?partner_id=U94OQGQ&amp;utm_medium=online_publisher\" data-type=\"link\" data-id=\"https:\/\/www.getyourguide.fr\/musee-du-communisme-prague-l26117\/prague-billet-d-entree-au-musee-du-communisme-t235062\/?partner_id=U94OQGQ&amp;utm_medium=online_publisher\" rel=\"nofollow noopener\">Kommunismens museum<\/a><\/p>\n\n\n\n<p>\u25cf <a href=\"https:\/\/www.getyourguide.fr\/prague-l10\/prague-croisiere-de-50-mn-en-soiree-t357390\/?partner_id=U94OQGQ&amp;utm_medium=online_publisher\" data-type=\"link\" data-id=\"https:\/\/www.getyourguide.fr\/prague-l10\/prague-croisiere-de-50-mn-en-soiree-t357390\/?partner_id=U94OQGQ&amp;utm_medium=online_publisher\" rel=\"nofollow noopener\">Kv\u00e4llskryssning<\/a><\/p>\n\n\n\n<div data-gyg-href=\"https:\/\/widget.getyourguide.com\/default\/activities.frame\" data-gyg-locale-code=\"en-US\" data-gyg-widget=\"activities\" data-gyg-number-of-items=\"3\" data-gyg-cmp=\"sky8\" data-gyg-partner-id=\"U94OQGQ\" data-gyg-tour-ids=\"53490,209055,357390\"><\/div>\n\n\n\n<h2 id=\"drink-and-dine-like-a-local-near-the-iceidsd-conference-2024\" class=\"wp-block-heading\">Drick och \u00e4t som en lokalbo n\u00e4ra ICEIDSD-konferensen 2024<\/h2>\n\n\n\n<ul>\n<li>Strahovs klosterbryggeri<\/li>\n\n\n\n<li>Vinograf<\/li>\n\n\n\n<li>Havelsk\u00e1 Koruna<\/li>\n\n\n\n<li>Nase Maso<\/li>\n\n\n\n<li>Caf\u00e9 Louvren<\/li>\n<\/ul>\n\n\n\n<h2 id=\"things-to-remember-while-attending-the-iceidsd-conference-2024\" class=\"wp-block-heading\">Saker att t\u00e4nka p\u00e5 n\u00e4r du deltar i ICEIDSD-konferensen 2024\u00a0<\/h2>\n\n\n\n<p><strong>Att flytta runt<\/strong><\/p>\n\n\n\n<p>De bekv\u00e4maste s\u00e4tten att ta sig runt i Prag \u00e4r till fots eller genom att anv\u00e4nda stadens <strong>utm\u00e4rkt kollektivtrafiksystem<\/strong>.<\/p>\n\n\n\n<p>Till fots<\/p>\n\n\n\n<p>Du kan se alla<strong> Prags sev\u00e4rdheter<\/strong> bara genom att promenera p\u00e5 gatorna. Ta p\u00e5 dig bekv\u00e4ma skor och g\u00e5 runt bland stadens sev\u00e4rdheter; de flesta st\u00f6rre turistattraktioner ligger inom g\u00e5ngavst\u00e5nd fr\u00e5n varandra!<\/p>\n\n\n\n<p>Att ta tunnelbanan<\/p>\n\n\n\n<p>Den <strong>tunnelbanesystem i Prag<\/strong> \u00e4r klassad som <strong>en av de b\u00e4sta i v\u00e4rlden<\/strong>. Prags tunnelbanesystem \u00e4r ett m\u00e5ste. Det \u00e4r rent,<strong> billig<\/strong>, effektiv och enkel att anv\u00e4nda. F\u00f6r att undvika b\u00f6ter, kom ih\u00e5g att validera din biljett innan du anv\u00e4nder den!<\/p>\n\n\n\n<p>F\u00f6r att se alla tillg\u00e4ngliga biljetter och m\u00e4ssor, <a href=\"https:\/\/www.dpp.cz\/en\/fares\/fare-pricelist\" rel=\"nofollow noopener\">Klicka h\u00e4r<\/a>.<\/p>\n\n\n\n<p><strong>H\u00e5ll ett vakande \u00f6ga p\u00e5 dina \u00e4godelar.<\/strong><\/p>\n\n\n\n<p><strong>Prag \u00e4r en mycket s\u00e4ker stad.<\/strong> Fickfickor kan hittas i alla stora metropoler.<\/p>\n\n\n\n<p>Men var inte orolig. Allt du beh\u00f6ver g\u00f6ra \u00e4r att h\u00e5lla ett \u00f6ga p\u00e5 dina tillh\u00f6righeter, s\u00e4rskilt p\u00e5 platser med mycket folk.<\/p>\n\n\n\n<p>H\u00e4r \u00e4r n\u00e5gra s\u00e4kerhets\u00e5tg\u00e4rder som du b\u00f6r vidta f\u00f6r att skydda dina \u00e4godelar:<\/p>\n\n\n\n<ul>\n<li>B\u00e4r aldrig ditt bagage p\u00e5 ryggen.&nbsp;<\/li>\n\n\n\n<li>Undvik att b\u00e4ra v\u00e4rdesaker i bakfickorna.<\/li>\n\n\n\n<li>V\u00e4skor och pl\u00e5nb\u00f6cker med dragkedja b\u00f6r undvikas.&nbsp;<\/li>\n\n\n\n<li>Ta tag i dina saker om n\u00e5gon n\u00e4rmar sig dig f\u00f6r n\u00e4ra, oavsiktligt snuddar vid dig eller f\u00f6rs\u00f6ker distrahera dig.&nbsp;<\/li>\n\n\n\n<li>Viktigast av allt \u00e4r att vara mycket uppm\u00e4rksam! Ficktjuvar siktar ofta in sig p\u00e5 enkla m\u00e5l, som ouppm\u00e4rksamma personer. Om du h\u00e5ller ett \u00f6ga p\u00e5 saker och ting och f\u00f6rebygger obehag kommer du att klara dig bra.<\/li>\n<\/ul>\n\n\n\n<h2 id=\"last-thoughts\" class=\"wp-block-heading\">Sista tankar<\/h2>\n\n\n\n<figure class=\"wp-block-image size-large\"><img decoding=\"async\" width=\"1024\" height=\"683\" src=\"https:\/\/prague.org\/wp-content\/uploads\/2023\/08\/cameron-mourot-PuwRcQ9g6Io-unsplash-1024x683.jpg\" alt=\"Sp\u00e5rv\u00e4g Prag\" class=\"wp-image-10777\" srcset=\"https:\/\/prague.org\/wp-content\/uploads\/2023\/08\/cameron-mourot-PuwRcQ9g6Io-unsplash-1024x683.jpg 1024w, https:\/\/prague.org\/wp-content\/uploads\/2023\/08\/cameron-mourot-PuwRcQ9g6Io-unsplash-300x200.jpg 300w, https:\/\/prague.org\/wp-content\/uploads\/2023\/08\/cameron-mourot-PuwRcQ9g6Io-unsplash-768x512.jpg 768w, https:\/\/prague.org\/wp-content\/uploads\/2023\/08\/cameron-mourot-PuwRcQ9g6Io-unsplash-1536x1024.jpg 1536w, https:\/\/prague.org\/wp-content\/uploads\/2023\/08\/cameron-mourot-PuwRcQ9g6Io-unsplash-2048x1365.jpg 2048w, https:\/\/prague.org\/wp-content\/uploads\/2023\/08\/cameron-mourot-PuwRcQ9g6Io-unsplash-18x12.jpg 18w, https:\/\/prague.org\/wp-content\/uploads\/2023\/08\/cameron-mourot-PuwRcQ9g6Io-unsplash-380x253.jpg 380w, https:\/\/prague.org\/wp-content\/uploads\/2023\/08\/cameron-mourot-PuwRcQ9g6Io-unsplash-800x533.jpg 800w, https:\/\/prague.org\/wp-content\/uploads\/2023\/08\/cameron-mourot-PuwRcQ9g6Io-unsplash-1160x773.jpg 1160w, https:\/\/prague.org\/wp-content\/uploads\/2023\/08\/cameron-mourot-PuwRcQ9g6Io-unsplash-600x400.jpg 600w, https:\/\/prague.org\/wp-content\/uploads\/2023\/08\/cameron-mourot-PuwRcQ9g6Io-unsplash-scaled.jpg 2560w\" sizes=\"(max-width: 1024px) 100vw, 1024px\" \/><figcaption class=\"wp-element-caption\">Sp\u00e5rv\u00e4g Prag<\/figcaption><\/figure>\n\n\n\n<p>Ta dig tid f\u00f6r spontana hobbies och promenader!<\/p>\n\n\n\n<p>Vi \u00e4r medvetna om att det finns<strong> mycket att se och g\u00f6ra i Prag<\/strong>och viljan att se allt kan vara \u00f6verv\u00e4ldigande. Vi tror dock att ett av de b\u00e4sta s\u00e4tten att l\u00e4ra sig mer om en stad (eller vilken plats som helst!) \u00e4r att l\u00e4mna en del av sin tid oplanerad.<\/p>\n\n\n\n<p>G\u00e5 in p\u00e5 en bar och ta en drink, g\u00e5 in i den d\u00e4r butiken som v\u00e4ckte ditt intresse och s\u00e4tt dig vid ett torg f\u00f6r att titta p\u00e5 staden. Att ta del av det vardagliga \u00e4r utan tvekan det b\u00e4sta s\u00e4ttet att uppleva en region ordentligt!<\/p>\n\n\n\n<div class=\"gyg-iframe-container\" style=\"margin-bottom:1.5em\"><iframe style=\"border:0;height:100%;width:100%\" title=\"GetYourGuide stadswidget\" src=\"https:\/\/widget.getyourguide.com\/default\/city.frame?widget=wp_city&amp;iata=PRG&amp;locale_code=en-GB&amp;partner_id=U94OQGQ\"><\/iframe><\/div>","protected":false},"excerpt":{"rendered":"Har du funderat p\u00e5 att delta i ICEIDSD, den internationella konferensen om eko-industriell utveckling och h\u00e5llbar utveckling, som kommer att h\u00e5llas...","protected":false},"author":2,"featured_media":10831,"comment_status":"closed","ping_status":"closed","sticky":false,"template":"","format":"standard","meta":{"footnotes":""},"categories":[204,220,18],"tags":[31],"table_tags":[],"_links":{"self":[{"href":"https:\/\/prague.org\/sv\/wp-json\/wp\/v2\/posts\/10775"}],"collection":[{"href":"https:\/\/prague.org\/sv\/wp-json\/wp\/v2\/posts"}],"about":[{"href":"https:\/\/prague.org\/sv\/wp-json\/wp\/v2\/types\/post"}],"author":[{"embeddable":true,"href":"https:\/\/prague.org\/sv\/wp-json\/wp\/v2\/users\/2"}],"replies":[{"embeddable":true,"href":"https:\/\/prague.org\/sv\/wp-json\/wp\/v2\/comments?post=10775"}],"version-history":[{"count":7,"href":"https:\/\/prague.org\/sv\/wp-json\/wp\/v2\/posts\/10775\/revisions"}],"predecessor-version":[{"id":12435,"href":"https:\/\/prague.org\/sv\/wp-json\/wp\/v2\/posts\/10775\/revisions\/12435"}],"wp:featuredmedia":[{"embeddable":true,"href":"https:\/\/prague.org\/sv\/wp-json\/wp\/v2\/media\/10831"}],"wp:attachment":[{"href":"https:\/\/prague.org\/sv\/wp-json\/wp\/v2\/media?parent=10775"}],"wp:term":[{"taxonomy":"category","embeddable":true,"href":"https:\/\/prague.org\/sv\/wp-json\/wp\/v2\/categories?post=10775"},{"taxonomy":"post_tag","embeddable":true,"href":"https:\/\/prague.org\/sv\/wp-json\/wp\/v2\/tags?post=10775"},{"taxonomy":"table_tags","embeddable":true,"href":"https:\/\/prague.org\/sv\/wp-json\/wp\/v2\/table_tags?post=10775"}],"curies":[{"name":"wp","href":"https:\/\/api.w.org\/{rel}","templated":true}]}}