{"id":11769,"date":"2023-10-24T08:31:36","date_gmt":"2023-10-24T06:31:36","guid":{"rendered":"https:\/\/prague.org\/?p=11769"},"modified":"2023-10-24T10:39:45","modified_gmt":"2023-10-24T08:39:45","slug":"bedrich-smetana-famous-works","status":"publish","type":"post","link":"https:\/\/prague.org\/sv\/bedrich-smetana-famosa-verk\/","title":{"rendered":"Bed\u0159ich Smetanas ber\u00f6mda verk: M\u00e4staren bakom Ma Vlast och Moldau"},"content":{"rendered":"<p>Den tjeckiske musikm\u00e4staren<strong> Bedrich Smetana ber\u00f6mda verk<\/strong> l\u00e4mnade ett omissk\u00e4nnligt inflytande p\u00e5 den klassiska musiken, och hans mest k\u00e4nda verk, som \"M\u00e1 Vlast\" och \"The Moldau\", framf\u00f6rs och uppskattas \u00e4n idag. Att tr\u00e4da fram ur skuggorna,musikaliskt geni <strong>Bedrich Smetana ber\u00f6mda verk<\/strong> kommer att leva vidare som en symbol f\u00f6r nationell stolthet och inspiration f\u00f6r kommande generationer.<\/p>\n\n\n\n<p>Den romantiska nationalismens period sammanfaller med Smetanas mest fruktbara bidrag till den klassiska musiken. S\u00e4rskilt i omr\u00e5den under utl\u00e4ndsk administration, som B\u00f6hmen, som var en del av det \u00f6sterrikiska kejsard\u00f6met, k\u00e4nnetecknades denna tidsperiod av en ren\u00e4ssans f\u00f6r nationell identitet och stolthet. Smetana var en ivrig anh\u00e4ngare av den tjeckiska nationella kampen, och hans musik blev ett s\u00e4tt f\u00f6r det tjeckiska folket att ge uttryck f\u00f6r sina kulturella ideal.<\/p>\n\n\n\n<p>Bedich Smetana hade en o\u00f6versk\u00e5dlig inverkan p\u00e5 tjeckisk musik, och hans verk har nu uppn\u00e5tt en universell dragningskraft som trotsar kategorisering av historisk period eller nationellt ursprung.<\/p>\n\n\n\n<h2 id=\"bedrich-smetana-pronunciation-how-to-say-his-name-correctly\" class=\"wp-block-heading\">Bedrich Smetana uttal: Hur man s\u00e4ger hans namn korrekt&nbsp;<\/h2>\n\n\n\n<p><strong>Bedrich Smetana<\/strong> var en v\u00e4lk\u00e4nd tjeckisk komposit\u00f6r, men hans namn kan vara sv\u00e5rt att uttala f\u00f6r personer som inte kommer fr\u00e5n Tjeckien. H\u00e4r \u00e4r en guide till hur man uttalar hans namn korrekt:<\/p>\n\n\n\n<p><strong>Bed\u0159ich<\/strong>:<\/p>\n\n\n\n<p>Ordet \"s\u00e4ng\" rimmar med \"r\u00f6d\".<\/p>\n\n\n\n<p>\"\u0159ich\" uttalas p\u00e5 samma s\u00e4tt som \"reech\", d\u00e4r \"\" \u00e4r en distinkt tjeckisk bokstav som kallas \"\u0159\" eller \"\u0159eka\", som h\u00f6rs som ett mjukt \"r\" f\u00f6ljt av \"eech\".<\/p>\n\n\n\n<p>D\u00e4rf\u00f6r uttalas \"Bed\u0159ich\" som \"bed-reech\".<\/p>\n\n\n\n<p><strong>Smetana<\/strong>:<\/p>\n\n\n\n<p>\"Sme\" uttalas p\u00e5 samma s\u00e4tt som \"smay\", med \"e\" som l\u00e5ter p\u00e5 samma s\u00e4tt som \"e\" i \"let\".<\/p>\n\n\n\n<p>Bokstaven \"ta\" uttalas \"tah\", och bokstaven \"a\" uttalas \"ah\", som i \"car\".<\/p>\n\n\n\n<p>Ordet \"na\" uttalas \"nah\".<\/p>\n\n\n\n<p>Som ett resultat av detta uttalas \"Smetana\" \"smay-tah-nah\".<\/p>\n\n\n\n<p>Att s\u00e4tta ihop allt, <strong>Uttal av Bed\u0159ich Smetana<\/strong> \u00e4r \"bed-reech smay-tah-nah\".<\/p>\n\n\n\n<p>T\u00e4nk p\u00e5 att det tjeckiska spr\u00e5ket inneh\u00e5ller speciella ljud och tecken som kanske inte har tydliga motsvarigheter p\u00e5 engelska, s\u00e5 uttalet kan kr\u00e4va lite \u00f6vning.<\/p>\n\n\n\n<h2 id=\"bedrich-smetana-a-brief-biography\" class=\"wp-block-heading\">Bedrich Smetana: En kort biografi&nbsp;<\/h2>\n\n\n\n<p>Enligt <strong>Bedrich Smetana biografi,<\/strong> f\u00f6ddes den 2 mars 1824 i den lilla staden Litomy\u0161l, som d\u00e5 l\u00e5g i det B\u00f6hmiska kungariket men som idag ligger i Tjeckien. Smetanas extraordin\u00e4ra musikaliska talang var uppenbar redan fr\u00e5n barndomen. Franti\u0161ek Smetanas far, en amat\u00f6rviolinist och bryggare, ins\u00e5g sin sons talang vid en ung \u00e5lder och pressade honom att forts\u00e4tta med det.<\/p>\n\n\n\n<p>Smetana m\u00f6tte m\u00e5nga hinder p\u00e5 sin v\u00e4g mot att bli en ber\u00f6md komposit\u00f6r. Han hade problem med h\u00f6rseln och var d\u00f6v under korta perioder av sin karri\u00e4r, vilket bara f\u00f6rdjupade hans h\u00e4ngivenhet till musiken. Han studerade f\u00f6r flera framst\u00e5ende musiker p\u00e5 sin tid och bosatte sig s\u00e5 sm\u00e5ningom i Prag d\u00e4r han gjorde sig ett namn som pianist, dirigent och f\u00f6rfattare.<\/p>\n\n\n\n<h2 id=\"bedrich-smetana-the-life-and-music-of-a-czech-composer\" class=\"wp-block-heading\">Bedrich Smetana: En tjeckisk komposit\u00f6rs liv och musik<\/h2>\n\n\n\n<p><strong>Bedrich Smetana musik<\/strong> ambitionen att resa till Prag, Tjeckiens charmiga huvudstad och ett livligt centrum f\u00f6r konstn\u00e4rlig verksamhet. Denna f\u00f6r\u00e4ndring var en vattendelare i hans liv, eftersom han f\u00f6rdjupade sig i sina musikstudier och v\u00e4lkomnade stadens blomstrande kulturscen.&nbsp;<\/p>\n\n\n\n<p>I Prag v\u00e4xte Smetana som musiker och upptr\u00e4dde som pianist, dirigent och l\u00e4rare samtidigt som han \u00e4gnade or\u00e4kneliga timmar \u00e5t att full\u00e4nda sina egna kompositioner.<\/p>\n\n\n\n<h2 id=\"bedrich-smetanas-ma-vlast-an-in-depth-analysis-of-vltava-my-country\" class=\"wp-block-heading\">Bedrich Smetanas Ma Vlast: En djupg\u00e5ende analys av Vltava - \"Mitt land&nbsp;<\/h2>\n\n\n\n<p><strong>&nbsp;\"Ma Vlast\" och \"Vltava\" av Bedrich Smetana<\/strong> \u00e4r tv\u00e5 av hans mest k\u00e4nda och best\u00e5ende kompositioner som symboliserar hans briljans och den tjeckiska musiktraditionen, men han skapade ocks\u00e5 en betydande m\u00e4ngd verk som kan ses i en av<a href=\"https:\/\/prague.org\/sv\/basta-klassiska-musiken-venues-in-prague\/\"> de b\u00e4sta klassiska scenerna i Prag<\/a>.<\/p>\n\n\n\n<h3 id=\"ma-vlast-my-homeland\" class=\"wp-block-heading\">\"Ma Vlast\" - Mitt hemland<\/h3>\n\n\n\n<p><strong>Bedrich Smetanas Mitt land (<\/strong>\"Ma Vlast\") \u00e4r en sekvens av sex symfoniska dikter som sammanfattar hans engagemang f\u00f6r att skildra den m\u00e5ngsidiga kulturen och landskapet i Tjeckien. De sex verk som utg\u00f6r \"Ma Vlast\" hyllar var och en en annan aspekt av tjeckisk kultur och historia. H\u00e4r finns stycken som \"Vy\u0161ehrad\", som \u00e4r inspirerat av Pragkullen med samma namn, och \"T\u00e1bor\", som anspelar p\u00e5 hussitkrigen.<\/p>\n\n\n\n<p>Det tjeckiska folkets anda och deras h\u00e4ngivenhet till sitt hemland f\u00e5ngas p\u00e5 ett vackert s\u00e4tt i \"Ma Vlast\", komponerad av Smetana.<\/p>\n\n\n\n<h3 id=\"the-moldau-a-journey-down-the-river\" class=\"wp-block-heading\">\"Moldau\" - En resa l\u00e4ngs floden<\/h3>\n\n\n\n<p>Moldau\" (Vltava p\u00e5 tjeckiska) fr\u00e5n \"Ma Vlast\" \u00e4r ett av de mest v\u00e4lk\u00e4nda klassiska musikstyckena. Moldau \u00e4r en musikalisk allegori f\u00f6r floden Vltava, som slingrar sig fram genom B\u00f6hmens landsbygd och \u00e4r den l\u00e4ngsta floden i Tjeckien. Fr\u00e5n sin bergiga b\u00f6rjan f\u00f6ljer stycket flodens lopp genom skogar och \u00e4ngar, f\u00f6rbi pittoreska st\u00e4der och imponerande f\u00e4stningar, och slutligen in i ett magnifikt \u00e4ktenskap med Elbe.&nbsp;<\/p>\n\n\n\n<p>\"The Moldau\" kommer inte bara att v\u00e4cka genklang hos tjecker, utan ocks\u00e5 hos alla som v\u00e4rdes\u00e4tter naturen och vattnets fl\u00f6de, tack vare Smetanas anv\u00e4ndning av livfull orkestrering och lyriskt ber\u00e4ttande.<\/p>\n\n\n\n<h2 id=\"other-famous-works-of-bedrich-smetana\" class=\"wp-block-heading\">Andra k\u00e4nda verk av Bedrich Smetana&nbsp;<\/h2>\n\n\n\n<p>\u00c4ven om <strong>komposit\u00f6r Bedrich Smetana<\/strong> \u00e4r fr\u00e4mst ih\u00e5gkommen f\u00f6r sina massiva verk som \"Ma Vlast\" och \"The Moldau\", men han skrev ocks\u00e5 flera operor, kammarverk, pianostycken och orkesterverk som du kan se p\u00e5 <a href=\"https:\/\/prague.org\/sv\/black-light-theatre-prague-forestallningar-musikaler\/\">Teater med svart ljus i Prag<\/a>. N\u00e5gra av hans andra v\u00e4lk\u00e4nda verk \u00e4r f\u00f6ljande:<\/p>\n\n\n\n<h3 id=\"the-bartered-bride-prodana-nevesta\" class=\"wp-block-heading\">Den bortbytta bruden (Prodan\u00e1 nev\u011bsta)<\/h3>\n\n\n\n<p>Den mest v\u00e4lk\u00e4nda och \u00e4lskade operan \u00e4r \"Den bortbytta bruden\" (Prodan\u00e1 nevsta). Det \u00e4r en l\u00e4ttsam opera om ett samh\u00e4lle i Tjeckien som spelar \u00e4ktenskapsm\u00e4klare f\u00f6r sina inv\u00e5nare. Operans tilltalande melodier och traditionella inslag har gjort den vida ber\u00f6md.<\/p>\n\n\n\n<h3 id=\"string-quartet-no-2-in-d-minor\" class=\"wp-block-heading\">Str\u00e5kkvartett nr 2 i d-moll<\/h3>\n\n\n\n<p>From My Life, or String Quartet No. 1 in E minor (i det tjeckiska originalet, Smy\u010dcov\u00fd kvartet \u010d. 1 e moll, \"Z m\u00e9ho ivota\")Sj\u00e4lvbiografiska referenser \u00e4r ett viktigt inslag i denna str\u00e5kkvartett. Smetana skrev om sin kamp mot d\u00f6vheten och andra personliga situationer.<\/p>\n\n\n\n<h3 id=\"smetanas-piano-trio-in-g-minor-op-15\" class=\"wp-block-heading\">Smetanas pianotrio i g-moll, op. 15<\/h3>\n\n\n\n<p>Detta \u00e4r ett fantastiskt och r\u00f6rande stycke kammarmusik som visar hans talanger som komposit\u00f6r. Det \u00e4r v\u00e4lk\u00e4nt f\u00f6r sin djupa k\u00e4nsla och introspektion.<\/p>\n\n\n\n<h3 id=\"this-string-quartet\" class=\"wp-block-heading\">Denna str\u00e5kkvartett<\/h3>\n\n\n\n<p>Den \u00e4r allm\u00e4nt k\u00e4nd som \"Kvartett nr 2 i d-moll\" och \u00e4r ytterligare ett viktigt till\u00e4gg till kammarmusikens kanon. Den visar p\u00e5 den romantiska sv\u00e4ngningen som p\u00e5verkade Smetanas musik.<\/p>\n\n\n\n<h3 id=\"overture-to-the-bartered-bride-prodana-nevesta\" class=\"wp-block-heading\">Ouvertyr till \"Den f\u00f6rbytta bruden\" (Prodan\u00e1 nev\u011bsta)<\/h3>\n\n\n\n<p>Detta orkesterstycke \u00e4r en ouvertyr fr\u00e5n Smetanas v\u00e4lk\u00e4nda opera \"Den bortbytta bruden\" (Prodan\u00e1 nevsta). Verket \u00e5terspeglar k\u00e4rnan i operans teman p\u00e5 ett s\u00e4tt som \u00e4r b\u00e5de levande och livfullt.<\/p>\n\n\n\n<h3 id=\"these-six-piano-pieces\" class=\"wp-block-heading\">Dessa sex pianostycken<\/h3>\n\n\n\n<p>Med titeln \u0160est charakteristick\u00fdch skladeb, eller \"Sex karakt\u00e4ristiska stycken\", \u00e4r en sammanst\u00e4llning av karakt\u00e4rskompositioner. De kastar ljus \u00f6ver de olika stilar som Smetana anv\u00e4nde i sina kompositioner.<\/p>\n\n\n\n<h3 id=\"czech-dances-ceske-tance\" class=\"wp-block-heading\">Tjeckiska danser (\u010cesk\u00e9 tance)<\/h3>\n\n\n\n<p>Smetana f\u00e5ngade de f\u00e4rgstarka och livliga danssederna i sitt hemland Tjeckien i en serie kompositioner f\u00f6r piano med titeln Tjeckiska danser (esk\u00e9 tance).<\/p>\n\n\n\n<h3 id=\"the-two-widows-dve-vdovy\" class=\"wp-block-heading\">De tv\u00e5 \u00e4nkorna (Dv\u0115 vdovy)&nbsp;<\/h3>\n\n\n\n<p>\"De tv\u00e5 \u00e4nkorna\" (Dv\u0115 vdovy) \u00e4r ett annat vackert verk av Smetana och \u00e4r en komediopera. Dess teman om k\u00e4rlek, \u00e4ktenskap och sociala seder g\u00f6r den till en fr\u00f6jd att lyssna p\u00e5.<\/p>\n\n\n\n<h3 id=\"richard-iii\" class=\"wp-block-heading\">Richard III&nbsp;<\/h3>\n\n\n\n<p>Smetanas ouvertyr till \"Richard III\", baserad p\u00e5 Shakespeares pj\u00e4s, \u00e4r ett klassiskt exempel p\u00e5 hans symfoniska skicklighet.<\/p>\n\n\n\n<h2 id=\"a-visit-to-the-bedrich-smetana-museum-in-prague\" class=\"wp-block-heading\">Ett bes\u00f6k p\u00e5 Bedrich Smetana-museet i Prag&nbsp;<\/h2>\n\n\n\n<p>En resa till<strong> Bedrich Smetana-museet i Prag<\/strong> \u00e4r ett utm\u00e4rkt s\u00e4tt att l\u00e4ra sig mer om den ber\u00f6mde tjeckiske komposit\u00f6rens liv och verk och att f\u00f6rdjupa sig i landets rika musiktradition. Det \u00e4r ett m\u00e5ste f\u00f6r musik\u00e4lskare och historieintresserade i Prag eftersom det tar bes\u00f6karna djupt in i Bedich Smetanas universum och den kulturella bakgrund som formade hans arbete.<\/p>\n\n\n\n<p>Museet i Prag hedrar <strong>Bedrich Smetana ber\u00f6mda verk; <\/strong>Det \u00e4r en kulturskatt som kastar ljus \u00f6ver komposit\u00f6rens liv och hans betydelsefulla bidrag till utvecklingen av tjeckisk musik.&nbsp;<\/p>\n\n\n\n<h2 id=\"enchanting-prague-classical-concert-at-st-nicholas-church\" class=\"wp-block-heading\">F\u00f6rtrollande klassisk konsert i Prag i St. Nicholas-kyrkan<\/h2>\n\n\n\n<div data-gyg-href=\"https:\/\/widget.getyourguide.com\/default\/activities.frame\" data-gyg-locale-code=\"en-US\" data-gyg-widget=\"activities\" data-gyg-number-of-items=\"1\" data-gyg-partner-id=\"U94OQGQ\" data-gyg-tour-ids=\"399599\"><\/div>\n\n\n\n<p>Uppt\u00e4ck den klassiska musikens prakt i en av Prags mest magnifika barockhelgedomar. Nicholas Church ligger i hj\u00e4rtat av Gamla stan och \u00e4r v\u00e4rd f\u00f6r en rad fascinerande f\u00f6rest\u00e4llningar med virtuosa musiker fr\u00e5n den uppskattade nationalteatern och Tjeckiska filharmoniska orkestern.<\/p>\n\n\n\n<h3 id=\"highlights\" class=\"wp-block-heading\">H\u00f6jdpunkter<\/h3>\n\n\n\n<ul>\n<li>Njut av en m\u00e5ngsidig repertoar av klassiska m\u00e4sterverk tolkade av Prags fr\u00e4msta musikaliska talanger.<\/li>\n\n\n\n<li>F\u00f6rdjupa dig i den unika atmosf\u00e4ren i en barockkyrka och l\u00e5t dig sjungas av de harmoniska tonerna av klassiska kompositioner.<\/li>\n\n\n\n<li>L\u00e5t dig f\u00f6rf\u00f6ras av den eteriska interi\u00f6ren och den oklanderliga akustiken i St Nicholas Church.<\/li>\n\n\n\n<li>Titta p\u00e5 barockorgeln som 1787 spelades av den legendariske Mozart sj\u00e4lv.<\/li>\n<\/ul>\n\n\n\n<h3 id=\"included\" class=\"wp-block-heading\">Inklusive<\/h3>\n\n\n\n<ul>\n<li>Intr\u00e4desbiljett till f\u00f6rest\u00e4llningen.<\/li>\n\n\n\n<li>Gratis tryckt program p\u00e5 engelska.<\/li>\n<\/ul>\n\n\n\n<div class=\"wp-block-buttons is-layout-flex wp-block-buttons-is-layout-flex\">\n<div class=\"wp-block-button is-style-cs-button-block\"><a class=\"wp-block-button__link wp-element-button\" href=\"https:\/\/www.getyourguide.com\/st-nicholas-church-prague-l4922\/prague-classical-concert-in-st-nicholas-church-t399599\/?partner_id=U94OQGQ&amp;utm_medium=online_publisher\" rel=\"nofollow noopener\">\u2192 Upplev klassisk musikmagi i St Nicholas Church<\/a><\/div>\n<\/div>\n\n\n\n<div data-gyg-href=\"https:\/\/widget.getyourguide.com\/default\/city.frame\" data-gyg-location-id=\"10\" data-gyg-locale-code=\"en-US\" data-gyg-widget=\"city\" data-gyg-partner-id=\"U94OQGQ\"><\/div>","protected":false},"excerpt":{"rendered":"Den tjeckiske musikm\u00e4staren Bedrich Smetanas ber\u00f6mda verk l\u00e4mnade ett omissk\u00e4nnligt inflytande p\u00e5 den klassiska musikens v\u00e4rld,...","protected":false},"author":2,"featured_media":11829,"comment_status":"closed","ping_status":"closed","sticky":false,"template":"","format":"standard","meta":{"footnotes":""},"categories":[1],"tags":[],"table_tags":[],"_links":{"self":[{"href":"https:\/\/prague.org\/sv\/wp-json\/wp\/v2\/posts\/11769"}],"collection":[{"href":"https:\/\/prague.org\/sv\/wp-json\/wp\/v2\/posts"}],"about":[{"href":"https:\/\/prague.org\/sv\/wp-json\/wp\/v2\/types\/post"}],"author":[{"embeddable":true,"href":"https:\/\/prague.org\/sv\/wp-json\/wp\/v2\/users\/2"}],"replies":[{"embeddable":true,"href":"https:\/\/prague.org\/sv\/wp-json\/wp\/v2\/comments?post=11769"}],"version-history":[{"count":3,"href":"https:\/\/prague.org\/sv\/wp-json\/wp\/v2\/posts\/11769\/revisions"}],"predecessor-version":[{"id":11832,"href":"https:\/\/prague.org\/sv\/wp-json\/wp\/v2\/posts\/11769\/revisions\/11832"}],"wp:featuredmedia":[{"embeddable":true,"href":"https:\/\/prague.org\/sv\/wp-json\/wp\/v2\/media\/11829"}],"wp:attachment":[{"href":"https:\/\/prague.org\/sv\/wp-json\/wp\/v2\/media?parent=11769"}],"wp:term":[{"taxonomy":"category","embeddable":true,"href":"https:\/\/prague.org\/sv\/wp-json\/wp\/v2\/categories?post=11769"},{"taxonomy":"post_tag","embeddable":true,"href":"https:\/\/prague.org\/sv\/wp-json\/wp\/v2\/tags?post=11769"},{"taxonomy":"table_tags","embeddable":true,"href":"https:\/\/prague.org\/sv\/wp-json\/wp\/v2\/table_tags?post=11769"}],"curies":[{"name":"wp","href":"https:\/\/api.w.org\/{rel}","templated":true}]}}