{"id":2756,"date":"2022-06-01T17:37:47","date_gmt":"2022-06-01T15:37:47","guid":{"rendered":"https:\/\/prague.org\/?p=2756"},"modified":"2023-08-03T15:17:41","modified_gmt":"2023-08-03T13:17:41","slug":"prague-language-guide-what-language-do-they-speak","status":"publish","type":"post","link":"https:\/\/prague.org\/sv\/prague-language-guide-vilket-sprak-talar-de\/","title":{"rendered":"Spr\u00e5kguide f\u00f6r Prag: Vilket spr\u00e5k talar de?"},"content":{"rendered":"<h2 id=\"language-in-czech-republic\" class=\"wp-block-heading\">Spr\u00e5k i Tjeckien<\/h2>\n\n\n\n<p>Tjeckiska \u00e4r det officiella spr\u00e5ket som talas i Prag. De flesta av landets inv\u00e5nare (<a href=\"https:\/\/www.visitczechrepublic.com\/en-US\/57cff387-4684-472a-be8a-bd86d792898e\/page\/language\" rel=\"nofollow noopener\">96%<\/a>) talar det, men det finns ocks\u00e5 grupper som talar tyska, polska och romani. Det \u00e4r n\u00e4ra besl\u00e4ktat med slovakiska och liknar polska, ryska och kroatiska, \u00e4r influerat av latin och tyska och anses vara bland de sv\u00e5raste att l\u00e4ra sig.<\/p>\n\n\n\n\n\n<h2 id=\"historical-development-of-the-czech-language\" class=\"wp-block-heading\"><strong>Tjeckiska spr\u00e5kets historiska utveckling<\/strong><\/h2>\n\n\n\n<p>Historiker tror att de grekiska bysantinska mission\u00e4rsbr\u00f6derna Cyril och Methodius f\u00f6rde det f\u00f6rsta skrivna slaviska spr\u00e5ket till Tjeckien runt 800-talet, tre \u00e5rhundraden efter ankomsten av de f\u00f6rsta slaviska bos\u00e4ttarna i landet.<\/p>\n\n\n\n<p>Den litter\u00e4ra tjeckiskan d\u00f6k f\u00f6rst upp som korta notiser eller marginalanteckningar i b\u00f6cker fr\u00e5n 1100- och 1200-talen. Ett enhetligt spr\u00e5k b\u00f6rjade dock v\u00e4xa fram f\u00f6rst under 1400- och 1500-talen. \"Pr\u00edbeh o Tr\u00f3jsk\u00e9 v\u00e1lce\", eller ber\u00e4ttelsen om det trojanska kriget, publicerades i Pilsen 1468 och anses vara den f\u00f6rsta tryckta boken p\u00e5 tjeckiska.<\/p>\n\n\n\n<p>Den religi\u00f6se reformatorn Jan Hus anses ha drivit fram innovationer inom tjeckisk ortografi, vilket s\u00e5 sm\u00e5ningom ledde till den tjeckiska \u00f6vers\u00e4ttningen av Bibeln. Han s\u00e4gs ligga bakom anv\u00e4ndningen av diakritiska tecken, som inkluderar carons eller sm\u00e5 krokar och spetsiga streck som f\u00f6rekommer p\u00e5 bokst\u00e4ver som du hittar i skriven tjeckiska.<\/p>\n\n\n\n<p>Tyska blev det huvudsakliga litteratur- och regeringsspr\u00e5ket under den \u00f6sterrikiska Habsburg-dynastins regeringstid i landet. Men under senare h\u00e4lften av 1700-talet b\u00f6rjade tjeckiskan f\u00e5 ett uppsving, f\u00f6rst inom den akademiska v\u00e4rlden och sedan i det offentliga livet. Det blev s\u00e5 sm\u00e5ningom det dominerande f\u00f6rvaltningsspr\u00e5ket n\u00e4r det Habsburgska imperiet f\u00f6ll samman 1918.<\/p>\n\n\n\n<h2 id=\"speaking-czech-in-prague\" class=\"wp-block-heading\"><strong>Att tala tjeckiska i Prag<\/strong><\/h2>\n\n\n\n<figure class=\"wp-block-image\"><img decoding=\"async\" src=\"https:\/\/i0.wp.com\/prague.org\/wp-content\/uploads\/2022\/02\/Czech-Language.jpg?resize=1024%2C768&amp;ssl=1\" alt=\"Tjeckiska\" class=\"wp-image-6086\"\/><figcaption class=\"wp-element-caption\">Tjeckiska<\/figcaption><\/figure>\n\n\n\n<p>Med&nbsp;<a href=\"https:\/\/kafkadesk.org\/2019\/04\/29\/who-are-the-foreigners-living-in-the-czech-republic\/\" rel=\"nofollow noopener\">cirka 200 000 utl\u00e4ndska inv\u00e5nare<\/a>&nbsp;I Prag kan du ocks\u00e5 h\u00f6ra andra spr\u00e5k i den tjeckiska huvudstaden. Ukrainare utg\u00f6r den st\u00f6rsta utlandsgruppen, f\u00f6ljt av slovaker, ryssar och vietnameser.<\/p>\n\n\n\n<p>De flesta tjecker och slovaker kan f\u00f6rst\u00e5 varandra eftersom cirka 30% av deras ordf\u00f6rr\u00e5d \u00e4r identiska. De tjeckiska och slovakiska republikerna var trots allt en nation - Tjeckoslovakien - fr\u00e5n 1918 fram till den fredliga separationen 1993.<\/p>\n\n\n\n<p>Flytande engelska \u00e4r en mycket eftertraktad arbetsf\u00e4rdighet och lokalbefolkningen i Prag har h\u00f6gre kunskaper i spr\u00e5ket j\u00e4mf\u00f6rt med andra delar av landet. Personal p\u00e5 flygplatsen och turistanl\u00e4ggningar har ganska goda kunskaper i engelska, och m\u00e5nga f\u00f6retag anv\u00e4nder engelska f\u00f6r att skriva instruktioner eller p\u00e5minnelser. Kunskaperna bland busschauff\u00f6rer och poliser \u00e4r dock fortfarande bristf\u00e4lliga.<\/p>\n\n\n\n<p>Prag har spr\u00e5kcenter som erbjuder utl\u00e4ndska studenter och expats anpassade tjeckiska spr\u00e5klektioner som ofta h\u00e5lls i sm\u00e5 grupper f\u00f6r att g\u00f6ra inl\u00e4rningen snabbare och mer engagerande.<\/p>\n\n\n\n<h2 id=\"useful-czech-phrases-and-sentences\" class=\"wp-block-heading\"><strong>Anv\u00e4ndbara tjeckiska fraser och meningar<\/strong><\/h2>\n\n\n\n<p>Ett av de b\u00e4sta s\u00e4tten att f\u00e5 b\u00e4ttre kontakt med lokalbefolkningen n\u00e4r man bes\u00f6ker Prag som turist \u00e4r att l\u00e4ra sig grundl\u00e4ggande tjeckiska ord och fraser. Du kan b\u00f6rja med f\u00f6ljande:<\/p>\n\n\n\n<h3 id=\"practical-questions\" class=\"wp-block-heading\">Praktiska fr\u00e5gor<\/h3>\n\n\n\n<ul>\n<li>Hur st\u00e5r det till?&nbsp;<em>Jak se m\u00e1te?<\/em>&nbsp;(Yak se ma-tey, formell)\/&nbsp;<em>Jak se m\u00e1\u0161?<\/em>&nbsp;(Yak se marsh, informell)<\/li>\n\n\n\n<li>Jag m\u00e5r bra, och du?&nbsp;<em>Jde till en ty?<\/em>&nbsp;(Yee-deh toh ah teh)<\/li>\n\n\n\n<li>Talar du engelska?&nbsp;<em>Mluv\u00ed\u0161 anglicky?<\/em>&nbsp;(Mloo-vish ang-gli-skee)<\/li>\n\n\n\n<li>Hur mycket \u00e4r det?&nbsp;<em>Kolik to stoj\u00ed?<\/em>&nbsp;(Kolik till stoyee)<\/li>\n\n\n\n<li>N\u00e4r d\u00e5?&nbsp;<em><u>Kdy\u017e?<\/u><\/em>&nbsp;(Geh-dish)<\/li>\n\n\n\n<li>Var \u00e4r badrummet, tack?&nbsp;<em>Kde je toaleta pros\u00edm?<\/em>&nbsp;(Kdeh-yeh-toh-ah-le-ta pro-seem) eller&nbsp;<em>Kde je z\u00e1chod pros\u00edm?<\/em>&nbsp;(Kdeh-yeh-zah-hod pro-seem)<\/li>\n<\/ul>\n\n\n\n<h3 id=\"self-introduction\" class=\"wp-block-heading\">Egen presentation<\/h3>\n\n\n\n<ul>\n<li>Hej p\u00e5 er.&nbsp;<em>Ahoj.<\/em>&nbsp;(A-hoy)<\/li>\n\n\n\n<li>Bra dag.&nbsp;<em>Dobry den.<\/em>&nbsp;(Dob-ree den)<\/li>\n\n\n\n<li>God morgon.&nbsp;<em>Dobr\u00e9 r\u00e1no.<\/em>&nbsp;(Dob-reh ra-noh)<\/li>\n\n\n\n<li>God kv\u00e4ll.&nbsp;<em>Dobr\u00fd ve\u010der.<\/em>&nbsp;(Dob-ree ver-chair)<\/li>\n\n\n\n<li>Mitt namn \u00e4r _.&nbsp;<em>Jmenuji se _.<\/em>&nbsp;(Ye-menu-yi se)<\/li>\n\n\n\n<li>Vi tackar f\u00f6r oss.&nbsp;<em>Dekuji.<\/em>&nbsp;(Geh-kweh)<\/li>\n\n\n\n<li>Glad eller trevlig att tr\u00e4ffa dig.&nbsp;<em>T\u011b\u0161\u00ed m\u011b.<\/em>&nbsp;(Tyeh-shee myeh)<\/li>\n\n\n\n<li>God natt.&nbsp;<em>Dobrou noc.<\/em>&nbsp;(Dob-roo nots)<\/li>\n<\/ul>\n\n\n\n<h3 id=\"simple-vocabulary\" class=\"wp-block-heading\">Enkelt ordf\u00f6rr\u00e5d<\/h3>\n\n\n\n<div class=\"wp-block-group is-layout-flow wp-block-group-is-layout-flow\"><div class=\"wp-block-group__inner-container\">\n<ul>\n<li>Ja, det st\u00e4mmer.&nbsp;<em>Ano.<\/em>&nbsp;(Ah-noh eller noh)<\/li>\n\n\n\n<li>Nej.&nbsp;<em>Ne.<\/em>&nbsp;(Neh)<\/li>\n\n\n\n<li>Urs\u00e4kta mig.&nbsp;<em>Promi\u0148te.<\/em>&nbsp;(Proh-min-ee-teh)<\/li>\n\n\n\n<li>Vars\u00e5god.&nbsp;<em>Pros\u00edm.<\/em>&nbsp;(Proh-sim)<\/li>\n\n\n\n<li>Bra, tack.&nbsp;<em>Dob\u0159e, d\u011bkuji.<\/em>&nbsp;(Dob-je geh-kweh)<\/li>\n\n\n\n<li>Jag \u00e4r ledsen.&nbsp;<em>Omlouv\u00e1m se<\/em>. (Om-loh-vaam seh)<\/li>\n\n\n\n<li>Jag f\u00f6rst\u00e5r inte.&nbsp;<em>Nerozum\u00edm.<\/em>&nbsp;(Neh-roh-zah-mim)<\/li>\n\n\n\n<li>R\u00e4kningen, tack.&nbsp;<em>\u00da\u010det, prosim.<\/em>&nbsp;(Oo-chet pro verkar)<\/li>\n\n\n\n<li>Farv\u00e4l (formell).&nbsp;<em>Na shledanou.<\/em>&nbsp;(Nas-khle-da-no)<\/li>\n\n\n\n<li>Hej d\u00e5 (informellt).&nbsp;<em>\u010cau<\/em>&nbsp;(Chow)<\/li>\n\n\n\n<li>Vi ses senare.&nbsp;<em>Zat\u00edm<\/em>&nbsp;(Zah-tim)<\/li>\n\n\n\n<li>Gratulationer! (examen, f\u00f6rlovning, \u00e4ktenskap)&nbsp;<em>Blahop\u0159eji!<\/em>&nbsp;(Blaho-preyi)<\/li>\n\n\n\n<li>M\u00e4n&nbsp;<em>Muzi<\/em>&nbsp;(Moozhee) eller&nbsp;<em>Pani<\/em>&nbsp;(Pahnee)<\/li>\n\n\n\n<li>Kvinnor&nbsp;<em>Zeny<\/em>&nbsp;(Zhenee) eller&nbsp;<em>Damy<\/em>&nbsp;(Dahmee)<\/li>\n\n\n\n<li>Idag&nbsp;<em>Dnes<\/em>&nbsp;(Dnehs)<\/li>\n\n\n\n<li>Ig\u00e5r&nbsp;<em>Vcera<\/em>&nbsp;(Fcheh-rah)<\/li>\n\n\n\n<li>I morgon&nbsp;<em>Zitra<\/em>&nbsp;(Zee-trah)<\/li>\n\n\n\n<li>I kv\u00e4ll&nbsp;<em>Dnes ve\u010der<\/em>&nbsp;(Dnehs veh-chehr)<\/li>\n\n\n\n<li>Korrekt\/h\u00f6ger&nbsp;<em>Spr\u00e1vn\u00fd<\/em>&nbsp;(Sprav-nee)<\/li>\n\n\n\n<li>Vatten&nbsp;<em>Voda<\/em>&nbsp;(Vo-dah)<\/li>\n\n\n\n<li>Uts\u00f6kt&nbsp;<em>V\u00fdborn\u00fd<\/em>&nbsp;(Vee-bor-nee)<\/li>\n<\/ul>\n\n\n\n<h3 id=\"numbers\" class=\"wp-block-heading\">Siffror:<\/h3>\n<\/div><\/div>\n\n\n\n<ul>\n<li>1&nbsp;<em>Jeden<\/em>&nbsp;(Yeh-den)<\/li>\n\n\n\n<li>2&nbsp;<em>Dva<\/em>&nbsp;(D-vah)<\/li>\n\n\n\n<li>3&nbsp;<em>T\u0159i<\/em>&nbsp;(Tr\u00e4d)<\/li>\n\n\n\n<li>4&nbsp;<em>Cty\u0159i<\/em>&nbsp;(Ch-teh-reh)<\/li>\n\n\n\n<li>5&nbsp;<em>P\u011bt&nbsp;<\/em>(Pyet)<\/li>\n\n\n\n<li>6&nbsp;<em>Sest&nbsp;<\/em>(Shehst)<\/li>\n\n\n\n<li>7&nbsp;<em>Sedm<\/em>&nbsp;(Seh-doom)<\/li>\n\n\n\n<li>8&nbsp;<em>Osm<\/em>&nbsp;(Oh-soom)<\/li>\n\n\n\n<li>9&nbsp;<em>Utveckling<\/em>&nbsp;(Deh-vet)<\/li>\n\n\n\n<li>10&nbsp;<em>Deset<\/em>&nbsp;(Deh-set)<\/li>\n<\/ul>\n\n\n\n<h2 id=\"helpful-language-apps\" class=\"wp-block-heading\"><strong>Anv\u00e4ndbara spr\u00e5kappar<\/strong><\/h2>\n\n\n\n<p>Du kan ocks\u00e5 l\u00e4ra dig att tala grundl\u00e4ggande tjeckiska genom att ta lektioner via en mobilapp. H\u00e4r \u00e4r n\u00e5gra popul\u00e4ra som du kan prova:<\/p>\n\n\n\n<h3 id=\"%e2%97%8f-italki\" class=\"wp-block-heading\">\u25cf italki<\/h3>\n\n\n\n<figure class=\"wp-block-image size-full\"><img decoding=\"async\" width=\"750\" height=\"375\" src=\"https:\/\/prague.org\/wp-content\/uploads\/2023\/06\/share.webp\" alt=\"\" class=\"wp-image-9954\" srcset=\"https:\/\/prague.org\/wp-content\/uploads\/2023\/06\/share.webp 750w, https:\/\/prague.org\/wp-content\/uploads\/2023\/06\/share-600x300.webp 600w, https:\/\/prague.org\/wp-content\/uploads\/2023\/06\/share-300x150.webp 300w, https:\/\/prague.org\/wp-content\/uploads\/2023\/06\/share-18x9.webp 18w, https:\/\/prague.org\/wp-content\/uploads\/2023\/06\/share-380x190.webp 380w\" sizes=\"(max-width: 750px) 100vw, 750px\" \/><figcaption class=\"wp-element-caption\">italki Spr\u00e5k<\/figcaption><\/figure>\n\n\n\n<p>Med italki kan du l\u00e4ra dig genom en onlinehandledare och du kan schemal\u00e4gga tiden f\u00f6r din lektion. Du f\u00e5r ocks\u00e5 tillg\u00e5ng till en community med andra spr\u00e5kinl\u00e4rare d\u00e4r du kan \u00f6va och st\u00e4lla fr\u00e5gor.<\/p>\n\n\n\n<h3 id=\"%e2%97%8f-preply\" class=\"wp-block-heading\">\u25cf Preply<\/h3>\n\n\n\n<figure class=\"wp-block-image size-full\"><img decoding=\"async\" width=\"753\" height=\"291\" src=\"https:\/\/prague.org\/wp-content\/uploads\/2023\/06\/Preply_logo_2022.jpg\" alt=\"\" class=\"wp-image-9955\" srcset=\"https:\/\/prague.org\/wp-content\/uploads\/2023\/06\/Preply_logo_2022.jpg 753w, https:\/\/prague.org\/wp-content\/uploads\/2023\/06\/Preply_logo_2022-600x232.jpg 600w, https:\/\/prague.org\/wp-content\/uploads\/2023\/06\/Preply_logo_2022-300x116.jpg 300w, https:\/\/prague.org\/wp-content\/uploads\/2023\/06\/Preply_logo_2022-18x7.jpg 18w, https:\/\/prague.org\/wp-content\/uploads\/2023\/06\/Preply_logo_2022-380x147.jpg 380w\" sizes=\"(max-width: 753px) 100vw, 753px\" \/><figcaption class=\"wp-element-caption\">Trustpilot<\/figcaption><\/figure>\n\n\n\n<p>Precis som italki visar plattformen profiler f\u00f6r sina l\u00e4rare s\u00e5 att du kan v\u00e4lja vem som ska hj\u00e4lpa dig att l\u00e4ra dig konversationstjeckiska.<\/p>\n\n\n\n<p><\/p>\n\n\n\n<h3 id=\"%e2%97%8f-czechclass101\" class=\"wp-block-heading\">\u25cf Tjeckisk klass101<\/h3>\n\n\n\n<figure class=\"wp-block-image size-full\"><img decoding=\"async\" width=\"826\" height=\"302\" src=\"https:\/\/prague.org\/wp-content\/uploads\/2023\/06\/Capture-decran-2023-06-26-a-14.56.13.png\" alt=\"\" class=\"wp-image-9930\" srcset=\"https:\/\/prague.org\/wp-content\/uploads\/2023\/06\/Capture-decran-2023-06-26-a-14.56.13.png 826w, https:\/\/prague.org\/wp-content\/uploads\/2023\/06\/Capture-decran-2023-06-26-a-14.56.13-600x219.png 600w, https:\/\/prague.org\/wp-content\/uploads\/2023\/06\/Capture-decran-2023-06-26-a-14.56.13-300x110.png 300w, https:\/\/prague.org\/wp-content\/uploads\/2023\/06\/Capture-decran-2023-06-26-a-14.56.13-768x281.png 768w, https:\/\/prague.org\/wp-content\/uploads\/2023\/06\/Capture-decran-2023-06-26-a-14.56.13-18x7.png 18w, https:\/\/prague.org\/wp-content\/uploads\/2023\/06\/Capture-decran-2023-06-26-a-14.56.13-380x139.png 380w, https:\/\/prague.org\/wp-content\/uploads\/2023\/06\/Capture-decran-2023-06-26-a-14.56.13-800x292.png 800w\" sizes=\"(max-width: 826px) 100vw, 826px\" \/><figcaption class=\"wp-element-caption\">TjeckiskaClass101.com<\/figcaption><\/figure>\n\n\n\n<p>Denna podcast-liknande webbplats l\u00e5ter dig l\u00e4ra dig spr\u00e5ket genom video- och ljudlektioner, ordlistor, flashcards och bildspel. Du f\u00e5r tillr\u00e4ckligt med inledande instruktioner p\u00e5 engelska f\u00f6r att hj\u00e4lpa dig att \u00f6verg\u00e5 till de tjeckiska lektionerna.<\/p>\n\n\n\n<h3 id=\"%e2%97%8f-pimsleur\" class=\"wp-block-heading\">\u25cf Pimsleur<\/h3>\n\n\n\n<figure class=\"wp-block-image size-full is-resized\"><img decoding=\"async\" src=\"https:\/\/prague.org\/wp-content\/uploads\/2023\/06\/telechargement.png\" alt=\"Pimsleur\" class=\"wp-image-9956\" width=\"494\" height=\"221\" srcset=\"https:\/\/prague.org\/wp-content\/uploads\/2023\/06\/telechargement.png 336w, https:\/\/prague.org\/wp-content\/uploads\/2023\/06\/telechargement-300x134.png 300w, https:\/\/prague.org\/wp-content\/uploads\/2023\/06\/telechargement-18x8.png 18w\" sizes=\"(max-width: 494px) 100vw, 494px\" \/><figcaption class=\"wp-element-caption\">Pimsleur<\/figcaption><\/figure>\n\n\n\n<p>Denna ljudfokuserade app anv\u00e4nder Pimsleur-metoden som anv\u00e4nds av f\u00f6retag och myndigheter f\u00f6r spr\u00e5kutbildning av anst\u00e4llda.<\/p>\n\n\n\n<h3 id=\"%e2%97%8f-mluvte-cesky\" class=\"wp-block-heading\">\u25cf Mluvte Cesky<\/h3>\n\n\n\n<figure class=\"wp-block-image size-full is-resized\"><img decoding=\"async\" src=\"https:\/\/prague.org\/wp-content\/uploads\/2023\/06\/Capture-decran-2023-06-26-a-15.02.34.png\" alt=\"\" class=\"wp-image-9932\" width=\"732\" height=\"230\" srcset=\"https:\/\/prague.org\/wp-content\/uploads\/2023\/06\/Capture-decran-2023-06-26-a-15.02.34.png 516w, https:\/\/prague.org\/wp-content\/uploads\/2023\/06\/Capture-decran-2023-06-26-a-15.02.34-300x94.png 300w, https:\/\/prague.org\/wp-content\/uploads\/2023\/06\/Capture-decran-2023-06-26-a-15.02.34-18x6.png 18w, https:\/\/prague.org\/wp-content\/uploads\/2023\/06\/Capture-decran-2023-06-26-a-15.02.34-380x119.png 380w\" sizes=\"(max-width: 732px) 100vw, 732px\" \/><figcaption class=\"wp-element-caption\">Mluvtecesky.net<\/figcaption><\/figure>\n\n\n\n<p>Mluvte Cesky riktar sig till seri\u00f6sa inl\u00e4rare och erbjuder nyb\u00f6rjare till avancerade kurser som inkluderar tester. Endast lektioner p\u00e5 h\u00f6gre niv\u00e5er inneh\u00e5ller ljud- och videoinneh\u00e5ll och har godk\u00e4nts av EU.<\/p>\n\n\n\n<h3 id=\"%e2%97%8f-mondly\" class=\"wp-block-heading\">\u25cf Mondly<\/h3>\n\n\n\n<figure class=\"wp-block-image size-large\"><img decoding=\"async\" width=\"1024\" height=\"537\" src=\"https:\/\/prague.org\/wp-content\/uploads\/2023\/06\/Mondly_Logo-1024x537.jpg\" alt=\"Mondly Logotyp\" class=\"wp-image-10040\" srcset=\"https:\/\/prague.org\/wp-content\/uploads\/2023\/06\/Mondly_Logo-1024x537.jpg 1024w, https:\/\/prague.org\/wp-content\/uploads\/2023\/06\/Mondly_Logo-600x315.jpg 600w, https:\/\/prague.org\/wp-content\/uploads\/2023\/06\/Mondly_Logo-300x157.jpg 300w, https:\/\/prague.org\/wp-content\/uploads\/2023\/06\/Mondly_Logo-768x403.jpg 768w, https:\/\/prague.org\/wp-content\/uploads\/2023\/06\/Mondly_Logo-1536x805.jpg 1536w, https:\/\/prague.org\/wp-content\/uploads\/2023\/06\/Mondly_Logo-18x9.jpg 18w, https:\/\/prague.org\/wp-content\/uploads\/2023\/06\/Mondly_Logo-380x199.jpg 380w, https:\/\/prague.org\/wp-content\/uploads\/2023\/06\/Mondly_Logo-800x419.jpg 800w, https:\/\/prague.org\/wp-content\/uploads\/2023\/06\/Mondly_Logo-1160x608.jpg 1160w, https:\/\/prague.org\/wp-content\/uploads\/2023\/06\/Mondly_Logo.jpg 1997w\" sizes=\"(max-width: 1024px) 100vw, 1024px\" \/><figcaption class=\"wp-element-caption\">Mondly Logotyp<\/figcaption><\/figure>\n\n\n\n<p>Om du vill ha n\u00e5got l\u00e4ttsamt och roligt kan du bekanta dig med grundl\u00e4ggande tjeckiska ord och fraser genom spel och fr\u00e5gesporter p\u00e5 Mondly.<\/p>\n\n\n\n<p>F\u00f6r fler tips, tricks och detaljerad information om hur du hittar det b\u00e4sta boendet f\u00f6r dig, kolla in:<\/p>\n\n\n\n<ul>\n<li><a href=\"https:\/\/prague.org\/sv\/hur-man-hittar-ett-billigt-boende-i-prag\/\">Hur man hittar billigt boende i Prag<\/a><\/li>\n\n\n\n<li><a href=\"https:\/\/prague.org\/sv\/hitta-ett-boende-i-prague-old-town\/\">Hitta boende i Gamla stan i Prag<\/a><\/li>\n<\/ul>\n\n\n\n<div class=\"gyg-iframe-container\" style=\"margin-bottom:1.5em\"><iframe style=\"border:0;height:100%;width:100%\" title=\"GetYourGuide stadswidget\" src=\"https:\/\/widget.getyourguide.com\/default\/city.frame?widget=wp_city&amp;iata=PRG&amp;locale_code=en-GB&amp;partner_id=U94OQGQ\"><\/iframe><\/div>","protected":false},"excerpt":{"rendered":"Spr\u00e5k i Tjeckien Tjeckiska \u00e4r det officiella spr\u00e5ket som talas i Prag. De flesta av landets inv\u00e5nare (96%)...","protected":false},"author":2,"featured_media":2757,"comment_status":"closed","ping_status":"closed","sticky":false,"template":"","format":"standard","meta":{"footnotes":""},"categories":[15,204,40],"tags":[50],"table_tags":[],"_links":{"self":[{"href":"https:\/\/prague.org\/sv\/wp-json\/wp\/v2\/posts\/2756"}],"collection":[{"href":"https:\/\/prague.org\/sv\/wp-json\/wp\/v2\/posts"}],"about":[{"href":"https:\/\/prague.org\/sv\/wp-json\/wp\/v2\/types\/post"}],"author":[{"embeddable":true,"href":"https:\/\/prague.org\/sv\/wp-json\/wp\/v2\/users\/2"}],"replies":[{"embeddable":true,"href":"https:\/\/prague.org\/sv\/wp-json\/wp\/v2\/comments?post=2756"}],"version-history":[{"count":13,"href":"https:\/\/prague.org\/sv\/wp-json\/wp\/v2\/posts\/2756\/revisions"}],"predecessor-version":[{"id":10042,"href":"https:\/\/prague.org\/sv\/wp-json\/wp\/v2\/posts\/2756\/revisions\/10042"}],"wp:featuredmedia":[{"embeddable":true,"href":"https:\/\/prague.org\/sv\/wp-json\/wp\/v2\/media\/2757"}],"wp:attachment":[{"href":"https:\/\/prague.org\/sv\/wp-json\/wp\/v2\/media?parent=2756"}],"wp:term":[{"taxonomy":"category","embeddable":true,"href":"https:\/\/prague.org\/sv\/wp-json\/wp\/v2\/categories?post=2756"},{"taxonomy":"post_tag","embeddable":true,"href":"https:\/\/prague.org\/sv\/wp-json\/wp\/v2\/tags?post=2756"},{"taxonomy":"table_tags","embeddable":true,"href":"https:\/\/prague.org\/sv\/wp-json\/wp\/v2\/table_tags?post=2756"}],"curies":[{"name":"wp","href":"https:\/\/api.w.org\/{rel}","templated":true}]}}