{"id":3520,"date":"2022-06-15T10:04:52","date_gmt":"2022-06-15T08:04:52","guid":{"rendered":"https:\/\/prague.org\/?p=3520"},"modified":"2023-08-03T15:30:51","modified_gmt":"2023-08-03T13:30:51","slug":"smiricky-palace","status":"publish","type":"post","link":"https:\/\/prague.org\/sv\/smiricky-palats\/","title":{"rendered":"P\u00e5 uppt\u00e4cktsf\u00e4rd i Smi\u0159ick\u00fd-palatset, Prag"},"content":{"rendered":"<h2 id=\"smiricky-palace-home-of-the-czech-chamber-of-deputies\" class=\"wp-block-heading\">Smi\u0159ick\u00fd-palatset, hemvist f\u00f6r den tjeckiska deputeradekammaren<\/h2>\n\n\n\n<p>Prag \u00e4r en av de mest kulturellt rika st\u00e4derna i Europa, och staden \u00e4r v\u00e4lk\u00e4nd f\u00f6r sina vackra barockbyggnader. De flesta av byggnaderna i staden byggdes f\u00f6r flera hundra \u00e5r sedan och de har klarat v\u00e4der och vind och st\u00e5tt emot tidens tand. En s\u00e5dan byggnad \u00e4r Smi\u0159ick\u00fd-palatset i Prag, som ligger i Malostransk\u00e9 n\u00e1m\u011bst\u00ed eller\u00a0<a href=\"https:\/\/prague.org\/sv\/mindre-stad-kvadrat\/\">Mindre stadstorg<\/a>. Smi\u0159ick\u00fd-palatset i Prag har en benvit fasad med stora glasf\u00f6nster som vetter ut mot de kullerstensbelagda gatorna vid torget.\u00a0<\/p>\n\n\n\n<p>Smi\u0159ick\u00fd-palatset i Prag byggdes om i barockstil redan p\u00e5 1700-talet och mycket lite av det har f\u00f6r\u00e4ndrats sedan dess. Idag \u00e4r palatset en av de byggnader som anv\u00e4nds av Tjeckiens deputeradekammare, som \u00e4r underhuset i Tjeckiens parlament.<\/p>\n\n\n\n<div class=\"gyg-iframe-container\" style=\"margin-bottom:1.5em\"><iframe style=\"border:0;height:100%;width:100%\" title=\"GetYourGuide widget f\u00f6r aktiviteter\" src=\"https:\/\/widget.getyourguide.com\/default\/activities.frame?widget=wp_activities&amp;currency=EUR&amp;locale_code=en-GB&amp;number_of_items=3&amp;partner_id=U94OQGQ&amp;q=Palace%20prague\"><\/iframe><\/div>\n\n\n\n<h2 id=\"brief-history-of-the-smiricky-palace-prague\" class=\"wp-block-heading\"><strong>Kort historik \u00f6ver palatset Smi\u0159ick\u00fd, Prag<\/strong><\/h2>\n\n\n\n<p>Smi\u0159ick\u00fd-palatset i Prag \u00e4r ocks\u00e5 rikt p\u00e5 historia och spelade en viktig roll i trettio\u00e5riga kriget. \u00c5r 1573 var den mark som palatset ligger p\u00e5 en del av ett medeltida bostadskomplex. En man vid namn Jind\u0159ich Smi\u0159ick\u00fd fr\u00e5n Smi\u0159ice k\u00f6pte det fr\u00e4mre huset och l\u00e4t bygga ett ren\u00e4ssanspalats i dess st\u00e4lle. Detta blev familjen Smi\u0159ick\u00fds hem.<\/p>\n\n\n\n<p>\u00c5r 1603 f\u00f6rs\u00e5gs Smi\u0159ick\u00fd-palatset i Prag med h\u00f6rntorn under Sigismund Smi\u0159ick\u00fds, familjens \u00f6verhuvud, regeringstid. I och med renoveringen blev palatset allt st\u00f6rre, vilket gjorde det till en av stadens mest anm\u00e4rkningsv\u00e4rda och i\u00f6gonfallande byggnader. Faktum \u00e4r att Smi\u0159ick\u00fds palats i Prag var s\u00e5 framst\u00e5ende att det blev samlingsplatsen f\u00f6r tjeckiska adelsm\u00e4n n\u00e4r de planerade sitt uppror mot de d\u00e5varande h\u00e4rskarna i Habsburg.<\/p>\n\n\n\n<p>Den 23 maj 1618, en dag efter att de lagt fram sina planer, stormade den tjeckiska adeln\u00a0<a href=\"https:\/\/prague.org\/sv\/prag-slottet-2\/\">Pragborgen<\/a>. V\u00e4l d\u00e4r kastade de ut tv\u00e5 av Habsburgs r\u00e5dsherrar genom ett f\u00f6nster. Denna h\u00e4ndelse signalerade den andra defenestrationen av Prag, och den inledde snart det trettio\u00e5riga kriget.\u00a0<\/p>\n\n\n\n<p>Trettio\u00e5riga kriget betraktas som ett av de blodigaste, mest f\u00f6r\u00f6dande och mest destruktiva krigen i Europas historia. Under kriget d\u00f6dades omkring \u00e5tta miljoner m\u00e4nniskor, b\u00e5de milit\u00e4rer och civila. Denna h\u00e4ndelse satte i slut\u00e4ndan stopp f\u00f6r det heliga romerska riket.<\/p>\n\n\n\n<h2 id=\"the-modern-smiricky-palace-prague\" class=\"wp-block-heading\"><strong>Det moderna Smi\u0159ick\u00fd-palatset, Prag<\/strong><\/h2>\n\n\n\n<p>Efter trettio\u00e5riga kriget gick Smi\u0159ick\u00fd-palatset i Prag i arv fr\u00e5n familj till familj - framf\u00f6r allt bland Wallensteins, Pern\u0161tejns, Sinzendorfs och karmeliterna. \u00c5r 1763 tillf\u00f6ll palatset Pavel Mont\u00e1g. I samarbete med designern Josef J\u00e4ger l\u00e4t Mont\u00e1g renovera och bygga ut hela palatset. Smi\u0159ick\u00fd-palatset fick ytterligare en v\u00e5ning och byggdes om f\u00f6r att f\u00e5 den barockstil det har idag.<\/p>\n\n\n\n<p>Ett sekel efter renoveringen tog provinsf\u00f6rsamlingen i kungariket B\u00f6hmen \u00f6ver Smi\u0159ick\u00fd-palatset i Prag. Det byggdes sedan om f\u00f6r att passa deputeradekammarens behov, och det har f\u00f6rblivit relativt of\u00f6r\u00e4ndrat sedan dess.<\/p>\n\n\n\n<h2 id=\"visiting-the-smiricky-palace-in-prague\" class=\"wp-block-heading\"><strong>Bes\u00f6k i Smi\u0159ick\u00fd-palatset i Prag<\/strong><\/h2>\n\n\n\n<figure class=\"wp-block-image size-full\"><img decoding=\"async\" width=\"732\" height=\"480\" src=\"https:\/\/prague.org\/wp-content\/uploads\/2022\/06\/image-33.png\" alt=\"Flygfoto, Prag\" class=\"wp-image-4293\" srcset=\"https:\/\/prague.org\/wp-content\/uploads\/2022\/06\/image-33.png 732w, https:\/\/prague.org\/wp-content\/uploads\/2022\/06\/image-33-600x393.png 600w, https:\/\/prague.org\/wp-content\/uploads\/2022\/06\/image-33-300x197.png 300w, https:\/\/prague.org\/wp-content\/uploads\/2022\/06\/image-33-380x249.png 380w\" sizes=\"(max-width: 732px) 100vw, 732px\" \/><figcaption>Flygfoto, Prag<\/figcaption><\/figure>\n\n\n\n<p>Arkitekturentusiaster kommer s\u00e4kert att tycka om att bes\u00f6ka Smi\u0159ick\u00fd-palatset i Prag. Det ligger mitt i hj\u00e4rtat av Lilla staden. Det \u00e4r l\u00e4tt att ta sig dit med kollektivtrafik, och bes\u00f6kare kan utforska en m\u00e4ngd olika pubar, restauranger och butiker i omr\u00e5det. M\u00e5nga internationella ambassader \u00e4r ocks\u00e5 bel\u00e4gna p\u00e5 torget.<\/p>\n\n\n\n<div class=\"gyg-iframe-container\" style=\"margin-bottom:1.5em\"><iframe style=\"border:0;height:100%;width:100%\" title=\"GetYourGuide stadswidget\" src=\"https:\/\/widget.getyourguide.com\/default\/city.frame?widget=wp_city&amp;iata=PRG&amp;locale_code=en-US&amp;partner_id=U94OQGQ\"><\/iframe><\/div>","protected":false},"excerpt":{"rendered":"Smi\u0159ick\u00fd-palatset, den tjeckiska deputeradekammarens hemvist Prag \u00e4r en av de mest kulturellt rika st\u00e4derna...","protected":false},"author":2,"featured_media":3537,"comment_status":"closed","ping_status":"closed","sticky":false,"template":"","format":"standard","meta":{"footnotes":""},"categories":[1,204,19],"tags":[74,76],"table_tags":[],"_links":{"self":[{"href":"https:\/\/prague.org\/sv\/wp-json\/wp\/v2\/posts\/3520"}],"collection":[{"href":"https:\/\/prague.org\/sv\/wp-json\/wp\/v2\/posts"}],"about":[{"href":"https:\/\/prague.org\/sv\/wp-json\/wp\/v2\/types\/post"}],"author":[{"embeddable":true,"href":"https:\/\/prague.org\/sv\/wp-json\/wp\/v2\/users\/2"}],"replies":[{"embeddable":true,"href":"https:\/\/prague.org\/sv\/wp-json\/wp\/v2\/comments?post=3520"}],"version-history":[{"count":7,"href":"https:\/\/prague.org\/sv\/wp-json\/wp\/v2\/posts\/3520\/revisions"}],"predecessor-version":[{"id":5416,"href":"https:\/\/prague.org\/sv\/wp-json\/wp\/v2\/posts\/3520\/revisions\/5416"}],"wp:featuredmedia":[{"embeddable":true,"href":"https:\/\/prague.org\/sv\/wp-json\/wp\/v2\/media\/3537"}],"wp:attachment":[{"href":"https:\/\/prague.org\/sv\/wp-json\/wp\/v2\/media?parent=3520"}],"wp:term":[{"taxonomy":"category","embeddable":true,"href":"https:\/\/prague.org\/sv\/wp-json\/wp\/v2\/categories?post=3520"},{"taxonomy":"post_tag","embeddable":true,"href":"https:\/\/prague.org\/sv\/wp-json\/wp\/v2\/tags?post=3520"},{"taxonomy":"table_tags","embeddable":true,"href":"https:\/\/prague.org\/sv\/wp-json\/wp\/v2\/table_tags?post=3520"}],"curies":[{"name":"wp","href":"https:\/\/api.w.org\/{rel}","templated":true}]}}