{"id":8255,"date":"2023-02-10T08:10:21","date_gmt":"2023-02-10T06:10:21","guid":{"rendered":"https:\/\/prague.org\/?p=8255"},"modified":"2023-08-03T15:37:05","modified_gmt":"2023-08-03T13:37:05","slug":"healthy-longevity-cafe-interview","status":"publish","type":"post","link":"https:\/\/prague.org\/sv\/halsosam-langlivad-kafe-intervju\/","title":{"rendered":"Healthy Longevity Caf\u00e9: En innovativ plats f\u00f6r v\u00e4lbefinnande"},"content":{"rendered":"<p>Vi kan alla erk\u00e4nna att \u00e4ven den mest v\u00e4lplanerade diet kan sp\u00e5ra ur n\u00e4r man st\u00e4lls inf\u00f6r lockande matalternativ, dolda kalorier och en \"bara det h\u00e4r en g\u00e5ng\"-mentalitet. Men inte p\u00e5 Healthy Longevity Caf\u00e9!\u00a0<\/p>\n\n\n\n<p>Det \u00e4r ingen hemlighet att kostf\u00f6r\u00e4ndringar har visat sig kunna \u00f6ka den f\u00f6rv\u00e4ntade livsl\u00e4ngden med s\u00e5 mycket som tio \u00e5r hos ungdomar och mellan sex och sju \u00e5r hos vuxna.&nbsp;<\/p>\n\n\n\n<p>Och \u00e4ven om det inte r\u00e5der n\u00e5gon brist p\u00e5 kaf\u00e9er i <a href=\"http:\/\/prague.org\/sv\/\">Prag<\/a>har Healthy Longevity Caf\u00e9 f\u00e5tt ett gott rykte f\u00f6r sitt m\u00e5l att hj\u00e4lpa samh\u00e4llet att uppt\u00e4cka sin fulla h\u00e4lsopotential och samtidigt driva det mot ett mer l\u00e5ngvarigt liv, <a href=\"https:\/\/prague.org\/sv\/basta-halsorestaurangerna-i-prague\/\">ett h\u00e4lsosammare liv<\/a>.<br>Genom att l\u00e4gga tonvikten p\u00e5 livsl\u00e4ngd och v\u00e4lbefinnande i varje r\u00e4tt, <a href=\"https:\/\/www.healthylongevity.cafe\/prague-cafe\" rel=\"nofollow noopener\">Caf\u00e9t f\u00f6r h\u00e4lsosam livsl\u00e4ngd<\/a>\u00e9 erbjuder dig en ny tolkning av deras konventionella kaffebar, smoothiebar och m\u00e5ltider.<\/p>\n\n\n\n<h2 id=\"enjoy-a-one-of-a-kind-meal-at-the-healthy-longevity-cafe\" class=\"wp-block-heading\">Njut av en unik m\u00e5ltid p\u00e5 Healthy Longevity Caf\u00e9<\/h2>\n\n\n\n<figure class=\"wp-block-image size-large\"><img decoding=\"async\" width=\"1024\" height=\"636\" src=\"https:\/\/prague.org\/wp-content\/uploads\/2023\/02\/IMG_9022-kopie-1024x636.jpeg\" alt=\"Healthy Longevity Cafe r\u00e4tter\" class=\"wp-image-8257\" srcset=\"https:\/\/prague.org\/wp-content\/uploads\/2023\/02\/IMG_9022-kopie-1024x636.jpeg 1024w, https:\/\/prague.org\/wp-content\/uploads\/2023\/02\/IMG_9022-kopie-scaled-600x373.jpeg 600w, https:\/\/prague.org\/wp-content\/uploads\/2023\/02\/IMG_9022-kopie-300x186.jpeg 300w, https:\/\/prague.org\/wp-content\/uploads\/2023\/02\/IMG_9022-kopie-768x477.jpeg 768w, https:\/\/prague.org\/wp-content\/uploads\/2023\/02\/IMG_9022-kopie-1536x954.jpeg 1536w, https:\/\/prague.org\/wp-content\/uploads\/2023\/02\/IMG_9022-kopie-2048x1272.jpeg 2048w, https:\/\/prague.org\/wp-content\/uploads\/2023\/02\/IMG_9022-kopie-18x12.jpeg 18w, https:\/\/prague.org\/wp-content\/uploads\/2023\/02\/IMG_9022-kopie-380x236.jpeg 380w, https:\/\/prague.org\/wp-content\/uploads\/2023\/02\/IMG_9022-kopie-800x497.jpeg 800w, https:\/\/prague.org\/wp-content\/uploads\/2023\/02\/IMG_9022-kopie-1160x720.jpeg 1160w, https:\/\/prague.org\/wp-content\/uploads\/2023\/02\/IMG_9022-kopie-scaled.jpeg 2560w\" sizes=\"(max-width: 1024px) 100vw, 1024px\" \/><figcaption class=\"wp-element-caption\">R\u00e4tter fr\u00e5n Healthy Longevity Caf\u00e9<\/figcaption><\/figure>\n\n\n\n<p>Bes\u00f6k det fantastiska nya Healthy Longevity Caf\u00e9 i Nov\u00e9 M\u011bsto, n\u00e5gra kilometer fr\u00e5n <a href=\"https:\/\/prague.org\/sv\/wenceslas-torget-prag\/\">Vaclavplatsen<\/a>, f\u00f6r att uppt\u00e4cka vad en h\u00e4lsosam livsstil inneb\u00e4r.&nbsp;<\/p>\n\n\n\n<p>Det unika utbudet av h\u00f6gkvalitativa, l\u00e4ckra och n\u00e4ringsrika livsmedel och l\u00e4ckra drycker \u00e4r bara b\u00f6rjan p\u00e5 din njutning.<\/p>\n\n\n\n<p>Denna nya id\u00e9 f\u00e5ngade v\u00e5r uppm\u00e4rksamhet, s\u00e5 vi kontaktade Zdenek Wimmer, f\u00f6retagets operativa chef, f\u00f6r en personlig intervju.<\/p>\n\n\n\n<h2 id=\"interview-healthy-longevity-cafe\" class=\"wp-block-heading\">Intervju - Healthy Longevity Caf\u00e9<\/h2>\n\n\n\n<figure class=\"wp-block-image size-large\"><img decoding=\"async\" width=\"1024\" height=\"665\" src=\"https:\/\/prague.org\/wp-content\/uploads\/2023\/02\/JS518951-kopie-1024x665.jpeg\" alt=\"Healthy Longevity Cafe - H\u00e4lsosamma smoothies\" class=\"wp-image-8258\" srcset=\"https:\/\/prague.org\/wp-content\/uploads\/2023\/02\/JS518951-kopie-1024x665.jpeg 1024w, https:\/\/prague.org\/wp-content\/uploads\/2023\/02\/JS518951-kopie-scaled-600x390.jpeg 600w, https:\/\/prague.org\/wp-content\/uploads\/2023\/02\/JS518951-kopie-300x195.jpeg 300w, https:\/\/prague.org\/wp-content\/uploads\/2023\/02\/JS518951-kopie-768x499.jpeg 768w, https:\/\/prague.org\/wp-content\/uploads\/2023\/02\/JS518951-kopie-1536x998.jpeg 1536w, https:\/\/prague.org\/wp-content\/uploads\/2023\/02\/JS518951-kopie-2048x1330.jpeg 2048w, https:\/\/prague.org\/wp-content\/uploads\/2023\/02\/JS518951-kopie-18x12.jpeg 18w, https:\/\/prague.org\/wp-content\/uploads\/2023\/02\/JS518951-kopie-380x247.jpeg 380w, https:\/\/prague.org\/wp-content\/uploads\/2023\/02\/JS518951-kopie-800x520.jpeg 800w, https:\/\/prague.org\/wp-content\/uploads\/2023\/02\/JS518951-kopie-1160x753.jpeg 1160w, https:\/\/prague.org\/wp-content\/uploads\/2023\/02\/JS518951-kopie-scaled.jpeg 2560w\" sizes=\"(max-width: 1024px) 100vw, 1024px\" \/><figcaption class=\"wp-element-caption\">Healthy Longevity Caf\u00e9 - H\u00e4lsosamma smoothies<\/figcaption><\/figure>\n\n\n\n<h3 id=\"what-inspired-you-to-bring-the-healthy-longevity-cafe-concept-from-the-us-to-prague\" class=\"wp-block-heading\">Vad inspirerade dig att ta konceptet Healthy Longevity Caf\u00e9 fr\u00e5n USA till Prag?<\/h3>\n\n\n\n<blockquote class=\"wp-block-quote\">\n<p>V\u00e5r grundare Petr Sramek \u00e4r tjeck. Han \u00e4r grundare av longevitytech.fund - v\u00e4rldens st\u00f6rsta (livsl\u00e4ngdsfond). V\u00e5rt ekosystem har olika f\u00f6retag HealthyLongevity.Clinic , HeathyLongevity.Global , HealthyLongevity.Guidel , HealthyLongevity.Data och HealthyLongevity.Cafe s\u00e5 eftersom Petr \u00e4r tjeckisk byggdes v\u00e5rt unika f\u00f6rsta pilotcaf\u00e9 i Prag och vi skapar ett projekt som kommer att replikeras i USA.<\/p>\n<\/blockquote>\n\n\n\n<h3 id=\"what-makes-healthy-longevity-cafe-unique-from-other-restaurants-in-prague\" class=\"wp-block-heading\">Vad g\u00f6r Healthy Longevity Caf\u00e9 unikt j\u00e4mf\u00f6rt med andra restauranger i Prag?<\/h3>\n\n\n\n<blockquote class=\"wp-block-quote\">\n<p>Det \u00e4r hela konceptet. HL.cafe-konceptet bygger p\u00e5 tre huvudprinciper - m\u00e4nniskocentrerad design, h\u00e5llbarhet och modularitet. <\/p>\n\n\n\n<p>V\u00e5rt caf\u00e9 har ett diagnosrum med nutritionister och en app. Vi har ocks\u00e5 ett vackert utrymme p\u00e5 andra v\u00e5ningen f\u00f6r evenemang, podcasts, streaming etc, <\/p>\n<\/blockquote>\n\n\n\n<h3 id=\"can-you-explain-the-focus-on-healthy-longevity-promoting-cuisine-for-the-menu\" class=\"wp-block-heading\">Kan du f\u00f6rklara varf\u00f6r menyn fokuserar p\u00e5 h\u00e4lsosam mat som fr\u00e4mjar l\u00e5ng livsl\u00e4ngd?<\/h3>\n\n\n\n<blockquote class=\"wp-block-quote\">\n<p>V\u00e5rt m\u00e5l \u00e4r att f\u00f6rebygga sjukdomar och hj\u00e4lpa m\u00e4nniskor att leva en l\u00e4ngre aktiv del av sina liv, och det b\u00f6rjar med maten. V\u00e5r mat \u00e4r glutenfri, med produkter och ingredienser av b\u00e4sta m\u00f6jliga kvalitet.  I framtiden skulle vi vilja skapa personligt anpassad mat baserad p\u00e5 resultaten fr\u00e5n v\u00e5ra tester.&nbsp;<\/p>\n<\/blockquote>\n\n\n\n<h3 id=\"how-does-healthy-longevity-cafe-cater-to-the-diverse-needs-and-preferences-of-both-tourists-and-locals-in-prague\" class=\"wp-block-heading\">Hur tillgodoser Healthy Longevity Caf\u00e9 de olika behoven och preferenserna hos b\u00e5de turister och lokalbefolkningen i Prag?<\/h3>\n\n\n\n<blockquote class=\"wp-block-quote\">\n<p>Alla v\u00e5ra menyer finns p\u00e5 tjeckiska och engelska och v\u00e5r personal talar olika spr\u00e5k s\u00e5 alla \u00e4r v\u00e4lkomna! M\u00e5nga m\u00e4nniskor letar efter glutenfri mat som vi erbjuder. Att \u00e4ta h\u00e4lsosamt h\u00e5ller p\u00e5 att bli en ny trend och det finns inte m\u00e5nga alternativ i v\u00e5rt omr\u00e5de.<\/p>\n<\/blockquote>\n\n\n\n<h3 id=\"can-you-share-any-feedback-or-customer-reactions-you-have-received-since-opening-healthy-longevity-cafe-in-prague\" class=\"wp-block-heading\">Kan du ber\u00e4tta om n\u00e5gon feedback eller kundreaktioner som du har f\u00e5tt sedan du \u00f6ppnade Healthy Longevity Caf\u00e9 i Prag?<\/h3>\n\n\n\n<blockquote class=\"wp-block-quote\">\n<p><em>\"Detta caf\u00e9 och koncept \u00e4r lysande och enligt min mening framtiden. Maten, personalen, byggnaden och atmosf\u00e4ren \u00e4r underbar. Jag skulle varmt rekommendera ett bes\u00f6k. Jag skulle s\u00e4ga att ett caf\u00e9 som detta snart kommer att finnas i de flesta st\u00f6rre st\u00e4der mycket snart.\"<\/em><\/p>\n<\/blockquote>\n\n\n\n<h3 id=\"can-you-share-any-plans-for-future-expansion-or-new-initiatives-for-healthy-longevity-cafe-in-prague\" class=\"wp-block-heading\">Kan du ber\u00e4tta om n\u00e5gra planer f\u00f6r framtida expansion eller nya initiativ f\u00f6r Healthy Longevity Caf\u00e9 i Prag?<\/h3>\n\n\n\n<blockquote class=\"wp-block-quote\">\n<p>Vi arbetar fortfarande med v\u00e5r app som kommer att vara en bra guide f\u00f6r ett h\u00e4lsosammare s\u00e4tt att leva, vi utvecklar v\u00e5ra h\u00e4lsosamma program, prenumerationer, diagnostiska tester etc. Vi kommer att genomf\u00f6ra utbildningsworkshops, podcasts och s\u00e5 vidare.<\/p>\n<\/blockquote>\n\n\n\n<h3 id=\"what-is-the-most-popular-dish-on-the-menu\" class=\"wp-block-heading\">Vilken \u00e4r den mest popul\u00e4ra r\u00e4tten p\u00e5 menyn?<\/h3>\n\n\n\n<blockquote class=\"wp-block-quote\">\n<p>Det \u00e4r faktiskt en drink och det \u00e4r v\u00e5rt boosterkaffe, maten f\u00f6r\u00e4ndras varje s\u00e4song.<\/p>\n<\/blockquote>\n\n\n\n<h3 id=\"can-you-describe-the-atmosphere-of-the-cafe-and-what-customers-can-expect-when-they-visit\" class=\"wp-block-heading\">Kan du beskriva atmosf\u00e4ren p\u00e5 kaf\u00e9et och vad kunderna kan f\u00f6rv\u00e4nta sig n\u00e4r de bes\u00f6ker det?<\/h3>\n\n\n\n<blockquote class=\"wp-block-quote\">\n<p>Atmosf\u00e4ren \u00e4r mycket avslappnad, med m\u00e5nga blommor och en lugnande atmosf\u00e4r. Det \u00e4r en utm\u00e4rkt plats att arbeta eller koppla av med v\u00e4nner, v\u00e5r personal \u00e4r mycket v\u00e4lutbildad och utbildad om allt vi erbjuder.<\/p>\n<\/blockquote>\n\n\n\n<h3 id=\"are-there-any-events-or-special-programs-that-customers-can-look-forward-to-at-healthy-longevity-cafe\" class=\"wp-block-heading\">Finns det n\u00e5gra evenemang eller specialprogram som kunderna kan se fram emot p\u00e5 Healthy Longevity Caf\u00e9?<\/h3>\n\n\n\n<blockquote class=\"wp-block-quote\">\n<p>Workshops med Jan Hlaves (en av l\u00e4karna fr\u00e5n HL.Clinic), prenumerationsprogram som mycket snart lanseras, carol bike att testa och anv\u00e4nda, ny meny snart, uteservering, m\u00e5nga evenemang med olika personer och f\u00f6retag som ligger i linje med v\u00e5rt projekt.&nbsp;<\/p>\n<\/blockquote>\n\n\n\n<h3 id=\"how-does-the-cafe-support-the-local-community-and-promote-sustainability\" class=\"wp-block-heading\">Hur st\u00f6der kaf\u00e9et det lokala samh\u00e4llet och fr\u00e4mjar h\u00e5llbarhet?<\/h3>\n\n\n\n<blockquote class=\"wp-block-quote\">\n<p>Caf\u00e9konceptets huvudprincip \u00e4r h\u00e5llbarhet och v\u00e5ra bord och bar \u00e4r tillverkade av 100% plastavfall.<\/p>\n<\/blockquote>\n\n\n\n<h2 id=\"be-ready-to-enjoy-a-healthier-meal\" class=\"wp-block-heading\">Var redo att njuta av en h\u00e4lsosammare m\u00e5ltid!<\/h2>\n\n\n\n<figure class=\"wp-block-image size-large\"><img decoding=\"async\" width=\"1024\" height=\"848\" src=\"https:\/\/prague.org\/wp-content\/uploads\/2023\/02\/image_0_large-1-1024x848.jpeg\" alt=\"Healthy Longevity Cafe - nytt koncept\" class=\"wp-image-8260\" srcset=\"https:\/\/prague.org\/wp-content\/uploads\/2023\/02\/image_0_large-1-1024x848.jpeg 1024w, https:\/\/prague.org\/wp-content\/uploads\/2023\/02\/image_0_large-1-600x497.jpeg 600w, https:\/\/prague.org\/wp-content\/uploads\/2023\/02\/image_0_large-1-300x248.jpeg 300w, https:\/\/prague.org\/wp-content\/uploads\/2023\/02\/image_0_large-1-768x636.jpeg 768w, https:\/\/prague.org\/wp-content\/uploads\/2023\/02\/image_0_large-1-14x12.jpeg 14w, https:\/\/prague.org\/wp-content\/uploads\/2023\/02\/image_0_large-1-380x315.jpeg 380w, https:\/\/prague.org\/wp-content\/uploads\/2023\/02\/image_0_large-1-800x662.jpeg 800w, https:\/\/prague.org\/wp-content\/uploads\/2023\/02\/image_0_large-1-1160x960.jpeg 1160w, https:\/\/prague.org\/wp-content\/uploads\/2023\/02\/image_0_large-1.jpeg 1440w\" sizes=\"(max-width: 1024px) 100vw, 1024px\" \/><figcaption class=\"wp-element-caption\">Healthy Longevity Caf\u00e9 - nytt koncept<\/figcaption><\/figure>\n\n\n\n<p>Det \u00e4r ingen hemlighet att kostf\u00f6r\u00e4ndringar har visat sig kunna \u00f6ka den f\u00f6rv\u00e4ntade livsl\u00e4ngden med s\u00e5 mycket som tio \u00e5r hos ungdomar och mellan sex och sju \u00e5r hos vuxna, och det \u00e4r d\u00e4rf\u00f6r du b\u00f6r stanna till vid Healthy Longevity Caf\u00e9. P\u00e5 detta charmiga kaf\u00e9 kan du se att det \u00e4r mer \u00e4n bara ett paradis f\u00f6r h\u00e4lsomedvetna - h\u00e4r finns ocks\u00e5 h\u00e4lsor\u00e5dgivning, superfoods med n\u00e4rings\u00e4mnen f\u00f6r en hel dag och andra l\u00e4ckerheter.<\/p>\n\n\n<div class=\"cnvs-block-absolute-reviews cnvs-block-absolute-reviews-1675843739165 cnvs-block-absolute-reviews-layout-point-5\" >\t\t<div class=\"abr-post-review abr-review-block abr-review-point-5\" =\"reviews\"  =\"http:\/\/schema.org\/Review\">\n\n\t\t\t<div class=\"abr-review-author\" =\"author\"  =\"http:\/\/schema.org\/Person\">\n\t\t\t\t<span =\"name\">\n\t\t\t\t\t\t\t\t\t<\/span>\n\t\t\t<\/div>\n\n\t\t\t<!-- Info -->\n\t\t\t\n\t\t\t<!-- Review Total -->\n\t\t\t<div class=\"abr-review-total\">\n\t\t\t\t\t\t<div class=\"abr-review-data\">\n\t\t\t\n\t\t\t\t\t\t\t<div class=\"abr-review-line\">\n\t\t\t\t\t\t\t\t\t\t\t\t<span class=\"abr-review-slice abr-review-slice-active\"><\/span>\n\t\t\t\t\t\t\t\t\t\t\t\t\t<span class=\"abr-review-slice abr-review-slice-active\"><\/span>\n\t\t\t\t\t\t\t\t\t\t\t\t\t<span class=\"abr-review-slice abr-review-slice-active\"><\/span>\n\t\t\t\t\t\t\t\t\t\t\t\t\t<span class=\"abr-review-slice abr-review-slice-active\"><\/span>\n\t\t\t\t\t\t\t\t\t\t\t\t\t<span class=\"abr-review-slice abr-review-slice-active\"><\/span>\n\t\t\t\t\t\t\t\t\t\t<\/div>\n\t\t\t\n\t\t\t\t\t<\/div>\n\t\t\t\t\t\t\t\t<div class=\"abr-review-score\" =\"reviewRating\"  =\"http:\/\/schema.org\/Rating\">\n\t\t\t\t\t\t\t<div class=\"abr-review-text\">\n\t\t\t\t\t\t\t\t<span class=\"total\" =\"ratingValue\">5<\/span><span class=\"sep\">\/<\/span><span class=\"max\" =\"bestRating\">5<\/span>\t\t\t\t\t\t\t<\/div>\n\n\t\t\t\t\t\t\t\t\t\t\t\t\t\t\t<div class=\"abr-review-subtext\">\n\t\t\t\t\t\t\t\t\t\t\t\t\t\t\t\t\t\t\t<span class=\"abr-data-label\">Google Review<\/span>\n\t\t\t\t\t\t\t\t\t\n\t\t\t\t\t\t\t\t\t\t\t\t\t\t\t\t\t<\/div>\n\t\t\t\t\t\t\t\t\t\t\t\t\t<\/div>\n\t\t\t\t\t\t\t\t<\/div>\n\n\t\t\t<!-- Review Indicator -->\n\t\t\t\t\t\t\t\t<div class=\"abr-review-indicator\">\n\t\t\t\t\t\t<span class=\"abr-badge abr-badge-primary abr-review-badge-9\">\n\t\t\t\t\t\t\tFantastiskt\t\t\t\t\t\t<\/span>\n\t\t\t\t\t<\/div>\n\t\t\t\t\t\n\t\t\t<!-- Items List -->\n\t\t\t\n\t\t\t<!-- Items Pros \/ Cons -->\n\t\t\t\t\t<\/div>\n\t\t<\/div>\n\n\n<div class=\"wp-block-buttons is-layout-flex wp-block-buttons-is-layout-flex\">\n<div class=\"wp-block-button is-style-cs-button-block\"><a class=\"wp-block-button__link wp-element-button\" href=\"https:\/\/www.healthylongevity.cafe\/prague-cafe\" target=\"_blank\" rel=\"noreferrer noopener nofollow\">\u2192 Kontrollera detaljer<\/a><\/div>\n<\/div>","protected":false},"excerpt":{"rendered":"Vi kan alla erk\u00e4nna att \u00e4ven den mest v\u00e4lplanerade diet kan sp\u00e5ra ur n\u00e4r den st\u00e4lls inf\u00f6r...","protected":false},"author":2,"featured_media":8256,"comment_status":"closed","ping_status":"closed","sticky":false,"template":"","format":"standard","meta":{"footnotes":""},"categories":[204,207,17],"tags":[65],"table_tags":[],"_links":{"self":[{"href":"https:\/\/prague.org\/sv\/wp-json\/wp\/v2\/posts\/8255"}],"collection":[{"href":"https:\/\/prague.org\/sv\/wp-json\/wp\/v2\/posts"}],"about":[{"href":"https:\/\/prague.org\/sv\/wp-json\/wp\/v2\/types\/post"}],"author":[{"embeddable":true,"href":"https:\/\/prague.org\/sv\/wp-json\/wp\/v2\/users\/2"}],"replies":[{"embeddable":true,"href":"https:\/\/prague.org\/sv\/wp-json\/wp\/v2\/comments?post=8255"}],"version-history":[{"count":14,"href":"https:\/\/prague.org\/sv\/wp-json\/wp\/v2\/posts\/8255\/revisions"}],"predecessor-version":[{"id":8378,"href":"https:\/\/prague.org\/sv\/wp-json\/wp\/v2\/posts\/8255\/revisions\/8378"}],"wp:featuredmedia":[{"embeddable":true,"href":"https:\/\/prague.org\/sv\/wp-json\/wp\/v2\/media\/8256"}],"wp:attachment":[{"href":"https:\/\/prague.org\/sv\/wp-json\/wp\/v2\/media?parent=8255"}],"wp:term":[{"taxonomy":"category","embeddable":true,"href":"https:\/\/prague.org\/sv\/wp-json\/wp\/v2\/categories?post=8255"},{"taxonomy":"post_tag","embeddable":true,"href":"https:\/\/prague.org\/sv\/wp-json\/wp\/v2\/tags?post=8255"},{"taxonomy":"table_tags","embeddable":true,"href":"https:\/\/prague.org\/sv\/wp-json\/wp\/v2\/table_tags?post=8255"}],"curies":[{"name":"wp","href":"https:\/\/api.w.org\/{rel}","templated":true}]}}