{"id":9180,"date":"2023-03-24T13:50:51","date_gmt":"2023-03-24T11:50:51","guid":{"rendered":"https:\/\/prague.org\/?p=9180"},"modified":"2023-08-03T15:38:22","modified_gmt":"2023-08-03T13:38:22","slug":"a-look-at-the-czech-republic-on-easter-monday","status":"publish","type":"post","link":"https:\/\/prague.org\/sv\/en-titt-pa-den-tjeckiska-republiken-pa-paska-mandag\/","title":{"rendered":"En titt p\u00e5 Tjeckien p\u00e5 annandag p\u00e5sk \ud83d\udc23"},"content":{"rendered":"<p><strong>Tjeckiens annandag p\u00e5sk<\/strong> \u00e4r lika fascinerande som alla andra nationella helgdagar, inklusive julen. Med s\u00e5 m\u00e5nga roliga traditioner f\u00f6rknippade med <strong>Annandag p\u00e5sk i Tjeckien<\/strong>\u00e4r dagen allt annat \u00e4n tr\u00e5kig tack vare h\u00f6gtidens m\u00e5nga sp\u00e4nnande seder och det underbara v\u00e5rv\u00e4dret i regionen.<\/p>\n\n\n\n<p>Tjeckerna firar vanligtvis p\u00e5sk p\u00e5 m\u00e5ndagen snarare \u00e4n n\u00e5gon av de andra dagarna i p\u00e5skens Stilla vecka.<\/p>\n\n\n\n<p>Varje \u00e5r best\u00e4ms datumet av den fullm\u00e5ne som intr\u00e4ffar m\u00e5naden efter v\u00e5rdagj\u00e4mningen.<\/p>\n\n\n\n<p>Det finns inget betydande religi\u00f6st firande p\u00e5 <strong>Annandag p\u00e5sk i Tjeckien<\/strong>; ist\u00e4llet \u00e4r det en dag som pr\u00e4glas av en <a href=\"https:\/\/prague.org\/sv\/fascinerande-fakta-om-pasktraditioner-i-tjeckiska-republiken\/\">l\u00e5ngvarig lokal tradition<\/a>.&nbsp;<\/p>\n\n\n\n<p>P\u00e5skresen\u00e4rer kommer inte bara att uppleva v\u00e5rens prakt, utan de kommer ocks\u00e5 att l\u00e4mna Prag med en m\u00e4ngd historia och seder att dela med familj och v\u00e4nner hemma, s\u00e4rskilt om en resa till landets extra traditionella moraviska omr\u00e5de \u00e4r inblandad. Uppt\u00e4ck varf\u00f6r<strong> Eas<\/strong><strong>ter m\u00e5ndag i Tjeckien<\/strong> \u00e4r den viktigaste p\u00e5skhelgen<strong>!<\/strong><\/p>\n\n\n\n<h2 id=\"why-visit-the-czech-republic-on-easter-monday\" class=\"wp-block-heading\">Varf\u00f6r bes\u00f6ka Tjeckien p\u00e5 annandag p\u00e5sk?<\/h2>\n\n\n\n<figure class=\"wp-block-image size-large\"><img decoding=\"async\" width=\"1024\" height=\"576\" src=\"https:\/\/prague.org\/wp-content\/uploads\/2023\/03\/pexels-pierre-blache-2598484-1-1024x576.jpg\" alt=\"Sprint i Prag\" class=\"wp-image-9239\" srcset=\"https:\/\/prague.org\/wp-content\/uploads\/2023\/03\/pexels-pierre-blache-2598484-1-1024x576.jpg 1024w, https:\/\/prague.org\/wp-content\/uploads\/2023\/03\/pexels-pierre-blache-2598484-1-scaled-600x338.jpg 600w, https:\/\/prague.org\/wp-content\/uploads\/2023\/03\/pexels-pierre-blache-2598484-1-300x169.jpg 300w, https:\/\/prague.org\/wp-content\/uploads\/2023\/03\/pexels-pierre-blache-2598484-1-768x432.jpg 768w, https:\/\/prague.org\/wp-content\/uploads\/2023\/03\/pexels-pierre-blache-2598484-1-1536x864.jpg 1536w, https:\/\/prague.org\/wp-content\/uploads\/2023\/03\/pexels-pierre-blache-2598484-1-2048x1152.jpg 2048w, https:\/\/prague.org\/wp-content\/uploads\/2023\/03\/pexels-pierre-blache-2598484-1-18x10.jpg 18w, https:\/\/prague.org\/wp-content\/uploads\/2023\/03\/pexels-pierre-blache-2598484-1-380x214.jpg 380w, https:\/\/prague.org\/wp-content\/uploads\/2023\/03\/pexels-pierre-blache-2598484-1-800x450.jpg 800w, https:\/\/prague.org\/wp-content\/uploads\/2023\/03\/pexels-pierre-blache-2598484-1-1160x653.jpg 1160w, https:\/\/prague.org\/wp-content\/uploads\/2023\/03\/pexels-pierre-blache-2598484-1-scaled.jpg 2560w\" sizes=\"(max-width: 1024px) 100vw, 1024px\" \/><figcaption class=\"wp-element-caption\">Sprint i Prag<\/figcaption><\/figure>\n\n\n\n<ol>\n<li>Njut av traditionella tjeckiska r\u00e4tter och drycker<\/li>\n<\/ol>\n\n\n\n<p>&nbsp;&nbsp;&nbsp;I den <strong>Tjeckien, annandag p\u00e5sk<\/strong> \u00e4r en allm\u00e4n helgdag f\u00f6r de allra flesta m\u00e4nniskor.&nbsp;<\/p>\n\n\n\n<p>Trots att det \u00e4r en dag av str\u00e4ng fasta f\u00f6r de troende \u00e4r det m\u00e4rkligt nog m\u00e5nga tjecker som tar tillf\u00e4llet i akt att \u00e4ta och dricka f\u00f6r mycket.<\/p>\n\n\n\n<ol start=\"2\">\n<li>V\u00e4lkommen v\u00e5r, som en lokal<\/li>\n<\/ol>\n\n\n\n<p>P\u00e5sken ses ofta som en festival f\u00f6r att fira v\u00e5rlovets ankomst. Den kommunistiska regeringen, som satt vid makten i \u00f6ver 40 \u00e5r, spelade en roll i detta genom att betona denna tolkning av firandet p\u00e5 bekostnad av den religi\u00f6sa sidan.<\/p>\n\n\n\n<ol start=\"3\">\n<li>Annandag p\u00e5sk \u00e4r den viktigaste dagen under p\u00e5sken<\/li>\n<\/ol>\n\n\n\n<p>Tack vare den kommunistiska eran \u00e4r det ingen \u00f6verraskning att <strong>Tjeckien m\u00e5ndag efter <\/strong><strong>E<\/strong><strong>aster <\/strong>anses vara den viktigaste dagen under h\u00f6gtiden, trots att p\u00e5skdagen \u00e4r allm\u00e4nt erk\u00e4nd v\u00e4rlden \u00f6ver som den viktigaste dagen p\u00e5 \u00e5ret f\u00f6r att fira v\u00e5r Fr\u00e4lsares uppst\u00e5ndelse.<\/p>\n\n\n\n<h2 id=\"czech-republic-traditions-on-easter-monday\" class=\"wp-block-heading\">Traditioner i Tjeckien p\u00e5 annandag p\u00e5sk<\/h2>\n\n\n\n\n\n<p>Den<strong> Tjeckien<\/strong><strong> <\/strong><strong>Republikens piskning p\u00e5 annandag p\u00e5sk<\/strong>, popul\u00e4rt kallad poml\u00e1zka, \u00e4r en av de mest betydelsefulla <strong>Tjeckien p\u00e5skdagen traditioner<\/strong>.<\/p>\n\n\n\n<p>Man tror att anv\u00e4ndningen av poml\u00e1zka har sina r\u00f6tter i f\u00f6rkristen hedendom. Piskning med f\u00e4rska videkvistar har en l\u00e5ng tradition och symbolik, inklusive f\u00f6rdrivandet av sjukdom och onda andar och sk\u00e4nkandet av h\u00e4lsa och vitalitet f\u00f6r resten av \u00e5ret till alla som f\u00e5r piskan. Unga m\u00e4n piskade flickor l\u00e4tt p\u00e5 benen och dr\u00e4nkte dem kanske med vatten.<\/p>\n\n\n\n<h2 id=\"how-long-do-the-czech-republics-easter-celebrations-last\" class=\"wp-block-heading\">Hur l\u00e4nge p\u00e5g\u00e5r p\u00e5skfirandet i Tjeckien?<\/h2>\n\n\n\n<figure class=\"wp-block-image size-large\"><img decoding=\"async\" width=\"1024\" height=\"683\" src=\"https:\/\/prague.org\/wp-content\/uploads\/2023\/03\/morgane-le-breton-jVPwjDhwC6g-unsplash-1-1024x683.jpg\" alt=\"P\u00e5sk i Prag\" class=\"wp-image-9240\" srcset=\"https:\/\/prague.org\/wp-content\/uploads\/2023\/03\/morgane-le-breton-jVPwjDhwC6g-unsplash-1-1024x683.jpg 1024w, https:\/\/prague.org\/wp-content\/uploads\/2023\/03\/morgane-le-breton-jVPwjDhwC6g-unsplash-1-scaled-600x400.jpg 600w, https:\/\/prague.org\/wp-content\/uploads\/2023\/03\/morgane-le-breton-jVPwjDhwC6g-unsplash-1-300x200.jpg 300w, https:\/\/prague.org\/wp-content\/uploads\/2023\/03\/morgane-le-breton-jVPwjDhwC6g-unsplash-1-768x512.jpg 768w, https:\/\/prague.org\/wp-content\/uploads\/2023\/03\/morgane-le-breton-jVPwjDhwC6g-unsplash-1-1536x1024.jpg 1536w, https:\/\/prague.org\/wp-content\/uploads\/2023\/03\/morgane-le-breton-jVPwjDhwC6g-unsplash-1-2048x1365.jpg 2048w, https:\/\/prague.org\/wp-content\/uploads\/2023\/03\/morgane-le-breton-jVPwjDhwC6g-unsplash-1-18x12.jpg 18w, https:\/\/prague.org\/wp-content\/uploads\/2023\/03\/morgane-le-breton-jVPwjDhwC6g-unsplash-1-380x253.jpg 380w, https:\/\/prague.org\/wp-content\/uploads\/2023\/03\/morgane-le-breton-jVPwjDhwC6g-unsplash-1-800x533.jpg 800w, https:\/\/prague.org\/wp-content\/uploads\/2023\/03\/morgane-le-breton-jVPwjDhwC6g-unsplash-1-1160x773.jpg 1160w, https:\/\/prague.org\/wp-content\/uploads\/2023\/03\/morgane-le-breton-jVPwjDhwC6g-unsplash-1-scaled.jpg 2560w\" sizes=\"(max-width: 1024px) 100vw, 1024px\" \/><figcaption class=\"wp-element-caption\">P\u00e5sk i Prag<\/figcaption><\/figure>\n\n\n\n<p>P\u00e5skhelgen varar n\u00e4stan en hel vecka!<\/p>\n\n\n\n<p>P\u00e5skdagen f\u00f6reg\u00e5s av flera dagar, d\u00e4r varje dag har sina egna religi\u00f6sa \u00f6vertoner och seder. H\u00e4ndelserna under Stilla veckan \u00e4r:<\/p>\n\n\n\n<ul>\n<li><strong>Fula onsdagar:<\/strong> Detta \u00e4r samma dag som Judas f\u00f6rr\u00e5dde Kristus. Barnen f\u00e5r ledigt f\u00f6r att \u00e4gna dagen \u00e5t att g\u00f6ra p\u00e5sken \"vacker\".&nbsp;<\/li>\n\n\n\n<li><strong>Gr\u00f6n torsdag:<\/strong> Denna dag \u00e4r avsatt f\u00f6r att minnas den sista m\u00e5ltiden. Traditionalister avst\u00e5r fr\u00e5n att \u00e4ta k\u00f6tt p\u00e5 denna fastedag. Gr\u00f6nt \u00f6l, eller zelene pivo, finns nu tillg\u00e4ngligt i Tjeckien f\u00f6r detta speciella tillf\u00e4lle.<\/li>\n\n\n\n<li><strong>L\u00e5ngfredag:<\/strong>&nbsp; \u00e4r en dag d\u00e5 man minns korsf\u00e4stelsen av v\u00e5r Fr\u00e4lsare. I Tjeckien \u00e4r b\u00e5de l\u00e5ngfredagen och annandag p\u00e5sk numera allm\u00e4nna helgdagar. I sj\u00e4lva verket avskaffades helgdagen under den kommunistiska regimens f\u00f6rsta dagar p\u00e5 1950-talet.<\/li>\n\n\n\n<li><strong>Vit l\u00f6rdag:<\/strong> F\u00f6r att hedra Kristi seger \u00f6ver d\u00f6den firar den slaviska kristna traditionen dagen efter p\u00e5sk.<\/li>\n\n\n\n<li><strong>P\u00e5skdagen:<\/strong> Det kommer att h\u00e5llas en m\u00e4ssa denna dag, och ytterligare f\u00f6rberedelser kommer att g\u00f6ras f\u00f6r <strong>Annandag p\u00e5sk <\/strong><strong>i Tjeckien<\/strong>.<\/li>\n\n\n\n<li>Slutligen...<strong> Tjeckien Annandag p\u00e5sk<\/strong><\/li>\n<\/ul>\n\n\n\n<h2 id=\"discover-the-art-of-cooking-traditional-czech-cuisine-in-prague\" class=\"wp-block-heading\">Uppt\u00e4ck konsten att laga traditionella tjeckiska r\u00e4tter i Prag<\/h2>\n\n\n\n<div data-gyg-href=\"https:\/\/widget.getyourguide.com\/default\/activities.frame\" data-gyg-locale-code=\"en-US\" data-gyg-widget=\"activities\" data-gyg-number-of-items=\"1\" data-gyg-partner-id=\"U94OQGQ\" data-gyg-tour-ids=\"36516\"><\/div>\n\n\n\n<p>Njut av en kulinarisk upplevelse n\u00e4r du l\u00e4r dig laga autentiska tjeckiska r\u00e4tter i hj\u00e4rtat av Prag. Delta i v\u00e5r praktiska matlagningskurs och uppt\u00e4ck hemligheterna bakom traditionella tjeckiska m\u00e5ltider, inklusive favoriter som gulasch, dumplings och \u00e4ppelstrudel.<\/p>\n\n\n\n<h3 id=\"highlights\" class=\"wp-block-heading\">H\u00f6jdpunkter<\/h3>\n\n\n\n<ul>\n<li>Beh\u00e4rska tekniken f\u00f6r att laga traditionella tjeckiska r\u00e4tter, som gulasch, dumplings och \u00e4ppelstrudel, under ledning av skickliga kockar.<\/li>\n\n\n\n<li>F\u00f6rdjupa dig i den lokala kulinariska scenen genom att bes\u00f6ka en bondemarknad f\u00f6r att utforska de f\u00e4rska, lokala ingredienserna som g\u00f6r det tjeckiska k\u00f6ket unikt.<\/li>\n\n\n\n<li>Ta del av de typiska tjeckiska ingredienserna som utg\u00f6r k\u00e4rnan i dessa uts\u00f6kta r\u00e4tter.<\/li>\n\n\n\n<li>Under kursen skapar du en h\u00e4rlig 3-r\u00e4ttersmeny som du sedan avnjuter under en avslappnad lunch.<\/li>\n\n\n\n<li>Ta med dig recepten p\u00e5 de r\u00e4tter du har l\u00e4rt dig hem, s\u00e5 att du kan \u00e5terskapa smakerna fr\u00e5n det tjeckiska k\u00f6ket i ditt eget k\u00f6k.<\/li>\n<\/ul>\n\n\n\n<h3 id=\"included\" class=\"wp-block-heading\">Inklusive<\/h3>\n\n\n\n<ul>\n<li>Matlagningsingredienser som beh\u00f6vs f\u00f6r klassen.<\/li>\n\n\n\n<li>Recept att ta med hem, s\u00e5 att du enkelt kan \u00e5terskapa de tjeckiska r\u00e4tterna.<\/li>\n\n\n\n<li>Anv\u00e4ndning av k\u00f6ksredskap och utrustning under lektionen.<\/li>\n\n\n\n<li>F\u00f6rkl\u00e4den f\u00f6r bekv\u00e4m matlagning.<\/li>\n\n\n\n<li>En tillfredsst\u00e4llande 3-r\u00e4ttersmeny som tillagas av dig och som kan avnjutas under lunchen.<\/li>\n\n\n\n<li>Ett insiktsfullt bes\u00f6k p\u00e5 en lokal bondemarknad, som \u00f6kar din f\u00f6rst\u00e5else f\u00f6r tjeckiska ingredienser.<\/li>\n<\/ul>\n\n\n\n<div class=\"wp-block-buttons is-layout-flex wp-block-buttons-is-layout-flex\">\n<div class=\"wp-block-button is-style-cs-button-block\"><a class=\"wp-block-button__link wp-element-button\" href=\"https:\/\/www.getyourguide.fr\/prague-l10\/prague-cours-de-cuisine-traditionnelle-tcheque-t36516\/?partner_id=U94OQGQ&amp;utm_medium=online_publisher\" rel=\"nofollow noopener\">\u2192 K\u00f6p nu och njut<\/a><\/div>\n<\/div>\n\n\n\n<h2 id=\"witness-why-easter-monday-is-more-important-in-czech\" class=\"wp-block-heading\">Vittna om varf\u00f6r annandag p\u00e5sk \u00e4r viktigare i Tjeckien<\/h2>\n\n\n\n<p><strong>Tjeckien Annandag p\u00e5sk<\/strong> \u00e4r en tid av firande, pr\u00e4glad av ljusa dekorationer, varmt v\u00e4der och f\u00e4rgglada \u00e4gg. Under sju dagar f\u00f6re p\u00e5sk bjuder Tjeckiens mest framtr\u00e4dande torg p\u00e5 ett brett utbud av kulturella aktiviteter och <a href=\"https:\/\/prague.org\/sv\/prag-paskmarknaderna\/\">festlig p\u00e5skmarknad<\/a>. F\u00f6r h\u00e4ngivna kristna \u00e4r det ocks\u00e5 en tid av stor betydelse och symbolisk inneb\u00f6rd f\u00f6r det tjeckiska folket.&nbsp;<\/p>\n\n\n\n<p>F\u00f6rsta g\u00e5ngen i Prag? Vi kan hj\u00e4lpa dig att ta reda p\u00e5 <a href=\"https:\/\/prague.org\/sv\/?s=transport\">hur man tar sig runt i Prag<\/a> och dess omgivning med hj\u00e4lp av kollektivtrafik!<\/p>\n\n\n\n<div class=\"gyg-iframe-container\" style=\"margin-bottom:1.5em\"><iframe style=\"border:0;height:100%;width:100%\" title=\"GetYourGuide stadswidget\" src=\"https:\/\/widget.getyourguide.com\/default\/city.frame?widget=wp_city&amp;iata=PRG&amp;locale_code=en-GB&amp;partner_id=U94OQGQ\"><\/iframe><\/div>","protected":false},"excerpt":{"rendered":"Tjeckiens annandag p\u00e5sk \u00e4r lika fascinerande som alla andra nationella helgdagar, inklusive julen. Med s\u00e5 m\u00e5nga...","protected":false},"author":2,"featured_media":9182,"comment_status":"closed","ping_status":"closed","sticky":false,"template":"","format":"standard","meta":{"footnotes":""},"categories":[15,204,39],"tags":[49],"table_tags":[],"_links":{"self":[{"href":"https:\/\/prague.org\/sv\/wp-json\/wp\/v2\/posts\/9180"}],"collection":[{"href":"https:\/\/prague.org\/sv\/wp-json\/wp\/v2\/posts"}],"about":[{"href":"https:\/\/prague.org\/sv\/wp-json\/wp\/v2\/types\/post"}],"author":[{"embeddable":true,"href":"https:\/\/prague.org\/sv\/wp-json\/wp\/v2\/users\/2"}],"replies":[{"embeddable":true,"href":"https:\/\/prague.org\/sv\/wp-json\/wp\/v2\/comments?post=9180"}],"version-history":[{"count":9,"href":"https:\/\/prague.org\/sv\/wp-json\/wp\/v2\/posts\/9180\/revisions"}],"predecessor-version":[{"id":10087,"href":"https:\/\/prague.org\/sv\/wp-json\/wp\/v2\/posts\/9180\/revisions\/10087"}],"wp:featuredmedia":[{"embeddable":true,"href":"https:\/\/prague.org\/sv\/wp-json\/wp\/v2\/media\/9182"}],"wp:attachment":[{"href":"https:\/\/prague.org\/sv\/wp-json\/wp\/v2\/media?parent=9180"}],"wp:term":[{"taxonomy":"category","embeddable":true,"href":"https:\/\/prague.org\/sv\/wp-json\/wp\/v2\/categories?post=9180"},{"taxonomy":"post_tag","embeddable":true,"href":"https:\/\/prague.org\/sv\/wp-json\/wp\/v2\/tags?post=9180"},{"taxonomy":"table_tags","embeddable":true,"href":"https:\/\/prague.org\/sv\/wp-json\/wp\/v2\/table_tags?post=9180"}],"curies":[{"name":"wp","href":"https:\/\/api.w.org\/{rel}","templated":true}]}}