{"id":10578,"date":"2023-08-31T11:18:04","date_gmt":"2023-08-31T09:18:04","guid":{"rendered":"https:\/\/prague.org\/?p=10578"},"modified":"2023-11-02T14:24:40","modified_gmt":"2023-11-02T12:24:40","slug":"concerts-in-prague","status":"publish","type":"post","link":"https:\/\/prague.org\/tr\/pragda-konserler\/","title":{"rendered":"Prag'da Konserler: \u015eehrin Kalbinde Ahenkli Melodiler"},"content":{"rendered":"<p>Prag, y\u00fczy\u0131llar \u00f6ncesine uzanan uzun bir m\u00fczik miras\u0131na sahiptir. Ziyaret <strong>Prag'da konserler<\/strong> kulaklar\u0131n\u0131zla zaman ve mekanda yolculuk yapmak gibidir. Prag'daki konser sahnesi g\u00fczeldir, duyulara hitap eder ve ruhu yank\u0131lar. <a href=\"https:\/\/prague.org\/tr\/pragdaki\u0307-en-i\u0307yi\u0307-klasi\u0307k-muzi\u0307k-konserleri\u0307\/\" data-type=\"link\" data-id=\"https:\/\/prague.org\/best-classical-music-venues-in-prague\/\">Bu <strong>Prag'\u0131n m\u00fczi\u011fi<\/strong><\/a> Y\u00fczy\u0131llard\u0131r performanslara tan\u0131kl\u0131k eden b\u00fcy\u00fck konser salonlar\u0131ndan, g\u00fcncel ritimlerle titre\u015fen k\u00fc\u00e7\u00fck, samimi mekanlara kadar uzan\u0131yor.<\/p>\n\n\n\n<p>Ancak, Prag'\u0131n konser sahnesindeki m\u00fczikal deneyimlerin tad\u0131n\u0131 \u00e7\u0131karmak i\u00e7in Prag'da sonbahar\u0131n ba\u015flad\u0131\u011f\u0131 Eyl\u00fcl ve Ekim aylar\u0131ndan daha iyi bir zaman yoktur.<\/p>\n\n\n\n<p>\u015eehrin m\u00fczik k\u00fclt\u00fcr\u00fc, klasik senfonilerden modern ritimlere ve canl\u0131 performanslara kadar \u00e7ok \u00e7e\u015fitli, yarat\u0131c\u0131 ve sanat konusunda tutkuludur. Arnavut kald\u0131r\u0131ml\u0131 sokaklar\u0131 ve antik mekanlar\u0131 gezerken g\u00fczel m\u00fczi\u011fin ve b\u00fcy\u00fcleyici konserlerin i\u00e7inde kaybolacaks\u0131n\u0131z.<\/p>\n\n\n\n<h2 id=\"concerts-in-sept-oct-in-prague\" class=\"wp-block-heading\">Eyl\u00fcl\/Ekim Aylar\u0131nda Prag'da Konserler<\/h2>\n\n\n\n<p>Prag'da Eyl\u00fcl ve Ekim aylar\u0131 m\u00fczik, tiyatro ve \u015farap tad\u0131m\u0131na ayr\u0131lm\u0131\u015ft\u0131r. Prag'da herkes arad\u0131\u011f\u0131n\u0131 bulabilir <strong>Prag konser program\u0131<\/strong><\/p>\n\n\n\n<h3 id=\"autumn-prague-festival\" class=\"wp-block-heading\">Sonbahar Prag Festivali<\/h3>\n\n\n\n<p>1991 y\u0131l\u0131nda Uluslararas\u0131 Sonbahar M\u00fczik Festivali ba\u015flad\u0131 ve 2008 y\u0131l\u0131nda Dvo\u00e1k Uluslararas\u0131 M\u00fczik Festivali olarak bilinmeye ba\u015flad\u0131. Prag'da Eyl\u00fcl ay\u0131nda ba\u015flayan ancak genellikle Ekim ay\u0131na kadar devam eden y\u0131ll\u0131k festival, \u015fehrin en b\u00fcy\u00fck ikinci m\u00fczik t\u00fcr\u00fc festivalidir.<\/p>\n\n\n\n<p>Y\u0131llar boyunca d\u00fcnyan\u0131n d\u00f6rt bir yan\u0131ndan \u00e7ok say\u0131da klasik m\u00fczik m\u00fczisyeni ve yetene\u011fi sahnelerini s\u00fcslemi\u015ftir.<\/p>\n\n\n\n<h3 id=\"barcelona-gipsy-balkan-orchestra-live\" class=\"wp-block-heading\">Barcelona Gipsy Balkan Orkestras\u0131 canl\u0131<\/h3>\n\n\n\n<p>Barcelona Gipsy Balkan Orchestra, eski tarz \u00e7ingene t\u0131n\u0131lar\u0131n\u0131 son teknoloji prod\u00fcksiyonla harmanlayan s\u0131n\u0131fland\u0131r\u0131lamaz bir gruptur. M\u00fczisyenleri d\u00fcnyan\u0131n d\u00f6rt bir yan\u0131ndan geldi\u011fi i\u00e7in orkestran\u0131n m\u00fczi\u011fi, k\u00fclt\u00fcrel ve ku\u015faklar aras\u0131 m\u00fczik geleneklerinin kapsaml\u0131 bir kar\u0131\u015f\u0131m\u0131d\u0131r.<\/p>\n\n\n\n<p>BGKO'nun m\u00fczi\u011fi, Balkan ritimlerinin canl\u0131l\u0131\u011f\u0131n\u0131 Akdeniz melodilerinin derinli\u011fiyle harmanlayarak uluslararas\u0131 i\u015fbirli\u011fi potansiyelinin g\u00fczel bir g\u00f6stergesidir.<\/p>\n\n\n\n<h3 id=\"outdoor-concerts\" class=\"wp-block-heading\">A\u00e7\u0131k hava konserleri&nbsp;<\/h3>\n\n\n\n<p>Prag'daki a\u00e7\u0131k hava konserleri genellikle basit konserlerden daha fazlas\u0131n\u0131 i\u00e7erir<strong> Prag'da canl\u0131 m\u00fczik<\/strong>. Yiyecek stantlar\u0131, el sanatlar\u0131 pazarlar\u0131 ve k\u00fclt\u00fcrel g\u00f6steriler bir\u00e7ok festivalin parti atmosferine katk\u0131da bulunur.&nbsp;<\/p>\n\n\n\n<p>Caz hayranlar\u0131, m\u00fczisyenlerin do\u011fa\u00e7lama zek\u00e2s\u0131n\u0131n yapraklar\u0131n f\u0131s\u0131lt\u0131s\u0131na kar\u0131\u015ft\u0131\u011f\u0131, caz merkezlerine d\u00f6n\u00fc\u015ft\u00fcr\u00fclm\u00fc\u015f parklarda ve di\u011fer kamusal alanlarda s\u0131k s\u0131k bir araya gelebilir.&nbsp;<\/p>\n\n\n\n<p>\u015eehrin k\u00fclt\u00fcrel ge\u00e7mi\u015fini renkli kost\u00fcmleri, halk m\u00fczi\u011fi ve danslar\u0131 arac\u0131l\u0131\u011f\u0131yla deneyimleyin. \u00fclkenin bir\u00e7ok a\u00e7\u0131k hava halk festivalinden birinde m\u00fczik ve dans yoluyla.<\/p>\n\n\n\n<h3 id=\"prague-symphony-orchestra-live-in-october\" class=\"wp-block-heading\">Prag Senfoni Orkestras\u0131 Ekim'de canl\u0131 yay\u0131nda&nbsp;<\/h3>\n\n\n\n<p>Orkestralar s\u00f6z konusu oldu\u011funda, Prag Senfoni Orkestras\u0131 i\u00e7ten performanslar\u0131 ve kusursuz becerileriyle tan\u0131nan bir rock grubudur. Orkestran\u0131n yerel olarak en be\u011fenilen gruplardan biri olma \u00fcn\u00fc, m\u00fczisyenlerin yetenekleri ve sanatlar\u0131na olan ba\u011fl\u0131l\u0131klar\u0131n\u0131n yan\u0131 s\u0131ra orkestran\u0131n senfonik parlakl\u0131\u011f\u0131n\u0131n derin kuyusuna dayan\u0131yor.<\/p>\n\n\n\n<h3 id=\"classical-music-and-opera-in-sept-oct\" class=\"wp-block-heading\">Eyl\u00fcl\/Ekim aylar\u0131nda klasik m\u00fczik ve opera&nbsp;<\/h3>\n\n\n\n<p>Orkestra eserlerinin g\u00fczelli\u011fini onurland\u0131ran etkinlikler ve<strong>Prag'da lassikal m\u00fczik<\/strong> Eyl\u00fcl ve Ekim aylar\u0131nda Prag'\u0131n d\u00f6rt bir yan\u0131nda performanslar d\u00fczenleniyor. \u00c7ek Filarmoni Orkestras\u0131 ve Prag Senfoni Orkestras\u0131 da dahil olmak \u00fczere Prag'\u0131n \u00fcnl\u00fc orkestralar\u0131, a\u015fa\u011f\u0131daki gibi g\u00f6rkemli sahnelerde performans sergiler <a href=\"https:\/\/prague.org\/tr\/rudolfinum\/\">Rudolfinum<\/a> ve <a href=\"https:\/\/prague.org\/tr\/belediye-ev\/\">Belediye Binas\u0131<\/a>Hem klasik m\u00fczik merakl\u0131lar\u0131n\u0131 hem de bu t\u00fcre a\u015fina olmayanlar\u0131 b\u00fcy\u00fcl\u00fcyor.<\/p>\n\n\n\n<h2 id=\"experience-mesmerizing-concerts-in-prague\" class=\"wp-block-heading\">Prag'da B\u00fcy\u00fcleyici Konserleri Deneyimleyin<\/h2>\n\n\n\n<p><strong>Prag'daki Konserler<\/strong> e\u011flenceden daha fazlas\u0131d\u0131r; ge\u00e7mi\u015fe, bug\u00fcne ve insan kalbine do\u011fru \u00e7ok boyutlu maceralard\u0131r. <strong>Prag'daki Konserler<\/strong> \u0130ster bir senfoninin y\u00fckselen kre\u015fendosunu dinliyor olsunlar, ister bir senfoninin sessiz notalar\u0131n\u0131 dinliyor olsunlar, onlar\u0131 deneyimleyecek kadar \u015fansl\u0131 olanlar \u00fczerinde derin bir etkiye sahiptirler. <a href=\"https:\/\/prague.org\/tr\/the-reduta-jazz-club-in-prague\/\" data-type=\"link\" data-id=\"https:\/\/prague.org\/the-reduta-jazz-club-in-prague\/\">caz grubu<\/a>ya da bir halk grubunun canl\u0131 danslar\u0131.&nbsp;<\/p>\n\n\n\n<p>Ge\u00e7mi\u015f zamanlar\u0131n melodileri ile bug\u00fcn\u00fcn ritimlerinin bir araya geldi\u011fi bu g\u00fczel \u015fehrin tam merkezinde ruhu b\u00fcy\u00fcleyen, y\u00fckselten ve besleyen bir duygu senfonisi bulunabilir.<\/p>","protected":false},"excerpt":{"rendered":"Prag, y\u00fczy\u0131llar \u00f6ncesine uzanan uzun bir m\u00fczik miras\u0131na sahiptir. Prag'daki konserleri ziyaret etmek, ge\u00e7mi\u015fe yolculuk yapmak gibidir...","protected":false},"author":2,"featured_media":10989,"comment_status":"closed","ping_status":"closed","sticky":false,"template":"","format":"standard","meta":{"footnotes":""},"categories":[1,204,208],"tags":[66],"table_tags":[],"_links":{"self":[{"href":"https:\/\/prague.org\/tr\/wp-json\/wp\/v2\/posts\/10578"}],"collection":[{"href":"https:\/\/prague.org\/tr\/wp-json\/wp\/v2\/posts"}],"about":[{"href":"https:\/\/prague.org\/tr\/wp-json\/wp\/v2\/types\/post"}],"author":[{"embeddable":true,"href":"https:\/\/prague.org\/tr\/wp-json\/wp\/v2\/users\/2"}],"replies":[{"embeddable":true,"href":"https:\/\/prague.org\/tr\/wp-json\/wp\/v2\/comments?post=10578"}],"version-history":[{"count":4,"href":"https:\/\/prague.org\/tr\/wp-json\/wp\/v2\/posts\/10578\/revisions"}],"predecessor-version":[{"id":11902,"href":"https:\/\/prague.org\/tr\/wp-json\/wp\/v2\/posts\/10578\/revisions\/11902"}],"wp:featuredmedia":[{"embeddable":true,"href":"https:\/\/prague.org\/tr\/wp-json\/wp\/v2\/media\/10989"}],"wp:attachment":[{"href":"https:\/\/prague.org\/tr\/wp-json\/wp\/v2\/media?parent=10578"}],"wp:term":[{"taxonomy":"category","embeddable":true,"href":"https:\/\/prague.org\/tr\/wp-json\/wp\/v2\/categories?post=10578"},{"taxonomy":"post_tag","embeddable":true,"href":"https:\/\/prague.org\/tr\/wp-json\/wp\/v2\/tags?post=10578"},{"taxonomy":"table_tags","embeddable":true,"href":"https:\/\/prague.org\/tr\/wp-json\/wp\/v2\/table_tags?post=10578"}],"curies":[{"name":"wp","href":"https:\/\/api.w.org\/{rel}","templated":true}]}}