{"id":10780,"date":"2023-08-24T09:53:52","date_gmt":"2023-08-24T07:53:52","guid":{"rendered":"https:\/\/prague.org\/?p=10780"},"modified":"2024-01-02T18:30:25","modified_gmt":"2024-01-02T16:30:25","slug":"where-to-stay-in-prague-icafsfhab","status":"publish","type":"post","link":"https:\/\/prague.org\/tr\/prag-icafsfhabda-nerede-kalinir\/","title":{"rendered":"Prag'da ICAFSFHAB Konferans\u0131: S\u00fcrd\u00fcr\u00fclebilir Gelecekleri Te\u015fvik Etmek"},"content":{"rendered":"<p>Bu y\u0131l d\u00fczenlenecek olan<strong> Prag'da Uluslararas\u0131 Tar\u0131m, G\u0131da Bilimi, Ormanc\u0131l\u0131k, Bah\u00e7ecilik, Su \u00dcr\u00fcnleri Yeti\u015ftiricili\u011fi ve Biyo\u00e7e\u015fitlilik Konferans\u0131 (ICAFSFHAB)<\/strong>?  Bu nedenle, uzmanlar, akademisyenler, politika yap\u0131c\u0131lar ve \u00e7e\u015fitli sekt\u00f6rlerden merakl\u0131lar, ortak giri\u015fimlere yol a\u00e7abilecek i\u015fbirliklerine haz\u0131rlan\u0131yor <strong>ara\u015ftirma projeleri\u0307<\/strong>, <strong>ortakl\u0131klar<\/strong>ve <strong>ortak gi\u0307ri\u0307\u015fi\u0307mler<\/strong> k\u00fcresel kayg\u0131lar\u0131 ele almay\u0131 hedeflemi\u015ftir. <strong>ICAFSFHAB konferans\u0131 <\/strong>neredeyse geldi!<\/p>\n\n\n\n<p>Bir liste derledik <strong>en \u00e7ok \u00f6nerilen otel alternatiflerimiz<\/strong> (her fiyata!) ve di\u011fer yararl\u0131 ipu\u00e7lar\u0131n\u0131 tek bir kullan\u0131\u015fl\u0131 rehberde toplayarak b\u00fcy\u00fcleyici \u00c7ek \u015fehrinde ge\u00e7irece\u011finiz zaman\u0131 en iyi \u015fekilde de\u011ferlendirmenize yard\u0131mc\u0131 olacakt\u0131r.<\/p>\n\n\n\n<figure class=\"wp-block-image size-large\"><img decoding=\"async\" width=\"1024\" height=\"684\" src=\"https:\/\/prague.org\/wp-content\/uploads\/2023\/08\/guillaume-de-germain-6Xw9wMJyHus-unsplash-1024x684.jpeg\" alt=\"S\u00fcrd\u00fcr\u00fclebilir Gelecekleri Te\u015fvik Etmek\" class=\"wp-image-10781\" srcset=\"https:\/\/prague.org\/wp-content\/uploads\/2023\/08\/guillaume-de-germain-6Xw9wMJyHus-unsplash-1024x684.jpeg 1024w, https:\/\/prague.org\/wp-content\/uploads\/2023\/08\/guillaume-de-germain-6Xw9wMJyHus-unsplash-300x200.jpeg 300w, https:\/\/prague.org\/wp-content\/uploads\/2023\/08\/guillaume-de-germain-6Xw9wMJyHus-unsplash-768x513.jpeg 768w, https:\/\/prague.org\/wp-content\/uploads\/2023\/08\/guillaume-de-germain-6Xw9wMJyHus-unsplash-1536x1025.jpeg 1536w, https:\/\/prague.org\/wp-content\/uploads\/2023\/08\/guillaume-de-germain-6Xw9wMJyHus-unsplash-2048x1367.jpeg 2048w, https:\/\/prague.org\/wp-content\/uploads\/2023\/08\/guillaume-de-germain-6Xw9wMJyHus-unsplash-18x12.jpeg 18w, https:\/\/prague.org\/wp-content\/uploads\/2023\/08\/guillaume-de-germain-6Xw9wMJyHus-unsplash-380x254.jpeg 380w, https:\/\/prague.org\/wp-content\/uploads\/2023\/08\/guillaume-de-germain-6Xw9wMJyHus-unsplash-800x534.jpeg 800w, https:\/\/prague.org\/wp-content\/uploads\/2023\/08\/guillaume-de-germain-6Xw9wMJyHus-unsplash-1160x774.jpeg 1160w, https:\/\/prague.org\/wp-content\/uploads\/2023\/08\/guillaume-de-germain-6Xw9wMJyHus-unsplash-600x401.jpeg 600w, https:\/\/prague.org\/wp-content\/uploads\/2023\/08\/guillaume-de-germain-6Xw9wMJyHus-unsplash-scaled.jpeg 2560w\" sizes=\"(max-width: 1024px) 100vw, 1024px\" \/><figcaption class=\"wp-element-caption\">S\u00fcrd\u00fcr\u00fclebilir Gelecekleri Te\u015fvik Etmek<\/figcaption><\/figure>\n\n\n\n<h2 id=\"about-the-international-icafsfhab-conference-2024\" class=\"wp-block-heading\">Uluslararas\u0131 ICAFSFHAB Konferans\u0131 2024 Hakk\u0131nda<\/h2>\n\n\n\n<p>Prag'da d\u00fczenlenecek olan <strong>Uluslararas\u0131 Tar\u0131m, G\u0131da Bilimi, Ormanc\u0131l\u0131k, Bah\u00e7ecilik, Su \u00dcr\u00fcnleri Yeti\u015ftiricili\u011fi ve Biyo\u00e7e\u015fitlilik Konferans\u0131<\/strong>d\u00fcnyan\u0131n d\u00f6rt bir yan\u0131ndan insanlar fikirlerini payla\u015fmak ve birbirlerinden \u00f6\u011frenmek i\u00e7in bir araya gelecek.&nbsp;<\/p>\n\n\n\n<p>Yapman\u0131n yan\u0131 s\u0131ra <strong>olumlu etki<\/strong> S\u00fcrd\u00fcr\u00fclebilir kalk\u0131nma ve \u00e7evrenin korunmas\u0131na odaklanan bu heyecan verici etkinli\u011fin konuklar\u0131, kendilerini gezegenimizi de\u011fi\u015ftiren devrim niteli\u011findeki de\u011fi\u015fimlerin en u\u00e7 noktas\u0131nda bulacaklar.<\/p>\n\n\n\n<p>Konferans\u0131n sayfas\u0131n\u0131 ziyaret edin <a href=\"https:\/\/conferencenext.com\/\" rel=\"nofollow noopener\">resmi web sitesi<\/a> Konuyla ilgisi, yeri ve program\u0131 da dahil olmak \u00fczere daha fazla bilgi i\u00e7in.<\/p>\n\n\n\n<h2 id=\"why-prague\" class=\"wp-block-heading\">Neden Prag?<\/h2>\n\n\n\n<p>E\u015fsiz ve unutulmaz bir deneyim ar\u0131yorsan\u0131z Prag do\u011fru yerdir ve ilgi alanlar\u0131 veya ziyaret ama\u00e7lar\u0131 ne olursa olsun hi\u00e7bir ziyaret\u00e7iyi hayal k\u0131r\u0131kl\u0131\u011f\u0131na u\u011fratmayacakt\u0131r.<\/p>\n\n\n\n<p>Bunlara ek olarak <strong>Prag'da ICAFSFHAB konferans\u0131<\/strong> sadece harika bir akademik ve profesyonel f\u0131rsat de\u011fil, ayn\u0131 zamanda k\u00fclt\u00fcrel ve tarihi a\u00e7\u0131dan \u00f6nemli bu \u015fehri deneyimlemek i\u00e7in m\u00fckemmel bir yoldur. Bu de\u011ferli ve heyecan verici bir macera \u00e7\u00fcnk\u00fc yeni \u015feyler \u00f6\u011freniyor, yeni insanlarla tan\u0131\u015f\u0131yor ve heyecan verici yeni yerler g\u00f6r\u00fcyorsunuz.<\/p>\n\n\n\n<h2 id=\"where-to-stay-when-you-attend-the-icafsfhab-conference-2024\" class=\"wp-block-heading\"><a href=\"https:\/\/prague.org\/tr\/prag-otelleri\u0307-10\/\">Nerede kal\u0131n\u0131r<\/a> ICAFSFHAB Konferans\u0131 2024'e kat\u0131ld\u0131\u011f\u0131n\u0131zda<\/h2>\n\n\n\n<ins class=\"bookingaff\" data-aid=\"2250729\" data-target_aid=\"2250729\" data-prod=\"map\" data-width=\"100%\" data-height=\"590\" data-lang=\"ualng\" data-dest_id=\"0\" data-dest_type=\"landmark\" data-latitude=\"50.0755381\" data-longitude=\"14.4378005\" data-mwhsb=\"0\" data-address=\"Prague, Czechia\">\n    <!-- Anything inside will go away once widget is loaded. -->\n        <a href=\"\/\/www.booking.com?aid=2250729\">Booking.com<\/a>\n<\/ins>\n<script type=\"text\/javascript\">\n    (function(d, sc, u) {\n      var s = d.createElement(sc), p = d.getElementsByTagName(sc)[0];\n      s.type = 'text\/javascript';\n      s.async = true;\n      s.src = u + '?v=' + (+new Date());\n      p.parentNode.insertBefore(s,p);\n      })(document, 'script', '\/\/cf.bstatic.com\/static\/affiliate_base\/js\/flexiproduct.js');\n<\/script>\n\n\n\n<h3 id=\"top-high-range-hotels-near-the-icafsfhab-conference-2024\" class=\"wp-block-heading\">ICAFSFHAB Conference 2024 yak\u0131n\u0131ndaki en iyi y\u00fcksek puanl\u0131 oteller<\/h3>\n\n\n\n<ul>\n<li><a href=\"https:\/\/www.booking.com\/hotel\/cz\/the-emblem.en.html?aid=7905235&amp;no_rooms=1&amp;group_adults=2\" data-type=\"link\" data-id=\"https:\/\/www.booking.com\/hotel\/cz\/the-emblem.en.html?aid=7905235&amp;no_rooms=1&amp;group_adults=2\" rel=\"nofollow noopener\">The Emblem Otel<\/a><\/li>\n\n\n\n<li><a href=\"https:\/\/www.booking.com\/hotel\/cz\/four-seasons-prague.en.html?aid=7905235&amp;no_rooms=1&amp;group_adults=2\" data-type=\"link\" data-id=\"https:\/\/www.booking.com\/hotel\/cz\/four-seasons-prague.en.html?aid=7905235&amp;no_rooms=1&amp;group_adults=2\" rel=\"nofollow noopener\">Four Seasons Hotel Prag<\/a><\/li>\n\n\n\n<li><a href=\"https:\/\/www.booking.com\/hotel\/cz\/mandarin-oriental-prague.en.html?aid=7905235&amp;no_rooms=1&amp;group_adults=2\" data-type=\"link\" data-id=\"https:\/\/www.booking.com\/hotel\/cz\/mandarin-oriental-prague.en.html?aid=7905235&amp;no_rooms=1&amp;group_adults=2\" rel=\"nofollow noopener\">Mandarin Oriental, Prag<\/a><\/li>\n\n\n\n<li><a href=\"https:\/\/www.booking.com\/hotel\/cz\/the-augustine.en.html?aid=7905235&amp;no_rooms=1&amp;group_adults=2\" data-type=\"link\" data-id=\"https:\/\/www.booking.com\/hotel\/cz\/the-augustine.en.html?aid=7905235&amp;no_rooms=1&amp;group_adults=2\" rel=\"nofollow noopener\">The Augustine Otel<\/a><\/li>\n\n\n\n<li><a href=\"https:\/\/www.booking.com\/hotel\/cz\/u-zlate-studne.en.html?aid=7905235&amp;no_rooms=1&amp;group_adults=2\" data-type=\"link\" data-id=\"https:\/\/www.booking.com\/hotel\/cz\/u-zlate-studne.en.html?aid=7905235&amp;no_rooms=1&amp;group_adults=2\" rel=\"nofollow noopener\">Golden Well Otel<\/a><\/li>\n<\/ul>\n\n\n\n<h3 id=\"mid-range-accommodation-close-to-the-icafsfhab-conference-2024\" class=\"wp-block-heading\">ICAFSFHAB Konferans\u0131 2024'e yak\u0131n orta s\u0131n\u0131f konaklama<\/h3>\n\n\n\n<ul>\n<li><a href=\"https:\/\/www.booking.com\/hotel\/cz\/grand-majestic-plaza.en.html?aid=7905235&amp;no_rooms=1&amp;group_adults=2\" data-type=\"link\" data-id=\"https:\/\/www.booking.com\/hotel\/cz\/grand-majestic-plaza.en.html?aid=7905235&amp;no_rooms=1&amp;group_adults=2\" rel=\"nofollow noopener\">Hotel Grand Majestic Plaza<\/a><\/li>\n\n\n\n<li><a href=\"https:\/\/www.booking.com\/hotel\/cz\/residence-leon-d-oro.en.html?aid=7905235&amp;no_rooms=1&amp;group_adults=2\" data-type=\"link\" data-id=\"https:\/\/www.booking.com\/hotel\/cz\/residence-leon-d-oro.en.html?aid=7905235&amp;no_rooms=1&amp;group_adults=2\" rel=\"nofollow noopener\">Hotel Leon D'Oro<\/a><\/li>\n\n\n\n<li><a href=\"https:\/\/www.booking.com\/hotel\/cz\/elysee.en.html?aid=7905235&amp;no_rooms=1&amp;group_adults=2\" data-type=\"link\" data-id=\"https:\/\/www.booking.com\/hotel\/cz\/elysee.en.html?aid=7905235&amp;no_rooms=1&amp;group_adults=2\" rel=\"nofollow noopener\">Hotel Elysee Prag<\/a><\/li>\n\n\n\n<li><a href=\"https:\/\/www.booking.com\/hotel\/cz\/salvator.en.html?aid=7905235&amp;no_rooms=1&amp;group_adults=2\" data-type=\"link\" data-id=\"https:\/\/www.booking.com\/hotel\/cz\/salvator.en.html?aid=7905235&amp;no_rooms=1&amp;group_adults=2\" rel=\"nofollow noopener\">Hotel Salvator<\/a><\/li>\n<\/ul>\n\n\n\n<h3 id=\"budget-friendly-stays-near-the-icafsfhab-conference-2024\" class=\"wp-block-heading\">ICAFSFHAB Konferans\u0131 2024 yak\u0131n\u0131ndaki b\u00fct\u00e7e dostu konaklamalar<\/h3>\n\n\n\n<ul>\n<li><a href=\"https:\/\/www.booking.com\/hotel\/cz\/botel-albatros.en.html?aid=7905235&amp;no_rooms=1&amp;group_adults=2\" data-type=\"link\" data-id=\"https:\/\/www.booking.com\/hotel\/cz\/botel-albatros.en.html?aid=7905235&amp;no_rooms=1&amp;group_adults=2\" rel=\"nofollow noopener\">Botel Albatros<\/a><\/li>\n\n\n\n<li><a href=\"https:\/\/www.booking.com\/hotel\/cz\/hostel-elf-s-r-o.en.html?aid=7905235&amp;no_rooms=1&amp;group_adults=2\" data-type=\"link\" data-id=\"https:\/\/www.booking.com\/hotel\/cz\/hostel-elf-s-r-o.en.html?aid=7905235&amp;no_rooms=1&amp;group_adults=2\" rel=\"nofollow noopener\">Hostel ELF<\/a><\/li>\n\n\n\n<li><a href=\"https:\/\/www.booking.com\/hotel\/cz\/sophie-s-hostel.en.html?aid=7905235&amp;no_rooms=1&amp;group_adults=2\" data-type=\"link\" data-id=\"https:\/\/www.booking.com\/hotel\/cz\/sophie-s-hostel.en.html?aid=7905235&amp;no_rooms=1&amp;group_adults=2\" rel=\"nofollow noopener\">Sophie's Hostel<\/a><\/li>\n\n\n\n<li><a href=\"https:\/\/www.booking.com\/hotel\/cz\/hostel-downtown.en.html?aid=7905235&amp;no_rooms=1&amp;group_adults=2\" data-type=\"link\" data-id=\"https:\/\/www.booking.com\/hotel\/cz\/hostel-downtown.en.html?aid=7905235&amp;no_rooms=1&amp;group_adults=2\" rel=\"nofollow noopener\">Hostel Downtown<\/a><\/li>\n\n\n\n<li><a href=\"https:\/\/www.booking.com\/hotel\/cz\/plus-prague-hostel.en.html?aid=7905235&amp;no_rooms=1&amp;group_adults=2\" data-type=\"link\" data-id=\"https:\/\/www.booking.com\/hotel\/cz\/plus-prague-hostel.en.html?aid=7905235&amp;no_rooms=1&amp;group_adults=2\" rel=\"nofollow noopener\">PLUS Prague Hostel<\/a><\/li>\n<\/ul>\n\n\n\n<h2 id=\"while-in-prague\" class=\"wp-block-heading\">Prag'dayken...<\/h2>\n\n\n\n<p>\u015eehrin en iyi turistik yerlerine g\u00f6z at\u0131n:<\/p>\n\n\n\n<p>\u25cf <a href=\"https:\/\/prague.org\/tr\/prag-kalesi-2\/\">Prag Kalesi<\/a><\/p>\n\n\n\n<p>\u25cf <a href=\"https:\/\/prague.org\/tr\/charles-bridge\/\">Charles K\u00f6pr\u00fcs\u00fc<\/a><\/p>\n\n\n\n<p>\u25cf <a href=\"https:\/\/prague.org\/tr\/old-town-square\/\">Eski \u015eehir Meydan\u0131<\/a><\/p>\n\n\n\n<p>\u25cf <a href=\"https:\/\/prague.org\/tr\/vysehrad-2\/\">Vy\u0161ehrad<\/a><\/p>\n\n\n\n<p>\u25cf <a href=\"https:\/\/prague.org\/tr\/dans-ev\/\">Dans Eden Ev<\/a><\/p>\n\n\n\n<p>\u25cf <a href=\"https:\/\/prague.org\/tr\/lesser-town-square\/\">K\u00fc\u00e7\u00fck \u015eehir<\/a><\/p>\n\n\n\n<p>\u25cf <a href=\"https:\/\/www.getyourguide.fr\/musee-du-communisme-prague-l26117\/prague-billet-d-entree-au-musee-du-communisme-t235062\/?partner_id=U94OQGQ&amp;utm_medium=online_publisher\" data-type=\"link\" data-id=\"https:\/\/www.getyourguide.fr\/musee-du-communisme-prague-l26117\/prague-billet-d-entree-au-musee-du-communisme-t235062\/?partner_id=U94OQGQ&amp;utm_medium=online_publisher\" rel=\"nofollow noopener\">Kom\u00fcnizm M\u00fczesi<\/a><\/p>\n\n\n\n<p>\u25cf<a href=\"https:\/\/www.getyourguide.fr\/prague-l10\/prague-croisiere-de-50-mn-en-soiree-t357390\/?partner_id=U94OQGQ&amp;utm_medium=online_publisher\" data-type=\"link\" data-id=\"https:\/\/www.getyourguide.fr\/prague-l10\/prague-croisiere-de-50-mn-en-soiree-t357390\/?partner_id=U94OQGQ&amp;utm_medium=online_publisher\" rel=\"nofollow noopener\"> Ak\u015fam Gezisi<\/a><\/p>\n\n\n\n<div data-gyg-href=\"https:\/\/widget.getyourguide.com\/default\/activities.frame\" data-gyg-locale-code=\"en-US\" data-gyg-widget=\"activities\" data-gyg-number-of-items=\"3\" data-gyg-cmp=\"sky8\" data-gyg-partner-id=\"U94OQGQ\" data-gyg-tour-ids=\"53490,209055,357390\"><\/div>\n\n\n\n<h2 id=\"drink-and-dine-like-a-local-near-the-icafsfhab-conference-2024\" class=\"wp-block-heading\">ICAFSFHAB Konferans\u0131 2024 yak\u0131n\u0131nda yerel halk gibi yiyip i\u00e7in<\/h2>\n\n\n\n<ul>\n<li>Pivo &amp; Basilico<\/li>\n\n\n\n<li>Pivovarsk\u00fd d\u016fm<\/li>\n\n\n\n<li>U Vejvod\u016f<\/li>\n\n\n\n<li>Lok\u00e1l<\/li>\n\n\n\n<li>Vinograf<\/li>\n<\/ul>\n\n\n\n<h2 id=\"notable-points-to-remember-for-the-icafsfhab-conference-2024\" class=\"wp-block-heading\">ICAFSFHAB Konferans\u0131 2024 i\u00e7in hat\u0131rlanmas\u0131 gereken \u00f6nemli noktalar<\/h2>\n\n\n\n<p><strong>Hareket Etmek<\/strong><\/p>\n\n\n\n<p>Y\u00fcr\u00fcmek ve ola\u011fan\u00fcst\u00fc olan\u0131 kullanmak <strong>toplu ta\u015f\u0131ma sistemi<\/strong> Prag'da dola\u015fmak i\u00e7in en iyi se\u00e7eneklerdir.<\/p>\n\n\n\n<p>Yaya olarak<\/p>\n\n\n\n<p><a href=\"https:\/\/prague.org\/fr\/prague-city-walking-tour\/\" data-type=\"link\" data-id=\"https:\/\/prague.org\/fr\/prague-city-walking-tour\/\">Prag'\u0131 Ke\u015ffetmek<\/a> y\u00fcr\u00fcyerek \u015fehri ve sundu\u011fu her \u015feyi g\u00f6rmenin en iyi yoludur. Rahat ayakkab\u0131lar\u0131n\u0131z\u0131 giyin ve \u015fehri y\u00fcr\u00fcyerek ke\u015ffedin \u00e7\u00fcnk\u00fc \u015fehrin en iyi simgelerinin bir\u00e7o\u011fu birbirine yak\u0131n konumdad\u0131r.<\/p>\n\n\n\n<p>Metro<\/p>\n\n\n\n<p>D\u00fcnyan\u0131n en iyilerinden biri <strong>Prag'\u0131n metrosu<\/strong>. Prag Metrosu a\u015fa\u011f\u0131daki \u00f6zelliklere sahip oldu\u011fu i\u00e7in \u015fiddetle tavsiye edilir <strong>temiz, ucuz, verimli ve kullan\u0131m\u0131 basit<\/strong>. Kullanmadan \u00f6nce biletinizin ge\u00e7erlili\u011fini kontrol etti\u011finizden emin olun.<\/p>\n\n\n\n<p>Sunulan bilet fiyatlar\u0131 ve t\u00fcrleri hakk\u0131nda daha fazla bilgi edinmek i\u00e7in l\u00fctfen buraya t\u0131klay\u0131n.<\/p>\n\n\n\n<p><strong>E\u015fyalar\u0131n\u0131za g\u00f6z kulak olun<\/strong><\/p>\n\n\n\n<p><strong>Prag'da g\u00fcvenlik bir sorun de\u011fil<\/strong>. Ancak yankesiciler, her b\u00fcy\u00fck metropolde oldu\u011fu gibi bir ger\u00e7ektir.<\/p>\n\n\n\n<p>Ancak endi\u015felenmenize gerek yok. Tek yapman\u0131z gereken, \u00f6zellikle kalabal\u0131k yerlerde e\u015fyalar\u0131n\u0131za g\u00f6z kulak olmakt\u0131r.<\/p>\n\n\n\n<p>Ki\u015fisel mallar\u0131n\u0131z\u0131 g\u00fcvence alt\u0131na alman\u0131n baz\u0131 g\u00fcvenli yollar\u0131 a\u015fa\u011f\u0131da \u00f6zetlenmi\u015ftir.<\/p>\n\n\n\n<ul>\n<li>\u00c7antan\u0131z\u0131 her zaman \u00f6n taraf\u0131n\u0131zda tutun&nbsp;<\/li>\n\n\n\n<li>Arka cebinize de\u011ferli bir \u015fey koymay\u0131n&nbsp;<\/li>\n\n\n\n<li>Fermuars\u0131z \u00e7antalardan uzak durun; \u00e7evrenizin fark\u0131nda olun&nbsp;<\/li>\n\n\n\n<li>Birisi size \u00e7ok yakla\u015f\u0131r, \u00e7arparsa (kazara bile olsa) veya dikkatinizi da\u011f\u0131tmaya \u00e7al\u0131\u015f\u0131rsa, e\u015fyalar\u0131n\u0131z\u0131 tutun.&nbsp;<\/li>\n\n\n\n<li>Hepsinden \u00f6nemlisi, her zaman dikkat edin. Yankesiciler genellikle dikkati da\u011f\u0131n\u0131k olan ki\u015fileri hedef al\u0131rlar \u00e7\u00fcnk\u00fc bu ki\u015filer kolay lokma olurlar. G\u00f6z\u00fcn\u00fcz\u00fc d\u00f6rt a\u00e7t\u0131\u011f\u0131n\u0131z s\u00fcrece ba\u015f\u0131n\u0131za k\u00f6t\u00fc bir \u015fey gelmesinden endi\u015fe etmenize gerek kalmayacakt\u0131r.<\/li>\n<\/ul>\n\n\n\n<h2 id=\"final-thoughts\" class=\"wp-block-heading\">Son D\u00fc\u015f\u00fcnceler<\/h2>\n\n\n\n<figure class=\"wp-block-image size-large\"><img decoding=\"async\" width=\"1024\" height=\"478\" src=\"https:\/\/prague.org\/wp-content\/uploads\/2023\/08\/liam-gamba-0dz9S5zQEHY-unsplash-1024x478.jpeg\" alt=\"Prag \u015fehri \u00fczerinde g\u00fcn bat\u0131m\u0131\" class=\"wp-image-10782\" srcset=\"https:\/\/prague.org\/wp-content\/uploads\/2023\/08\/liam-gamba-0dz9S5zQEHY-unsplash-1024x478.jpeg 1024w, https:\/\/prague.org\/wp-content\/uploads\/2023\/08\/liam-gamba-0dz9S5zQEHY-unsplash-300x140.jpeg 300w, https:\/\/prague.org\/wp-content\/uploads\/2023\/08\/liam-gamba-0dz9S5zQEHY-unsplash-768x359.jpeg 768w, https:\/\/prague.org\/wp-content\/uploads\/2023\/08\/liam-gamba-0dz9S5zQEHY-unsplash-1536x717.jpeg 1536w, https:\/\/prague.org\/wp-content\/uploads\/2023\/08\/liam-gamba-0dz9S5zQEHY-unsplash-2048x956.jpeg 2048w, https:\/\/prague.org\/wp-content\/uploads\/2023\/08\/liam-gamba-0dz9S5zQEHY-unsplash-18x8.jpeg 18w, https:\/\/prague.org\/wp-content\/uploads\/2023\/08\/liam-gamba-0dz9S5zQEHY-unsplash-380x177.jpeg 380w, https:\/\/prague.org\/wp-content\/uploads\/2023\/08\/liam-gamba-0dz9S5zQEHY-unsplash-800x374.jpeg 800w, https:\/\/prague.org\/wp-content\/uploads\/2023\/08\/liam-gamba-0dz9S5zQEHY-unsplash-1160x542.jpeg 1160w, https:\/\/prague.org\/wp-content\/uploads\/2023\/08\/liam-gamba-0dz9S5zQEHY-unsplash-600x280.jpeg 600w, https:\/\/prague.org\/wp-content\/uploads\/2023\/08\/liam-gamba-0dz9S5zQEHY-unsplash-scaled.jpeg 2560w\" sizes=\"(max-width: 1024px) 100vw, 1024px\" \/><figcaption class=\"wp-element-caption\">Prag \u015fehri \u00fczerinde g\u00fcn bat\u0131m\u0131<\/figcaption><\/figure>\n\n\n\n<p>Gezinti ve do\u011fa\u00e7lama e\u011flence i\u00e7in biraz zaman ay\u0131r\u0131n!<\/p>\n\n\n\n<p>Prag'da ge\u00e7irdi\u011finiz s\u00fcre boyunca m\u00fcmk\u00fcn olan her manzaray\u0131 ve etkinli\u011fi g\u00f6rmeye \u00e7al\u0131\u015fman\u0131n cazibesinin g\u00fc\u00e7l\u00fc oldu\u011funu anl\u0131yoruz. Ancak, Prag'daki zaman\u0131n\u0131z\u0131n bir k\u0131sm\u0131n\u0131 <strong>planlanmam\u0131\u015f zaman<\/strong> bir \u015fehir (herhangi bir \u015fehir!) hakk\u0131nda bilgi edinmenin en iyi yollar\u0131ndan biridir.<\/p>\n\n\n\n<p>Yerel bir barda bir i\u00e7ecek al\u0131n, g\u00f6z\u00fcn\u00fcze \u00e7arpan bir ma\u011fazay\u0131 ke\u015ffedin ya da bir park bank\u0131nda dinlenip yerel halk\u0131n g\u00fcnlerini nas\u0131l ge\u00e7irdi\u011fini g\u00f6r\u00fcn. Bir \u015fehrin g\u00fcndelik hayat\u0131n\u0131 ya\u015famak, orada kendinizi evinizde hissetmenin en iyi yolu olabilir.<\/p>\n\n\n\n<div class=\"gyg-iframe-container\" style=\"margin-bottom:1.5em\"><iframe style=\"border:0;height:100%;width:100%\" title=\"GetYourGuide \u015fehir widget&#039;\u0131\" src=\"https:\/\/widget.getyourguide.com\/default\/city.frame?widget=wp_city&amp;iata=PRG&amp;locale_code=en-GB&amp;partner_id=U94OQGQ\"><\/iframe><\/div>","protected":false},"excerpt":{"rendered":"Uluslararas\u0131 Tar\u0131m, G\u0131da Bilimi, Ormanc\u0131l\u0131k, Bah\u00e7ecilik, Su \u00dcr\u00fcnleri ve Biyo\u00e7e\u015fitlilik Konferans\u0131na (ICAFSFHAB) kat\u0131lmay\u0131 d\u00fc\u015f\u00fcnd\u00fcn\u00fcz m\u00fc?","protected":false},"author":2,"featured_media":10850,"comment_status":"closed","ping_status":"closed","sticky":false,"template":"","format":"standard","meta":{"footnotes":""},"categories":[204,220,18],"tags":[31],"table_tags":[],"_links":{"self":[{"href":"https:\/\/prague.org\/tr\/wp-json\/wp\/v2\/posts\/10780"}],"collection":[{"href":"https:\/\/prague.org\/tr\/wp-json\/wp\/v2\/posts"}],"about":[{"href":"https:\/\/prague.org\/tr\/wp-json\/wp\/v2\/types\/post"}],"author":[{"embeddable":true,"href":"https:\/\/prague.org\/tr\/wp-json\/wp\/v2\/users\/2"}],"replies":[{"embeddable":true,"href":"https:\/\/prague.org\/tr\/wp-json\/wp\/v2\/comments?post=10780"}],"version-history":[{"count":6,"href":"https:\/\/prague.org\/tr\/wp-json\/wp\/v2\/posts\/10780\/revisions"}],"predecessor-version":[{"id":12434,"href":"https:\/\/prague.org\/tr\/wp-json\/wp\/v2\/posts\/10780\/revisions\/12434"}],"wp:featuredmedia":[{"embeddable":true,"href":"https:\/\/prague.org\/tr\/wp-json\/wp\/v2\/media\/10850"}],"wp:attachment":[{"href":"https:\/\/prague.org\/tr\/wp-json\/wp\/v2\/media?parent=10780"}],"wp:term":[{"taxonomy":"category","embeddable":true,"href":"https:\/\/prague.org\/tr\/wp-json\/wp\/v2\/categories?post=10780"},{"taxonomy":"post_tag","embeddable":true,"href":"https:\/\/prague.org\/tr\/wp-json\/wp\/v2\/tags?post=10780"},{"taxonomy":"table_tags","embeddable":true,"href":"https:\/\/prague.org\/tr\/wp-json\/wp\/v2\/table_tags?post=10780"}],"curies":[{"name":"wp","href":"https:\/\/api.w.org\/{rel}","templated":true}]}}